{"id":483,"date":"2010-09-17T03:00:00","date_gmt":"2010-09-17T06:00:00","guid":{"rendered":"https:\/\/www.pmpf.rs.gov.br\/secretaria-de-planejamento\/2010\/09\/17\/passo-fundo-defende-projetos-para-o-pac-2-758\/"},"modified":"2010-09-17T03:00:00","modified_gmt":"2010-09-17T06:00:00","slug":"passo-fundo-defende-projetos-para-o-pac-2-758","status":"publish","type":"post","link":"https:\/\/www.pmpf.rs.gov.br\/secretaria-de-planejamento\/2010\/09\/17\/passo-fundo-defende-projetos-para-o-pac-2-758\/","title":{"rendered":"Passo Fundo defende projetos para o PAC 2"},"content":{"rendered":"<div style=\"text-align: justify; \">\n<p>O Governo Federal apresentou na \u00faltima semana em Bras\u00edlia, as diretrizes para a elabora\u00e7\u00e3o e sele\u00e7\u00e3o de projetos para a segunda etapa do Programa de Acelera\u00e7\u00e3o do Crescimento (PAC 2). Representaram a Prefeitura de Passo Fundo as t\u00e9cnicas da Secretaria de Planejamento, Elenice Pastore, da Secretaria de Educa\u00e7\u00e3o, Cinara Bernardelli e da Secretaria de Sa\u00fade, Jaceline Lacourt de Souza.<br \/>Desta vez, foram detalhados os mecanismos de acesso aos projetos das \u00e1reas de sa\u00fade (Unidades B\u00e1sicas de Sa\u00fades &#8211; UBS; e Unidades de Pronto Atendimento (UPAs) e educa\u00e7\u00e3o (creches, pr\u00e9-escola e quadras esportivas), al\u00e9m das Pra\u00e7as do PAC. Os munic\u00edpios tem at\u00e9 o dia 29 de outubro para apresentar seus projetos.<br \/>O Prefeito Airton Dipp determinou que as Secretarias de Planejamento, Sa\u00fade e Educa\u00e7\u00e3o trabalhem no sentido de elaborar todos os projetos poss\u00edveis a serem apresentados ao Governo Federal\u00a0 no PAC 2, para buscar recursos para atender as demandas da nossa comunidade.<br \/>Em fun\u00e7\u00e3o disso, no in\u00edcio desta semana, os Secret\u00e1rios Rene Cecconello, Alberi Grando e Vera Vieira montaram um plano de trabalho, junto com as equipes t\u00e9cnicas de cada secretaria, para poder definir quais propostas ser\u00e3o detalhadas para que os projetos sejam elaborados e apresentados ao Governo Federal dentro do prazo estabelecido.<\/div>\n","protected":false},"excerpt":{"rendered":"<p>Passo Fundo defende projetos para o PAC 2<\/p>\n","protected":false},"author":1,"featured_media":0,"comment_status":"open","ping_status":"open","sticky":false,"template":"","format":"standard","meta":{"footnotes":""},"categories":[],"tags":[],"class_list":["post-483","post","type-post","status-publish","format-standard","hentry"],"yoast_head":"<!-- This site is optimized with the Yoast SEO plugin v23.8 - https:\/\/yoast.com\/wordpress\/plugins\/seo\/ -->\n<title>Passo Fundo defende projetos para o PAC 2 - Secretaria de Planejamento<\/title>\n<meta name=\"robots\" content=\"index, follow, max-snippet:-1, max-image-preview:large, max-video-preview:-1\" \/>\n<link rel=\"canonical\" href=\"https:\/\/www.pmpf.rs.gov.br\/secretaria-de-planejamento\/2010\/09\/17\/passo-fundo-defende-projetos-para-o-pac-2-758\/\" \/>\n<meta property=\"og:locale\" content=\"pt_BR\" \/>\n<meta property=\"og:type\" content=\"article\" \/>\n<meta property=\"og:title\" content=\"Passo Fundo defende projetos para o PAC 2 - Secretaria de Planejamento\" \/>\n<meta property=\"og:description\" content=\"Passo Fundo defende projetos para o PAC 2\" \/>\n<meta property=\"og:url\" content=\"https:\/\/www.pmpf.rs.gov.br\/secretaria-de-planejamento\/2010\/09\/17\/passo-fundo-defende-projetos-para-o-pac-2-758\/\" \/>\n<meta property=\"og:site_name\" content=\"Secretaria de Planejamento\" \/>\n<meta property=\"article:published_time\" content=\"2010-09-17T06:00:00+00:00\" \/>\n<meta name=\"author\" content=\"mosite\" \/>\n<meta name=\"twitter:card\" content=\"summary_large_image\" \/>\n<meta name=\"twitter:label1\" content=\"Escrito por\" \/>\n\t<meta name=\"twitter:data1\" content=\"mosite\" \/>\n\t<meta name=\"twitter:label2\" content=\"Est. tempo de leitura\" \/>\n\t<meta name=\"twitter:data2\" content=\"1 minuto\" \/>\n<script type=\"application\/ld+json\" class=\"yoast-schema-graph\">{\"@context\":\"https:\/\/schema.org\",\"@graph\":[{\"@type\":\"WebPage\",\"@id\":\"https:\/\/www.pmpf.rs.gov.br\/secretaria-de-planejamento\/2010\/09\/17\/passo-fundo-defende-projetos-para-o-pac-2-758\/\",\"url\":\"https:\/\/www.pmpf.rs.gov.br\/secretaria-de-planejamento\/2010\/09\/17\/passo-fundo-defende-projetos-para-o-pac-2-758\/\",\"name\":\"Passo Fundo defende projetos para o PAC 2 - Secretaria de Planejamento\",\"isPartOf\":{\"@id\":\"https:\/\/www.pmpf.rs.gov.br\/secretaria-de-planejamento\/#website\"},\"datePublished\":\"2010-09-17T06:00:00+00:00\",\"dateModified\":\"2010-09-17T06:00:00+00:00\",\"author\":{\"@id\":\"https:\/\/www.pmpf.rs.gov.br\/secretaria-de-planejamento\/#\/schema\/person\/0c355b0fa68a7aa986c8594f7a60a2d7\"},\"breadcrumb\":{\"@id\":\"https:\/\/www.pmpf.rs.gov.br\/secretaria-de-planejamento\/2010\/09\/17\/passo-fundo-defende-projetos-para-o-pac-2-758\/#breadcrumb\"},\"inLanguage\":\"pt-BR\",\"potentialAction\":[{\"@type\":\"ReadAction\",\"target\":[\"https:\/\/www.pmpf.rs.gov.br\/secretaria-de-planejamento\/2010\/09\/17\/passo-fundo-defende-projetos-para-o-pac-2-758\/\"]}]},{\"@type\":\"BreadcrumbList\",\"@id\":\"https:\/\/www.pmpf.rs.gov.br\/secretaria-de-planejamento\/2010\/09\/17\/passo-fundo-defende-projetos-para-o-pac-2-758\/#breadcrumb\",\"itemListElement\":[{\"@type\":\"ListItem\",\"position\":1,\"name\":\"In\u00edcio\",\"item\":\"https:\/\/www.pmpf.rs.gov.br\/secretaria-de-planejamento\/\"},{\"@type\":\"ListItem\",\"position\":2,\"name\":\"Passo Fundo defende projetos para o PAC 2\"}]},{\"@type\":\"WebSite\",\"@id\":\"https:\/\/www.pmpf.rs.gov.br\/secretaria-de-planejamento\/#website\",\"url\":\"https:\/\/www.pmpf.rs.gov.br\/secretaria-de-planejamento\/\",\"name\":\"Secretaria de Planejamento\",\"description\":\"S\u00f3 mais um site Prefeitura de Passo Fundo\",\"potentialAction\":[{\"@type\":\"SearchAction\",\"target\":{\"@type\":\"EntryPoint\",\"urlTemplate\":\"https:\/\/www.pmpf.rs.gov.br\/secretaria-de-planejamento\/?s={search_term_string}\"},\"query-input\":{\"@type\":\"PropertyValueSpecification\",\"valueRequired\":true,\"valueName\":\"search_term_string\"}}],\"inLanguage\":\"pt-BR\"},{\"@type\":\"Person\",\"@id\":\"https:\/\/www.pmpf.rs.gov.br\/secretaria-de-planejamento\/#\/schema\/person\/0c355b0fa68a7aa986c8594f7a60a2d7\",\"name\":\"mosite\",\"image\":{\"@type\":\"ImageObject\",\"inLanguage\":\"pt-BR\",\"@id\":\"https:\/\/www.pmpf.rs.gov.br\/secretaria-de-planejamento\/#\/schema\/person\/image\/\",\"url\":\"https:\/\/secure.gravatar.com\/avatar\/63d72595d6cecfe12bd8a94829d5a26c?s=96&d=mm&r=g\",\"contentUrl\":\"https:\/\/secure.gravatar.com\/avatar\/63d72595d6cecfe12bd8a94829d5a26c?s=96&d=mm&r=g\",\"caption\":\"mosite\"},\"sameAs\":[\"http:\/\/example.com\"],\"url\":\"https:\/\/www.pmpf.rs.gov.br\/secretaria-de-planejamento\/author\/mosite\/\"}]}<\/script>\n<!-- \/ Yoast SEO plugin. -->","yoast_head_json":{"title":"Passo Fundo defende projetos para o PAC 2 - Secretaria de Planejamento","robots":{"index":"index","follow":"follow","max-snippet":"max-snippet:-1","max-image-preview":"max-image-preview:large","max-video-preview":"max-video-preview:-1"},"canonical":"https:\/\/www.pmpf.rs.gov.br\/secretaria-de-planejamento\/2010\/09\/17\/passo-fundo-defende-projetos-para-o-pac-2-758\/","og_locale":"pt_BR","og_type":"article","og_title":"Passo Fundo defende projetos para o PAC 2 - Secretaria de Planejamento","og_description":"Passo Fundo defende projetos para o PAC 2","og_url":"https:\/\/www.pmpf.rs.gov.br\/secretaria-de-planejamento\/2010\/09\/17\/passo-fundo-defende-projetos-para-o-pac-2-758\/","og_site_name":"Secretaria de Planejamento","article_published_time":"2010-09-17T06:00:00+00:00","author":"mosite","twitter_card":"summary_large_image","twitter_misc":{"Escrito por":"mosite","Est. tempo de leitura":"1 minuto"},"schema":{"@context":"https:\/\/schema.org","@graph":[{"@type":"WebPage","@id":"https:\/\/www.pmpf.rs.gov.br\/secretaria-de-planejamento\/2010\/09\/17\/passo-fundo-defende-projetos-para-o-pac-2-758\/","url":"https:\/\/www.pmpf.rs.gov.br\/secretaria-de-planejamento\/2010\/09\/17\/passo-fundo-defende-projetos-para-o-pac-2-758\/","name":"Passo Fundo defende projetos para o PAC 2 - Secretaria de Planejamento","isPartOf":{"@id":"https:\/\/www.pmpf.rs.gov.br\/secretaria-de-planejamento\/#website"},"datePublished":"2010-09-17T06:00:00+00:00","dateModified":"2010-09-17T06:00:00+00:00","author":{"@id":"https:\/\/www.pmpf.rs.gov.br\/secretaria-de-planejamento\/#\/schema\/person\/0c355b0fa68a7aa986c8594f7a60a2d7"},"breadcrumb":{"@id":"https:\/\/www.pmpf.rs.gov.br\/secretaria-de-planejamento\/2010\/09\/17\/passo-fundo-defende-projetos-para-o-pac-2-758\/#breadcrumb"},"inLanguage":"pt-BR","potentialAction":[{"@type":"ReadAction","target":["https:\/\/www.pmpf.rs.gov.br\/secretaria-de-planejamento\/2010\/09\/17\/passo-fundo-defende-projetos-para-o-pac-2-758\/"]}]},{"@type":"BreadcrumbList","@id":"https:\/\/www.pmpf.rs.gov.br\/secretaria-de-planejamento\/2010\/09\/17\/passo-fundo-defende-projetos-para-o-pac-2-758\/#breadcrumb","itemListElement":[{"@type":"ListItem","position":1,"name":"In\u00edcio","item":"https:\/\/www.pmpf.rs.gov.br\/secretaria-de-planejamento\/"},{"@type":"ListItem","position":2,"name":"Passo Fundo defende projetos para o PAC 2"}]},{"@type":"WebSite","@id":"https:\/\/www.pmpf.rs.gov.br\/secretaria-de-planejamento\/#website","url":"https:\/\/www.pmpf.rs.gov.br\/secretaria-de-planejamento\/","name":"Secretaria de Planejamento","description":"S\u00f3 mais um site Prefeitura de Passo Fundo","potentialAction":[{"@type":"SearchAction","target":{"@type":"EntryPoint","urlTemplate":"https:\/\/www.pmpf.rs.gov.br\/secretaria-de-planejamento\/?s={search_term_string}"},"query-input":{"@type":"PropertyValueSpecification","valueRequired":true,"valueName":"search_term_string"}}],"inLanguage":"pt-BR"},{"@type":"Person","@id":"https:\/\/www.pmpf.rs.gov.br\/secretaria-de-planejamento\/#\/schema\/person\/0c355b0fa68a7aa986c8594f7a60a2d7","name":"mosite","image":{"@type":"ImageObject","inLanguage":"pt-BR","@id":"https:\/\/www.pmpf.rs.gov.br\/secretaria-de-planejamento\/#\/schema\/person\/image\/","url":"https:\/\/secure.gravatar.com\/avatar\/63d72595d6cecfe12bd8a94829d5a26c?s=96&d=mm&r=g","contentUrl":"https:\/\/secure.gravatar.com\/avatar\/63d72595d6cecfe12bd8a94829d5a26c?s=96&d=mm&r=g","caption":"mosite"},"sameAs":["http:\/\/example.com"],"url":"https:\/\/www.pmpf.rs.gov.br\/secretaria-de-planejamento\/author\/mosite\/"}]}},"_links":{"self":[{"href":"https:\/\/www.pmpf.rs.gov.br\/secretaria-de-planejamento\/wp-json\/wp\/v2\/posts\/483"}],"collection":[{"href":"https:\/\/www.pmpf.rs.gov.br\/secretaria-de-planejamento\/wp-json\/wp\/v2\/posts"}],"about":[{"href":"https:\/\/www.pmpf.rs.gov.br\/secretaria-de-planejamento\/wp-json\/wp\/v2\/types\/post"}],"author":[{"embeddable":true,"href":"https:\/\/www.pmpf.rs.gov.br\/secretaria-de-planejamento\/wp-json\/wp\/v2\/users\/1"}],"replies":[{"embeddable":true,"href":"https:\/\/www.pmpf.rs.gov.br\/secretaria-de-planejamento\/wp-json\/wp\/v2\/comments?post=483"}],"version-history":[{"count":0,"href":"https:\/\/www.pmpf.rs.gov.br\/secretaria-de-planejamento\/wp-json\/wp\/v2\/posts\/483\/revisions"}],"wp:attachment":[{"href":"https:\/\/www.pmpf.rs.gov.br\/secretaria-de-planejamento\/wp-json\/wp\/v2\/media?parent=483"}],"wp:term":[{"taxonomy":"category","embeddable":true,"href":"https:\/\/www.pmpf.rs.gov.br\/secretaria-de-planejamento\/wp-json\/wp\/v2\/categories?post=483"},{"taxonomy":"post_tag","embeddable":true,"href":"https:\/\/www.pmpf.rs.gov.br\/secretaria-de-planejamento\/wp-json\/wp\/v2\/tags?post=483"}],"curies":[{"name":"wp","href":"https:\/\/api.w.org\/{rel}","templated":true}]}}