{"id":456,"date":"2010-07-14T03:00:00","date_gmt":"2010-07-14T06:00:00","guid":{"rendered":"https:\/\/www.pmpf.rs.gov.br\/secretaria-de-planejamento\/2010\/07\/14\/avaliacao-de-demandas-do-orcamento-cidadao-participativo-999\/"},"modified":"2010-07-14T03:00:00","modified_gmt":"2010-07-14T06:00:00","slug":"avaliacao-de-demandas-do-orcamento-cidadao-participativo-999","status":"publish","type":"post","link":"https:\/\/www.pmpf.rs.gov.br\/secretaria-de-planejamento\/2010\/07\/14\/avaliacao-de-demandas-do-orcamento-cidadao-participativo-999\/","title":{"rendered":"Avalia\u00e7\u00e3o  de demandas do Or\u00e7amento Cidad\u00e3o Participativo"},"content":{"rendered":"<div style=\"text-align: justify; \">\n<p>Uma avalia\u00e7\u00e3o positiva do andamento das revindica\u00e7\u00f5es eleitas nas assembl\u00e9ias do Or\u00e7amento Cidad\u00e3o Participativo, implantado pela Prefeitura de Passo Fundo, foi feita na noite de ter\u00e7a-feira, pelos 54 integrantes da comiss\u00e3o que acompanha esse projeto.\u00a0 Atualmente,\u00a0 14 propostas est\u00e3o em andamento e 13 come\u00e7ar\u00e3o a ser encaminhadas no segundo semestre.<br \/>O encontro foi conduzido pelo coordenador do or\u00e7amento, Israel Kujawa, que relatou aos participantes, como est\u00e1 a tramita\u00e7\u00e3o de cada uma das propostas eleitas nas assembl\u00e9ias de vilas e bairros, no ano passado. Salientou, que cada uma tem n\u00famero para acompanhamento dos interessados.<br \/>Na oportunidade, os 54 integrantes, mais o presidente e vices da Uampaf , tamb\u00e9m\u00a0 participaram de uma discuss\u00e3o sobre a forma\u00e7\u00e3o dos conselheiros e a import\u00e2ncia da participa\u00e7\u00e3o popular. Entre as avalia\u00e7\u00f5es do encontro tamb\u00e9m ocorreu um debate sobre a mudan\u00e7a da prioridade eleita para a Escola de Educa\u00e7\u00e3o Infantil Mundo da Crian\u00e7a, da Cohab-\/Secchi, que em vez de ganhar mais uma sala ter\u00e1 a reforma do local. <br \/>Para a pr\u00f3xima reuni\u00e3o, prevista para 14 de setembro, al\u00e9m do acompanhamento das demandas, haver\u00e1 uma discuss\u00e3o sobre planejamento urbano. <br \/>Conforme Israel Kujawa, at\u00e9 o pr\u00f3ximo encontro a administra\u00e7\u00e3o municipal vai receber propostas que v\u00e3o ser inclu\u00eddas na metodologia do Or\u00e7amento Cidad\u00e3o Participativo 2011, cujas discuss\u00f5es v\u00e3o iniciar em novembro e dezembro. Kujawa elogiou a participa\u00e7\u00e3o no encontro desta ter\u00e7a, pois mesmo com o intenso frio, a presen\u00e7a foi significativa, \u201cdemonstrando o comprometimento de todos os volunt\u00e1rios com a causa popular.\u201d<\/div>\n<p><\/p>\n","protected":false},"excerpt":{"rendered":"<p>Avalia\u00e7\u00e3o  de demandas do Or\u00e7amento Cidad\u00e3o Participativo<\/p>\n","protected":false},"author":1,"featured_media":457,"comment_status":"open","ping_status":"open","sticky":false,"template":"","format":"standard","meta":{"footnotes":""},"categories":[],"tags":[],"class_list":["post-456","post","type-post","status-publish","format-standard","has-post-thumbnail","hentry"],"yoast_head":"<!-- This site is optimized with the Yoast SEO plugin v23.8 - https:\/\/yoast.com\/wordpress\/plugins\/seo\/ -->\n<title>Avalia\u00e7\u00e3o de demandas do Or\u00e7amento Cidad\u00e3o Participativo - Secretaria de Planejamento<\/title>\n<meta name=\"robots\" content=\"index, follow, max-snippet:-1, max-image-preview:large, max-video-preview:-1\" \/>\n<link rel=\"canonical\" href=\"https:\/\/www.pmpf.rs.gov.br\/secretaria-de-planejamento\/2010\/07\/14\/avaliacao-de-demandas-do-orcamento-cidadao-participativo-999\/\" \/>\n<meta property=\"og:locale\" content=\"pt_BR\" \/>\n<meta property=\"og:type\" content=\"article\" \/>\n<meta property=\"og:title\" content=\"Avalia\u00e7\u00e3o de demandas do Or\u00e7amento Cidad\u00e3o Participativo - Secretaria de Planejamento\" \/>\n<meta property=\"og:description\" content=\"Avalia\u00e7\u00e3o de demandas do Or\u00e7amento Cidad\u00e3o Participativo\" \/>\n<meta property=\"og:url\" content=\"https:\/\/www.pmpf.rs.gov.br\/secretaria-de-planejamento\/2010\/07\/14\/avaliacao-de-demandas-do-orcamento-cidadao-participativo-999\/\" \/>\n<meta property=\"og:site_name\" content=\"Secretaria de Planejamento\" \/>\n<meta property=\"article:published_time\" content=\"2010-07-14T06:00:00+00:00\" \/>\n<meta property=\"og:image\" content=\"https:\/\/www.pmpf.rs.gov.br\/secretaria-de-planejamento\/wp-content\/uploads\/sites\/52\/2021\/12\/I2013-05-07_062656_c7394.jpg\" \/>\n\t<meta property=\"og:image:width\" content=\"640\" \/>\n\t<meta property=\"og:image:height\" content=\"374\" \/>\n\t<meta property=\"og:image:type\" content=\"image\/jpeg\" \/>\n<meta name=\"author\" content=\"mosite\" \/>\n<meta name=\"twitter:card\" content=\"summary_large_image\" \/>\n<meta name=\"twitter:label1\" content=\"Escrito por\" \/>\n\t<meta name=\"twitter:data1\" content=\"mosite\" \/>\n\t<meta name=\"twitter:label2\" content=\"Est. tempo de leitura\" \/>\n\t<meta name=\"twitter:data2\" content=\"1 minuto\" \/>\n<script type=\"application\/ld+json\" class=\"yoast-schema-graph\">{\"@context\":\"https:\/\/schema.org\",\"@graph\":[{\"@type\":\"WebPage\",\"@id\":\"https:\/\/www.pmpf.rs.gov.br\/secretaria-de-planejamento\/2010\/07\/14\/avaliacao-de-demandas-do-orcamento-cidadao-participativo-999\/\",\"url\":\"https:\/\/www.pmpf.rs.gov.br\/secretaria-de-planejamento\/2010\/07\/14\/avaliacao-de-demandas-do-orcamento-cidadao-participativo-999\/\",\"name\":\"Avalia\u00e7\u00e3o de demandas do Or\u00e7amento Cidad\u00e3o Participativo - Secretaria de Planejamento\",\"isPartOf\":{\"@id\":\"https:\/\/www.pmpf.rs.gov.br\/secretaria-de-planejamento\/#website\"},\"primaryImageOfPage\":{\"@id\":\"https:\/\/www.pmpf.rs.gov.br\/secretaria-de-planejamento\/2010\/07\/14\/avaliacao-de-demandas-do-orcamento-cidadao-participativo-999\/#primaryimage\"},\"image\":{\"@id\":\"https:\/\/www.pmpf.rs.gov.br\/secretaria-de-planejamento\/2010\/07\/14\/avaliacao-de-demandas-do-orcamento-cidadao-participativo-999\/#primaryimage\"},\"thumbnailUrl\":\"https:\/\/www.pmpf.rs.gov.br\/secretaria-de-planejamento\/wp-content\/uploads\/sites\/52\/2021\/12\/I2013-05-07_062656_c7394.jpg\",\"datePublished\":\"2010-07-14T06:00:00+00:00\",\"dateModified\":\"2010-07-14T06:00:00+00:00\",\"author\":{\"@id\":\"https:\/\/www.pmpf.rs.gov.br\/secretaria-de-planejamento\/#\/schema\/person\/0c355b0fa68a7aa986c8594f7a60a2d7\"},\"breadcrumb\":{\"@id\":\"https:\/\/www.pmpf.rs.gov.br\/secretaria-de-planejamento\/2010\/07\/14\/avaliacao-de-demandas-do-orcamento-cidadao-participativo-999\/#breadcrumb\"},\"inLanguage\":\"pt-BR\",\"potentialAction\":[{\"@type\":\"ReadAction\",\"target\":[\"https:\/\/www.pmpf.rs.gov.br\/secretaria-de-planejamento\/2010\/07\/14\/avaliacao-de-demandas-do-orcamento-cidadao-participativo-999\/\"]}]},{\"@type\":\"ImageObject\",\"inLanguage\":\"pt-BR\",\"@id\":\"https:\/\/www.pmpf.rs.gov.br\/secretaria-de-planejamento\/2010\/07\/14\/avaliacao-de-demandas-do-orcamento-cidadao-participativo-999\/#primaryimage\",\"url\":\"https:\/\/www.pmpf.rs.gov.br\/secretaria-de-planejamento\/wp-content\/uploads\/sites\/52\/2021\/12\/I2013-05-07_062656_c7394.jpg\",\"contentUrl\":\"https:\/\/www.pmpf.rs.gov.br\/secretaria-de-planejamento\/wp-content\/uploads\/sites\/52\/2021\/12\/I2013-05-07_062656_c7394.jpg\",\"width\":640,\"height\":374},{\"@type\":\"BreadcrumbList\",\"@id\":\"https:\/\/www.pmpf.rs.gov.br\/secretaria-de-planejamento\/2010\/07\/14\/avaliacao-de-demandas-do-orcamento-cidadao-participativo-999\/#breadcrumb\",\"itemListElement\":[{\"@type\":\"ListItem\",\"position\":1,\"name\":\"In\u00edcio\",\"item\":\"https:\/\/www.pmpf.rs.gov.br\/secretaria-de-planejamento\/\"},{\"@type\":\"ListItem\",\"position\":2,\"name\":\"Avalia\u00e7\u00e3o de demandas do Or\u00e7amento Cidad\u00e3o Participativo\"}]},{\"@type\":\"WebSite\",\"@id\":\"https:\/\/www.pmpf.rs.gov.br\/secretaria-de-planejamento\/#website\",\"url\":\"https:\/\/www.pmpf.rs.gov.br\/secretaria-de-planejamento\/\",\"name\":\"Secretaria de Planejamento\",\"description\":\"S\u00f3 mais um site Prefeitura de Passo Fundo\",\"potentialAction\":[{\"@type\":\"SearchAction\",\"target\":{\"@type\":\"EntryPoint\",\"urlTemplate\":\"https:\/\/www.pmpf.rs.gov.br\/secretaria-de-planejamento\/?s={search_term_string}\"},\"query-input\":{\"@type\":\"PropertyValueSpecification\",\"valueRequired\":true,\"valueName\":\"search_term_string\"}}],\"inLanguage\":\"pt-BR\"},{\"@type\":\"Person\",\"@id\":\"https:\/\/www.pmpf.rs.gov.br\/secretaria-de-planejamento\/#\/schema\/person\/0c355b0fa68a7aa986c8594f7a60a2d7\",\"name\":\"mosite\",\"image\":{\"@type\":\"ImageObject\",\"inLanguage\":\"pt-BR\",\"@id\":\"https:\/\/www.pmpf.rs.gov.br\/secretaria-de-planejamento\/#\/schema\/person\/image\/\",\"url\":\"https:\/\/secure.gravatar.com\/avatar\/63d72595d6cecfe12bd8a94829d5a26c?s=96&d=mm&r=g\",\"contentUrl\":\"https:\/\/secure.gravatar.com\/avatar\/63d72595d6cecfe12bd8a94829d5a26c?s=96&d=mm&r=g\",\"caption\":\"mosite\"},\"sameAs\":[\"http:\/\/example.com\"],\"url\":\"https:\/\/www.pmpf.rs.gov.br\/secretaria-de-planejamento\/author\/mosite\/\"}]}<\/script>\n<!-- \/ Yoast SEO plugin. -->","yoast_head_json":{"title":"Avalia\u00e7\u00e3o de demandas do Or\u00e7amento Cidad\u00e3o Participativo - Secretaria de Planejamento","robots":{"index":"index","follow":"follow","max-snippet":"max-snippet:-1","max-image-preview":"max-image-preview:large","max-video-preview":"max-video-preview:-1"},"canonical":"https:\/\/www.pmpf.rs.gov.br\/secretaria-de-planejamento\/2010\/07\/14\/avaliacao-de-demandas-do-orcamento-cidadao-participativo-999\/","og_locale":"pt_BR","og_type":"article","og_title":"Avalia\u00e7\u00e3o de demandas do Or\u00e7amento Cidad\u00e3o Participativo - Secretaria de Planejamento","og_description":"Avalia\u00e7\u00e3o de demandas do Or\u00e7amento Cidad\u00e3o Participativo","og_url":"https:\/\/www.pmpf.rs.gov.br\/secretaria-de-planejamento\/2010\/07\/14\/avaliacao-de-demandas-do-orcamento-cidadao-participativo-999\/","og_site_name":"Secretaria de Planejamento","article_published_time":"2010-07-14T06:00:00+00:00","og_image":[{"width":640,"height":374,"url":"https:\/\/www.pmpf.rs.gov.br\/secretaria-de-planejamento\/wp-content\/uploads\/sites\/52\/2021\/12\/I2013-05-07_062656_c7394.jpg","type":"image\/jpeg"}],"author":"mosite","twitter_card":"summary_large_image","twitter_misc":{"Escrito por":"mosite","Est. tempo de leitura":"1 minuto"},"schema":{"@context":"https:\/\/schema.org","@graph":[{"@type":"WebPage","@id":"https:\/\/www.pmpf.rs.gov.br\/secretaria-de-planejamento\/2010\/07\/14\/avaliacao-de-demandas-do-orcamento-cidadao-participativo-999\/","url":"https:\/\/www.pmpf.rs.gov.br\/secretaria-de-planejamento\/2010\/07\/14\/avaliacao-de-demandas-do-orcamento-cidadao-participativo-999\/","name":"Avalia\u00e7\u00e3o de demandas do Or\u00e7amento Cidad\u00e3o Participativo - Secretaria de Planejamento","isPartOf":{"@id":"https:\/\/www.pmpf.rs.gov.br\/secretaria-de-planejamento\/#website"},"primaryImageOfPage":{"@id":"https:\/\/www.pmpf.rs.gov.br\/secretaria-de-planejamento\/2010\/07\/14\/avaliacao-de-demandas-do-orcamento-cidadao-participativo-999\/#primaryimage"},"image":{"@id":"https:\/\/www.pmpf.rs.gov.br\/secretaria-de-planejamento\/2010\/07\/14\/avaliacao-de-demandas-do-orcamento-cidadao-participativo-999\/#primaryimage"},"thumbnailUrl":"https:\/\/www.pmpf.rs.gov.br\/secretaria-de-planejamento\/wp-content\/uploads\/sites\/52\/2021\/12\/I2013-05-07_062656_c7394.jpg","datePublished":"2010-07-14T06:00:00+00:00","dateModified":"2010-07-14T06:00:00+00:00","author":{"@id":"https:\/\/www.pmpf.rs.gov.br\/secretaria-de-planejamento\/#\/schema\/person\/0c355b0fa68a7aa986c8594f7a60a2d7"},"breadcrumb":{"@id":"https:\/\/www.pmpf.rs.gov.br\/secretaria-de-planejamento\/2010\/07\/14\/avaliacao-de-demandas-do-orcamento-cidadao-participativo-999\/#breadcrumb"},"inLanguage":"pt-BR","potentialAction":[{"@type":"ReadAction","target":["https:\/\/www.pmpf.rs.gov.br\/secretaria-de-planejamento\/2010\/07\/14\/avaliacao-de-demandas-do-orcamento-cidadao-participativo-999\/"]}]},{"@type":"ImageObject","inLanguage":"pt-BR","@id":"https:\/\/www.pmpf.rs.gov.br\/secretaria-de-planejamento\/2010\/07\/14\/avaliacao-de-demandas-do-orcamento-cidadao-participativo-999\/#primaryimage","url":"https:\/\/www.pmpf.rs.gov.br\/secretaria-de-planejamento\/wp-content\/uploads\/sites\/52\/2021\/12\/I2013-05-07_062656_c7394.jpg","contentUrl":"https:\/\/www.pmpf.rs.gov.br\/secretaria-de-planejamento\/wp-content\/uploads\/sites\/52\/2021\/12\/I2013-05-07_062656_c7394.jpg","width":640,"height":374},{"@type":"BreadcrumbList","@id":"https:\/\/www.pmpf.rs.gov.br\/secretaria-de-planejamento\/2010\/07\/14\/avaliacao-de-demandas-do-orcamento-cidadao-participativo-999\/#breadcrumb","itemListElement":[{"@type":"ListItem","position":1,"name":"In\u00edcio","item":"https:\/\/www.pmpf.rs.gov.br\/secretaria-de-planejamento\/"},{"@type":"ListItem","position":2,"name":"Avalia\u00e7\u00e3o de demandas do Or\u00e7amento Cidad\u00e3o Participativo"}]},{"@type":"WebSite","@id":"https:\/\/www.pmpf.rs.gov.br\/secretaria-de-planejamento\/#website","url":"https:\/\/www.pmpf.rs.gov.br\/secretaria-de-planejamento\/","name":"Secretaria de Planejamento","description":"S\u00f3 mais um site Prefeitura de Passo Fundo","potentialAction":[{"@type":"SearchAction","target":{"@type":"EntryPoint","urlTemplate":"https:\/\/www.pmpf.rs.gov.br\/secretaria-de-planejamento\/?s={search_term_string}"},"query-input":{"@type":"PropertyValueSpecification","valueRequired":true,"valueName":"search_term_string"}}],"inLanguage":"pt-BR"},{"@type":"Person","@id":"https:\/\/www.pmpf.rs.gov.br\/secretaria-de-planejamento\/#\/schema\/person\/0c355b0fa68a7aa986c8594f7a60a2d7","name":"mosite","image":{"@type":"ImageObject","inLanguage":"pt-BR","@id":"https:\/\/www.pmpf.rs.gov.br\/secretaria-de-planejamento\/#\/schema\/person\/image\/","url":"https:\/\/secure.gravatar.com\/avatar\/63d72595d6cecfe12bd8a94829d5a26c?s=96&d=mm&r=g","contentUrl":"https:\/\/secure.gravatar.com\/avatar\/63d72595d6cecfe12bd8a94829d5a26c?s=96&d=mm&r=g","caption":"mosite"},"sameAs":["http:\/\/example.com"],"url":"https:\/\/www.pmpf.rs.gov.br\/secretaria-de-planejamento\/author\/mosite\/"}]}},"_links":{"self":[{"href":"https:\/\/www.pmpf.rs.gov.br\/secretaria-de-planejamento\/wp-json\/wp\/v2\/posts\/456"}],"collection":[{"href":"https:\/\/www.pmpf.rs.gov.br\/secretaria-de-planejamento\/wp-json\/wp\/v2\/posts"}],"about":[{"href":"https:\/\/www.pmpf.rs.gov.br\/secretaria-de-planejamento\/wp-json\/wp\/v2\/types\/post"}],"author":[{"embeddable":true,"href":"https:\/\/www.pmpf.rs.gov.br\/secretaria-de-planejamento\/wp-json\/wp\/v2\/users\/1"}],"replies":[{"embeddable":true,"href":"https:\/\/www.pmpf.rs.gov.br\/secretaria-de-planejamento\/wp-json\/wp\/v2\/comments?post=456"}],"version-history":[{"count":0,"href":"https:\/\/www.pmpf.rs.gov.br\/secretaria-de-planejamento\/wp-json\/wp\/v2\/posts\/456\/revisions"}],"wp:featuredmedia":[{"embeddable":true,"href":"https:\/\/www.pmpf.rs.gov.br\/secretaria-de-planejamento\/wp-json\/wp\/v2\/media\/457"}],"wp:attachment":[{"href":"https:\/\/www.pmpf.rs.gov.br\/secretaria-de-planejamento\/wp-json\/wp\/v2\/media?parent=456"}],"wp:term":[{"taxonomy":"category","embeddable":true,"href":"https:\/\/www.pmpf.rs.gov.br\/secretaria-de-planejamento\/wp-json\/wp\/v2\/categories?post=456"},{"taxonomy":"post_tag","embeddable":true,"href":"https:\/\/www.pmpf.rs.gov.br\/secretaria-de-planejamento\/wp-json\/wp\/v2\/tags?post=456"}],"curies":[{"name":"wp","href":"https:\/\/api.w.org\/{rel}","templated":true}]}}