{"id":426,"date":"2009-11-13T02:00:00","date_gmt":"2009-11-13T04:00:00","guid":{"rendered":"https:\/\/www.pmpf.rs.gov.br\/secretaria-de-planejamento\/2009\/11\/13\/orcamento-cidadao-segue-com-assembleias-nos-bairros-1650\/"},"modified":"2009-11-13T02:00:00","modified_gmt":"2009-11-13T04:00:00","slug":"orcamento-cidadao-segue-com-assembleias-nos-bairros-1650","status":"publish","type":"post","link":"https:\/\/www.pmpf.rs.gov.br\/secretaria-de-planejamento\/2009\/11\/13\/orcamento-cidadao-segue-com-assembleias-nos-bairros-1650\/","title":{"rendered":"Or\u00e7amento Cidad\u00e3o segue com assembl\u00e9ias nos bairros"},"content":{"rendered":"<div style=\"text-align: justify;\">\n<\/div>\n<div style=\" text-align: justify;\">Neste s\u00e1bado \u00e9 a vez da comunidade do bairro Zachia se reunir para debater as prioridades de investimento para o bairro. O encontro vai ser na escola Guaraci Barroso Marinho, as\u00a0 14 horas. <br \/>Os encontros, que come\u00e7aram nesta semana j\u00e1 foram realizados nos bairros Jaboticabal, S\u00e3o Luiz e Distrito de Bela Vista. As prioridades apontadas pelos moradores foram a amplia\u00e7\u00e3o da escola de educa\u00e7\u00e3o infantil Francisco Biancini, seguido de investimentos no Gin\u00e1sio de Esportes no bairro Schisler e a aquisi\u00e7\u00e3o de \u00e1reas para futuros projetos p\u00fablicos, como pra\u00e7as e sedes para conviv\u00eancia e lazer. Na vila S\u00e3o Luiz foram a prioridade apontada pela comunidade \u00e9 a gera\u00e7\u00e3o de emprego e renda, por interm\u00e9dio da constru\u00e7\u00e3o de um local para a realiza\u00e7\u00e3o de atividades pelos membros da comunidade. Os moradores da Bela Vista escolheram na quinta-feira a ilumina\u00e7\u00e3o e a cobertura da quadra esportiva do local.<br \/>As assembl\u00e9ias dever\u00e3o ser conclu\u00eddas at\u00e9 o dia 19 de dezembro.<\/div>\n<p><\/p>\n","protected":false},"excerpt":{"rendered":"<p>Neste s\u00e1bado \u00e9 a vez da comunidade do bairro Zachia se reunir para debater as prioridades de investimento para o bairro. O encontro vai ser na escola Guaraci Barroso Marinho, as  14 horas.<\/p>\n","protected":false},"author":1,"featured_media":427,"comment_status":"open","ping_status":"open","sticky":false,"template":"","format":"standard","meta":{"footnotes":""},"categories":[],"tags":[],"class_list":["post-426","post","type-post","status-publish","format-standard","has-post-thumbnail","hentry"],"yoast_head":"<!-- This site is optimized with the Yoast SEO plugin v23.8 - https:\/\/yoast.com\/wordpress\/plugins\/seo\/ -->\n<title>Or\u00e7amento Cidad\u00e3o segue com assembl\u00e9ias nos bairros - Secretaria de Planejamento<\/title>\n<meta name=\"robots\" content=\"index, follow, max-snippet:-1, max-image-preview:large, max-video-preview:-1\" \/>\n<link rel=\"canonical\" href=\"https:\/\/www.pmpf.rs.gov.br\/secretaria-de-planejamento\/2009\/11\/13\/orcamento-cidadao-segue-com-assembleias-nos-bairros-1650\/\" \/>\n<meta property=\"og:locale\" content=\"pt_BR\" \/>\n<meta property=\"og:type\" content=\"article\" \/>\n<meta property=\"og:title\" content=\"Or\u00e7amento Cidad\u00e3o segue com assembl\u00e9ias nos bairros - Secretaria de Planejamento\" \/>\n<meta property=\"og:description\" content=\"Neste s\u00e1bado \u00e9 a vez da comunidade do bairro Zachia se reunir para debater as prioridades de investimento para o bairro. O encontro vai ser na escola Guaraci Barroso Marinho, as 14 horas.\" \/>\n<meta property=\"og:url\" content=\"https:\/\/www.pmpf.rs.gov.br\/secretaria-de-planejamento\/2009\/11\/13\/orcamento-cidadao-segue-com-assembleias-nos-bairros-1650\/\" \/>\n<meta property=\"og:site_name\" content=\"Secretaria de Planejamento\" \/>\n<meta property=\"article:published_time\" content=\"2009-11-13T04:00:00+00:00\" \/>\n<meta property=\"og:image\" content=\"https:\/\/www.pmpf.rs.gov.br\/secretaria-de-planejamento\/wp-content\/uploads\/sites\/52\/2021\/12\/I2013-05-07_062703_c6695.jpg\" \/>\n\t<meta property=\"og:image:width\" content=\"467\" \/>\n\t<meta property=\"og:image:height\" content=\"337\" \/>\n\t<meta property=\"og:image:type\" content=\"image\/jpeg\" \/>\n<meta name=\"author\" content=\"mosite\" \/>\n<meta name=\"twitter:card\" content=\"summary_large_image\" \/>\n<meta name=\"twitter:label1\" content=\"Escrito por\" \/>\n\t<meta name=\"twitter:data1\" content=\"mosite\" \/>\n\t<meta name=\"twitter:label2\" content=\"Est. tempo de leitura\" \/>\n\t<meta name=\"twitter:data2\" content=\"1 minuto\" \/>\n<script type=\"application\/ld+json\" class=\"yoast-schema-graph\">{\"@context\":\"https:\/\/schema.org\",\"@graph\":[{\"@type\":\"WebPage\",\"@id\":\"https:\/\/www.pmpf.rs.gov.br\/secretaria-de-planejamento\/2009\/11\/13\/orcamento-cidadao-segue-com-assembleias-nos-bairros-1650\/\",\"url\":\"https:\/\/www.pmpf.rs.gov.br\/secretaria-de-planejamento\/2009\/11\/13\/orcamento-cidadao-segue-com-assembleias-nos-bairros-1650\/\",\"name\":\"Or\u00e7amento Cidad\u00e3o segue com assembl\u00e9ias nos bairros - Secretaria de Planejamento\",\"isPartOf\":{\"@id\":\"https:\/\/www.pmpf.rs.gov.br\/secretaria-de-planejamento\/#website\"},\"primaryImageOfPage\":{\"@id\":\"https:\/\/www.pmpf.rs.gov.br\/secretaria-de-planejamento\/2009\/11\/13\/orcamento-cidadao-segue-com-assembleias-nos-bairros-1650\/#primaryimage\"},\"image\":{\"@id\":\"https:\/\/www.pmpf.rs.gov.br\/secretaria-de-planejamento\/2009\/11\/13\/orcamento-cidadao-segue-com-assembleias-nos-bairros-1650\/#primaryimage\"},\"thumbnailUrl\":\"https:\/\/www.pmpf.rs.gov.br\/secretaria-de-planejamento\/wp-content\/uploads\/sites\/52\/2021\/12\/I2013-05-07_062703_c6695.jpg\",\"datePublished\":\"2009-11-13T04:00:00+00:00\",\"dateModified\":\"2009-11-13T04:00:00+00:00\",\"author\":{\"@id\":\"https:\/\/www.pmpf.rs.gov.br\/secretaria-de-planejamento\/#\/schema\/person\/0c355b0fa68a7aa986c8594f7a60a2d7\"},\"breadcrumb\":{\"@id\":\"https:\/\/www.pmpf.rs.gov.br\/secretaria-de-planejamento\/2009\/11\/13\/orcamento-cidadao-segue-com-assembleias-nos-bairros-1650\/#breadcrumb\"},\"inLanguage\":\"pt-BR\",\"potentialAction\":[{\"@type\":\"ReadAction\",\"target\":[\"https:\/\/www.pmpf.rs.gov.br\/secretaria-de-planejamento\/2009\/11\/13\/orcamento-cidadao-segue-com-assembleias-nos-bairros-1650\/\"]}]},{\"@type\":\"ImageObject\",\"inLanguage\":\"pt-BR\",\"@id\":\"https:\/\/www.pmpf.rs.gov.br\/secretaria-de-planejamento\/2009\/11\/13\/orcamento-cidadao-segue-com-assembleias-nos-bairros-1650\/#primaryimage\",\"url\":\"https:\/\/www.pmpf.rs.gov.br\/secretaria-de-planejamento\/wp-content\/uploads\/sites\/52\/2021\/12\/I2013-05-07_062703_c6695.jpg\",\"contentUrl\":\"https:\/\/www.pmpf.rs.gov.br\/secretaria-de-planejamento\/wp-content\/uploads\/sites\/52\/2021\/12\/I2013-05-07_062703_c6695.jpg\",\"width\":467,\"height\":337},{\"@type\":\"BreadcrumbList\",\"@id\":\"https:\/\/www.pmpf.rs.gov.br\/secretaria-de-planejamento\/2009\/11\/13\/orcamento-cidadao-segue-com-assembleias-nos-bairros-1650\/#breadcrumb\",\"itemListElement\":[{\"@type\":\"ListItem\",\"position\":1,\"name\":\"In\u00edcio\",\"item\":\"https:\/\/www.pmpf.rs.gov.br\/secretaria-de-planejamento\/\"},{\"@type\":\"ListItem\",\"position\":2,\"name\":\"Or\u00e7amento Cidad\u00e3o segue com assembl\u00e9ias nos bairros\"}]},{\"@type\":\"WebSite\",\"@id\":\"https:\/\/www.pmpf.rs.gov.br\/secretaria-de-planejamento\/#website\",\"url\":\"https:\/\/www.pmpf.rs.gov.br\/secretaria-de-planejamento\/\",\"name\":\"Secretaria de Planejamento\",\"description\":\"S\u00f3 mais um site Prefeitura de Passo Fundo\",\"potentialAction\":[{\"@type\":\"SearchAction\",\"target\":{\"@type\":\"EntryPoint\",\"urlTemplate\":\"https:\/\/www.pmpf.rs.gov.br\/secretaria-de-planejamento\/?s={search_term_string}\"},\"query-input\":{\"@type\":\"PropertyValueSpecification\",\"valueRequired\":true,\"valueName\":\"search_term_string\"}}],\"inLanguage\":\"pt-BR\"},{\"@type\":\"Person\",\"@id\":\"https:\/\/www.pmpf.rs.gov.br\/secretaria-de-planejamento\/#\/schema\/person\/0c355b0fa68a7aa986c8594f7a60a2d7\",\"name\":\"mosite\",\"image\":{\"@type\":\"ImageObject\",\"inLanguage\":\"pt-BR\",\"@id\":\"https:\/\/www.pmpf.rs.gov.br\/secretaria-de-planejamento\/#\/schema\/person\/image\/\",\"url\":\"https:\/\/secure.gravatar.com\/avatar\/63d72595d6cecfe12bd8a94829d5a26c?s=96&d=mm&r=g\",\"contentUrl\":\"https:\/\/secure.gravatar.com\/avatar\/63d72595d6cecfe12bd8a94829d5a26c?s=96&d=mm&r=g\",\"caption\":\"mosite\"},\"sameAs\":[\"http:\/\/example.com\"],\"url\":\"https:\/\/www.pmpf.rs.gov.br\/secretaria-de-planejamento\/author\/mosite\/\"}]}<\/script>\n<!-- \/ Yoast SEO plugin. -->","yoast_head_json":{"title":"Or\u00e7amento Cidad\u00e3o segue com assembl\u00e9ias nos bairros - Secretaria de Planejamento","robots":{"index":"index","follow":"follow","max-snippet":"max-snippet:-1","max-image-preview":"max-image-preview:large","max-video-preview":"max-video-preview:-1"},"canonical":"https:\/\/www.pmpf.rs.gov.br\/secretaria-de-planejamento\/2009\/11\/13\/orcamento-cidadao-segue-com-assembleias-nos-bairros-1650\/","og_locale":"pt_BR","og_type":"article","og_title":"Or\u00e7amento Cidad\u00e3o segue com assembl\u00e9ias nos bairros - Secretaria de Planejamento","og_description":"Neste s\u00e1bado \u00e9 a vez da comunidade do bairro Zachia se reunir para debater as prioridades de investimento para o bairro. O encontro vai ser na escola Guaraci Barroso Marinho, as 14 horas.","og_url":"https:\/\/www.pmpf.rs.gov.br\/secretaria-de-planejamento\/2009\/11\/13\/orcamento-cidadao-segue-com-assembleias-nos-bairros-1650\/","og_site_name":"Secretaria de Planejamento","article_published_time":"2009-11-13T04:00:00+00:00","og_image":[{"width":467,"height":337,"url":"https:\/\/www.pmpf.rs.gov.br\/secretaria-de-planejamento\/wp-content\/uploads\/sites\/52\/2021\/12\/I2013-05-07_062703_c6695.jpg","type":"image\/jpeg"}],"author":"mosite","twitter_card":"summary_large_image","twitter_misc":{"Escrito por":"mosite","Est. tempo de leitura":"1 minuto"},"schema":{"@context":"https:\/\/schema.org","@graph":[{"@type":"WebPage","@id":"https:\/\/www.pmpf.rs.gov.br\/secretaria-de-planejamento\/2009\/11\/13\/orcamento-cidadao-segue-com-assembleias-nos-bairros-1650\/","url":"https:\/\/www.pmpf.rs.gov.br\/secretaria-de-planejamento\/2009\/11\/13\/orcamento-cidadao-segue-com-assembleias-nos-bairros-1650\/","name":"Or\u00e7amento Cidad\u00e3o segue com assembl\u00e9ias nos bairros - Secretaria de Planejamento","isPartOf":{"@id":"https:\/\/www.pmpf.rs.gov.br\/secretaria-de-planejamento\/#website"},"primaryImageOfPage":{"@id":"https:\/\/www.pmpf.rs.gov.br\/secretaria-de-planejamento\/2009\/11\/13\/orcamento-cidadao-segue-com-assembleias-nos-bairros-1650\/#primaryimage"},"image":{"@id":"https:\/\/www.pmpf.rs.gov.br\/secretaria-de-planejamento\/2009\/11\/13\/orcamento-cidadao-segue-com-assembleias-nos-bairros-1650\/#primaryimage"},"thumbnailUrl":"https:\/\/www.pmpf.rs.gov.br\/secretaria-de-planejamento\/wp-content\/uploads\/sites\/52\/2021\/12\/I2013-05-07_062703_c6695.jpg","datePublished":"2009-11-13T04:00:00+00:00","dateModified":"2009-11-13T04:00:00+00:00","author":{"@id":"https:\/\/www.pmpf.rs.gov.br\/secretaria-de-planejamento\/#\/schema\/person\/0c355b0fa68a7aa986c8594f7a60a2d7"},"breadcrumb":{"@id":"https:\/\/www.pmpf.rs.gov.br\/secretaria-de-planejamento\/2009\/11\/13\/orcamento-cidadao-segue-com-assembleias-nos-bairros-1650\/#breadcrumb"},"inLanguage":"pt-BR","potentialAction":[{"@type":"ReadAction","target":["https:\/\/www.pmpf.rs.gov.br\/secretaria-de-planejamento\/2009\/11\/13\/orcamento-cidadao-segue-com-assembleias-nos-bairros-1650\/"]}]},{"@type":"ImageObject","inLanguage":"pt-BR","@id":"https:\/\/www.pmpf.rs.gov.br\/secretaria-de-planejamento\/2009\/11\/13\/orcamento-cidadao-segue-com-assembleias-nos-bairros-1650\/#primaryimage","url":"https:\/\/www.pmpf.rs.gov.br\/secretaria-de-planejamento\/wp-content\/uploads\/sites\/52\/2021\/12\/I2013-05-07_062703_c6695.jpg","contentUrl":"https:\/\/www.pmpf.rs.gov.br\/secretaria-de-planejamento\/wp-content\/uploads\/sites\/52\/2021\/12\/I2013-05-07_062703_c6695.jpg","width":467,"height":337},{"@type":"BreadcrumbList","@id":"https:\/\/www.pmpf.rs.gov.br\/secretaria-de-planejamento\/2009\/11\/13\/orcamento-cidadao-segue-com-assembleias-nos-bairros-1650\/#breadcrumb","itemListElement":[{"@type":"ListItem","position":1,"name":"In\u00edcio","item":"https:\/\/www.pmpf.rs.gov.br\/secretaria-de-planejamento\/"},{"@type":"ListItem","position":2,"name":"Or\u00e7amento Cidad\u00e3o segue com assembl\u00e9ias nos bairros"}]},{"@type":"WebSite","@id":"https:\/\/www.pmpf.rs.gov.br\/secretaria-de-planejamento\/#website","url":"https:\/\/www.pmpf.rs.gov.br\/secretaria-de-planejamento\/","name":"Secretaria de Planejamento","description":"S\u00f3 mais um site Prefeitura de Passo Fundo","potentialAction":[{"@type":"SearchAction","target":{"@type":"EntryPoint","urlTemplate":"https:\/\/www.pmpf.rs.gov.br\/secretaria-de-planejamento\/?s={search_term_string}"},"query-input":{"@type":"PropertyValueSpecification","valueRequired":true,"valueName":"search_term_string"}}],"inLanguage":"pt-BR"},{"@type":"Person","@id":"https:\/\/www.pmpf.rs.gov.br\/secretaria-de-planejamento\/#\/schema\/person\/0c355b0fa68a7aa986c8594f7a60a2d7","name":"mosite","image":{"@type":"ImageObject","inLanguage":"pt-BR","@id":"https:\/\/www.pmpf.rs.gov.br\/secretaria-de-planejamento\/#\/schema\/person\/image\/","url":"https:\/\/secure.gravatar.com\/avatar\/63d72595d6cecfe12bd8a94829d5a26c?s=96&d=mm&r=g","contentUrl":"https:\/\/secure.gravatar.com\/avatar\/63d72595d6cecfe12bd8a94829d5a26c?s=96&d=mm&r=g","caption":"mosite"},"sameAs":["http:\/\/example.com"],"url":"https:\/\/www.pmpf.rs.gov.br\/secretaria-de-planejamento\/author\/mosite\/"}]}},"_links":{"self":[{"href":"https:\/\/www.pmpf.rs.gov.br\/secretaria-de-planejamento\/wp-json\/wp\/v2\/posts\/426"}],"collection":[{"href":"https:\/\/www.pmpf.rs.gov.br\/secretaria-de-planejamento\/wp-json\/wp\/v2\/posts"}],"about":[{"href":"https:\/\/www.pmpf.rs.gov.br\/secretaria-de-planejamento\/wp-json\/wp\/v2\/types\/post"}],"author":[{"embeddable":true,"href":"https:\/\/www.pmpf.rs.gov.br\/secretaria-de-planejamento\/wp-json\/wp\/v2\/users\/1"}],"replies":[{"embeddable":true,"href":"https:\/\/www.pmpf.rs.gov.br\/secretaria-de-planejamento\/wp-json\/wp\/v2\/comments?post=426"}],"version-history":[{"count":0,"href":"https:\/\/www.pmpf.rs.gov.br\/secretaria-de-planejamento\/wp-json\/wp\/v2\/posts\/426\/revisions"}],"wp:featuredmedia":[{"embeddable":true,"href":"https:\/\/www.pmpf.rs.gov.br\/secretaria-de-planejamento\/wp-json\/wp\/v2\/media\/427"}],"wp:attachment":[{"href":"https:\/\/www.pmpf.rs.gov.br\/secretaria-de-planejamento\/wp-json\/wp\/v2\/media?parent=426"}],"wp:term":[{"taxonomy":"category","embeddable":true,"href":"https:\/\/www.pmpf.rs.gov.br\/secretaria-de-planejamento\/wp-json\/wp\/v2\/categories?post=426"},{"taxonomy":"post_tag","embeddable":true,"href":"https:\/\/www.pmpf.rs.gov.br\/secretaria-de-planejamento\/wp-json\/wp\/v2\/tags?post=426"}],"curies":[{"name":"wp","href":"https:\/\/api.w.org\/{rel}","templated":true}]}}