{"id":394,"date":"2009-06-16T03:00:00","date_gmt":"2009-06-16T06:00:00","guid":{"rendered":"https:\/\/www.pmpf.rs.gov.br\/secretaria-de-planejamento\/2009\/06\/16\/plano-plurianual-tem-audiencia-publica-na-quinta-1985\/"},"modified":"2009-06-16T03:00:00","modified_gmt":"2009-06-16T06:00:00","slug":"plano-plurianual-tem-audiencia-publica-na-quinta-1985","status":"publish","type":"post","link":"https:\/\/www.pmpf.rs.gov.br\/secretaria-de-planejamento\/2009\/06\/16\/plano-plurianual-tem-audiencia-publica-na-quinta-1985\/","title":{"rendered":"Plano Plurianual tem  audi\u00eancia p\u00fablica na quinta"},"content":{"rendered":"<p>Na pr\u00f3xima quinta-feira ser\u00e1 realizada uma audi\u00eancia p\u00fablica para a apresenta\u00e7\u00e3o objetiva do Plano Plurianual de Passo Fundo. Conforme o secret\u00e1rio de Planejamento, Rene Cecconello, ser\u00e3o expostos valores e investimentos previstos para os pr\u00f3ximos 4 anos. <br \/>\u00a0O processo come\u00e7ou no in\u00edcio do ano com a constru\u00e7\u00e3o do Planejamento Estrat\u00e9gico e com a defini\u00e7\u00e3o das 3 diretrizes centrais e dos 18 programas estrat\u00e9gicos a serem implementados nos pr\u00f3ximos 4 anos. No m\u00eas de maio, 3 plen\u00e1rias para auxiliar na prepara\u00e7\u00e3o do PPA foram realizadas, com a participa\u00e7\u00e3o de diversos segmentos da comunidade, onde foram apresentados os elementos centrais do planejamento. \u201c Este processo de participa\u00e7\u00e3o popular parte de uma nova concep\u00e7\u00e3o de gest\u00e3o p\u00fablica, onde a participa\u00e7\u00e3o efetiva da popula\u00e7\u00e3o de forma direta e atrav\u00e9s das lideran\u00e7as das mais diferentes organiza\u00e7\u00f5es \u00e9 fundamental\u201d, destaca Cecconello. <br \/>\u00a0At\u00e9 30 de junho o Executivo dever\u00e1 encaminhar o projeto do PPA para a C\u00e2mara de Vereadores. A audi\u00eancia P\u00fablica ser\u00e1 realizada na C\u00e2mara de Vereadores, as 19h, na pr\u00f3xima quinta-feira, 18 de junho.<\/p>\n","protected":false},"excerpt":{"rendered":"<p>Na pr\u00f3xima quinta-feira ser\u00e1 realizada uma audi\u00eancia p\u00fablica para a apresenta\u00e7\u00e3o objetiva do Plano Plurianual de Passo Fundo. Conforme o secret\u00e1rio de Planejamento, Rene Cecconello, ser\u00e3o expostos valores e investimentos previstos para os pr\u00f3ximos 4 anos.<\/p>\n","protected":false},"author":1,"featured_media":0,"comment_status":"open","ping_status":"open","sticky":false,"template":"","format":"standard","meta":{"footnotes":""},"categories":[],"tags":[],"class_list":["post-394","post","type-post","status-publish","format-standard","hentry"],"yoast_head":"<!-- This site is optimized with the Yoast SEO plugin v23.8 - https:\/\/yoast.com\/wordpress\/plugins\/seo\/ -->\n<title>Plano Plurianual tem audi\u00eancia p\u00fablica na quinta - Secretaria de Planejamento<\/title>\n<meta name=\"robots\" content=\"index, follow, max-snippet:-1, max-image-preview:large, max-video-preview:-1\" \/>\n<link rel=\"canonical\" href=\"https:\/\/www.pmpf.rs.gov.br\/secretaria-de-planejamento\/2009\/06\/16\/plano-plurianual-tem-audiencia-publica-na-quinta-1985\/\" \/>\n<meta property=\"og:locale\" content=\"pt_BR\" \/>\n<meta property=\"og:type\" content=\"article\" \/>\n<meta property=\"og:title\" content=\"Plano Plurianual tem audi\u00eancia p\u00fablica na quinta - Secretaria de Planejamento\" \/>\n<meta property=\"og:description\" content=\"Na pr\u00f3xima quinta-feira ser\u00e1 realizada uma audi\u00eancia p\u00fablica para a apresenta\u00e7\u00e3o objetiva do Plano Plurianual de Passo Fundo. Conforme o secret\u00e1rio de Planejamento, Rene Cecconello, ser\u00e3o expostos valores e investimentos previstos para os pr\u00f3ximos 4 anos.\" \/>\n<meta property=\"og:url\" content=\"https:\/\/www.pmpf.rs.gov.br\/secretaria-de-planejamento\/2009\/06\/16\/plano-plurianual-tem-audiencia-publica-na-quinta-1985\/\" \/>\n<meta property=\"og:site_name\" content=\"Secretaria de Planejamento\" \/>\n<meta property=\"article:published_time\" content=\"2009-06-16T06:00:00+00:00\" \/>\n<meta name=\"author\" content=\"mosite\" \/>\n<meta name=\"twitter:card\" content=\"summary_large_image\" \/>\n<meta name=\"twitter:label1\" content=\"Escrito por\" \/>\n\t<meta name=\"twitter:data1\" content=\"mosite\" \/>\n\t<meta name=\"twitter:label2\" content=\"Est. tempo de leitura\" \/>\n\t<meta name=\"twitter:data2\" content=\"1 minuto\" \/>\n<script type=\"application\/ld+json\" class=\"yoast-schema-graph\">{\"@context\":\"https:\/\/schema.org\",\"@graph\":[{\"@type\":\"WebPage\",\"@id\":\"https:\/\/www.pmpf.rs.gov.br\/secretaria-de-planejamento\/2009\/06\/16\/plano-plurianual-tem-audiencia-publica-na-quinta-1985\/\",\"url\":\"https:\/\/www.pmpf.rs.gov.br\/secretaria-de-planejamento\/2009\/06\/16\/plano-plurianual-tem-audiencia-publica-na-quinta-1985\/\",\"name\":\"Plano Plurianual tem audi\u00eancia p\u00fablica na quinta - Secretaria de Planejamento\",\"isPartOf\":{\"@id\":\"https:\/\/www.pmpf.rs.gov.br\/secretaria-de-planejamento\/#website\"},\"datePublished\":\"2009-06-16T06:00:00+00:00\",\"dateModified\":\"2009-06-16T06:00:00+00:00\",\"author\":{\"@id\":\"https:\/\/www.pmpf.rs.gov.br\/secretaria-de-planejamento\/#\/schema\/person\/0c355b0fa68a7aa986c8594f7a60a2d7\"},\"breadcrumb\":{\"@id\":\"https:\/\/www.pmpf.rs.gov.br\/secretaria-de-planejamento\/2009\/06\/16\/plano-plurianual-tem-audiencia-publica-na-quinta-1985\/#breadcrumb\"},\"inLanguage\":\"pt-BR\",\"potentialAction\":[{\"@type\":\"ReadAction\",\"target\":[\"https:\/\/www.pmpf.rs.gov.br\/secretaria-de-planejamento\/2009\/06\/16\/plano-plurianual-tem-audiencia-publica-na-quinta-1985\/\"]}]},{\"@type\":\"BreadcrumbList\",\"@id\":\"https:\/\/www.pmpf.rs.gov.br\/secretaria-de-planejamento\/2009\/06\/16\/plano-plurianual-tem-audiencia-publica-na-quinta-1985\/#breadcrumb\",\"itemListElement\":[{\"@type\":\"ListItem\",\"position\":1,\"name\":\"In\u00edcio\",\"item\":\"https:\/\/www.pmpf.rs.gov.br\/secretaria-de-planejamento\/\"},{\"@type\":\"ListItem\",\"position\":2,\"name\":\"Plano Plurianual tem audi\u00eancia p\u00fablica na quinta\"}]},{\"@type\":\"WebSite\",\"@id\":\"https:\/\/www.pmpf.rs.gov.br\/secretaria-de-planejamento\/#website\",\"url\":\"https:\/\/www.pmpf.rs.gov.br\/secretaria-de-planejamento\/\",\"name\":\"Secretaria de Planejamento\",\"description\":\"S\u00f3 mais um site Prefeitura de Passo Fundo\",\"potentialAction\":[{\"@type\":\"SearchAction\",\"target\":{\"@type\":\"EntryPoint\",\"urlTemplate\":\"https:\/\/www.pmpf.rs.gov.br\/secretaria-de-planejamento\/?s={search_term_string}\"},\"query-input\":{\"@type\":\"PropertyValueSpecification\",\"valueRequired\":true,\"valueName\":\"search_term_string\"}}],\"inLanguage\":\"pt-BR\"},{\"@type\":\"Person\",\"@id\":\"https:\/\/www.pmpf.rs.gov.br\/secretaria-de-planejamento\/#\/schema\/person\/0c355b0fa68a7aa986c8594f7a60a2d7\",\"name\":\"mosite\",\"image\":{\"@type\":\"ImageObject\",\"inLanguage\":\"pt-BR\",\"@id\":\"https:\/\/www.pmpf.rs.gov.br\/secretaria-de-planejamento\/#\/schema\/person\/image\/\",\"url\":\"https:\/\/secure.gravatar.com\/avatar\/63d72595d6cecfe12bd8a94829d5a26c?s=96&d=mm&r=g\",\"contentUrl\":\"https:\/\/secure.gravatar.com\/avatar\/63d72595d6cecfe12bd8a94829d5a26c?s=96&d=mm&r=g\",\"caption\":\"mosite\"},\"sameAs\":[\"http:\/\/example.com\"],\"url\":\"https:\/\/www.pmpf.rs.gov.br\/secretaria-de-planejamento\/author\/mosite\/\"}]}<\/script>\n<!-- \/ Yoast SEO plugin. -->","yoast_head_json":{"title":"Plano Plurianual tem audi\u00eancia p\u00fablica na quinta - Secretaria de Planejamento","robots":{"index":"index","follow":"follow","max-snippet":"max-snippet:-1","max-image-preview":"max-image-preview:large","max-video-preview":"max-video-preview:-1"},"canonical":"https:\/\/www.pmpf.rs.gov.br\/secretaria-de-planejamento\/2009\/06\/16\/plano-plurianual-tem-audiencia-publica-na-quinta-1985\/","og_locale":"pt_BR","og_type":"article","og_title":"Plano Plurianual tem audi\u00eancia p\u00fablica na quinta - Secretaria de Planejamento","og_description":"Na pr\u00f3xima quinta-feira ser\u00e1 realizada uma audi\u00eancia p\u00fablica para a apresenta\u00e7\u00e3o objetiva do Plano Plurianual de Passo Fundo. Conforme o secret\u00e1rio de Planejamento, Rene Cecconello, ser\u00e3o expostos valores e investimentos previstos para os pr\u00f3ximos 4 anos.","og_url":"https:\/\/www.pmpf.rs.gov.br\/secretaria-de-planejamento\/2009\/06\/16\/plano-plurianual-tem-audiencia-publica-na-quinta-1985\/","og_site_name":"Secretaria de Planejamento","article_published_time":"2009-06-16T06:00:00+00:00","author":"mosite","twitter_card":"summary_large_image","twitter_misc":{"Escrito por":"mosite","Est. tempo de leitura":"1 minuto"},"schema":{"@context":"https:\/\/schema.org","@graph":[{"@type":"WebPage","@id":"https:\/\/www.pmpf.rs.gov.br\/secretaria-de-planejamento\/2009\/06\/16\/plano-plurianual-tem-audiencia-publica-na-quinta-1985\/","url":"https:\/\/www.pmpf.rs.gov.br\/secretaria-de-planejamento\/2009\/06\/16\/plano-plurianual-tem-audiencia-publica-na-quinta-1985\/","name":"Plano Plurianual tem audi\u00eancia p\u00fablica na quinta - Secretaria de Planejamento","isPartOf":{"@id":"https:\/\/www.pmpf.rs.gov.br\/secretaria-de-planejamento\/#website"},"datePublished":"2009-06-16T06:00:00+00:00","dateModified":"2009-06-16T06:00:00+00:00","author":{"@id":"https:\/\/www.pmpf.rs.gov.br\/secretaria-de-planejamento\/#\/schema\/person\/0c355b0fa68a7aa986c8594f7a60a2d7"},"breadcrumb":{"@id":"https:\/\/www.pmpf.rs.gov.br\/secretaria-de-planejamento\/2009\/06\/16\/plano-plurianual-tem-audiencia-publica-na-quinta-1985\/#breadcrumb"},"inLanguage":"pt-BR","potentialAction":[{"@type":"ReadAction","target":["https:\/\/www.pmpf.rs.gov.br\/secretaria-de-planejamento\/2009\/06\/16\/plano-plurianual-tem-audiencia-publica-na-quinta-1985\/"]}]},{"@type":"BreadcrumbList","@id":"https:\/\/www.pmpf.rs.gov.br\/secretaria-de-planejamento\/2009\/06\/16\/plano-plurianual-tem-audiencia-publica-na-quinta-1985\/#breadcrumb","itemListElement":[{"@type":"ListItem","position":1,"name":"In\u00edcio","item":"https:\/\/www.pmpf.rs.gov.br\/secretaria-de-planejamento\/"},{"@type":"ListItem","position":2,"name":"Plano Plurianual tem audi\u00eancia p\u00fablica na quinta"}]},{"@type":"WebSite","@id":"https:\/\/www.pmpf.rs.gov.br\/secretaria-de-planejamento\/#website","url":"https:\/\/www.pmpf.rs.gov.br\/secretaria-de-planejamento\/","name":"Secretaria de Planejamento","description":"S\u00f3 mais um site Prefeitura de Passo Fundo","potentialAction":[{"@type":"SearchAction","target":{"@type":"EntryPoint","urlTemplate":"https:\/\/www.pmpf.rs.gov.br\/secretaria-de-planejamento\/?s={search_term_string}"},"query-input":{"@type":"PropertyValueSpecification","valueRequired":true,"valueName":"search_term_string"}}],"inLanguage":"pt-BR"},{"@type":"Person","@id":"https:\/\/www.pmpf.rs.gov.br\/secretaria-de-planejamento\/#\/schema\/person\/0c355b0fa68a7aa986c8594f7a60a2d7","name":"mosite","image":{"@type":"ImageObject","inLanguage":"pt-BR","@id":"https:\/\/www.pmpf.rs.gov.br\/secretaria-de-planejamento\/#\/schema\/person\/image\/","url":"https:\/\/secure.gravatar.com\/avatar\/63d72595d6cecfe12bd8a94829d5a26c?s=96&d=mm&r=g","contentUrl":"https:\/\/secure.gravatar.com\/avatar\/63d72595d6cecfe12bd8a94829d5a26c?s=96&d=mm&r=g","caption":"mosite"},"sameAs":["http:\/\/example.com"],"url":"https:\/\/www.pmpf.rs.gov.br\/secretaria-de-planejamento\/author\/mosite\/"}]}},"_links":{"self":[{"href":"https:\/\/www.pmpf.rs.gov.br\/secretaria-de-planejamento\/wp-json\/wp\/v2\/posts\/394"}],"collection":[{"href":"https:\/\/www.pmpf.rs.gov.br\/secretaria-de-planejamento\/wp-json\/wp\/v2\/posts"}],"about":[{"href":"https:\/\/www.pmpf.rs.gov.br\/secretaria-de-planejamento\/wp-json\/wp\/v2\/types\/post"}],"author":[{"embeddable":true,"href":"https:\/\/www.pmpf.rs.gov.br\/secretaria-de-planejamento\/wp-json\/wp\/v2\/users\/1"}],"replies":[{"embeddable":true,"href":"https:\/\/www.pmpf.rs.gov.br\/secretaria-de-planejamento\/wp-json\/wp\/v2\/comments?post=394"}],"version-history":[{"count":0,"href":"https:\/\/www.pmpf.rs.gov.br\/secretaria-de-planejamento\/wp-json\/wp\/v2\/posts\/394\/revisions"}],"wp:attachment":[{"href":"https:\/\/www.pmpf.rs.gov.br\/secretaria-de-planejamento\/wp-json\/wp\/v2\/media?parent=394"}],"wp:term":[{"taxonomy":"category","embeddable":true,"href":"https:\/\/www.pmpf.rs.gov.br\/secretaria-de-planejamento\/wp-json\/wp\/v2\/categories?post=394"},{"taxonomy":"post_tag","embeddable":true,"href":"https:\/\/www.pmpf.rs.gov.br\/secretaria-de-planejamento\/wp-json\/wp\/v2\/tags?post=394"}],"curies":[{"name":"wp","href":"https:\/\/api.w.org\/{rel}","templated":true}]}}