{"id":392,"date":"2010-08-05T03:00:00","date_gmt":"2010-08-05T06:00:00","guid":{"rendered":"https:\/\/www.pmpf.rs.gov.br\/secretaria-de-planejamento\/2010\/08\/05\/projetos-de-passo-fundo-devem-ser-incluidos-no-pac-2-1995\/"},"modified":"2010-08-05T03:00:00","modified_gmt":"2010-08-05T06:00:00","slug":"projetos-de-passo-fundo-devem-ser-incluidos-no-pac-2-1995","status":"publish","type":"post","link":"https:\/\/www.pmpf.rs.gov.br\/secretaria-de-planejamento\/2010\/08\/05\/projetos-de-passo-fundo-devem-ser-incluidos-no-pac-2-1995\/","title":{"rendered":"Projetos de Passo Fundo devem ser inclu\u00eddos no PAC 2"},"content":{"rendered":"<p><span style=\"\"><\/span><span style=\"\">O Vice-Prefeito e Secret\u00e1rio de Planejamento Rene Cecconello, esteve em Bras\u00edlia nesta semana, onde participou de uma reuni\u00e3o na Casa Civil da Presid\u00eancia da Rep\u00fablica, com o Grupo Executivo do Programa de Acelera\u00e7\u00e3o do Crescimento- GEPAC, no Centro Cultura Banco do Brasil. O objetivo\u00a0 da reuni\u00e3o foi pr\u00e9-selecionar prioridades do munic\u00edpio para o PAC 2, com a previs\u00e3o de destina\u00e7\u00e3o de recursos do Or\u00e7amento da Uni\u00e3o\u00a0 para 2011.<\/span><br style=\"\" \/><span style=\"\">No in\u00edcio de junho deste ano, o munic\u00edpio de Passo Fundo apresentou cartas-consulta para um conjunto de obras e projetos, dentro do PAC 2. Na reuni\u00e3o desta semana, os projetos pr\u00e9-selecionados s\u00e3o de pavimenta\u00e7\u00e3o, drenagem urbana e Urbaniza\u00e7\u00e3o de Assentamento Prec\u00e1rio. Estes projetos somados, chegam ao valor superior a R$ 60 milh\u00f5es. <\/span><br style=\"\" \/><span style=\"\">A conquista foi comemorada por Cecconello, que logo ao sair da reuni\u00e3o comunicou o prefeito Airton Dipp por telefone. Segundo Cecconello, a pr\u00f3xima etapa deste processo de sele\u00e7\u00e3o das demandas est\u00e1 marcada para o dia 18 de agosto em Bras\u00edlia, quando t\u00e9cnicos do Governo Federal e da Prefeitura v\u00e3o definir detalhes dos projetos, para que ent\u00e3o possam &#8220;;;definitivamente&#8221;;; ser priorizados e j\u00e1 inclu\u00eddos pelo Governo no Or\u00e7amento da Uni\u00e3o de 2011, que ser\u00e1 encaminhado ao Congresso Nacional ainda em Setembro deste ano.<\/span><br style=\"\" \/><\/p>\n","protected":false},"excerpt":{"rendered":"<p>Projetos de Passo Fundo devem ser inclu\u00eddos no PAC 2<\/p>\n","protected":false},"author":1,"featured_media":0,"comment_status":"open","ping_status":"open","sticky":false,"template":"","format":"standard","meta":{"footnotes":""},"categories":[],"tags":[],"class_list":["post-392","post","type-post","status-publish","format-standard","hentry"],"yoast_head":"<!-- This site is optimized with the Yoast SEO plugin v23.8 - https:\/\/yoast.com\/wordpress\/plugins\/seo\/ -->\n<title>Projetos de Passo Fundo devem ser inclu\u00eddos no PAC 2 - Secretaria de Planejamento<\/title>\n<meta name=\"robots\" content=\"index, follow, max-snippet:-1, max-image-preview:large, max-video-preview:-1\" \/>\n<link rel=\"canonical\" href=\"https:\/\/www.pmpf.rs.gov.br\/secretaria-de-planejamento\/2010\/08\/05\/projetos-de-passo-fundo-devem-ser-incluidos-no-pac-2-1995\/\" \/>\n<meta property=\"og:locale\" content=\"pt_BR\" \/>\n<meta property=\"og:type\" content=\"article\" \/>\n<meta property=\"og:title\" content=\"Projetos de Passo Fundo devem ser inclu\u00eddos no PAC 2 - Secretaria de Planejamento\" \/>\n<meta property=\"og:description\" content=\"Projetos de Passo Fundo devem ser inclu\u00eddos no PAC 2\" \/>\n<meta property=\"og:url\" content=\"https:\/\/www.pmpf.rs.gov.br\/secretaria-de-planejamento\/2010\/08\/05\/projetos-de-passo-fundo-devem-ser-incluidos-no-pac-2-1995\/\" \/>\n<meta property=\"og:site_name\" content=\"Secretaria de Planejamento\" \/>\n<meta property=\"article:published_time\" content=\"2010-08-05T06:00:00+00:00\" \/>\n<meta name=\"author\" content=\"mosite\" \/>\n<meta name=\"twitter:card\" content=\"summary_large_image\" \/>\n<meta name=\"twitter:label1\" content=\"Escrito por\" \/>\n\t<meta name=\"twitter:data1\" content=\"mosite\" \/>\n\t<meta name=\"twitter:label2\" content=\"Est. tempo de leitura\" \/>\n\t<meta name=\"twitter:data2\" content=\"1 minuto\" \/>\n<script type=\"application\/ld+json\" class=\"yoast-schema-graph\">{\"@context\":\"https:\/\/schema.org\",\"@graph\":[{\"@type\":\"WebPage\",\"@id\":\"https:\/\/www.pmpf.rs.gov.br\/secretaria-de-planejamento\/2010\/08\/05\/projetos-de-passo-fundo-devem-ser-incluidos-no-pac-2-1995\/\",\"url\":\"https:\/\/www.pmpf.rs.gov.br\/secretaria-de-planejamento\/2010\/08\/05\/projetos-de-passo-fundo-devem-ser-incluidos-no-pac-2-1995\/\",\"name\":\"Projetos de Passo Fundo devem ser inclu\u00eddos no PAC 2 - Secretaria de Planejamento\",\"isPartOf\":{\"@id\":\"https:\/\/www.pmpf.rs.gov.br\/secretaria-de-planejamento\/#website\"},\"datePublished\":\"2010-08-05T06:00:00+00:00\",\"dateModified\":\"2010-08-05T06:00:00+00:00\",\"author\":{\"@id\":\"https:\/\/www.pmpf.rs.gov.br\/secretaria-de-planejamento\/#\/schema\/person\/0c355b0fa68a7aa986c8594f7a60a2d7\"},\"breadcrumb\":{\"@id\":\"https:\/\/www.pmpf.rs.gov.br\/secretaria-de-planejamento\/2010\/08\/05\/projetos-de-passo-fundo-devem-ser-incluidos-no-pac-2-1995\/#breadcrumb\"},\"inLanguage\":\"pt-BR\",\"potentialAction\":[{\"@type\":\"ReadAction\",\"target\":[\"https:\/\/www.pmpf.rs.gov.br\/secretaria-de-planejamento\/2010\/08\/05\/projetos-de-passo-fundo-devem-ser-incluidos-no-pac-2-1995\/\"]}]},{\"@type\":\"BreadcrumbList\",\"@id\":\"https:\/\/www.pmpf.rs.gov.br\/secretaria-de-planejamento\/2010\/08\/05\/projetos-de-passo-fundo-devem-ser-incluidos-no-pac-2-1995\/#breadcrumb\",\"itemListElement\":[{\"@type\":\"ListItem\",\"position\":1,\"name\":\"In\u00edcio\",\"item\":\"https:\/\/www.pmpf.rs.gov.br\/secretaria-de-planejamento\/\"},{\"@type\":\"ListItem\",\"position\":2,\"name\":\"Projetos de Passo Fundo devem ser inclu\u00eddos no PAC 2\"}]},{\"@type\":\"WebSite\",\"@id\":\"https:\/\/www.pmpf.rs.gov.br\/secretaria-de-planejamento\/#website\",\"url\":\"https:\/\/www.pmpf.rs.gov.br\/secretaria-de-planejamento\/\",\"name\":\"Secretaria de Planejamento\",\"description\":\"S\u00f3 mais um site Prefeitura de Passo Fundo\",\"potentialAction\":[{\"@type\":\"SearchAction\",\"target\":{\"@type\":\"EntryPoint\",\"urlTemplate\":\"https:\/\/www.pmpf.rs.gov.br\/secretaria-de-planejamento\/?s={search_term_string}\"},\"query-input\":{\"@type\":\"PropertyValueSpecification\",\"valueRequired\":true,\"valueName\":\"search_term_string\"}}],\"inLanguage\":\"pt-BR\"},{\"@type\":\"Person\",\"@id\":\"https:\/\/www.pmpf.rs.gov.br\/secretaria-de-planejamento\/#\/schema\/person\/0c355b0fa68a7aa986c8594f7a60a2d7\",\"name\":\"mosite\",\"image\":{\"@type\":\"ImageObject\",\"inLanguage\":\"pt-BR\",\"@id\":\"https:\/\/www.pmpf.rs.gov.br\/secretaria-de-planejamento\/#\/schema\/person\/image\/\",\"url\":\"https:\/\/secure.gravatar.com\/avatar\/63d72595d6cecfe12bd8a94829d5a26c?s=96&d=mm&r=g\",\"contentUrl\":\"https:\/\/secure.gravatar.com\/avatar\/63d72595d6cecfe12bd8a94829d5a26c?s=96&d=mm&r=g\",\"caption\":\"mosite\"},\"sameAs\":[\"http:\/\/example.com\"],\"url\":\"https:\/\/www.pmpf.rs.gov.br\/secretaria-de-planejamento\/author\/mosite\/\"}]}<\/script>\n<!-- \/ Yoast SEO plugin. -->","yoast_head_json":{"title":"Projetos de Passo Fundo devem ser inclu\u00eddos no PAC 2 - Secretaria de Planejamento","robots":{"index":"index","follow":"follow","max-snippet":"max-snippet:-1","max-image-preview":"max-image-preview:large","max-video-preview":"max-video-preview:-1"},"canonical":"https:\/\/www.pmpf.rs.gov.br\/secretaria-de-planejamento\/2010\/08\/05\/projetos-de-passo-fundo-devem-ser-incluidos-no-pac-2-1995\/","og_locale":"pt_BR","og_type":"article","og_title":"Projetos de Passo Fundo devem ser inclu\u00eddos no PAC 2 - Secretaria de Planejamento","og_description":"Projetos de Passo Fundo devem ser inclu\u00eddos no PAC 2","og_url":"https:\/\/www.pmpf.rs.gov.br\/secretaria-de-planejamento\/2010\/08\/05\/projetos-de-passo-fundo-devem-ser-incluidos-no-pac-2-1995\/","og_site_name":"Secretaria de Planejamento","article_published_time":"2010-08-05T06:00:00+00:00","author":"mosite","twitter_card":"summary_large_image","twitter_misc":{"Escrito por":"mosite","Est. tempo de leitura":"1 minuto"},"schema":{"@context":"https:\/\/schema.org","@graph":[{"@type":"WebPage","@id":"https:\/\/www.pmpf.rs.gov.br\/secretaria-de-planejamento\/2010\/08\/05\/projetos-de-passo-fundo-devem-ser-incluidos-no-pac-2-1995\/","url":"https:\/\/www.pmpf.rs.gov.br\/secretaria-de-planejamento\/2010\/08\/05\/projetos-de-passo-fundo-devem-ser-incluidos-no-pac-2-1995\/","name":"Projetos de Passo Fundo devem ser inclu\u00eddos no PAC 2 - Secretaria de Planejamento","isPartOf":{"@id":"https:\/\/www.pmpf.rs.gov.br\/secretaria-de-planejamento\/#website"},"datePublished":"2010-08-05T06:00:00+00:00","dateModified":"2010-08-05T06:00:00+00:00","author":{"@id":"https:\/\/www.pmpf.rs.gov.br\/secretaria-de-planejamento\/#\/schema\/person\/0c355b0fa68a7aa986c8594f7a60a2d7"},"breadcrumb":{"@id":"https:\/\/www.pmpf.rs.gov.br\/secretaria-de-planejamento\/2010\/08\/05\/projetos-de-passo-fundo-devem-ser-incluidos-no-pac-2-1995\/#breadcrumb"},"inLanguage":"pt-BR","potentialAction":[{"@type":"ReadAction","target":["https:\/\/www.pmpf.rs.gov.br\/secretaria-de-planejamento\/2010\/08\/05\/projetos-de-passo-fundo-devem-ser-incluidos-no-pac-2-1995\/"]}]},{"@type":"BreadcrumbList","@id":"https:\/\/www.pmpf.rs.gov.br\/secretaria-de-planejamento\/2010\/08\/05\/projetos-de-passo-fundo-devem-ser-incluidos-no-pac-2-1995\/#breadcrumb","itemListElement":[{"@type":"ListItem","position":1,"name":"In\u00edcio","item":"https:\/\/www.pmpf.rs.gov.br\/secretaria-de-planejamento\/"},{"@type":"ListItem","position":2,"name":"Projetos de Passo Fundo devem ser inclu\u00eddos no PAC 2"}]},{"@type":"WebSite","@id":"https:\/\/www.pmpf.rs.gov.br\/secretaria-de-planejamento\/#website","url":"https:\/\/www.pmpf.rs.gov.br\/secretaria-de-planejamento\/","name":"Secretaria de Planejamento","description":"S\u00f3 mais um site Prefeitura de Passo Fundo","potentialAction":[{"@type":"SearchAction","target":{"@type":"EntryPoint","urlTemplate":"https:\/\/www.pmpf.rs.gov.br\/secretaria-de-planejamento\/?s={search_term_string}"},"query-input":{"@type":"PropertyValueSpecification","valueRequired":true,"valueName":"search_term_string"}}],"inLanguage":"pt-BR"},{"@type":"Person","@id":"https:\/\/www.pmpf.rs.gov.br\/secretaria-de-planejamento\/#\/schema\/person\/0c355b0fa68a7aa986c8594f7a60a2d7","name":"mosite","image":{"@type":"ImageObject","inLanguage":"pt-BR","@id":"https:\/\/www.pmpf.rs.gov.br\/secretaria-de-planejamento\/#\/schema\/person\/image\/","url":"https:\/\/secure.gravatar.com\/avatar\/63d72595d6cecfe12bd8a94829d5a26c?s=96&d=mm&r=g","contentUrl":"https:\/\/secure.gravatar.com\/avatar\/63d72595d6cecfe12bd8a94829d5a26c?s=96&d=mm&r=g","caption":"mosite"},"sameAs":["http:\/\/example.com"],"url":"https:\/\/www.pmpf.rs.gov.br\/secretaria-de-planejamento\/author\/mosite\/"}]}},"_links":{"self":[{"href":"https:\/\/www.pmpf.rs.gov.br\/secretaria-de-planejamento\/wp-json\/wp\/v2\/posts\/392"}],"collection":[{"href":"https:\/\/www.pmpf.rs.gov.br\/secretaria-de-planejamento\/wp-json\/wp\/v2\/posts"}],"about":[{"href":"https:\/\/www.pmpf.rs.gov.br\/secretaria-de-planejamento\/wp-json\/wp\/v2\/types\/post"}],"author":[{"embeddable":true,"href":"https:\/\/www.pmpf.rs.gov.br\/secretaria-de-planejamento\/wp-json\/wp\/v2\/users\/1"}],"replies":[{"embeddable":true,"href":"https:\/\/www.pmpf.rs.gov.br\/secretaria-de-planejamento\/wp-json\/wp\/v2\/comments?post=392"}],"version-history":[{"count":0,"href":"https:\/\/www.pmpf.rs.gov.br\/secretaria-de-planejamento\/wp-json\/wp\/v2\/posts\/392\/revisions"}],"wp:attachment":[{"href":"https:\/\/www.pmpf.rs.gov.br\/secretaria-de-planejamento\/wp-json\/wp\/v2\/media?parent=392"}],"wp:term":[{"taxonomy":"category","embeddable":true,"href":"https:\/\/www.pmpf.rs.gov.br\/secretaria-de-planejamento\/wp-json\/wp\/v2\/categories?post=392"},{"taxonomy":"post_tag","embeddable":true,"href":"https:\/\/www.pmpf.rs.gov.br\/secretaria-de-planejamento\/wp-json\/wp\/v2\/tags?post=392"}],"curies":[{"name":"wp","href":"https:\/\/api.w.org\/{rel}","templated":true}]}}