{"id":355,"date":"2005-07-18T03:00:00","date_gmt":"2005-07-18T06:00:00","guid":{"rendered":"https:\/\/www.pmpf.rs.gov.br\/secretaria-de-planejamento\/2005\/07\/18\/assembleia-publica-municipal-processo-de-participacao-popular-3234\/"},"modified":"2005-07-18T03:00:00","modified_gmt":"2005-07-18T06:00:00","slug":"assembleia-publica-municipal-processo-de-participacao-popular-3234","status":"publish","type":"post","link":"https:\/\/www.pmpf.rs.gov.br\/secretaria-de-planejamento\/2005\/07\/18\/assembleia-publica-municipal-processo-de-participacao-popular-3234\/","title":{"rendered":"Assembl\u00e9ia P\u00fablica Municipal &#8211; Processo de Participa\u00e7\u00e3o Popular"},"content":{"rendered":"<p style=\"text-align: justify;\"><span style=\"\"> A Secretaria Municipal de Planejamento (SEPLAN) e o Conselho Municipal de Desenvolvimento (COMUDE) est\u00e3o promovendo um debate p\u00fablico no pr\u00f3ximo dia 21, \u00e0s 19 horas, no Gin\u00e1sio Maggi de C\u00e9saro, para colher opini\u00e3o da comunidade sobre recursos estaduais de R$ 2 milh\u00f5es, destinados ao munic\u00edpio no or\u00e7amento de 2006.<\/span><\/p>\n<p style=\"text-align: justify;\"><span style=\"\"> Essa defini\u00e7\u00e3o se dar\u00e1 por vota\u00e7\u00e3o para ser elencada como proposta para o Conselho Regional de Desenvolvimento (COREDE), que far\u00e1 indica\u00e7\u00e3o de prioridades na destina\u00e7\u00e3o or\u00e7ament\u00e1ria. O montante deste ano significa redu\u00e7\u00e3o em rela\u00e7\u00e3o ao ano passado que chegou a R$ 2,6 milh\u00f5es para a regi\u00e3o. <\/span><\/p>\n<p style=\"text-align: justify;\"><span style=\"\"> \u00c9 importante a presen\u00e7a da comunidade, uma vez que a cada 200 eleitores na assembl\u00e9ia do dia 21, dar\u00e1 direito a um delegado para representar a comunidade local no COREDE. As \u00e1reas de aplica\u00e7\u00e3o de recursos s\u00e3o: agricultura, seguran\u00e7a, trabalho, educa\u00e7\u00e3o e sa\u00fade para 2006.<\/span><\/p>\n","protected":false},"excerpt":{"rendered":"<p>Assembl\u00e9ia P\u00fablica Municipal &#8211; Processo de Participa\u00e7\u00e3o Popular<\/p>\n","protected":false},"author":1,"featured_media":0,"comment_status":"open","ping_status":"open","sticky":false,"template":"","format":"standard","meta":{"footnotes":""},"categories":[],"tags":[],"class_list":["post-355","post","type-post","status-publish","format-standard","hentry"],"yoast_head":"<!-- This site is optimized with the Yoast SEO plugin v23.8 - https:\/\/yoast.com\/wordpress\/plugins\/seo\/ -->\n<title>Assembl\u00e9ia P\u00fablica Municipal - Processo de Participa\u00e7\u00e3o Popular - Secretaria de Planejamento<\/title>\n<meta name=\"robots\" content=\"index, follow, max-snippet:-1, max-image-preview:large, max-video-preview:-1\" \/>\n<link rel=\"canonical\" href=\"https:\/\/www.pmpf.rs.gov.br\/secretaria-de-planejamento\/2005\/07\/18\/assembleia-publica-municipal-processo-de-participacao-popular-3234\/\" \/>\n<meta property=\"og:locale\" content=\"pt_BR\" \/>\n<meta property=\"og:type\" content=\"article\" \/>\n<meta property=\"og:title\" content=\"Assembl\u00e9ia P\u00fablica Municipal - Processo de Participa\u00e7\u00e3o Popular - Secretaria de Planejamento\" \/>\n<meta property=\"og:description\" content=\"Assembl\u00e9ia P\u00fablica Municipal - Processo de Participa\u00e7\u00e3o Popular\" \/>\n<meta property=\"og:url\" content=\"https:\/\/www.pmpf.rs.gov.br\/secretaria-de-planejamento\/2005\/07\/18\/assembleia-publica-municipal-processo-de-participacao-popular-3234\/\" \/>\n<meta property=\"og:site_name\" content=\"Secretaria de Planejamento\" \/>\n<meta property=\"article:published_time\" content=\"2005-07-18T06:00:00+00:00\" \/>\n<meta name=\"author\" content=\"mosite\" \/>\n<meta name=\"twitter:card\" content=\"summary_large_image\" \/>\n<meta name=\"twitter:label1\" content=\"Escrito por\" \/>\n\t<meta name=\"twitter:data1\" content=\"mosite\" \/>\n\t<meta name=\"twitter:label2\" content=\"Est. tempo de leitura\" \/>\n\t<meta name=\"twitter:data2\" content=\"1 minuto\" \/>\n<script type=\"application\/ld+json\" class=\"yoast-schema-graph\">{\"@context\":\"https:\/\/schema.org\",\"@graph\":[{\"@type\":\"WebPage\",\"@id\":\"https:\/\/www.pmpf.rs.gov.br\/secretaria-de-planejamento\/2005\/07\/18\/assembleia-publica-municipal-processo-de-participacao-popular-3234\/\",\"url\":\"https:\/\/www.pmpf.rs.gov.br\/secretaria-de-planejamento\/2005\/07\/18\/assembleia-publica-municipal-processo-de-participacao-popular-3234\/\",\"name\":\"Assembl\u00e9ia P\u00fablica Municipal - Processo de Participa\u00e7\u00e3o Popular - Secretaria de Planejamento\",\"isPartOf\":{\"@id\":\"https:\/\/www.pmpf.rs.gov.br\/secretaria-de-planejamento\/#website\"},\"datePublished\":\"2005-07-18T06:00:00+00:00\",\"dateModified\":\"2005-07-18T06:00:00+00:00\",\"author\":{\"@id\":\"https:\/\/www.pmpf.rs.gov.br\/secretaria-de-planejamento\/#\/schema\/person\/0c355b0fa68a7aa986c8594f7a60a2d7\"},\"breadcrumb\":{\"@id\":\"https:\/\/www.pmpf.rs.gov.br\/secretaria-de-planejamento\/2005\/07\/18\/assembleia-publica-municipal-processo-de-participacao-popular-3234\/#breadcrumb\"},\"inLanguage\":\"pt-BR\",\"potentialAction\":[{\"@type\":\"ReadAction\",\"target\":[\"https:\/\/www.pmpf.rs.gov.br\/secretaria-de-planejamento\/2005\/07\/18\/assembleia-publica-municipal-processo-de-participacao-popular-3234\/\"]}]},{\"@type\":\"BreadcrumbList\",\"@id\":\"https:\/\/www.pmpf.rs.gov.br\/secretaria-de-planejamento\/2005\/07\/18\/assembleia-publica-municipal-processo-de-participacao-popular-3234\/#breadcrumb\",\"itemListElement\":[{\"@type\":\"ListItem\",\"position\":1,\"name\":\"In\u00edcio\",\"item\":\"https:\/\/www.pmpf.rs.gov.br\/secretaria-de-planejamento\/\"},{\"@type\":\"ListItem\",\"position\":2,\"name\":\"Assembl\u00e9ia P\u00fablica Municipal &#8211; Processo de Participa\u00e7\u00e3o Popular\"}]},{\"@type\":\"WebSite\",\"@id\":\"https:\/\/www.pmpf.rs.gov.br\/secretaria-de-planejamento\/#website\",\"url\":\"https:\/\/www.pmpf.rs.gov.br\/secretaria-de-planejamento\/\",\"name\":\"Secretaria de Planejamento\",\"description\":\"S\u00f3 mais um site Prefeitura de Passo Fundo\",\"potentialAction\":[{\"@type\":\"SearchAction\",\"target\":{\"@type\":\"EntryPoint\",\"urlTemplate\":\"https:\/\/www.pmpf.rs.gov.br\/secretaria-de-planejamento\/?s={search_term_string}\"},\"query-input\":{\"@type\":\"PropertyValueSpecification\",\"valueRequired\":true,\"valueName\":\"search_term_string\"}}],\"inLanguage\":\"pt-BR\"},{\"@type\":\"Person\",\"@id\":\"https:\/\/www.pmpf.rs.gov.br\/secretaria-de-planejamento\/#\/schema\/person\/0c355b0fa68a7aa986c8594f7a60a2d7\",\"name\":\"mosite\",\"image\":{\"@type\":\"ImageObject\",\"inLanguage\":\"pt-BR\",\"@id\":\"https:\/\/www.pmpf.rs.gov.br\/secretaria-de-planejamento\/#\/schema\/person\/image\/\",\"url\":\"https:\/\/secure.gravatar.com\/avatar\/63d72595d6cecfe12bd8a94829d5a26c?s=96&d=mm&r=g\",\"contentUrl\":\"https:\/\/secure.gravatar.com\/avatar\/63d72595d6cecfe12bd8a94829d5a26c?s=96&d=mm&r=g\",\"caption\":\"mosite\"},\"sameAs\":[\"http:\/\/example.com\"],\"url\":\"https:\/\/www.pmpf.rs.gov.br\/secretaria-de-planejamento\/author\/mosite\/\"}]}<\/script>\n<!-- \/ Yoast SEO plugin. -->","yoast_head_json":{"title":"Assembl\u00e9ia P\u00fablica Municipal - Processo de Participa\u00e7\u00e3o Popular - Secretaria de Planejamento","robots":{"index":"index","follow":"follow","max-snippet":"max-snippet:-1","max-image-preview":"max-image-preview:large","max-video-preview":"max-video-preview:-1"},"canonical":"https:\/\/www.pmpf.rs.gov.br\/secretaria-de-planejamento\/2005\/07\/18\/assembleia-publica-municipal-processo-de-participacao-popular-3234\/","og_locale":"pt_BR","og_type":"article","og_title":"Assembl\u00e9ia P\u00fablica Municipal - Processo de Participa\u00e7\u00e3o Popular - Secretaria de Planejamento","og_description":"Assembl\u00e9ia P\u00fablica Municipal - Processo de Participa\u00e7\u00e3o Popular","og_url":"https:\/\/www.pmpf.rs.gov.br\/secretaria-de-planejamento\/2005\/07\/18\/assembleia-publica-municipal-processo-de-participacao-popular-3234\/","og_site_name":"Secretaria de Planejamento","article_published_time":"2005-07-18T06:00:00+00:00","author":"mosite","twitter_card":"summary_large_image","twitter_misc":{"Escrito por":"mosite","Est. tempo de leitura":"1 minuto"},"schema":{"@context":"https:\/\/schema.org","@graph":[{"@type":"WebPage","@id":"https:\/\/www.pmpf.rs.gov.br\/secretaria-de-planejamento\/2005\/07\/18\/assembleia-publica-municipal-processo-de-participacao-popular-3234\/","url":"https:\/\/www.pmpf.rs.gov.br\/secretaria-de-planejamento\/2005\/07\/18\/assembleia-publica-municipal-processo-de-participacao-popular-3234\/","name":"Assembl\u00e9ia P\u00fablica Municipal - Processo de Participa\u00e7\u00e3o Popular - Secretaria de Planejamento","isPartOf":{"@id":"https:\/\/www.pmpf.rs.gov.br\/secretaria-de-planejamento\/#website"},"datePublished":"2005-07-18T06:00:00+00:00","dateModified":"2005-07-18T06:00:00+00:00","author":{"@id":"https:\/\/www.pmpf.rs.gov.br\/secretaria-de-planejamento\/#\/schema\/person\/0c355b0fa68a7aa986c8594f7a60a2d7"},"breadcrumb":{"@id":"https:\/\/www.pmpf.rs.gov.br\/secretaria-de-planejamento\/2005\/07\/18\/assembleia-publica-municipal-processo-de-participacao-popular-3234\/#breadcrumb"},"inLanguage":"pt-BR","potentialAction":[{"@type":"ReadAction","target":["https:\/\/www.pmpf.rs.gov.br\/secretaria-de-planejamento\/2005\/07\/18\/assembleia-publica-municipal-processo-de-participacao-popular-3234\/"]}]},{"@type":"BreadcrumbList","@id":"https:\/\/www.pmpf.rs.gov.br\/secretaria-de-planejamento\/2005\/07\/18\/assembleia-publica-municipal-processo-de-participacao-popular-3234\/#breadcrumb","itemListElement":[{"@type":"ListItem","position":1,"name":"In\u00edcio","item":"https:\/\/www.pmpf.rs.gov.br\/secretaria-de-planejamento\/"},{"@type":"ListItem","position":2,"name":"Assembl\u00e9ia P\u00fablica Municipal &#8211; Processo de Participa\u00e7\u00e3o Popular"}]},{"@type":"WebSite","@id":"https:\/\/www.pmpf.rs.gov.br\/secretaria-de-planejamento\/#website","url":"https:\/\/www.pmpf.rs.gov.br\/secretaria-de-planejamento\/","name":"Secretaria de Planejamento","description":"S\u00f3 mais um site Prefeitura de Passo Fundo","potentialAction":[{"@type":"SearchAction","target":{"@type":"EntryPoint","urlTemplate":"https:\/\/www.pmpf.rs.gov.br\/secretaria-de-planejamento\/?s={search_term_string}"},"query-input":{"@type":"PropertyValueSpecification","valueRequired":true,"valueName":"search_term_string"}}],"inLanguage":"pt-BR"},{"@type":"Person","@id":"https:\/\/www.pmpf.rs.gov.br\/secretaria-de-planejamento\/#\/schema\/person\/0c355b0fa68a7aa986c8594f7a60a2d7","name":"mosite","image":{"@type":"ImageObject","inLanguage":"pt-BR","@id":"https:\/\/www.pmpf.rs.gov.br\/secretaria-de-planejamento\/#\/schema\/person\/image\/","url":"https:\/\/secure.gravatar.com\/avatar\/63d72595d6cecfe12bd8a94829d5a26c?s=96&d=mm&r=g","contentUrl":"https:\/\/secure.gravatar.com\/avatar\/63d72595d6cecfe12bd8a94829d5a26c?s=96&d=mm&r=g","caption":"mosite"},"sameAs":["http:\/\/example.com"],"url":"https:\/\/www.pmpf.rs.gov.br\/secretaria-de-planejamento\/author\/mosite\/"}]}},"_links":{"self":[{"href":"https:\/\/www.pmpf.rs.gov.br\/secretaria-de-planejamento\/wp-json\/wp\/v2\/posts\/355"}],"collection":[{"href":"https:\/\/www.pmpf.rs.gov.br\/secretaria-de-planejamento\/wp-json\/wp\/v2\/posts"}],"about":[{"href":"https:\/\/www.pmpf.rs.gov.br\/secretaria-de-planejamento\/wp-json\/wp\/v2\/types\/post"}],"author":[{"embeddable":true,"href":"https:\/\/www.pmpf.rs.gov.br\/secretaria-de-planejamento\/wp-json\/wp\/v2\/users\/1"}],"replies":[{"embeddable":true,"href":"https:\/\/www.pmpf.rs.gov.br\/secretaria-de-planejamento\/wp-json\/wp\/v2\/comments?post=355"}],"version-history":[{"count":0,"href":"https:\/\/www.pmpf.rs.gov.br\/secretaria-de-planejamento\/wp-json\/wp\/v2\/posts\/355\/revisions"}],"wp:attachment":[{"href":"https:\/\/www.pmpf.rs.gov.br\/secretaria-de-planejamento\/wp-json\/wp\/v2\/media?parent=355"}],"wp:term":[{"taxonomy":"category","embeddable":true,"href":"https:\/\/www.pmpf.rs.gov.br\/secretaria-de-planejamento\/wp-json\/wp\/v2\/categories?post=355"},{"taxonomy":"post_tag","embeddable":true,"href":"https:\/\/www.pmpf.rs.gov.br\/secretaria-de-planejamento\/wp-json\/wp\/v2\/tags?post=355"}],"curies":[{"name":"wp","href":"https:\/\/api.w.org\/{rel}","templated":true}]}}