{"id":344,"date":"2005-12-01T02:00:00","date_gmt":"2005-12-01T04:00:00","guid":{"rendered":"https:\/\/www.pmpf.rs.gov.br\/secretaria-de-planejamento\/2005\/12\/01\/administracao-municipal-realiza-audiencia-publica-na-victor-issler-3237\/"},"modified":"2005-12-01T02:00:00","modified_gmt":"2005-12-01T04:00:00","slug":"administracao-municipal-realiza-audiencia-publica-na-victor-issler-3237","status":"publish","type":"post","link":"https:\/\/www.pmpf.rs.gov.br\/secretaria-de-planejamento\/2005\/12\/01\/administracao-municipal-realiza-audiencia-publica-na-victor-issler-3237\/","title":{"rendered":"Administra\u00e7\u00e3o Municipal realiza Audi\u00eancia P\u00fablica na Victor Issler"},"content":{"rendered":"<p style=\"text-align: justify;\"><span style=\"\">A Administra\u00e7\u00e3o Municipal de Passo Fundo, atrav\u00e9s da Secretaria Municipal do Planejamento (SEPLAN), realiza Audi\u00eancia P\u00fablica com os moradores do bairro Victor Issler, no pr\u00f3ximo dia 06, ter\u00e7a-feira, a partir das 19 horas, no Audit\u00f3rio da Escola Estadual Irm\u00e3 Maria Margarida, na rua Oliv\u00e9rio Trindade, s\/n\u00ba. Apesar de o evento acontecer no bairro Victor Issler, toda a comunidade passo-fundense est\u00e1 convidada a participar.<\/span><\/p>\n<p style=\"text-align: justify;\"><span style=\"\"> \u201cNa ocasi\u00e3o, teremos como tema a concess\u00e3o de uso de im\u00f3vel p\u00fablico \u00e0 Associa\u00e7\u00e3o de Moradores do bairro Victor Issler, pelo prazo de 10 anos, sem acarretar \u00f4nus \u00e0 Municipalidade\u201d, explica Daniela Roman, respons\u00e1vel pelo processo junto a SEPLAN.<\/span><\/p>\n<p style=\"text-align: justify;\"><span style=\"\"> Aprovado o processo, entre as cl\u00e1usulas de concess\u00e3o est\u00e1 a obriga\u00e7\u00e3o da Associa\u00e7\u00e3o de conservar o im\u00f3vel concedido, utilizando-o para o fim espec\u00edfico de constru\u00e7\u00e3o de pavilh\u00e3o, o qual servir\u00e1 para a realiza\u00e7\u00e3o de atividades educacionais, eventos, lazer e integra\u00e7\u00e3o daquela comunidade.<\/span><\/p>\n<p style=\"text-align: justify;\"><span style=\"\"> \u201cA Associa\u00e7\u00e3o ter\u00e1 prazo m\u00e1ximo de seis meses para iniciar a constru\u00e7\u00e3o do pavilh\u00e3o, e o prazo de dois anos para conclu\u00ed-lo, sendo que ambos os prazos contam a partir da promulga\u00e7\u00e3o da Lei\u201d, detalha Daniela.<\/span><\/p>\n<p style=\"text-align: justify;\"><span style=\"\"> Em fun\u00e7\u00e3o de se tratar de Audi\u00eancia P\u00fablica, se faz importante a participa\u00e7\u00e3o de toda a comunidade da Victor Issler no encontro.<\/span><\/p>\n","protected":false},"excerpt":{"rendered":"<p>Administra\u00e7\u00e3o Municipal realiza Audi\u00eancia P\u00fablica na Victor Issler<\/p>\n","protected":false},"author":1,"featured_media":0,"comment_status":"open","ping_status":"open","sticky":false,"template":"","format":"standard","meta":{"footnotes":""},"categories":[],"tags":[],"class_list":["post-344","post","type-post","status-publish","format-standard","hentry"],"yoast_head":"<!-- This site is optimized with the Yoast SEO plugin v23.8 - https:\/\/yoast.com\/wordpress\/plugins\/seo\/ -->\n<title>Administra\u00e7\u00e3o Municipal realiza Audi\u00eancia P\u00fablica na Victor Issler - Secretaria de Planejamento<\/title>\n<meta name=\"robots\" content=\"index, follow, max-snippet:-1, max-image-preview:large, max-video-preview:-1\" \/>\n<link rel=\"canonical\" href=\"https:\/\/www.pmpf.rs.gov.br\/secretaria-de-planejamento\/2005\/12\/01\/administracao-municipal-realiza-audiencia-publica-na-victor-issler-3237\/\" \/>\n<meta property=\"og:locale\" content=\"pt_BR\" \/>\n<meta property=\"og:type\" content=\"article\" \/>\n<meta property=\"og:title\" content=\"Administra\u00e7\u00e3o Municipal realiza Audi\u00eancia P\u00fablica na Victor Issler - Secretaria de Planejamento\" \/>\n<meta property=\"og:description\" content=\"Administra\u00e7\u00e3o Municipal realiza Audi\u00eancia P\u00fablica na Victor Issler\" \/>\n<meta property=\"og:url\" content=\"https:\/\/www.pmpf.rs.gov.br\/secretaria-de-planejamento\/2005\/12\/01\/administracao-municipal-realiza-audiencia-publica-na-victor-issler-3237\/\" \/>\n<meta property=\"og:site_name\" content=\"Secretaria de Planejamento\" \/>\n<meta property=\"article:published_time\" content=\"2005-12-01T04:00:00+00:00\" \/>\n<meta name=\"author\" content=\"mosite\" \/>\n<meta name=\"twitter:card\" content=\"summary_large_image\" \/>\n<meta name=\"twitter:label1\" content=\"Escrito por\" \/>\n\t<meta name=\"twitter:data1\" content=\"mosite\" \/>\n\t<meta name=\"twitter:label2\" content=\"Est. tempo de leitura\" \/>\n\t<meta name=\"twitter:data2\" content=\"1 minuto\" \/>\n<script type=\"application\/ld+json\" class=\"yoast-schema-graph\">{\"@context\":\"https:\/\/schema.org\",\"@graph\":[{\"@type\":\"WebPage\",\"@id\":\"https:\/\/www.pmpf.rs.gov.br\/secretaria-de-planejamento\/2005\/12\/01\/administracao-municipal-realiza-audiencia-publica-na-victor-issler-3237\/\",\"url\":\"https:\/\/www.pmpf.rs.gov.br\/secretaria-de-planejamento\/2005\/12\/01\/administracao-municipal-realiza-audiencia-publica-na-victor-issler-3237\/\",\"name\":\"Administra\u00e7\u00e3o Municipal realiza Audi\u00eancia P\u00fablica na Victor Issler - Secretaria de Planejamento\",\"isPartOf\":{\"@id\":\"https:\/\/www.pmpf.rs.gov.br\/secretaria-de-planejamento\/#website\"},\"datePublished\":\"2005-12-01T04:00:00+00:00\",\"dateModified\":\"2005-12-01T04:00:00+00:00\",\"author\":{\"@id\":\"https:\/\/www.pmpf.rs.gov.br\/secretaria-de-planejamento\/#\/schema\/person\/0c355b0fa68a7aa986c8594f7a60a2d7\"},\"breadcrumb\":{\"@id\":\"https:\/\/www.pmpf.rs.gov.br\/secretaria-de-planejamento\/2005\/12\/01\/administracao-municipal-realiza-audiencia-publica-na-victor-issler-3237\/#breadcrumb\"},\"inLanguage\":\"pt-BR\",\"potentialAction\":[{\"@type\":\"ReadAction\",\"target\":[\"https:\/\/www.pmpf.rs.gov.br\/secretaria-de-planejamento\/2005\/12\/01\/administracao-municipal-realiza-audiencia-publica-na-victor-issler-3237\/\"]}]},{\"@type\":\"BreadcrumbList\",\"@id\":\"https:\/\/www.pmpf.rs.gov.br\/secretaria-de-planejamento\/2005\/12\/01\/administracao-municipal-realiza-audiencia-publica-na-victor-issler-3237\/#breadcrumb\",\"itemListElement\":[{\"@type\":\"ListItem\",\"position\":1,\"name\":\"In\u00edcio\",\"item\":\"https:\/\/www.pmpf.rs.gov.br\/secretaria-de-planejamento\/\"},{\"@type\":\"ListItem\",\"position\":2,\"name\":\"Administra\u00e7\u00e3o Municipal realiza Audi\u00eancia P\u00fablica na Victor Issler\"}]},{\"@type\":\"WebSite\",\"@id\":\"https:\/\/www.pmpf.rs.gov.br\/secretaria-de-planejamento\/#website\",\"url\":\"https:\/\/www.pmpf.rs.gov.br\/secretaria-de-planejamento\/\",\"name\":\"Secretaria de Planejamento\",\"description\":\"S\u00f3 mais um site Prefeitura de Passo Fundo\",\"potentialAction\":[{\"@type\":\"SearchAction\",\"target\":{\"@type\":\"EntryPoint\",\"urlTemplate\":\"https:\/\/www.pmpf.rs.gov.br\/secretaria-de-planejamento\/?s={search_term_string}\"},\"query-input\":{\"@type\":\"PropertyValueSpecification\",\"valueRequired\":true,\"valueName\":\"search_term_string\"}}],\"inLanguage\":\"pt-BR\"},{\"@type\":\"Person\",\"@id\":\"https:\/\/www.pmpf.rs.gov.br\/secretaria-de-planejamento\/#\/schema\/person\/0c355b0fa68a7aa986c8594f7a60a2d7\",\"name\":\"mosite\",\"image\":{\"@type\":\"ImageObject\",\"inLanguage\":\"pt-BR\",\"@id\":\"https:\/\/www.pmpf.rs.gov.br\/secretaria-de-planejamento\/#\/schema\/person\/image\/\",\"url\":\"https:\/\/secure.gravatar.com\/avatar\/63d72595d6cecfe12bd8a94829d5a26c?s=96&d=mm&r=g\",\"contentUrl\":\"https:\/\/secure.gravatar.com\/avatar\/63d72595d6cecfe12bd8a94829d5a26c?s=96&d=mm&r=g\",\"caption\":\"mosite\"},\"sameAs\":[\"http:\/\/example.com\"],\"url\":\"https:\/\/www.pmpf.rs.gov.br\/secretaria-de-planejamento\/author\/mosite\/\"}]}<\/script>\n<!-- \/ Yoast SEO plugin. -->","yoast_head_json":{"title":"Administra\u00e7\u00e3o Municipal realiza Audi\u00eancia P\u00fablica na Victor Issler - Secretaria de Planejamento","robots":{"index":"index","follow":"follow","max-snippet":"max-snippet:-1","max-image-preview":"max-image-preview:large","max-video-preview":"max-video-preview:-1"},"canonical":"https:\/\/www.pmpf.rs.gov.br\/secretaria-de-planejamento\/2005\/12\/01\/administracao-municipal-realiza-audiencia-publica-na-victor-issler-3237\/","og_locale":"pt_BR","og_type":"article","og_title":"Administra\u00e7\u00e3o Municipal realiza Audi\u00eancia P\u00fablica na Victor Issler - Secretaria de Planejamento","og_description":"Administra\u00e7\u00e3o Municipal realiza Audi\u00eancia P\u00fablica na Victor Issler","og_url":"https:\/\/www.pmpf.rs.gov.br\/secretaria-de-planejamento\/2005\/12\/01\/administracao-municipal-realiza-audiencia-publica-na-victor-issler-3237\/","og_site_name":"Secretaria de Planejamento","article_published_time":"2005-12-01T04:00:00+00:00","author":"mosite","twitter_card":"summary_large_image","twitter_misc":{"Escrito por":"mosite","Est. tempo de leitura":"1 minuto"},"schema":{"@context":"https:\/\/schema.org","@graph":[{"@type":"WebPage","@id":"https:\/\/www.pmpf.rs.gov.br\/secretaria-de-planejamento\/2005\/12\/01\/administracao-municipal-realiza-audiencia-publica-na-victor-issler-3237\/","url":"https:\/\/www.pmpf.rs.gov.br\/secretaria-de-planejamento\/2005\/12\/01\/administracao-municipal-realiza-audiencia-publica-na-victor-issler-3237\/","name":"Administra\u00e7\u00e3o Municipal realiza Audi\u00eancia P\u00fablica na Victor Issler - Secretaria de Planejamento","isPartOf":{"@id":"https:\/\/www.pmpf.rs.gov.br\/secretaria-de-planejamento\/#website"},"datePublished":"2005-12-01T04:00:00+00:00","dateModified":"2005-12-01T04:00:00+00:00","author":{"@id":"https:\/\/www.pmpf.rs.gov.br\/secretaria-de-planejamento\/#\/schema\/person\/0c355b0fa68a7aa986c8594f7a60a2d7"},"breadcrumb":{"@id":"https:\/\/www.pmpf.rs.gov.br\/secretaria-de-planejamento\/2005\/12\/01\/administracao-municipal-realiza-audiencia-publica-na-victor-issler-3237\/#breadcrumb"},"inLanguage":"pt-BR","potentialAction":[{"@type":"ReadAction","target":["https:\/\/www.pmpf.rs.gov.br\/secretaria-de-planejamento\/2005\/12\/01\/administracao-municipal-realiza-audiencia-publica-na-victor-issler-3237\/"]}]},{"@type":"BreadcrumbList","@id":"https:\/\/www.pmpf.rs.gov.br\/secretaria-de-planejamento\/2005\/12\/01\/administracao-municipal-realiza-audiencia-publica-na-victor-issler-3237\/#breadcrumb","itemListElement":[{"@type":"ListItem","position":1,"name":"In\u00edcio","item":"https:\/\/www.pmpf.rs.gov.br\/secretaria-de-planejamento\/"},{"@type":"ListItem","position":2,"name":"Administra\u00e7\u00e3o Municipal realiza Audi\u00eancia P\u00fablica na Victor Issler"}]},{"@type":"WebSite","@id":"https:\/\/www.pmpf.rs.gov.br\/secretaria-de-planejamento\/#website","url":"https:\/\/www.pmpf.rs.gov.br\/secretaria-de-planejamento\/","name":"Secretaria de Planejamento","description":"S\u00f3 mais um site Prefeitura de Passo Fundo","potentialAction":[{"@type":"SearchAction","target":{"@type":"EntryPoint","urlTemplate":"https:\/\/www.pmpf.rs.gov.br\/secretaria-de-planejamento\/?s={search_term_string}"},"query-input":{"@type":"PropertyValueSpecification","valueRequired":true,"valueName":"search_term_string"}}],"inLanguage":"pt-BR"},{"@type":"Person","@id":"https:\/\/www.pmpf.rs.gov.br\/secretaria-de-planejamento\/#\/schema\/person\/0c355b0fa68a7aa986c8594f7a60a2d7","name":"mosite","image":{"@type":"ImageObject","inLanguage":"pt-BR","@id":"https:\/\/www.pmpf.rs.gov.br\/secretaria-de-planejamento\/#\/schema\/person\/image\/","url":"https:\/\/secure.gravatar.com\/avatar\/63d72595d6cecfe12bd8a94829d5a26c?s=96&d=mm&r=g","contentUrl":"https:\/\/secure.gravatar.com\/avatar\/63d72595d6cecfe12bd8a94829d5a26c?s=96&d=mm&r=g","caption":"mosite"},"sameAs":["http:\/\/example.com"],"url":"https:\/\/www.pmpf.rs.gov.br\/secretaria-de-planejamento\/author\/mosite\/"}]}},"_links":{"self":[{"href":"https:\/\/www.pmpf.rs.gov.br\/secretaria-de-planejamento\/wp-json\/wp\/v2\/posts\/344"}],"collection":[{"href":"https:\/\/www.pmpf.rs.gov.br\/secretaria-de-planejamento\/wp-json\/wp\/v2\/posts"}],"about":[{"href":"https:\/\/www.pmpf.rs.gov.br\/secretaria-de-planejamento\/wp-json\/wp\/v2\/types\/post"}],"author":[{"embeddable":true,"href":"https:\/\/www.pmpf.rs.gov.br\/secretaria-de-planejamento\/wp-json\/wp\/v2\/users\/1"}],"replies":[{"embeddable":true,"href":"https:\/\/www.pmpf.rs.gov.br\/secretaria-de-planejamento\/wp-json\/wp\/v2\/comments?post=344"}],"version-history":[{"count":0,"href":"https:\/\/www.pmpf.rs.gov.br\/secretaria-de-planejamento\/wp-json\/wp\/v2\/posts\/344\/revisions"}],"wp:attachment":[{"href":"https:\/\/www.pmpf.rs.gov.br\/secretaria-de-planejamento\/wp-json\/wp\/v2\/media?parent=344"}],"wp:term":[{"taxonomy":"category","embeddable":true,"href":"https:\/\/www.pmpf.rs.gov.br\/secretaria-de-planejamento\/wp-json\/wp\/v2\/categories?post=344"},{"taxonomy":"post_tag","embeddable":true,"href":"https:\/\/www.pmpf.rs.gov.br\/secretaria-de-planejamento\/wp-json\/wp\/v2\/tags?post=344"}],"curies":[{"name":"wp","href":"https:\/\/api.w.org\/{rel}","templated":true}]}}