{"id":336,"date":"2005-09-01T03:00:00","date_gmt":"2005-09-01T06:00:00","guid":{"rendered":"https:\/\/www.pmpf.rs.gov.br\/secretaria-de-planejamento\/2005\/09\/01\/orcamento-2006-passo-fundenses-vao-escolher-as-prioridades-de-investimentos-3753\/"},"modified":"2005-09-01T03:00:00","modified_gmt":"2005-09-01T06:00:00","slug":"orcamento-2006-passo-fundenses-vao-escolher-as-prioridades-de-investimentos-3753","status":"publish","type":"post","link":"https:\/\/www.pmpf.rs.gov.br\/secretaria-de-planejamento\/2005\/09\/01\/orcamento-2006-passo-fundenses-vao-escolher-as-prioridades-de-investimentos-3753\/","title":{"rendered":"Or\u00e7amento 2006: Passo-fundenses v\u00e3o escolher as prioridades de investimentos"},"content":{"rendered":"<p style=\"text-align: justify;\"><span style=\"\">Com o objetivo de incorporar a cidadania e a soberania popular nas decis\u00f5es da administra\u00e7\u00e3o, o prefeito de Passo Fundo, Airton Dipp, est\u00e1 efetivando a cria\u00e7\u00e3o do Or\u00e7amento Cidad\u00e3o. Esta \u00e9 uma forma de participa\u00e7\u00e3o popular nas inst\u00e2ncias do governo municipal, possibilitando que a comunidade escolha as prioridades de cada localidade para o pr\u00f3ximo ano.<\/span><\/p>\n<p style=\"text-align: justify;\"><span style=\"\"> O Or\u00e7amento Cidad\u00e3o \u00e9 disciplinado pelo decreto 138\/05 e vem exposto em tr\u00eas inst\u00e2ncias: a primeira, formada por tr\u00eas integrantes da Secretaria do Planejamento, que comp\u00f5em a coordena\u00e7\u00e3o-geral; a segunda, formada pelo Conselho do Or\u00e7amento Cidad\u00e3o, constitu\u00eddo por 7 entidades representativas da sociedade civil organizada; e a terceira, o F\u00f3rum Or\u00e7amento Cidad\u00e3o, composta pelos integrantes do conselho mais os delegados eleitos nas plen\u00e1rias macro-regionais.<\/span><\/p>\n<p style=\"text-align: justify;\"><span style=\"\"> Depois de duas reuni\u00f5es, na segunda e quarta-feira, 29 e 31, o Conselho do Or\u00e7amento Cidad\u00e3o definiu o regimento interno e a divis\u00e3o da cidade em 10 macro-regi\u00f5es, com a realiza\u00e7\u00e3o de 10 plen\u00e1rias. Nas plen\u00e1rias todos os cidad\u00e3os ter\u00e3o o direito de se manifestar e de votar nas prioridades de investimentos em sua localidade e tamb\u00e9m na escolha dos delegados.<\/span><\/p>\n<p style=\"text-align: justify;\"><span style=\"\"> As plen\u00e1rias iniciar\u00e3o no dia 08 de setembro e a cada 20 cidad\u00e3os presentes haver\u00e1 a escolha de um delegado que compor\u00e1 o F\u00f3rum, que por sua vez, definir\u00e1 os investimentos em todo o munic\u00edpio. Eles defender\u00e3o as prioridades escolhidas durante o F\u00f3rum de Participa\u00e7\u00e3o Popular, que ser\u00e1 realizado na segunda quinzena de setembro, com reuni\u00f5es onde ser\u00e3o definidos os 35% do or\u00e7amento para investimentos a serem aplicados.<\/span><\/p>\n<p style=\"text-align: justify;\"><span style=\"\"> Para o secret\u00e1rio de Planejamento, Giovani Corralo, coordenador do Or\u00e7amento Cidad\u00e3o, este \u00e9 um importante passo no processo de participa\u00e7\u00e3o e controle da popula\u00e7\u00e3o na gest\u00e3o p\u00fablica.  \u201c\u00c9 o primeiro passo para a constru\u00e7\u00e3o do modelo passo-fundense de constru\u00e7\u00e3o do or\u00e7amento com a participa\u00e7\u00e3o da popula\u00e7\u00e3o. \u00c9 por isso que a atual disciplina \u00e9 provis\u00f3ria, com base num decreto\u201d, salientou. O secret\u00e1rio ainda explicou que \u00e9 com base na experi\u00eancia deste ano que o F\u00f3rum, composto pelo Conselho e por todos os delegados que ser\u00e3o eleitos nas plen\u00e1rias regionais, definir\u00e1 o modelo definitivo de participa\u00e7\u00e3o dos cidad\u00e3os nas decis\u00f5es sobre os investimentos p\u00fablicos.  \u201cO mais importante \u00e9 que os 35% dos investimentos ser\u00e3o efetivamente realizados no ano de 2006, o que demonstra o compromisso do atual governo com o or\u00e7amento cidad\u00e3o\u201d, enfatiza.<\/span><\/p>\n<p style=\"text-align: justify;\"><b style=\"\">Conselho<\/b><\/p>\n<p style=\"text-align: justify;\"><span style=\"\"> O Conselho de Participa\u00e7\u00e3o Popular \u00e9 integrado pela Secretaria do Planejamento (Seplan), Conselho de Desenvolvimento de Passo Fundo (CDPF), Associa\u00e7\u00e3o Comercial, Industrial, de servi\u00e7os e Agropecu\u00e1rias (Acisa), Central \u00danica dos Trabalhadores (Cut), Universidade de Passo Fundo (UPF), Uni\u00e3o das Associa\u00e7\u00f5es de Moradores de Passo Fundo (UAMPAF), Instituto Brasileiro de Geografia e Estat\u00edstica (IBGE) e C\u00e2mara Municipal de Vereadores.<\/span><\/p>\n","protected":false},"excerpt":{"rendered":"<p>Or\u00e7amento 2006: Passo-fundenses v\u00e3o escolher as prioridades de investimentos<\/p>\n","protected":false},"author":1,"featured_media":0,"comment_status":"open","ping_status":"open","sticky":false,"template":"","format":"standard","meta":{"footnotes":""},"categories":[],"tags":[],"class_list":["post-336","post","type-post","status-publish","format-standard","hentry"],"yoast_head":"<!-- This site is optimized with the Yoast SEO plugin v23.8 - https:\/\/yoast.com\/wordpress\/plugins\/seo\/ -->\n<title>Or\u00e7amento 2006: Passo-fundenses v\u00e3o escolher as prioridades de investimentos - Secretaria de Planejamento<\/title>\n<meta name=\"robots\" content=\"index, follow, max-snippet:-1, max-image-preview:large, max-video-preview:-1\" \/>\n<link rel=\"canonical\" href=\"https:\/\/www.pmpf.rs.gov.br\/secretaria-de-planejamento\/2005\/09\/01\/orcamento-2006-passo-fundenses-vao-escolher-as-prioridades-de-investimentos-3753\/\" \/>\n<meta property=\"og:locale\" content=\"pt_BR\" \/>\n<meta property=\"og:type\" content=\"article\" \/>\n<meta property=\"og:title\" content=\"Or\u00e7amento 2006: Passo-fundenses v\u00e3o escolher as prioridades de investimentos - Secretaria de Planejamento\" \/>\n<meta property=\"og:description\" content=\"Or\u00e7amento 2006: Passo-fundenses v\u00e3o escolher as prioridades de investimentos\" \/>\n<meta property=\"og:url\" content=\"https:\/\/www.pmpf.rs.gov.br\/secretaria-de-planejamento\/2005\/09\/01\/orcamento-2006-passo-fundenses-vao-escolher-as-prioridades-de-investimentos-3753\/\" \/>\n<meta property=\"og:site_name\" content=\"Secretaria de Planejamento\" \/>\n<meta property=\"article:published_time\" content=\"2005-09-01T06:00:00+00:00\" \/>\n<meta name=\"author\" content=\"mosite\" \/>\n<meta name=\"twitter:card\" content=\"summary_large_image\" \/>\n<meta name=\"twitter:label1\" content=\"Escrito por\" \/>\n\t<meta name=\"twitter:data1\" content=\"mosite\" \/>\n\t<meta name=\"twitter:label2\" content=\"Est. tempo de leitura\" \/>\n\t<meta name=\"twitter:data2\" content=\"2 minutos\" \/>\n<script type=\"application\/ld+json\" class=\"yoast-schema-graph\">{\"@context\":\"https:\/\/schema.org\",\"@graph\":[{\"@type\":\"WebPage\",\"@id\":\"https:\/\/www.pmpf.rs.gov.br\/secretaria-de-planejamento\/2005\/09\/01\/orcamento-2006-passo-fundenses-vao-escolher-as-prioridades-de-investimentos-3753\/\",\"url\":\"https:\/\/www.pmpf.rs.gov.br\/secretaria-de-planejamento\/2005\/09\/01\/orcamento-2006-passo-fundenses-vao-escolher-as-prioridades-de-investimentos-3753\/\",\"name\":\"Or\u00e7amento 2006: Passo-fundenses v\u00e3o escolher as prioridades de investimentos - Secretaria de Planejamento\",\"isPartOf\":{\"@id\":\"https:\/\/www.pmpf.rs.gov.br\/secretaria-de-planejamento\/#website\"},\"datePublished\":\"2005-09-01T06:00:00+00:00\",\"dateModified\":\"2005-09-01T06:00:00+00:00\",\"author\":{\"@id\":\"https:\/\/www.pmpf.rs.gov.br\/secretaria-de-planejamento\/#\/schema\/person\/0c355b0fa68a7aa986c8594f7a60a2d7\"},\"breadcrumb\":{\"@id\":\"https:\/\/www.pmpf.rs.gov.br\/secretaria-de-planejamento\/2005\/09\/01\/orcamento-2006-passo-fundenses-vao-escolher-as-prioridades-de-investimentos-3753\/#breadcrumb\"},\"inLanguage\":\"pt-BR\",\"potentialAction\":[{\"@type\":\"ReadAction\",\"target\":[\"https:\/\/www.pmpf.rs.gov.br\/secretaria-de-planejamento\/2005\/09\/01\/orcamento-2006-passo-fundenses-vao-escolher-as-prioridades-de-investimentos-3753\/\"]}]},{\"@type\":\"BreadcrumbList\",\"@id\":\"https:\/\/www.pmpf.rs.gov.br\/secretaria-de-planejamento\/2005\/09\/01\/orcamento-2006-passo-fundenses-vao-escolher-as-prioridades-de-investimentos-3753\/#breadcrumb\",\"itemListElement\":[{\"@type\":\"ListItem\",\"position\":1,\"name\":\"In\u00edcio\",\"item\":\"https:\/\/www.pmpf.rs.gov.br\/secretaria-de-planejamento\/\"},{\"@type\":\"ListItem\",\"position\":2,\"name\":\"Or\u00e7amento 2006: Passo-fundenses v\u00e3o escolher as prioridades de investimentos\"}]},{\"@type\":\"WebSite\",\"@id\":\"https:\/\/www.pmpf.rs.gov.br\/secretaria-de-planejamento\/#website\",\"url\":\"https:\/\/www.pmpf.rs.gov.br\/secretaria-de-planejamento\/\",\"name\":\"Secretaria de Planejamento\",\"description\":\"S\u00f3 mais um site Prefeitura de Passo Fundo\",\"potentialAction\":[{\"@type\":\"SearchAction\",\"target\":{\"@type\":\"EntryPoint\",\"urlTemplate\":\"https:\/\/www.pmpf.rs.gov.br\/secretaria-de-planejamento\/?s={search_term_string}\"},\"query-input\":{\"@type\":\"PropertyValueSpecification\",\"valueRequired\":true,\"valueName\":\"search_term_string\"}}],\"inLanguage\":\"pt-BR\"},{\"@type\":\"Person\",\"@id\":\"https:\/\/www.pmpf.rs.gov.br\/secretaria-de-planejamento\/#\/schema\/person\/0c355b0fa68a7aa986c8594f7a60a2d7\",\"name\":\"mosite\",\"image\":{\"@type\":\"ImageObject\",\"inLanguage\":\"pt-BR\",\"@id\":\"https:\/\/www.pmpf.rs.gov.br\/secretaria-de-planejamento\/#\/schema\/person\/image\/\",\"url\":\"https:\/\/secure.gravatar.com\/avatar\/63d72595d6cecfe12bd8a94829d5a26c?s=96&d=mm&r=g\",\"contentUrl\":\"https:\/\/secure.gravatar.com\/avatar\/63d72595d6cecfe12bd8a94829d5a26c?s=96&d=mm&r=g\",\"caption\":\"mosite\"},\"sameAs\":[\"http:\/\/example.com\"],\"url\":\"https:\/\/www.pmpf.rs.gov.br\/secretaria-de-planejamento\/author\/mosite\/\"}]}<\/script>\n<!-- \/ Yoast SEO plugin. -->","yoast_head_json":{"title":"Or\u00e7amento 2006: Passo-fundenses v\u00e3o escolher as prioridades de investimentos - Secretaria de Planejamento","robots":{"index":"index","follow":"follow","max-snippet":"max-snippet:-1","max-image-preview":"max-image-preview:large","max-video-preview":"max-video-preview:-1"},"canonical":"https:\/\/www.pmpf.rs.gov.br\/secretaria-de-planejamento\/2005\/09\/01\/orcamento-2006-passo-fundenses-vao-escolher-as-prioridades-de-investimentos-3753\/","og_locale":"pt_BR","og_type":"article","og_title":"Or\u00e7amento 2006: Passo-fundenses v\u00e3o escolher as prioridades de investimentos - Secretaria de Planejamento","og_description":"Or\u00e7amento 2006: Passo-fundenses v\u00e3o escolher as prioridades de investimentos","og_url":"https:\/\/www.pmpf.rs.gov.br\/secretaria-de-planejamento\/2005\/09\/01\/orcamento-2006-passo-fundenses-vao-escolher-as-prioridades-de-investimentos-3753\/","og_site_name":"Secretaria de Planejamento","article_published_time":"2005-09-01T06:00:00+00:00","author":"mosite","twitter_card":"summary_large_image","twitter_misc":{"Escrito por":"mosite","Est. tempo de leitura":"2 minutos"},"schema":{"@context":"https:\/\/schema.org","@graph":[{"@type":"WebPage","@id":"https:\/\/www.pmpf.rs.gov.br\/secretaria-de-planejamento\/2005\/09\/01\/orcamento-2006-passo-fundenses-vao-escolher-as-prioridades-de-investimentos-3753\/","url":"https:\/\/www.pmpf.rs.gov.br\/secretaria-de-planejamento\/2005\/09\/01\/orcamento-2006-passo-fundenses-vao-escolher-as-prioridades-de-investimentos-3753\/","name":"Or\u00e7amento 2006: Passo-fundenses v\u00e3o escolher as prioridades de investimentos - Secretaria de Planejamento","isPartOf":{"@id":"https:\/\/www.pmpf.rs.gov.br\/secretaria-de-planejamento\/#website"},"datePublished":"2005-09-01T06:00:00+00:00","dateModified":"2005-09-01T06:00:00+00:00","author":{"@id":"https:\/\/www.pmpf.rs.gov.br\/secretaria-de-planejamento\/#\/schema\/person\/0c355b0fa68a7aa986c8594f7a60a2d7"},"breadcrumb":{"@id":"https:\/\/www.pmpf.rs.gov.br\/secretaria-de-planejamento\/2005\/09\/01\/orcamento-2006-passo-fundenses-vao-escolher-as-prioridades-de-investimentos-3753\/#breadcrumb"},"inLanguage":"pt-BR","potentialAction":[{"@type":"ReadAction","target":["https:\/\/www.pmpf.rs.gov.br\/secretaria-de-planejamento\/2005\/09\/01\/orcamento-2006-passo-fundenses-vao-escolher-as-prioridades-de-investimentos-3753\/"]}]},{"@type":"BreadcrumbList","@id":"https:\/\/www.pmpf.rs.gov.br\/secretaria-de-planejamento\/2005\/09\/01\/orcamento-2006-passo-fundenses-vao-escolher-as-prioridades-de-investimentos-3753\/#breadcrumb","itemListElement":[{"@type":"ListItem","position":1,"name":"In\u00edcio","item":"https:\/\/www.pmpf.rs.gov.br\/secretaria-de-planejamento\/"},{"@type":"ListItem","position":2,"name":"Or\u00e7amento 2006: Passo-fundenses v\u00e3o escolher as prioridades de investimentos"}]},{"@type":"WebSite","@id":"https:\/\/www.pmpf.rs.gov.br\/secretaria-de-planejamento\/#website","url":"https:\/\/www.pmpf.rs.gov.br\/secretaria-de-planejamento\/","name":"Secretaria de Planejamento","description":"S\u00f3 mais um site Prefeitura de Passo Fundo","potentialAction":[{"@type":"SearchAction","target":{"@type":"EntryPoint","urlTemplate":"https:\/\/www.pmpf.rs.gov.br\/secretaria-de-planejamento\/?s={search_term_string}"},"query-input":{"@type":"PropertyValueSpecification","valueRequired":true,"valueName":"search_term_string"}}],"inLanguage":"pt-BR"},{"@type":"Person","@id":"https:\/\/www.pmpf.rs.gov.br\/secretaria-de-planejamento\/#\/schema\/person\/0c355b0fa68a7aa986c8594f7a60a2d7","name":"mosite","image":{"@type":"ImageObject","inLanguage":"pt-BR","@id":"https:\/\/www.pmpf.rs.gov.br\/secretaria-de-planejamento\/#\/schema\/person\/image\/","url":"https:\/\/secure.gravatar.com\/avatar\/63d72595d6cecfe12bd8a94829d5a26c?s=96&d=mm&r=g","contentUrl":"https:\/\/secure.gravatar.com\/avatar\/63d72595d6cecfe12bd8a94829d5a26c?s=96&d=mm&r=g","caption":"mosite"},"sameAs":["http:\/\/example.com"],"url":"https:\/\/www.pmpf.rs.gov.br\/secretaria-de-planejamento\/author\/mosite\/"}]}},"_links":{"self":[{"href":"https:\/\/www.pmpf.rs.gov.br\/secretaria-de-planejamento\/wp-json\/wp\/v2\/posts\/336"}],"collection":[{"href":"https:\/\/www.pmpf.rs.gov.br\/secretaria-de-planejamento\/wp-json\/wp\/v2\/posts"}],"about":[{"href":"https:\/\/www.pmpf.rs.gov.br\/secretaria-de-planejamento\/wp-json\/wp\/v2\/types\/post"}],"author":[{"embeddable":true,"href":"https:\/\/www.pmpf.rs.gov.br\/secretaria-de-planejamento\/wp-json\/wp\/v2\/users\/1"}],"replies":[{"embeddable":true,"href":"https:\/\/www.pmpf.rs.gov.br\/secretaria-de-planejamento\/wp-json\/wp\/v2\/comments?post=336"}],"version-history":[{"count":0,"href":"https:\/\/www.pmpf.rs.gov.br\/secretaria-de-planejamento\/wp-json\/wp\/v2\/posts\/336\/revisions"}],"wp:attachment":[{"href":"https:\/\/www.pmpf.rs.gov.br\/secretaria-de-planejamento\/wp-json\/wp\/v2\/media?parent=336"}],"wp:term":[{"taxonomy":"category","embeddable":true,"href":"https:\/\/www.pmpf.rs.gov.br\/secretaria-de-planejamento\/wp-json\/wp\/v2\/categories?post=336"},{"taxonomy":"post_tag","embeddable":true,"href":"https:\/\/www.pmpf.rs.gov.br\/secretaria-de-planejamento\/wp-json\/wp\/v2\/tags?post=336"}],"curies":[{"name":"wp","href":"https:\/\/api.w.org\/{rel}","templated":true}]}}