{"id":332,"date":"2009-06-05T03:00:00","date_gmt":"2009-06-05T06:00:00","guid":{"rendered":"https:\/\/www.pmpf.rs.gov.br\/secretaria-de-planejamento\/2009\/06\/05\/encontro-da-mesorregiao-grande-fronteira-do-mercosul-3915\/"},"modified":"2009-06-05T03:00:00","modified_gmt":"2009-06-05T06:00:00","slug":"encontro-da-mesorregiao-grande-fronteira-do-mercosul-3915","status":"publish","type":"post","link":"https:\/\/www.pmpf.rs.gov.br\/secretaria-de-planejamento\/2009\/06\/05\/encontro-da-mesorregiao-grande-fronteira-do-mercosul-3915\/","title":{"rendered":"Encontro da Mesorregi\u00e3o Grande Fronteira do Mercosul"},"content":{"rendered":"<p class=\"western\" style=\"margin-bottom: 0cm;  text-align: justify;\">O vice-prefeito e secret\u00e1rio de Planejamento Ren\u00e9 Cecconello participou na \u00faltima quinta-feira, com o Presidente do Corede da Regi\u00e3o da Produ\u00e7\u00e3o, Eduardo Finamore, de um encontro da mesorregi\u00e3o Grande Fronteira do Mercosul, em Erechim. Foram tratados temas ligados aos investimentos do Governo Federal na mesorregi\u00e3o com o or\u00e7amento federal de 2008 e 2009 e iniciado o processo de debates sobre o or\u00e7amento 2010.<\/p>\n","protected":false},"excerpt":{"rendered":"<p>O vice-prefeito e secret\u00e1rio de Planejamento Ren\u00e9 Cecconello participou na \u00faltima quinta-feira, com o Presidente do Corede da Regi\u00e3o da Produ\u00e7\u00e3o, Eduardo Finamore, de um encontro da mesorregi\u00e3o Grande Fronteira do Mercosul, em Erechim.<\/p>\n","protected":false},"author":1,"featured_media":0,"comment_status":"open","ping_status":"open","sticky":false,"template":"","format":"standard","meta":{"footnotes":""},"categories":[],"tags":[],"class_list":["post-332","post","type-post","status-publish","format-standard","hentry"],"yoast_head":"<!-- This site is optimized with the Yoast SEO plugin v23.8 - https:\/\/yoast.com\/wordpress\/plugins\/seo\/ -->\n<title>Encontro da Mesorregi\u00e3o Grande Fronteira do Mercosul - Secretaria de Planejamento<\/title>\n<meta name=\"robots\" content=\"index, follow, max-snippet:-1, max-image-preview:large, max-video-preview:-1\" \/>\n<link rel=\"canonical\" href=\"https:\/\/www.pmpf.rs.gov.br\/secretaria-de-planejamento\/2009\/06\/05\/encontro-da-mesorregiao-grande-fronteira-do-mercosul-3915\/\" \/>\n<meta property=\"og:locale\" content=\"pt_BR\" \/>\n<meta property=\"og:type\" content=\"article\" \/>\n<meta property=\"og:title\" content=\"Encontro da Mesorregi\u00e3o Grande Fronteira do Mercosul - Secretaria de Planejamento\" \/>\n<meta property=\"og:description\" content=\"O vice-prefeito e secret\u00e1rio de Planejamento Ren\u00e9 Cecconello participou na \u00faltima quinta-feira, com o Presidente do Corede da Regi\u00e3o da Produ\u00e7\u00e3o, Eduardo Finamore, de um encontro da mesorregi\u00e3o Grande Fronteira do Mercosul, em Erechim.\" \/>\n<meta property=\"og:url\" content=\"https:\/\/www.pmpf.rs.gov.br\/secretaria-de-planejamento\/2009\/06\/05\/encontro-da-mesorregiao-grande-fronteira-do-mercosul-3915\/\" \/>\n<meta property=\"og:site_name\" content=\"Secretaria de Planejamento\" \/>\n<meta property=\"article:published_time\" content=\"2009-06-05T06:00:00+00:00\" \/>\n<meta name=\"author\" content=\"mosite\" \/>\n<meta name=\"twitter:card\" content=\"summary_large_image\" \/>\n<meta name=\"twitter:label1\" content=\"Escrito por\" \/>\n\t<meta name=\"twitter:data1\" content=\"mosite\" \/>\n<script type=\"application\/ld+json\" class=\"yoast-schema-graph\">{\"@context\":\"https:\/\/schema.org\",\"@graph\":[{\"@type\":\"WebPage\",\"@id\":\"https:\/\/www.pmpf.rs.gov.br\/secretaria-de-planejamento\/2009\/06\/05\/encontro-da-mesorregiao-grande-fronteira-do-mercosul-3915\/\",\"url\":\"https:\/\/www.pmpf.rs.gov.br\/secretaria-de-planejamento\/2009\/06\/05\/encontro-da-mesorregiao-grande-fronteira-do-mercosul-3915\/\",\"name\":\"Encontro da Mesorregi\u00e3o Grande Fronteira do Mercosul - Secretaria de Planejamento\",\"isPartOf\":{\"@id\":\"https:\/\/www.pmpf.rs.gov.br\/secretaria-de-planejamento\/#website\"},\"datePublished\":\"2009-06-05T06:00:00+00:00\",\"dateModified\":\"2009-06-05T06:00:00+00:00\",\"author\":{\"@id\":\"https:\/\/www.pmpf.rs.gov.br\/secretaria-de-planejamento\/#\/schema\/person\/0c355b0fa68a7aa986c8594f7a60a2d7\"},\"breadcrumb\":{\"@id\":\"https:\/\/www.pmpf.rs.gov.br\/secretaria-de-planejamento\/2009\/06\/05\/encontro-da-mesorregiao-grande-fronteira-do-mercosul-3915\/#breadcrumb\"},\"inLanguage\":\"pt-BR\",\"potentialAction\":[{\"@type\":\"ReadAction\",\"target\":[\"https:\/\/www.pmpf.rs.gov.br\/secretaria-de-planejamento\/2009\/06\/05\/encontro-da-mesorregiao-grande-fronteira-do-mercosul-3915\/\"]}]},{\"@type\":\"BreadcrumbList\",\"@id\":\"https:\/\/www.pmpf.rs.gov.br\/secretaria-de-planejamento\/2009\/06\/05\/encontro-da-mesorregiao-grande-fronteira-do-mercosul-3915\/#breadcrumb\",\"itemListElement\":[{\"@type\":\"ListItem\",\"position\":1,\"name\":\"In\u00edcio\",\"item\":\"https:\/\/www.pmpf.rs.gov.br\/secretaria-de-planejamento\/\"},{\"@type\":\"ListItem\",\"position\":2,\"name\":\"Encontro da Mesorregi\u00e3o Grande Fronteira do Mercosul\"}]},{\"@type\":\"WebSite\",\"@id\":\"https:\/\/www.pmpf.rs.gov.br\/secretaria-de-planejamento\/#website\",\"url\":\"https:\/\/www.pmpf.rs.gov.br\/secretaria-de-planejamento\/\",\"name\":\"Secretaria de Planejamento\",\"description\":\"S\u00f3 mais um site Prefeitura de Passo Fundo\",\"potentialAction\":[{\"@type\":\"SearchAction\",\"target\":{\"@type\":\"EntryPoint\",\"urlTemplate\":\"https:\/\/www.pmpf.rs.gov.br\/secretaria-de-planejamento\/?s={search_term_string}\"},\"query-input\":{\"@type\":\"PropertyValueSpecification\",\"valueRequired\":true,\"valueName\":\"search_term_string\"}}],\"inLanguage\":\"pt-BR\"},{\"@type\":\"Person\",\"@id\":\"https:\/\/www.pmpf.rs.gov.br\/secretaria-de-planejamento\/#\/schema\/person\/0c355b0fa68a7aa986c8594f7a60a2d7\",\"name\":\"mosite\",\"image\":{\"@type\":\"ImageObject\",\"inLanguage\":\"pt-BR\",\"@id\":\"https:\/\/www.pmpf.rs.gov.br\/secretaria-de-planejamento\/#\/schema\/person\/image\/\",\"url\":\"https:\/\/secure.gravatar.com\/avatar\/63d72595d6cecfe12bd8a94829d5a26c?s=96&d=mm&r=g\",\"contentUrl\":\"https:\/\/secure.gravatar.com\/avatar\/63d72595d6cecfe12bd8a94829d5a26c?s=96&d=mm&r=g\",\"caption\":\"mosite\"},\"sameAs\":[\"http:\/\/example.com\"],\"url\":\"https:\/\/www.pmpf.rs.gov.br\/secretaria-de-planejamento\/author\/mosite\/\"}]}<\/script>\n<!-- \/ Yoast SEO plugin. -->","yoast_head_json":{"title":"Encontro da Mesorregi\u00e3o Grande Fronteira do Mercosul - Secretaria de Planejamento","robots":{"index":"index","follow":"follow","max-snippet":"max-snippet:-1","max-image-preview":"max-image-preview:large","max-video-preview":"max-video-preview:-1"},"canonical":"https:\/\/www.pmpf.rs.gov.br\/secretaria-de-planejamento\/2009\/06\/05\/encontro-da-mesorregiao-grande-fronteira-do-mercosul-3915\/","og_locale":"pt_BR","og_type":"article","og_title":"Encontro da Mesorregi\u00e3o Grande Fronteira do Mercosul - Secretaria de Planejamento","og_description":"O vice-prefeito e secret\u00e1rio de Planejamento Ren\u00e9 Cecconello participou na \u00faltima quinta-feira, com o Presidente do Corede da Regi\u00e3o da Produ\u00e7\u00e3o, Eduardo Finamore, de um encontro da mesorregi\u00e3o Grande Fronteira do Mercosul, em Erechim.","og_url":"https:\/\/www.pmpf.rs.gov.br\/secretaria-de-planejamento\/2009\/06\/05\/encontro-da-mesorregiao-grande-fronteira-do-mercosul-3915\/","og_site_name":"Secretaria de Planejamento","article_published_time":"2009-06-05T06:00:00+00:00","author":"mosite","twitter_card":"summary_large_image","twitter_misc":{"Escrito por":"mosite"},"schema":{"@context":"https:\/\/schema.org","@graph":[{"@type":"WebPage","@id":"https:\/\/www.pmpf.rs.gov.br\/secretaria-de-planejamento\/2009\/06\/05\/encontro-da-mesorregiao-grande-fronteira-do-mercosul-3915\/","url":"https:\/\/www.pmpf.rs.gov.br\/secretaria-de-planejamento\/2009\/06\/05\/encontro-da-mesorregiao-grande-fronteira-do-mercosul-3915\/","name":"Encontro da Mesorregi\u00e3o Grande Fronteira do Mercosul - Secretaria de Planejamento","isPartOf":{"@id":"https:\/\/www.pmpf.rs.gov.br\/secretaria-de-planejamento\/#website"},"datePublished":"2009-06-05T06:00:00+00:00","dateModified":"2009-06-05T06:00:00+00:00","author":{"@id":"https:\/\/www.pmpf.rs.gov.br\/secretaria-de-planejamento\/#\/schema\/person\/0c355b0fa68a7aa986c8594f7a60a2d7"},"breadcrumb":{"@id":"https:\/\/www.pmpf.rs.gov.br\/secretaria-de-planejamento\/2009\/06\/05\/encontro-da-mesorregiao-grande-fronteira-do-mercosul-3915\/#breadcrumb"},"inLanguage":"pt-BR","potentialAction":[{"@type":"ReadAction","target":["https:\/\/www.pmpf.rs.gov.br\/secretaria-de-planejamento\/2009\/06\/05\/encontro-da-mesorregiao-grande-fronteira-do-mercosul-3915\/"]}]},{"@type":"BreadcrumbList","@id":"https:\/\/www.pmpf.rs.gov.br\/secretaria-de-planejamento\/2009\/06\/05\/encontro-da-mesorregiao-grande-fronteira-do-mercosul-3915\/#breadcrumb","itemListElement":[{"@type":"ListItem","position":1,"name":"In\u00edcio","item":"https:\/\/www.pmpf.rs.gov.br\/secretaria-de-planejamento\/"},{"@type":"ListItem","position":2,"name":"Encontro da Mesorregi\u00e3o Grande Fronteira do Mercosul"}]},{"@type":"WebSite","@id":"https:\/\/www.pmpf.rs.gov.br\/secretaria-de-planejamento\/#website","url":"https:\/\/www.pmpf.rs.gov.br\/secretaria-de-planejamento\/","name":"Secretaria de Planejamento","description":"S\u00f3 mais um site Prefeitura de Passo Fundo","potentialAction":[{"@type":"SearchAction","target":{"@type":"EntryPoint","urlTemplate":"https:\/\/www.pmpf.rs.gov.br\/secretaria-de-planejamento\/?s={search_term_string}"},"query-input":{"@type":"PropertyValueSpecification","valueRequired":true,"valueName":"search_term_string"}}],"inLanguage":"pt-BR"},{"@type":"Person","@id":"https:\/\/www.pmpf.rs.gov.br\/secretaria-de-planejamento\/#\/schema\/person\/0c355b0fa68a7aa986c8594f7a60a2d7","name":"mosite","image":{"@type":"ImageObject","inLanguage":"pt-BR","@id":"https:\/\/www.pmpf.rs.gov.br\/secretaria-de-planejamento\/#\/schema\/person\/image\/","url":"https:\/\/secure.gravatar.com\/avatar\/63d72595d6cecfe12bd8a94829d5a26c?s=96&d=mm&r=g","contentUrl":"https:\/\/secure.gravatar.com\/avatar\/63d72595d6cecfe12bd8a94829d5a26c?s=96&d=mm&r=g","caption":"mosite"},"sameAs":["http:\/\/example.com"],"url":"https:\/\/www.pmpf.rs.gov.br\/secretaria-de-planejamento\/author\/mosite\/"}]}},"_links":{"self":[{"href":"https:\/\/www.pmpf.rs.gov.br\/secretaria-de-planejamento\/wp-json\/wp\/v2\/posts\/332"}],"collection":[{"href":"https:\/\/www.pmpf.rs.gov.br\/secretaria-de-planejamento\/wp-json\/wp\/v2\/posts"}],"about":[{"href":"https:\/\/www.pmpf.rs.gov.br\/secretaria-de-planejamento\/wp-json\/wp\/v2\/types\/post"}],"author":[{"embeddable":true,"href":"https:\/\/www.pmpf.rs.gov.br\/secretaria-de-planejamento\/wp-json\/wp\/v2\/users\/1"}],"replies":[{"embeddable":true,"href":"https:\/\/www.pmpf.rs.gov.br\/secretaria-de-planejamento\/wp-json\/wp\/v2\/comments?post=332"}],"version-history":[{"count":0,"href":"https:\/\/www.pmpf.rs.gov.br\/secretaria-de-planejamento\/wp-json\/wp\/v2\/posts\/332\/revisions"}],"wp:attachment":[{"href":"https:\/\/www.pmpf.rs.gov.br\/secretaria-de-planejamento\/wp-json\/wp\/v2\/media?parent=332"}],"wp:term":[{"taxonomy":"category","embeddable":true,"href":"https:\/\/www.pmpf.rs.gov.br\/secretaria-de-planejamento\/wp-json\/wp\/v2\/categories?post=332"},{"taxonomy":"post_tag","embeddable":true,"href":"https:\/\/www.pmpf.rs.gov.br\/secretaria-de-planejamento\/wp-json\/wp\/v2\/tags?post=332"}],"curies":[{"name":"wp","href":"https:\/\/api.w.org\/{rel}","templated":true}]}}