{"id":291,"date":"2006-02-24T03:00:00","date_gmt":"2006-02-24T06:00:00","guid":{"rendered":"https:\/\/www.pmpf.rs.gov.br\/secretaria-de-planejamento\/2006\/02\/24\/borowski-na-seplan-4734\/"},"modified":"2006-02-24T03:00:00","modified_gmt":"2006-02-24T06:00:00","slug":"borowski-na-seplan-4734","status":"publish","type":"post","link":"https:\/\/www.pmpf.rs.gov.br\/secretaria-de-planejamento\/2006\/02\/24\/borowski-na-seplan-4734\/","title":{"rendered":"Borowski na Seplan"},"content":{"rendered":"<p style=\"text-align: justify;\"><span style=\"\">A secretaria municipal de Planejamento, Seplan, est\u00e1 sendo conduzida interinamente pelo Engenheiro Civil Gustavo Borowski, funcion\u00e1rio do quadro do munic\u00edpio. O atual secret\u00e1rio, Gioavani Corralo, encontra-se em f\u00e9rias. A Seplan \u00e9 a respons\u00e1vel pelo planejamento das atividades municipais, dando suporte a todas as secretarias para o bom desenvolvimento da m\u00e1quina p\u00fablica, no cumprimento das metas do governo Dipp-Corralo.<\/span><\/p>\n<div style=\"text-align: justify;\"> <\/div>\n<div style=\" text-align: center;\">\n<p><img decoding=\"async\" src=\"..\/..\/..\/servicos\/geral\/img\/portal\/seplan002.jpg\" \/><br \/>Engenheiro Gustavo Borowski.<\/p>\n<\/div>\n<div style=\"text-align: justify;\"> <\/div>\n<p \/>\n","protected":false},"excerpt":{"rendered":"<p>Borowski na Seplan<\/p>\n","protected":false},"author":1,"featured_media":0,"comment_status":"open","ping_status":"open","sticky":false,"template":"","format":"standard","meta":{"footnotes":""},"categories":[],"tags":[],"class_list":["post-291","post","type-post","status-publish","format-standard","hentry"],"yoast_head":"<!-- This site is optimized with the Yoast SEO plugin v23.8 - https:\/\/yoast.com\/wordpress\/plugins\/seo\/ -->\n<title>Borowski na Seplan - Secretaria de Planejamento<\/title>\n<meta name=\"robots\" content=\"index, follow, max-snippet:-1, max-image-preview:large, max-video-preview:-1\" \/>\n<link rel=\"canonical\" href=\"https:\/\/www.pmpf.rs.gov.br\/secretaria-de-planejamento\/2006\/02\/24\/borowski-na-seplan-4734\/\" \/>\n<meta property=\"og:locale\" content=\"pt_BR\" \/>\n<meta property=\"og:type\" content=\"article\" \/>\n<meta property=\"og:title\" content=\"Borowski na Seplan - Secretaria de Planejamento\" \/>\n<meta property=\"og:description\" content=\"Borowski na Seplan\" \/>\n<meta property=\"og:url\" content=\"https:\/\/www.pmpf.rs.gov.br\/secretaria-de-planejamento\/2006\/02\/24\/borowski-na-seplan-4734\/\" \/>\n<meta property=\"og:site_name\" content=\"Secretaria de Planejamento\" \/>\n<meta property=\"article:published_time\" content=\"2006-02-24T06:00:00+00:00\" \/>\n<meta property=\"og:image\" content=\"http:\/\/..\/..\/..\/servicos\/geral\/img\/portal\/seplan002.jpg\" \/>\n<meta name=\"author\" content=\"mosite\" \/>\n<meta name=\"twitter:card\" content=\"summary_large_image\" \/>\n<meta name=\"twitter:label1\" content=\"Escrito por\" \/>\n\t<meta name=\"twitter:data1\" content=\"mosite\" \/>\n<script type=\"application\/ld+json\" class=\"yoast-schema-graph\">{\"@context\":\"https:\/\/schema.org\",\"@graph\":[{\"@type\":\"WebPage\",\"@id\":\"https:\/\/www.pmpf.rs.gov.br\/secretaria-de-planejamento\/2006\/02\/24\/borowski-na-seplan-4734\/\",\"url\":\"https:\/\/www.pmpf.rs.gov.br\/secretaria-de-planejamento\/2006\/02\/24\/borowski-na-seplan-4734\/\",\"name\":\"Borowski na Seplan - Secretaria de Planejamento\",\"isPartOf\":{\"@id\":\"https:\/\/www.pmpf.rs.gov.br\/secretaria-de-planejamento\/#website\"},\"datePublished\":\"2006-02-24T06:00:00+00:00\",\"dateModified\":\"2006-02-24T06:00:00+00:00\",\"author\":{\"@id\":\"https:\/\/www.pmpf.rs.gov.br\/secretaria-de-planejamento\/#\/schema\/person\/0c355b0fa68a7aa986c8594f7a60a2d7\"},\"breadcrumb\":{\"@id\":\"https:\/\/www.pmpf.rs.gov.br\/secretaria-de-planejamento\/2006\/02\/24\/borowski-na-seplan-4734\/#breadcrumb\"},\"inLanguage\":\"pt-BR\",\"potentialAction\":[{\"@type\":\"ReadAction\",\"target\":[\"https:\/\/www.pmpf.rs.gov.br\/secretaria-de-planejamento\/2006\/02\/24\/borowski-na-seplan-4734\/\"]}]},{\"@type\":\"BreadcrumbList\",\"@id\":\"https:\/\/www.pmpf.rs.gov.br\/secretaria-de-planejamento\/2006\/02\/24\/borowski-na-seplan-4734\/#breadcrumb\",\"itemListElement\":[{\"@type\":\"ListItem\",\"position\":1,\"name\":\"In\u00edcio\",\"item\":\"https:\/\/www.pmpf.rs.gov.br\/secretaria-de-planejamento\/\"},{\"@type\":\"ListItem\",\"position\":2,\"name\":\"Borowski na Seplan\"}]},{\"@type\":\"WebSite\",\"@id\":\"https:\/\/www.pmpf.rs.gov.br\/secretaria-de-planejamento\/#website\",\"url\":\"https:\/\/www.pmpf.rs.gov.br\/secretaria-de-planejamento\/\",\"name\":\"Secretaria de Planejamento\",\"description\":\"S\u00f3 mais um site Prefeitura de Passo Fundo\",\"potentialAction\":[{\"@type\":\"SearchAction\",\"target\":{\"@type\":\"EntryPoint\",\"urlTemplate\":\"https:\/\/www.pmpf.rs.gov.br\/secretaria-de-planejamento\/?s={search_term_string}\"},\"query-input\":{\"@type\":\"PropertyValueSpecification\",\"valueRequired\":true,\"valueName\":\"search_term_string\"}}],\"inLanguage\":\"pt-BR\"},{\"@type\":\"Person\",\"@id\":\"https:\/\/www.pmpf.rs.gov.br\/secretaria-de-planejamento\/#\/schema\/person\/0c355b0fa68a7aa986c8594f7a60a2d7\",\"name\":\"mosite\",\"image\":{\"@type\":\"ImageObject\",\"inLanguage\":\"pt-BR\",\"@id\":\"https:\/\/www.pmpf.rs.gov.br\/secretaria-de-planejamento\/#\/schema\/person\/image\/\",\"url\":\"https:\/\/secure.gravatar.com\/avatar\/63d72595d6cecfe12bd8a94829d5a26c?s=96&d=mm&r=g\",\"contentUrl\":\"https:\/\/secure.gravatar.com\/avatar\/63d72595d6cecfe12bd8a94829d5a26c?s=96&d=mm&r=g\",\"caption\":\"mosite\"},\"sameAs\":[\"http:\/\/example.com\"],\"url\":\"https:\/\/www.pmpf.rs.gov.br\/secretaria-de-planejamento\/author\/mosite\/\"}]}<\/script>\n<!-- \/ Yoast SEO plugin. -->","yoast_head_json":{"title":"Borowski na Seplan - Secretaria de Planejamento","robots":{"index":"index","follow":"follow","max-snippet":"max-snippet:-1","max-image-preview":"max-image-preview:large","max-video-preview":"max-video-preview:-1"},"canonical":"https:\/\/www.pmpf.rs.gov.br\/secretaria-de-planejamento\/2006\/02\/24\/borowski-na-seplan-4734\/","og_locale":"pt_BR","og_type":"article","og_title":"Borowski na Seplan - Secretaria de Planejamento","og_description":"Borowski na Seplan","og_url":"https:\/\/www.pmpf.rs.gov.br\/secretaria-de-planejamento\/2006\/02\/24\/borowski-na-seplan-4734\/","og_site_name":"Secretaria de Planejamento","article_published_time":"2006-02-24T06:00:00+00:00","og_image":[{"url":"..\/..\/..\/servicos\/geral\/img\/portal\/seplan002.jpg"}],"author":"mosite","twitter_card":"summary_large_image","twitter_misc":{"Escrito por":"mosite"},"schema":{"@context":"https:\/\/schema.org","@graph":[{"@type":"WebPage","@id":"https:\/\/www.pmpf.rs.gov.br\/secretaria-de-planejamento\/2006\/02\/24\/borowski-na-seplan-4734\/","url":"https:\/\/www.pmpf.rs.gov.br\/secretaria-de-planejamento\/2006\/02\/24\/borowski-na-seplan-4734\/","name":"Borowski na Seplan - Secretaria de Planejamento","isPartOf":{"@id":"https:\/\/www.pmpf.rs.gov.br\/secretaria-de-planejamento\/#website"},"datePublished":"2006-02-24T06:00:00+00:00","dateModified":"2006-02-24T06:00:00+00:00","author":{"@id":"https:\/\/www.pmpf.rs.gov.br\/secretaria-de-planejamento\/#\/schema\/person\/0c355b0fa68a7aa986c8594f7a60a2d7"},"breadcrumb":{"@id":"https:\/\/www.pmpf.rs.gov.br\/secretaria-de-planejamento\/2006\/02\/24\/borowski-na-seplan-4734\/#breadcrumb"},"inLanguage":"pt-BR","potentialAction":[{"@type":"ReadAction","target":["https:\/\/www.pmpf.rs.gov.br\/secretaria-de-planejamento\/2006\/02\/24\/borowski-na-seplan-4734\/"]}]},{"@type":"BreadcrumbList","@id":"https:\/\/www.pmpf.rs.gov.br\/secretaria-de-planejamento\/2006\/02\/24\/borowski-na-seplan-4734\/#breadcrumb","itemListElement":[{"@type":"ListItem","position":1,"name":"In\u00edcio","item":"https:\/\/www.pmpf.rs.gov.br\/secretaria-de-planejamento\/"},{"@type":"ListItem","position":2,"name":"Borowski na Seplan"}]},{"@type":"WebSite","@id":"https:\/\/www.pmpf.rs.gov.br\/secretaria-de-planejamento\/#website","url":"https:\/\/www.pmpf.rs.gov.br\/secretaria-de-planejamento\/","name":"Secretaria de Planejamento","description":"S\u00f3 mais um site Prefeitura de Passo Fundo","potentialAction":[{"@type":"SearchAction","target":{"@type":"EntryPoint","urlTemplate":"https:\/\/www.pmpf.rs.gov.br\/secretaria-de-planejamento\/?s={search_term_string}"},"query-input":{"@type":"PropertyValueSpecification","valueRequired":true,"valueName":"search_term_string"}}],"inLanguage":"pt-BR"},{"@type":"Person","@id":"https:\/\/www.pmpf.rs.gov.br\/secretaria-de-planejamento\/#\/schema\/person\/0c355b0fa68a7aa986c8594f7a60a2d7","name":"mosite","image":{"@type":"ImageObject","inLanguage":"pt-BR","@id":"https:\/\/www.pmpf.rs.gov.br\/secretaria-de-planejamento\/#\/schema\/person\/image\/","url":"https:\/\/secure.gravatar.com\/avatar\/63d72595d6cecfe12bd8a94829d5a26c?s=96&d=mm&r=g","contentUrl":"https:\/\/secure.gravatar.com\/avatar\/63d72595d6cecfe12bd8a94829d5a26c?s=96&d=mm&r=g","caption":"mosite"},"sameAs":["http:\/\/example.com"],"url":"https:\/\/www.pmpf.rs.gov.br\/secretaria-de-planejamento\/author\/mosite\/"}]}},"_links":{"self":[{"href":"https:\/\/www.pmpf.rs.gov.br\/secretaria-de-planejamento\/wp-json\/wp\/v2\/posts\/291"}],"collection":[{"href":"https:\/\/www.pmpf.rs.gov.br\/secretaria-de-planejamento\/wp-json\/wp\/v2\/posts"}],"about":[{"href":"https:\/\/www.pmpf.rs.gov.br\/secretaria-de-planejamento\/wp-json\/wp\/v2\/types\/post"}],"author":[{"embeddable":true,"href":"https:\/\/www.pmpf.rs.gov.br\/secretaria-de-planejamento\/wp-json\/wp\/v2\/users\/1"}],"replies":[{"embeddable":true,"href":"https:\/\/www.pmpf.rs.gov.br\/secretaria-de-planejamento\/wp-json\/wp\/v2\/comments?post=291"}],"version-history":[{"count":0,"href":"https:\/\/www.pmpf.rs.gov.br\/secretaria-de-planejamento\/wp-json\/wp\/v2\/posts\/291\/revisions"}],"wp:attachment":[{"href":"https:\/\/www.pmpf.rs.gov.br\/secretaria-de-planejamento\/wp-json\/wp\/v2\/media?parent=291"}],"wp:term":[{"taxonomy":"category","embeddable":true,"href":"https:\/\/www.pmpf.rs.gov.br\/secretaria-de-planejamento\/wp-json\/wp\/v2\/categories?post=291"},{"taxonomy":"post_tag","embeddable":true,"href":"https:\/\/www.pmpf.rs.gov.br\/secretaria-de-planejamento\/wp-json\/wp\/v2\/tags?post=291"}],"curies":[{"name":"wp","href":"https:\/\/api.w.org\/{rel}","templated":true}]}}