{"id":1537,"date":"2026-01-30T09:20:49","date_gmt":"2026-01-30T12:20:49","guid":{"rendered":"https:\/\/www.pmpf.rs.gov.br\/secretaria-de-planejamento\/?p=1537"},"modified":"2026-01-30T09:20:54","modified_gmt":"2026-01-30T12:20:54","slug":"prefeitura-avanca-em-parceria-com-a-uffs-para-viabilizar-abertura-da-rua-eduardo-de-brito","status":"publish","type":"post","link":"https:\/\/www.pmpf.rs.gov.br\/secretaria-de-planejamento\/2026\/01\/30\/prefeitura-avanca-em-parceria-com-a-uffs-para-viabilizar-abertura-da-rua-eduardo-de-brito\/","title":{"rendered":"Prefeitura avan\u00e7a em parceria com a UFFS para viabilizar abertura da rua Eduardo de Brito"},"content":{"rendered":"\n<p><\/p>\n\n\n\n<p>A Prefeitura de Passo Fundo, por meio da secretaria de Planejamento, deu mais um passo importante para a poss\u00edvel abertura da rua Eduardo de Brito, uma demanda hist\u00f3rica da cidade. Em parceria com a Universidade Federal da Fronteira Sul (UFFS), o Munic\u00edpio trabalha na consolida\u00e7\u00e3o de um termo de coopera\u00e7\u00e3o que permitir\u00e1 o in\u00edcio dos levantamentos topogr\u00e1ficos e dos estudos t\u00e9cnicos necess\u00e1rios para a elabora\u00e7\u00e3o do projeto da via, que dever\u00e1 passar pelo terreno da universidade, \u00e1rea do antigo Quartel do Ex\u00e9rcito.<\/p>\n\n\n\n<p>De acordo com a coordenadora do Departamento de Mobilidade Urbana, Eliara Riasyk Porto, a abertura da Eduardo de Brito \u00e9 considerada estrat\u00e9gica para a mobilidade urbana do munic\u00edpio, especialmente no acesso ao Centro. \u201c\u00c9 uma ambi\u00e7\u00e3o antiga da cidade, que se tornou ainda mais urgente diante do crescimento e da transforma\u00e7\u00e3o da regi\u00e3o. Hoje temos um uso e ocupa\u00e7\u00e3o do solo muito diferente do passado, com diversos empreendimentos, o que refor\u00e7a a necessidade de consolidar essa via\u201d, explica.<\/p>\n\n\n\n<p>Segundo Eliara, desde o in\u00edcio da atual gest\u00e3o o prefeito Pedro Almeida tem conduzido tratativas com a reitoria da UFFS para tirar o projeto do papel. \u201cHoje a gente deu mais um passo em rela\u00e7\u00e3o a essa conversa que o prefeito iniciou. Agora vamos partir para os levantamentos topogr\u00e1ficos, que s\u00e3o fundamentais para conhecer o terreno e realizar os projetos funcional e de execu\u00e7\u00e3o, sempre respeitando o que a universidade tamb\u00e9m projeta para o seu espa\u00e7o\u201d, destaca.<\/p>\n\n\n\n<p>Ela refor\u00e7a que o projeto vai al\u00e9m do tr\u00e2nsito de ve\u00edculos. \u201cEstamos falando de uma melhoria na mobilidade como um todo, pensando no transporte coletivo, nos pedestres e nos ciclistas. Desde a cria\u00e7\u00e3o do Departamento de Mobilidade Urbana, ampliamos muito as an\u00e1lises t\u00e9cnicas para garantir que o projeto traga benef\u00edcios reais para a cidade\u201d, afirma.<\/p>\n\n\n\n<p>O reitor da Universidade Federal da Fronteira Sul, Jaime Giolo, ressalta que a UFFS recebe a proposta como parte de uma parceria entre institui\u00e7\u00f5es p\u00fablicas. \u201cN\u00f3s somos uma institui\u00e7\u00e3o p\u00fablica da Uni\u00e3o, com interesses pr\u00f3prios na \u00e1rea educacional, mas tamb\u00e9m com interesses p\u00fablicos partilhados com a Prefeitura. Sabemos que este \u00e9 um projeto antigo de mobilidade urbana e n\u00e3o vamos obstruir essa iniciativa\u201d, pontua.<\/p>\n\n\n\n<p>Giolo destaca que a abertura da via pode fortalecer a colabora\u00e7\u00e3o entre os \u00f3rg\u00e3os p\u00fablicos. \u201cEssa iniciativa alarga a nossa colabora\u00e7\u00e3o com a Prefeitura. A rua \u00e9 uma das parcerias, mas certamente outras vir\u00e3o. Como campus dedicado \u00e0 \u00e1rea da sa\u00fade, temos grande interlocu\u00e7\u00e3o com os sistemas de sa\u00fade da cidade, e esse di\u00e1logo tende a se ampliar\u201d, afirma.<\/p>\n\n\n\n<p>O reitor tamb\u00e9m explicou que a regulariza\u00e7\u00e3o da \u00e1rea permite agora avan\u00e7os mais concretos. \u201cO terreno pertence oficialmente \u00e0 UFFS. A doa\u00e7\u00e3o foi publicada no Di\u00e1rio Oficial em janeiro, o que nos permite tratar a \u00e1rea de forma mais efetiva. A partir disso, nossas procuradorias v\u00e3o dialogar para que todo o processo seja feito de forma correta e segura juridicamente\u201d, detalha.<\/p>\n\n\n\n<p>Conforme o cronograma t\u00e9cnico, ap\u00f3s o levantamento topogr\u00e1fico, ser\u00e1 elaborado um projeto funcional, que passar\u00e1 pela aprova\u00e7\u00e3o da universidade. Na sequ\u00eancia, o Munic\u00edpio dever\u00e1 avan\u00e7ar para o projeto executivo, etapa que antecede o processo licitat\u00f3rio. \u201c\u00c9 um trabalho conjunto, em que Prefeitura e Universidade ter\u00e3o suas parcelas de contribui\u00e7\u00e3o, sempre buscando um acordo que atenda \u00e0s necessidades da cidade e da institui\u00e7\u00e3o\u201d, conclui Eliara.<\/p>\n","protected":false},"excerpt":{"rendered":"<p>Termo de coopera\u00e7\u00e3o permitir\u00e1 o in\u00edcio dos levantamentos topogr\u00e1ficos e dos estudos t\u00e9cnicos para a elabora\u00e7\u00e3o do projeto da via<\/p>\n","protected":false},"author":24,"featured_media":1538,"comment_status":"closed","ping_status":"closed","sticky":false,"template":"","format":"standard","meta":{"footnotes":""},"categories":[1],"tags":[],"class_list":["post-1537","post","type-post","status-publish","format-standard","has-post-thumbnail","hentry","category-sem-categoria"],"yoast_head":"<!-- This site is optimized with the Yoast SEO plugin v23.8 - https:\/\/yoast.com\/wordpress\/plugins\/seo\/ -->\n<title>Prefeitura avan\u00e7a em parceria com a UFFS para viabilizar abertura da rua Eduardo de Brito - Secretaria de Planejamento<\/title>\n<meta name=\"robots\" content=\"index, follow, max-snippet:-1, max-image-preview:large, max-video-preview:-1\" \/>\n<link rel=\"canonical\" href=\"https:\/\/www.pmpf.rs.gov.br\/secretaria-de-planejamento\/2026\/01\/30\/prefeitura-avanca-em-parceria-com-a-uffs-para-viabilizar-abertura-da-rua-eduardo-de-brito\/\" \/>\n<meta property=\"og:locale\" content=\"pt_BR\" \/>\n<meta property=\"og:type\" content=\"article\" \/>\n<meta property=\"og:title\" content=\"Prefeitura avan\u00e7a em parceria com a UFFS para viabilizar abertura da rua Eduardo de Brito - Secretaria de Planejamento\" \/>\n<meta property=\"og:description\" content=\"Termo de coopera\u00e7\u00e3o permitir\u00e1 o in\u00edcio dos levantamentos topogr\u00e1ficos e dos estudos t\u00e9cnicos para a elabora\u00e7\u00e3o do projeto da via\" \/>\n<meta property=\"og:url\" content=\"https:\/\/www.pmpf.rs.gov.br\/secretaria-de-planejamento\/2026\/01\/30\/prefeitura-avanca-em-parceria-com-a-uffs-para-viabilizar-abertura-da-rua-eduardo-de-brito\/\" \/>\n<meta property=\"og:site_name\" content=\"Secretaria de Planejamento\" \/>\n<meta property=\"article:published_time\" content=\"2026-01-30T12:20:49+00:00\" \/>\n<meta property=\"article:modified_time\" content=\"2026-01-30T12:20:54+00:00\" \/>\n<meta name=\"author\" content=\"lilicrivello\" \/>\n<meta name=\"twitter:card\" content=\"summary_large_image\" \/>\n<meta name=\"twitter:label1\" content=\"Escrito por\" \/>\n\t<meta name=\"twitter:data1\" content=\"lilicrivello\" \/>\n\t<meta name=\"twitter:label2\" content=\"Est. tempo de leitura\" \/>\n\t<meta name=\"twitter:data2\" content=\"3 minutos\" \/>\n<script type=\"application\/ld+json\" class=\"yoast-schema-graph\">{\"@context\":\"https:\/\/schema.org\",\"@graph\":[{\"@type\":\"WebPage\",\"@id\":\"https:\/\/www.pmpf.rs.gov.br\/secretaria-de-planejamento\/2026\/01\/30\/prefeitura-avanca-em-parceria-com-a-uffs-para-viabilizar-abertura-da-rua-eduardo-de-brito\/\",\"url\":\"https:\/\/www.pmpf.rs.gov.br\/secretaria-de-planejamento\/2026\/01\/30\/prefeitura-avanca-em-parceria-com-a-uffs-para-viabilizar-abertura-da-rua-eduardo-de-brito\/\",\"name\":\"Prefeitura avan\u00e7a em parceria com a UFFS para viabilizar abertura da rua Eduardo de Brito - Secretaria de Planejamento\",\"isPartOf\":{\"@id\":\"https:\/\/www.pmpf.rs.gov.br\/secretaria-de-planejamento\/#website\"},\"primaryImageOfPage\":{\"@id\":\"https:\/\/www.pmpf.rs.gov.br\/secretaria-de-planejamento\/2026\/01\/30\/prefeitura-avanca-em-parceria-com-a-uffs-para-viabilizar-abertura-da-rua-eduardo-de-brito\/#primaryimage\"},\"image\":{\"@id\":\"https:\/\/www.pmpf.rs.gov.br\/secretaria-de-planejamento\/2026\/01\/30\/prefeitura-avanca-em-parceria-com-a-uffs-para-viabilizar-abertura-da-rua-eduardo-de-brito\/#primaryimage\"},\"thumbnailUrl\":\"https:\/\/www.pmpf.rs.gov.br\/secretaria-de-planejamento\/wp-content\/uploads\/sites\/52\/2026\/01\/WhatsApp-Image-2026-01-29-at-15.56.36.jpeg\",\"datePublished\":\"2026-01-30T12:20:49+00:00\",\"dateModified\":\"2026-01-30T12:20:54+00:00\",\"author\":{\"@id\":\"https:\/\/www.pmpf.rs.gov.br\/secretaria-de-planejamento\/#\/schema\/person\/6e93b0ab2174b69f691ac4f278ba2d0a\"},\"breadcrumb\":{\"@id\":\"https:\/\/www.pmpf.rs.gov.br\/secretaria-de-planejamento\/2026\/01\/30\/prefeitura-avanca-em-parceria-com-a-uffs-para-viabilizar-abertura-da-rua-eduardo-de-brito\/#breadcrumb\"},\"inLanguage\":\"pt-BR\",\"potentialAction\":[{\"@type\":\"ReadAction\",\"target\":[\"https:\/\/www.pmpf.rs.gov.br\/secretaria-de-planejamento\/2026\/01\/30\/prefeitura-avanca-em-parceria-com-a-uffs-para-viabilizar-abertura-da-rua-eduardo-de-brito\/\"]}]},{\"@type\":\"ImageObject\",\"inLanguage\":\"pt-BR\",\"@id\":\"https:\/\/www.pmpf.rs.gov.br\/secretaria-de-planejamento\/2026\/01\/30\/prefeitura-avanca-em-parceria-com-a-uffs-para-viabilizar-abertura-da-rua-eduardo-de-brito\/#primaryimage\",\"url\":\"https:\/\/www.pmpf.rs.gov.br\/secretaria-de-planejamento\/wp-content\/uploads\/sites\/52\/2026\/01\/WhatsApp-Image-2026-01-29-at-15.56.36.jpeg\",\"contentUrl\":\"https:\/\/www.pmpf.rs.gov.br\/secretaria-de-planejamento\/wp-content\/uploads\/sites\/52\/2026\/01\/WhatsApp-Image-2026-01-29-at-15.56.36.jpeg\",\"width\":1600,\"height\":1066},{\"@type\":\"BreadcrumbList\",\"@id\":\"https:\/\/www.pmpf.rs.gov.br\/secretaria-de-planejamento\/2026\/01\/30\/prefeitura-avanca-em-parceria-com-a-uffs-para-viabilizar-abertura-da-rua-eduardo-de-brito\/#breadcrumb\",\"itemListElement\":[{\"@type\":\"ListItem\",\"position\":1,\"name\":\"In\u00edcio\",\"item\":\"https:\/\/www.pmpf.rs.gov.br\/secretaria-de-planejamento\/\"},{\"@type\":\"ListItem\",\"position\":2,\"name\":\"Prefeitura avan\u00e7a em parceria com a UFFS para viabilizar abertura da rua Eduardo de Brito\"}]},{\"@type\":\"WebSite\",\"@id\":\"https:\/\/www.pmpf.rs.gov.br\/secretaria-de-planejamento\/#website\",\"url\":\"https:\/\/www.pmpf.rs.gov.br\/secretaria-de-planejamento\/\",\"name\":\"Secretaria de Planejamento\",\"description\":\"S\u00f3 mais um site Prefeitura de Passo Fundo\",\"potentialAction\":[{\"@type\":\"SearchAction\",\"target\":{\"@type\":\"EntryPoint\",\"urlTemplate\":\"https:\/\/www.pmpf.rs.gov.br\/secretaria-de-planejamento\/?s={search_term_string}\"},\"query-input\":{\"@type\":\"PropertyValueSpecification\",\"valueRequired\":true,\"valueName\":\"search_term_string\"}}],\"inLanguage\":\"pt-BR\"},{\"@type\":\"Person\",\"@id\":\"https:\/\/www.pmpf.rs.gov.br\/secretaria-de-planejamento\/#\/schema\/person\/6e93b0ab2174b69f691ac4f278ba2d0a\",\"name\":\"lilicrivello\",\"image\":{\"@type\":\"ImageObject\",\"inLanguage\":\"pt-BR\",\"@id\":\"https:\/\/www.pmpf.rs.gov.br\/secretaria-de-planejamento\/#\/schema\/person\/image\/\",\"url\":\"https:\/\/secure.gravatar.com\/avatar\/0b546b667388f8edb7b67d70a57b5e46?s=96&d=mm&r=g\",\"contentUrl\":\"https:\/\/secure.gravatar.com\/avatar\/0b546b667388f8edb7b67d70a57b5e46?s=96&d=mm&r=g\",\"caption\":\"lilicrivello\"},\"url\":\"https:\/\/www.pmpf.rs.gov.br\/secretaria-de-planejamento\/author\/lilicrivello\/\"}]}<\/script>\n<!-- \/ Yoast SEO plugin. -->","yoast_head_json":{"title":"Prefeitura avan\u00e7a em parceria com a UFFS para viabilizar abertura da rua Eduardo de Brito - Secretaria de Planejamento","robots":{"index":"index","follow":"follow","max-snippet":"max-snippet:-1","max-image-preview":"max-image-preview:large","max-video-preview":"max-video-preview:-1"},"canonical":"https:\/\/www.pmpf.rs.gov.br\/secretaria-de-planejamento\/2026\/01\/30\/prefeitura-avanca-em-parceria-com-a-uffs-para-viabilizar-abertura-da-rua-eduardo-de-brito\/","og_locale":"pt_BR","og_type":"article","og_title":"Prefeitura avan\u00e7a em parceria com a UFFS para viabilizar abertura da rua Eduardo de Brito - Secretaria de Planejamento","og_description":"Termo de coopera\u00e7\u00e3o permitir\u00e1 o in\u00edcio dos levantamentos topogr\u00e1ficos e dos estudos t\u00e9cnicos para a elabora\u00e7\u00e3o do projeto da via","og_url":"https:\/\/www.pmpf.rs.gov.br\/secretaria-de-planejamento\/2026\/01\/30\/prefeitura-avanca-em-parceria-com-a-uffs-para-viabilizar-abertura-da-rua-eduardo-de-brito\/","og_site_name":"Secretaria de Planejamento","article_published_time":"2026-01-30T12:20:49+00:00","article_modified_time":"2026-01-30T12:20:54+00:00","author":"lilicrivello","twitter_card":"summary_large_image","twitter_misc":{"Escrito por":"lilicrivello","Est. tempo de leitura":"3 minutos"},"schema":{"@context":"https:\/\/schema.org","@graph":[{"@type":"WebPage","@id":"https:\/\/www.pmpf.rs.gov.br\/secretaria-de-planejamento\/2026\/01\/30\/prefeitura-avanca-em-parceria-com-a-uffs-para-viabilizar-abertura-da-rua-eduardo-de-brito\/","url":"https:\/\/www.pmpf.rs.gov.br\/secretaria-de-planejamento\/2026\/01\/30\/prefeitura-avanca-em-parceria-com-a-uffs-para-viabilizar-abertura-da-rua-eduardo-de-brito\/","name":"Prefeitura avan\u00e7a em parceria com a UFFS para viabilizar abertura da rua Eduardo de Brito - Secretaria de Planejamento","isPartOf":{"@id":"https:\/\/www.pmpf.rs.gov.br\/secretaria-de-planejamento\/#website"},"primaryImageOfPage":{"@id":"https:\/\/www.pmpf.rs.gov.br\/secretaria-de-planejamento\/2026\/01\/30\/prefeitura-avanca-em-parceria-com-a-uffs-para-viabilizar-abertura-da-rua-eduardo-de-brito\/#primaryimage"},"image":{"@id":"https:\/\/www.pmpf.rs.gov.br\/secretaria-de-planejamento\/2026\/01\/30\/prefeitura-avanca-em-parceria-com-a-uffs-para-viabilizar-abertura-da-rua-eduardo-de-brito\/#primaryimage"},"thumbnailUrl":"https:\/\/www.pmpf.rs.gov.br\/secretaria-de-planejamento\/wp-content\/uploads\/sites\/52\/2026\/01\/WhatsApp-Image-2026-01-29-at-15.56.36.jpeg","datePublished":"2026-01-30T12:20:49+00:00","dateModified":"2026-01-30T12:20:54+00:00","author":{"@id":"https:\/\/www.pmpf.rs.gov.br\/secretaria-de-planejamento\/#\/schema\/person\/6e93b0ab2174b69f691ac4f278ba2d0a"},"breadcrumb":{"@id":"https:\/\/www.pmpf.rs.gov.br\/secretaria-de-planejamento\/2026\/01\/30\/prefeitura-avanca-em-parceria-com-a-uffs-para-viabilizar-abertura-da-rua-eduardo-de-brito\/#breadcrumb"},"inLanguage":"pt-BR","potentialAction":[{"@type":"ReadAction","target":["https:\/\/www.pmpf.rs.gov.br\/secretaria-de-planejamento\/2026\/01\/30\/prefeitura-avanca-em-parceria-com-a-uffs-para-viabilizar-abertura-da-rua-eduardo-de-brito\/"]}]},{"@type":"ImageObject","inLanguage":"pt-BR","@id":"https:\/\/www.pmpf.rs.gov.br\/secretaria-de-planejamento\/2026\/01\/30\/prefeitura-avanca-em-parceria-com-a-uffs-para-viabilizar-abertura-da-rua-eduardo-de-brito\/#primaryimage","url":"https:\/\/www.pmpf.rs.gov.br\/secretaria-de-planejamento\/wp-content\/uploads\/sites\/52\/2026\/01\/WhatsApp-Image-2026-01-29-at-15.56.36.jpeg","contentUrl":"https:\/\/www.pmpf.rs.gov.br\/secretaria-de-planejamento\/wp-content\/uploads\/sites\/52\/2026\/01\/WhatsApp-Image-2026-01-29-at-15.56.36.jpeg","width":1600,"height":1066},{"@type":"BreadcrumbList","@id":"https:\/\/www.pmpf.rs.gov.br\/secretaria-de-planejamento\/2026\/01\/30\/prefeitura-avanca-em-parceria-com-a-uffs-para-viabilizar-abertura-da-rua-eduardo-de-brito\/#breadcrumb","itemListElement":[{"@type":"ListItem","position":1,"name":"In\u00edcio","item":"https:\/\/www.pmpf.rs.gov.br\/secretaria-de-planejamento\/"},{"@type":"ListItem","position":2,"name":"Prefeitura avan\u00e7a em parceria com a UFFS para viabilizar abertura da rua Eduardo de Brito"}]},{"@type":"WebSite","@id":"https:\/\/www.pmpf.rs.gov.br\/secretaria-de-planejamento\/#website","url":"https:\/\/www.pmpf.rs.gov.br\/secretaria-de-planejamento\/","name":"Secretaria de Planejamento","description":"S\u00f3 mais um site Prefeitura de Passo Fundo","potentialAction":[{"@type":"SearchAction","target":{"@type":"EntryPoint","urlTemplate":"https:\/\/www.pmpf.rs.gov.br\/secretaria-de-planejamento\/?s={search_term_string}"},"query-input":{"@type":"PropertyValueSpecification","valueRequired":true,"valueName":"search_term_string"}}],"inLanguage":"pt-BR"},{"@type":"Person","@id":"https:\/\/www.pmpf.rs.gov.br\/secretaria-de-planejamento\/#\/schema\/person\/6e93b0ab2174b69f691ac4f278ba2d0a","name":"lilicrivello","image":{"@type":"ImageObject","inLanguage":"pt-BR","@id":"https:\/\/www.pmpf.rs.gov.br\/secretaria-de-planejamento\/#\/schema\/person\/image\/","url":"https:\/\/secure.gravatar.com\/avatar\/0b546b667388f8edb7b67d70a57b5e46?s=96&d=mm&r=g","contentUrl":"https:\/\/secure.gravatar.com\/avatar\/0b546b667388f8edb7b67d70a57b5e46?s=96&d=mm&r=g","caption":"lilicrivello"},"url":"https:\/\/www.pmpf.rs.gov.br\/secretaria-de-planejamento\/author\/lilicrivello\/"}]}},"_links":{"self":[{"href":"https:\/\/www.pmpf.rs.gov.br\/secretaria-de-planejamento\/wp-json\/wp\/v2\/posts\/1537"}],"collection":[{"href":"https:\/\/www.pmpf.rs.gov.br\/secretaria-de-planejamento\/wp-json\/wp\/v2\/posts"}],"about":[{"href":"https:\/\/www.pmpf.rs.gov.br\/secretaria-de-planejamento\/wp-json\/wp\/v2\/types\/post"}],"author":[{"embeddable":true,"href":"https:\/\/www.pmpf.rs.gov.br\/secretaria-de-planejamento\/wp-json\/wp\/v2\/users\/24"}],"replies":[{"embeddable":true,"href":"https:\/\/www.pmpf.rs.gov.br\/secretaria-de-planejamento\/wp-json\/wp\/v2\/comments?post=1537"}],"version-history":[{"count":1,"href":"https:\/\/www.pmpf.rs.gov.br\/secretaria-de-planejamento\/wp-json\/wp\/v2\/posts\/1537\/revisions"}],"predecessor-version":[{"id":1539,"href":"https:\/\/www.pmpf.rs.gov.br\/secretaria-de-planejamento\/wp-json\/wp\/v2\/posts\/1537\/revisions\/1539"}],"wp:featuredmedia":[{"embeddable":true,"href":"https:\/\/www.pmpf.rs.gov.br\/secretaria-de-planejamento\/wp-json\/wp\/v2\/media\/1538"}],"wp:attachment":[{"href":"https:\/\/www.pmpf.rs.gov.br\/secretaria-de-planejamento\/wp-json\/wp\/v2\/media?parent=1537"}],"wp:term":[{"taxonomy":"category","embeddable":true,"href":"https:\/\/www.pmpf.rs.gov.br\/secretaria-de-planejamento\/wp-json\/wp\/v2\/categories?post=1537"},{"taxonomy":"post_tag","embeddable":true,"href":"https:\/\/www.pmpf.rs.gov.br\/secretaria-de-planejamento\/wp-json\/wp\/v2\/tags?post=1537"}],"curies":[{"name":"wp","href":"https:\/\/api.w.org\/{rel}","templated":true}]}}