{"id":1372,"date":"2024-11-08T17:02:57","date_gmt":"2024-11-08T20:02:57","guid":{"rendered":"https:\/\/www.pmpf.rs.gov.br\/secretaria-de-planejamento\/?p=1372"},"modified":"2024-11-08T17:02:58","modified_gmt":"2024-11-08T20:02:58","slug":"prefeitura-conclui-parque-linear-da-avenida-brasil","status":"publish","type":"post","link":"https:\/\/www.pmpf.rs.gov.br\/secretaria-de-planejamento\/2024\/11\/08\/prefeitura-conclui-parque-linear-da-avenida-brasil\/","title":{"rendered":"Prefeitura conclui Parque Linear da Avenida Brasil"},"content":{"rendered":"\n<p>A Prefeitura de Passo Fundo finalizou a revitaliza\u00e7\u00e3o do Parque Linear da Avenida Brasil, com a conclus\u00e3o dos \u00faltimos dois espa\u00e7os que estavam em obras, num total de 10 canteiros, cada um com um uso espec\u00edfico, pensados para atender \u00e0s diferentes necessidades da popula\u00e7\u00e3o. A partir deste final de semana a comunidade j\u00e1 poder\u00e1 usufruir dos espa\u00e7os p\u00fablicos.&nbsp;&nbsp;<\/p>\n\n\n\n<p>Desenvolvido pela Secretaria de Planejamento, o projeto do Parque Linear foi desenhado para valorizar e potencializar as diversas formas de uso dos canteiros, promovendo novas funcionalidades para o p\u00fablico. \u201cSetorizamos os espa\u00e7os de modo a respeitar e ampliar as atividades j\u00e1 praticadas pela popula\u00e7\u00e3o, para que este local seja cada vez mais utilizado\u201d, destacou o secret\u00e1rio da pasta, Giezi Schneider.<\/p>\n\n\n\n<p>O prefeito Pedro Almeida ressaltou a import\u00e2ncia de disponibilizar espa\u00e7os p\u00fablicos de qualidade para o uso da comunidade. \u201cO Parque Linear da Avenida Brasil representa um investimento na qualidade de vida e no bem-estar das pessoas. Esses espa\u00e7os p\u00fablicos s\u00e3o fundamentais para promover o lazer, a conviv\u00eancia e o pertencimento, al\u00e9m de fortalecer o v\u00ednculo dos cidad\u00e3os com a cidade\u201d, afirmou.<\/p>\n\n\n\n<p>Cada canteiro foi projetado para uma atividade espec\u00edfica, h\u00e1 \u00e1reas para exerc\u00edcios f\u00edsicos, feiras, manifesta\u00e7\u00f5es culturais e art\u00edsticas, estudo e trabalho, entre outros. Tamb\u00e9m foram destinados espa\u00e7os para educa\u00e7\u00e3o, conviv\u00eancia infantil e uso pet.<\/p>\n\n\n\n<p>Todos os canteiros foram beneficiados com melhorias como ciclovias e caminh\u00f3dromos separados, novos equipamentos e mobili\u00e1rios, passeios e meios-fios, al\u00e9m da preserva\u00e7\u00e3o e incremento da vegeta\u00e7\u00e3o com substitui\u00e7\u00e3o de \u00e1rvores, nova ilumina\u00e7\u00e3o e conex\u00e3o Wi-Fi gratuita. Outro investimento importante foi a instala\u00e7\u00e3o de c\u00e2meras de videomonitoramento, visando aumentar a seguran\u00e7a dos frequentadores.<\/p>\n\n\n\n<p>O Parque Linear da Avenida Brasil foi institu\u00eddo pela Lei Municipal 5.492\/2020 e abrange o trecho desde o canteiro onde se localiza o monumento do Teixeirinha, no Centro, at\u00e9 a Rua Livramento, no Bairro Boqueir\u00e3o. A obra contou com um investimento total de R$ 13,1 milh\u00f5es, sendo R$ 8,8 milh\u00f5es provenientes do Governo do Estado, atrav\u00e9s do programa Avan\u00e7ar no Turismo, e R$ 4,3 milh\u00f5es em contrapartida do munic\u00edpio.<\/p>\n\n\n\n<p><strong>Canteiros e seus usos<\/strong><\/p>\n\n\n\n<ul class=\"wp-block-list\">\n<li><strong>Canteiro 1<\/strong>: \u00c1rea para feiras com tendas, mesas e bancos, espelho d\u2019\u00e1gua, bebedouro, tomadas e esta\u00e7\u00e3o de bicicletas compartilhadas.<\/li>\n\n\n\n<li><strong>Canteiro 2<\/strong>: Espa\u00e7o para atividades culturais e art\u00edsticas, eventos e proje\u00e7\u00e3o de imagens, incluindo revitaliza\u00e7\u00e3o do monumento da M\u00e3e Preta.<\/li>\n\n\n\n<li><strong>Canteiro 3<\/strong>: Academia ao ar livre, palco para gin\u00e1stica, circuito multifuncional, esta\u00e7\u00e3o de bicicletas e bebedouro.<\/li>\n\n\n\n<li><strong>Canteiro 4<\/strong>: Playground interativo para crian\u00e7as, bebedouro e esta\u00e7\u00e3o de \u00e1gua quente e fria.<\/li>\n\n\n\n<li><strong>Canteiro 5<\/strong>: Espa\u00e7o tecnol\u00f3gico com esta\u00e7\u00f5es de trabalho e estudo, tomadas e \u00e1rea de alimenta\u00e7\u00e3o.<\/li>\n\n\n\n<li><strong>Canteiro 6<\/strong>: Espa\u00e7o pet cercado, com brinquedos para animais, bebedouros, lixeira e saquinhos para higiene dos pets, al\u00e9m de uma cancha de bocha revitalizada.<\/li>\n\n\n\n<li><strong>Canteiro 7<\/strong>: \u00c1rea de conviv\u00eancia.<\/li>\n\n\n\n<li><strong>Canteiro 8<\/strong>: Espa\u00e7o para eventos, \u00e1rea de conviv\u00eancia, playground e bebedouro.<\/li>\n\n\n\n<li><strong>Canteiro 9<\/strong>: Chimarr\u00f3dromo com pergolado e esta\u00e7\u00e3o de hidrata\u00e7\u00e3o com \u00e1gua quente e fria.<\/li>\n\n\n\n<li><strong>Canteiro 10<\/strong>: \u00c1rea de conviv\u00eancia com esta\u00e7\u00e3o de bicicletas compartilhadas.<\/li>\n<\/ul>\n","protected":false},"excerpt":{"rendered":"<p>\u00daltimos dois canteiros ser\u00e3o abertos \u00e0 comunidade neste fim de semana<\/p>\n","protected":false},"author":24,"featured_media":1373,"comment_status":"closed","ping_status":"closed","sticky":false,"template":"","format":"standard","meta":{"footnotes":""},"categories":[1],"tags":[],"class_list":["post-1372","post","type-post","status-publish","format-standard","has-post-thumbnail","hentry","category-sem-categoria"],"yoast_head":"<!-- This site is optimized with the Yoast SEO plugin v23.8 - https:\/\/yoast.com\/wordpress\/plugins\/seo\/ -->\n<title>Prefeitura conclui Parque Linear da Avenida Brasil - Secretaria de Planejamento<\/title>\n<meta name=\"robots\" content=\"index, follow, max-snippet:-1, max-image-preview:large, max-video-preview:-1\" \/>\n<link rel=\"canonical\" href=\"https:\/\/www.pmpf.rs.gov.br\/secretaria-de-planejamento\/2024\/11\/08\/prefeitura-conclui-parque-linear-da-avenida-brasil\/\" \/>\n<meta property=\"og:locale\" content=\"pt_BR\" \/>\n<meta property=\"og:type\" content=\"article\" \/>\n<meta property=\"og:title\" content=\"Prefeitura conclui Parque Linear da Avenida Brasil - Secretaria de Planejamento\" \/>\n<meta property=\"og:description\" content=\"\u00daltimos dois canteiros ser\u00e3o abertos \u00e0 comunidade neste fim de semana\" \/>\n<meta property=\"og:url\" content=\"https:\/\/www.pmpf.rs.gov.br\/secretaria-de-planejamento\/2024\/11\/08\/prefeitura-conclui-parque-linear-da-avenida-brasil\/\" \/>\n<meta property=\"og:site_name\" content=\"Secretaria de Planejamento\" \/>\n<meta property=\"article:published_time\" content=\"2024-11-08T20:02:57+00:00\" \/>\n<meta property=\"article:modified_time\" content=\"2024-11-08T20:02:58+00:00\" \/>\n<meta property=\"og:image\" content=\"https:\/\/www.pmpf.rs.gov.br\/secretaria-de-planejamento\/wp-content\/uploads\/sites\/52\/2024\/11\/materia2-scaled.jpg\" \/>\n\t<meta property=\"og:image:width\" content=\"2560\" \/>\n\t<meta property=\"og:image:height\" content=\"1707\" \/>\n\t<meta property=\"og:image:type\" content=\"image\/jpeg\" \/>\n<meta name=\"author\" content=\"lilicrivello\" \/>\n<meta name=\"twitter:card\" content=\"summary_large_image\" \/>\n<meta name=\"twitter:label1\" content=\"Escrito por\" \/>\n\t<meta name=\"twitter:data1\" content=\"lilicrivello\" \/>\n\t<meta name=\"twitter:label2\" content=\"Est. tempo de leitura\" \/>\n\t<meta name=\"twitter:data2\" content=\"3 minutos\" \/>\n<script type=\"application\/ld+json\" class=\"yoast-schema-graph\">{\"@context\":\"https:\/\/schema.org\",\"@graph\":[{\"@type\":\"WebPage\",\"@id\":\"https:\/\/www.pmpf.rs.gov.br\/secretaria-de-planejamento\/2024\/11\/08\/prefeitura-conclui-parque-linear-da-avenida-brasil\/\",\"url\":\"https:\/\/www.pmpf.rs.gov.br\/secretaria-de-planejamento\/2024\/11\/08\/prefeitura-conclui-parque-linear-da-avenida-brasil\/\",\"name\":\"Prefeitura conclui Parque Linear da Avenida Brasil - Secretaria de Planejamento\",\"isPartOf\":{\"@id\":\"https:\/\/www.pmpf.rs.gov.br\/secretaria-de-planejamento\/#website\"},\"primaryImageOfPage\":{\"@id\":\"https:\/\/www.pmpf.rs.gov.br\/secretaria-de-planejamento\/2024\/11\/08\/prefeitura-conclui-parque-linear-da-avenida-brasil\/#primaryimage\"},\"image\":{\"@id\":\"https:\/\/www.pmpf.rs.gov.br\/secretaria-de-planejamento\/2024\/11\/08\/prefeitura-conclui-parque-linear-da-avenida-brasil\/#primaryimage\"},\"thumbnailUrl\":\"https:\/\/www.pmpf.rs.gov.br\/secretaria-de-planejamento\/wp-content\/uploads\/sites\/52\/2024\/11\/materia2-scaled.jpg\",\"datePublished\":\"2024-11-08T20:02:57+00:00\",\"dateModified\":\"2024-11-08T20:02:58+00:00\",\"author\":{\"@id\":\"https:\/\/www.pmpf.rs.gov.br\/secretaria-de-planejamento\/#\/schema\/person\/6e93b0ab2174b69f691ac4f278ba2d0a\"},\"breadcrumb\":{\"@id\":\"https:\/\/www.pmpf.rs.gov.br\/secretaria-de-planejamento\/2024\/11\/08\/prefeitura-conclui-parque-linear-da-avenida-brasil\/#breadcrumb\"},\"inLanguage\":\"pt-BR\",\"potentialAction\":[{\"@type\":\"ReadAction\",\"target\":[\"https:\/\/www.pmpf.rs.gov.br\/secretaria-de-planejamento\/2024\/11\/08\/prefeitura-conclui-parque-linear-da-avenida-brasil\/\"]}]},{\"@type\":\"ImageObject\",\"inLanguage\":\"pt-BR\",\"@id\":\"https:\/\/www.pmpf.rs.gov.br\/secretaria-de-planejamento\/2024\/11\/08\/prefeitura-conclui-parque-linear-da-avenida-brasil\/#primaryimage\",\"url\":\"https:\/\/www.pmpf.rs.gov.br\/secretaria-de-planejamento\/wp-content\/uploads\/sites\/52\/2024\/11\/materia2-scaled.jpg\",\"contentUrl\":\"https:\/\/www.pmpf.rs.gov.br\/secretaria-de-planejamento\/wp-content\/uploads\/sites\/52\/2024\/11\/materia2-scaled.jpg\",\"width\":2560,\"height\":1707},{\"@type\":\"BreadcrumbList\",\"@id\":\"https:\/\/www.pmpf.rs.gov.br\/secretaria-de-planejamento\/2024\/11\/08\/prefeitura-conclui-parque-linear-da-avenida-brasil\/#breadcrumb\",\"itemListElement\":[{\"@type\":\"ListItem\",\"position\":1,\"name\":\"In\u00edcio\",\"item\":\"https:\/\/www.pmpf.rs.gov.br\/secretaria-de-planejamento\/\"},{\"@type\":\"ListItem\",\"position\":2,\"name\":\"Prefeitura conclui Parque Linear da Avenida Brasil\"}]},{\"@type\":\"WebSite\",\"@id\":\"https:\/\/www.pmpf.rs.gov.br\/secretaria-de-planejamento\/#website\",\"url\":\"https:\/\/www.pmpf.rs.gov.br\/secretaria-de-planejamento\/\",\"name\":\"Secretaria de Planejamento\",\"description\":\"S\u00f3 mais um site Prefeitura de Passo Fundo\",\"potentialAction\":[{\"@type\":\"SearchAction\",\"target\":{\"@type\":\"EntryPoint\",\"urlTemplate\":\"https:\/\/www.pmpf.rs.gov.br\/secretaria-de-planejamento\/?s={search_term_string}\"},\"query-input\":{\"@type\":\"PropertyValueSpecification\",\"valueRequired\":true,\"valueName\":\"search_term_string\"}}],\"inLanguage\":\"pt-BR\"},{\"@type\":\"Person\",\"@id\":\"https:\/\/www.pmpf.rs.gov.br\/secretaria-de-planejamento\/#\/schema\/person\/6e93b0ab2174b69f691ac4f278ba2d0a\",\"name\":\"lilicrivello\",\"image\":{\"@type\":\"ImageObject\",\"inLanguage\":\"pt-BR\",\"@id\":\"https:\/\/www.pmpf.rs.gov.br\/secretaria-de-planejamento\/#\/schema\/person\/image\/\",\"url\":\"https:\/\/secure.gravatar.com\/avatar\/0b546b667388f8edb7b67d70a57b5e46?s=96&d=mm&r=g\",\"contentUrl\":\"https:\/\/secure.gravatar.com\/avatar\/0b546b667388f8edb7b67d70a57b5e46?s=96&d=mm&r=g\",\"caption\":\"lilicrivello\"},\"url\":\"https:\/\/www.pmpf.rs.gov.br\/secretaria-de-planejamento\/author\/lilicrivello\/\"}]}<\/script>\n<!-- \/ Yoast SEO plugin. -->","yoast_head_json":{"title":"Prefeitura conclui Parque Linear da Avenida Brasil - Secretaria de Planejamento","robots":{"index":"index","follow":"follow","max-snippet":"max-snippet:-1","max-image-preview":"max-image-preview:large","max-video-preview":"max-video-preview:-1"},"canonical":"https:\/\/www.pmpf.rs.gov.br\/secretaria-de-planejamento\/2024\/11\/08\/prefeitura-conclui-parque-linear-da-avenida-brasil\/","og_locale":"pt_BR","og_type":"article","og_title":"Prefeitura conclui Parque Linear da Avenida Brasil - Secretaria de Planejamento","og_description":"\u00daltimos dois canteiros ser\u00e3o abertos \u00e0 comunidade neste fim de semana","og_url":"https:\/\/www.pmpf.rs.gov.br\/secretaria-de-planejamento\/2024\/11\/08\/prefeitura-conclui-parque-linear-da-avenida-brasil\/","og_site_name":"Secretaria de Planejamento","article_published_time":"2024-11-08T20:02:57+00:00","article_modified_time":"2024-11-08T20:02:58+00:00","og_image":[{"width":2560,"height":1707,"url":"https:\/\/www.pmpf.rs.gov.br\/secretaria-de-planejamento\/wp-content\/uploads\/sites\/52\/2024\/11\/materia2-scaled.jpg","type":"image\/jpeg"}],"author":"lilicrivello","twitter_card":"summary_large_image","twitter_misc":{"Escrito por":"lilicrivello","Est. tempo de leitura":"3 minutos"},"schema":{"@context":"https:\/\/schema.org","@graph":[{"@type":"WebPage","@id":"https:\/\/www.pmpf.rs.gov.br\/secretaria-de-planejamento\/2024\/11\/08\/prefeitura-conclui-parque-linear-da-avenida-brasil\/","url":"https:\/\/www.pmpf.rs.gov.br\/secretaria-de-planejamento\/2024\/11\/08\/prefeitura-conclui-parque-linear-da-avenida-brasil\/","name":"Prefeitura conclui Parque Linear da Avenida Brasil - Secretaria de Planejamento","isPartOf":{"@id":"https:\/\/www.pmpf.rs.gov.br\/secretaria-de-planejamento\/#website"},"primaryImageOfPage":{"@id":"https:\/\/www.pmpf.rs.gov.br\/secretaria-de-planejamento\/2024\/11\/08\/prefeitura-conclui-parque-linear-da-avenida-brasil\/#primaryimage"},"image":{"@id":"https:\/\/www.pmpf.rs.gov.br\/secretaria-de-planejamento\/2024\/11\/08\/prefeitura-conclui-parque-linear-da-avenida-brasil\/#primaryimage"},"thumbnailUrl":"https:\/\/www.pmpf.rs.gov.br\/secretaria-de-planejamento\/wp-content\/uploads\/sites\/52\/2024\/11\/materia2-scaled.jpg","datePublished":"2024-11-08T20:02:57+00:00","dateModified":"2024-11-08T20:02:58+00:00","author":{"@id":"https:\/\/www.pmpf.rs.gov.br\/secretaria-de-planejamento\/#\/schema\/person\/6e93b0ab2174b69f691ac4f278ba2d0a"},"breadcrumb":{"@id":"https:\/\/www.pmpf.rs.gov.br\/secretaria-de-planejamento\/2024\/11\/08\/prefeitura-conclui-parque-linear-da-avenida-brasil\/#breadcrumb"},"inLanguage":"pt-BR","potentialAction":[{"@type":"ReadAction","target":["https:\/\/www.pmpf.rs.gov.br\/secretaria-de-planejamento\/2024\/11\/08\/prefeitura-conclui-parque-linear-da-avenida-brasil\/"]}]},{"@type":"ImageObject","inLanguage":"pt-BR","@id":"https:\/\/www.pmpf.rs.gov.br\/secretaria-de-planejamento\/2024\/11\/08\/prefeitura-conclui-parque-linear-da-avenida-brasil\/#primaryimage","url":"https:\/\/www.pmpf.rs.gov.br\/secretaria-de-planejamento\/wp-content\/uploads\/sites\/52\/2024\/11\/materia2-scaled.jpg","contentUrl":"https:\/\/www.pmpf.rs.gov.br\/secretaria-de-planejamento\/wp-content\/uploads\/sites\/52\/2024\/11\/materia2-scaled.jpg","width":2560,"height":1707},{"@type":"BreadcrumbList","@id":"https:\/\/www.pmpf.rs.gov.br\/secretaria-de-planejamento\/2024\/11\/08\/prefeitura-conclui-parque-linear-da-avenida-brasil\/#breadcrumb","itemListElement":[{"@type":"ListItem","position":1,"name":"In\u00edcio","item":"https:\/\/www.pmpf.rs.gov.br\/secretaria-de-planejamento\/"},{"@type":"ListItem","position":2,"name":"Prefeitura conclui Parque Linear da Avenida Brasil"}]},{"@type":"WebSite","@id":"https:\/\/www.pmpf.rs.gov.br\/secretaria-de-planejamento\/#website","url":"https:\/\/www.pmpf.rs.gov.br\/secretaria-de-planejamento\/","name":"Secretaria de Planejamento","description":"S\u00f3 mais um site Prefeitura de Passo Fundo","potentialAction":[{"@type":"SearchAction","target":{"@type":"EntryPoint","urlTemplate":"https:\/\/www.pmpf.rs.gov.br\/secretaria-de-planejamento\/?s={search_term_string}"},"query-input":{"@type":"PropertyValueSpecification","valueRequired":true,"valueName":"search_term_string"}}],"inLanguage":"pt-BR"},{"@type":"Person","@id":"https:\/\/www.pmpf.rs.gov.br\/secretaria-de-planejamento\/#\/schema\/person\/6e93b0ab2174b69f691ac4f278ba2d0a","name":"lilicrivello","image":{"@type":"ImageObject","inLanguage":"pt-BR","@id":"https:\/\/www.pmpf.rs.gov.br\/secretaria-de-planejamento\/#\/schema\/person\/image\/","url":"https:\/\/secure.gravatar.com\/avatar\/0b546b667388f8edb7b67d70a57b5e46?s=96&d=mm&r=g","contentUrl":"https:\/\/secure.gravatar.com\/avatar\/0b546b667388f8edb7b67d70a57b5e46?s=96&d=mm&r=g","caption":"lilicrivello"},"url":"https:\/\/www.pmpf.rs.gov.br\/secretaria-de-planejamento\/author\/lilicrivello\/"}]}},"_links":{"self":[{"href":"https:\/\/www.pmpf.rs.gov.br\/secretaria-de-planejamento\/wp-json\/wp\/v2\/posts\/1372"}],"collection":[{"href":"https:\/\/www.pmpf.rs.gov.br\/secretaria-de-planejamento\/wp-json\/wp\/v2\/posts"}],"about":[{"href":"https:\/\/www.pmpf.rs.gov.br\/secretaria-de-planejamento\/wp-json\/wp\/v2\/types\/post"}],"author":[{"embeddable":true,"href":"https:\/\/www.pmpf.rs.gov.br\/secretaria-de-planejamento\/wp-json\/wp\/v2\/users\/24"}],"replies":[{"embeddable":true,"href":"https:\/\/www.pmpf.rs.gov.br\/secretaria-de-planejamento\/wp-json\/wp\/v2\/comments?post=1372"}],"version-history":[{"count":1,"href":"https:\/\/www.pmpf.rs.gov.br\/secretaria-de-planejamento\/wp-json\/wp\/v2\/posts\/1372\/revisions"}],"predecessor-version":[{"id":1374,"href":"https:\/\/www.pmpf.rs.gov.br\/secretaria-de-planejamento\/wp-json\/wp\/v2\/posts\/1372\/revisions\/1374"}],"wp:featuredmedia":[{"embeddable":true,"href":"https:\/\/www.pmpf.rs.gov.br\/secretaria-de-planejamento\/wp-json\/wp\/v2\/media\/1373"}],"wp:attachment":[{"href":"https:\/\/www.pmpf.rs.gov.br\/secretaria-de-planejamento\/wp-json\/wp\/v2\/media?parent=1372"}],"wp:term":[{"taxonomy":"category","embeddable":true,"href":"https:\/\/www.pmpf.rs.gov.br\/secretaria-de-planejamento\/wp-json\/wp\/v2\/categories?post=1372"},{"taxonomy":"post_tag","embeddable":true,"href":"https:\/\/www.pmpf.rs.gov.br\/secretaria-de-planejamento\/wp-json\/wp\/v2\/tags?post=1372"}],"curies":[{"name":"wp","href":"https:\/\/api.w.org\/{rel}","templated":true}]}}