{"id":1258,"date":"2023-05-18T17:19:24","date_gmt":"2023-05-18T20:19:24","guid":{"rendered":"https:\/\/www.pmpf.rs.gov.br\/secretaria-de-planejamento\/?p=1258"},"modified":"2023-05-18T17:19:25","modified_gmt":"2023-05-18T20:19:25","slug":"prefeitura-reforca-como-ocorrem-as-etapas-de-revitalizacao-do-parque-linear-da-avenida-brasil","status":"publish","type":"post","link":"https:\/\/www.pmpf.rs.gov.br\/secretaria-de-planejamento\/2023\/05\/18\/prefeitura-reforca-como-ocorrem-as-etapas-de-revitalizacao-do-parque-linear-da-avenida-brasil\/","title":{"rendered":"Prefeitura refor\u00e7a como ocorrem as etapas de revitaliza\u00e7\u00e3o do Parque Linear da Avenida Brasil"},"content":{"rendered":"\n<p><br><br>A revitaliza\u00e7\u00e3o do Parque Linear da Avenida Brasil teve in\u00edcio em fevereiro deste ano. A fim de ampliar o conhecimento sobre as obras, a Prefeitura segue realizando um trabalho de apresenta\u00e7\u00e3o do projeto com o objetivo de esclarecer tamb\u00e9m as etapas e interven\u00e7\u00f5es necess\u00e1rias.<br><br>Nesta semana, o projeto foi apresentado pela Secretaria de Planejamento (SEPLAN) ao Minist\u00e9rio P\u00fablico. \u201cNosso intuito \u00e9 que a comunidade saiba qual \u00e9 a proposta para o Parque Linear da Avenida Brasil e como ele ficar\u00e1. Al\u00e9m disso, que compreenda como ser\u00e1 o andamento das obras\u201d, afirma o secret\u00e1rio da pasta, Giezi Schneider.<br><br>O Parque Linear da Avenida Brasil tem uma perspectiva tem\u00e1tica, em que cada canteiro ter\u00e1 caracter\u00edsticas e funcionalidades espec\u00edficas. As obras envolvem 10 canteiros, iniciando na Rua Capit\u00e3o Ara\u00fajo, no Centro, e se estendendo at\u00e9 a Rua Livramento, no Boqueir\u00e3o.<br><br>Desenvolvido pela Secretaria Municipal de Planejamento, o projeto preserva a maneira como a popula\u00e7\u00e3o j\u00e1 utiliza os canteiros, adicionando novas possibilidades, como explica Giezi. \u201cO projeto contempla a constru\u00e7\u00e3o de canteiros por tem\u00e1tica, a fim de respeitar os usos e ocupa\u00e7\u00f5es atuais. Queremos criar espa\u00e7os ainda mais democr\u00e1ticos e acess\u00edveis a toda popula\u00e7\u00e3o, para diferentes interesses e que nos ajudem a preservar a cidade\u201d, pontua,<br><br>A execu\u00e7\u00e3o foi dividida em tr\u00eas etapas, cada uma com dura\u00e7\u00e3o de cinco meses: a primeira, que j\u00e1 est\u00e1 acontecendo, abranger\u00e1 os canteiros 1, 2 e 3; a segunda, com previs\u00e3o para iniciar entre os meses de julho e agosto, ser\u00e1 nos canteiros 4, 5 e 6. J\u00e1 a terceira, que dever\u00e1 come\u00e7ar em janeiro do ano que vem, ser\u00e1 nos canteiros 7, 8, 9 e 10.<br><br>Entre outras interven\u00e7\u00f5es previstas e que v\u00e3o se perpetuar em todos os canteiros, est\u00e3o: a separa\u00e7\u00e3o da ciclovia e do caminh\u00f3dromo para proporcionar mais seguran\u00e7a aos usu\u00e1rios; a instala\u00e7\u00e3o de novos equipamentos e mobili\u00e1rios; a revitaliza\u00e7\u00e3o dos passeios e meios-fios; ilumina\u00e7\u00e3o; internet Wi-Fi.<br><br>O promotor de Justi\u00e7a Paulo Cirne avaliou os impactos da revitaliza\u00e7\u00e3o no dia a dia das pessoas. \u201cO projeto representa uma nova \u00e1rea de lazer para a cidade, transformando o que eram apenas canteiros em diversas \u00e1reas que, somadas, formam o parque\u201d, disse.<\/p>\n\n\n\n<p><strong>\u00c1rvores<\/strong><br><br>Ao falar sobre o projeto, o secret\u00e1rio de Planejamento destacou que um dos principais pontos \u00e9 o aumento da arboriza\u00e7\u00e3o em cerca de 25% com a manuten\u00e7\u00e3o da maioria das \u00e1rvores e a substitui\u00e7\u00e3o de outras. \u201cEsse \u00e9 um ponto importante: s\u00e3o removidas somente algumas \u00e1rvores de ligustro, que n\u00e3o s\u00e3o nativas e, mesmo assim, em caso de extrema necessidade. Algumas delas, inclusive, est\u00e3o secas. Na sequ\u00eancia, faremos o plantio de novas \u00e1rvores, conversando com o projeto\u201d, salientou.<br><br>Conforme o promotor, a remo\u00e7\u00e3o das \u00e1rvores mencionadas e posterior substitui\u00e7\u00e3o s\u00e3o medidas j\u00e1 elucidadas. \u201cPara essa transforma\u00e7\u00e3o, houve a remo\u00e7\u00e3o de algumas \u00e1rvores, sendo que foi esclarecida pela Procuradoria Geral do Munic\u00edpio e pela Seplan a motiva\u00e7\u00e3o dessa supress\u00e3o. Foi demonstrado que as \u00e1rvores retiradas ser\u00e3o repostas\u201d, pontuou.<\/p>\n","protected":false},"excerpt":{"rendered":"<p>As obras est\u00e3o acontecendo desde fevereiro deste ano e abranger\u00e3o um total de 10 canteiros, entre o Centro e o Bairro Boqueir\u00e3o, com in\u00fameras possibilidades de ocupa\u00e7\u00e3o pela comunidade<\/p>\n","protected":false},"author":6,"featured_media":1259,"comment_status":"closed","ping_status":"closed","sticky":true,"template":"","format":"standard","meta":{"footnotes":""},"categories":[1],"tags":[],"class_list":["post-1258","post","type-post","status-publish","format-standard","has-post-thumbnail","hentry","category-sem-categoria"],"yoast_head":"<!-- This site is optimized with the Yoast SEO plugin v23.8 - https:\/\/yoast.com\/wordpress\/plugins\/seo\/ -->\n<title>Prefeitura refor\u00e7a como ocorrem as etapas de revitaliza\u00e7\u00e3o do Parque Linear da Avenida Brasil - Secretaria de Planejamento<\/title>\n<meta name=\"robots\" content=\"index, follow, max-snippet:-1, max-image-preview:large, max-video-preview:-1\" \/>\n<link rel=\"canonical\" href=\"https:\/\/www.pmpf.rs.gov.br\/secretaria-de-planejamento\/2023\/05\/18\/prefeitura-reforca-como-ocorrem-as-etapas-de-revitalizacao-do-parque-linear-da-avenida-brasil\/\" \/>\n<meta property=\"og:locale\" content=\"pt_BR\" \/>\n<meta property=\"og:type\" content=\"article\" \/>\n<meta property=\"og:title\" content=\"Prefeitura refor\u00e7a como ocorrem as etapas de revitaliza\u00e7\u00e3o do Parque Linear da Avenida Brasil - Secretaria de Planejamento\" \/>\n<meta property=\"og:description\" content=\"As obras est\u00e3o acontecendo desde fevereiro deste ano e abranger\u00e3o um total de 10 canteiros, entre o Centro e o Bairro Boqueir\u00e3o, com in\u00fameras possibilidades de ocupa\u00e7\u00e3o pela comunidade\" \/>\n<meta property=\"og:url\" content=\"https:\/\/www.pmpf.rs.gov.br\/secretaria-de-planejamento\/2023\/05\/18\/prefeitura-reforca-como-ocorrem-as-etapas-de-revitalizacao-do-parque-linear-da-avenida-brasil\/\" \/>\n<meta property=\"og:site_name\" content=\"Secretaria de Planejamento\" \/>\n<meta property=\"article:published_time\" content=\"2023-05-18T20:19:24+00:00\" \/>\n<meta property=\"article:modified_time\" content=\"2023-05-18T20:19:25+00:00\" \/>\n<meta name=\"author\" content=\"andressazorzetto07\" \/>\n<meta name=\"twitter:card\" content=\"summary_large_image\" \/>\n<meta name=\"twitter:label1\" content=\"Escrito por\" \/>\n\t<meta name=\"twitter:data1\" content=\"andressazorzetto07\" \/>\n\t<meta name=\"twitter:label2\" content=\"Est. tempo de leitura\" \/>\n\t<meta name=\"twitter:data2\" content=\"3 minutos\" \/>\n<script type=\"application\/ld+json\" class=\"yoast-schema-graph\">{\"@context\":\"https:\/\/schema.org\",\"@graph\":[{\"@type\":\"WebPage\",\"@id\":\"https:\/\/www.pmpf.rs.gov.br\/secretaria-de-planejamento\/2023\/05\/18\/prefeitura-reforca-como-ocorrem-as-etapas-de-revitalizacao-do-parque-linear-da-avenida-brasil\/\",\"url\":\"https:\/\/www.pmpf.rs.gov.br\/secretaria-de-planejamento\/2023\/05\/18\/prefeitura-reforca-como-ocorrem-as-etapas-de-revitalizacao-do-parque-linear-da-avenida-brasil\/\",\"name\":\"Prefeitura refor\u00e7a como ocorrem as etapas de revitaliza\u00e7\u00e3o do Parque Linear da Avenida Brasil - Secretaria de Planejamento\",\"isPartOf\":{\"@id\":\"https:\/\/www.pmpf.rs.gov.br\/secretaria-de-planejamento\/#website\"},\"primaryImageOfPage\":{\"@id\":\"https:\/\/www.pmpf.rs.gov.br\/secretaria-de-planejamento\/2023\/05\/18\/prefeitura-reforca-como-ocorrem-as-etapas-de-revitalizacao-do-parque-linear-da-avenida-brasil\/#primaryimage\"},\"image\":{\"@id\":\"https:\/\/www.pmpf.rs.gov.br\/secretaria-de-planejamento\/2023\/05\/18\/prefeitura-reforca-como-ocorrem-as-etapas-de-revitalizacao-do-parque-linear-da-avenida-brasil\/#primaryimage\"},\"thumbnailUrl\":\"https:\/\/www.pmpf.rs.gov.br\/secretaria-de-planejamento\/wp-content\/uploads\/sites\/52\/2023\/05\/parque-linear-apresentacao.jpeg\",\"datePublished\":\"2023-05-18T20:19:24+00:00\",\"dateModified\":\"2023-05-18T20:19:25+00:00\",\"author\":{\"@id\":\"https:\/\/www.pmpf.rs.gov.br\/secretaria-de-planejamento\/#\/schema\/person\/30ee1d1bd74da1469b01fcf086e43351\"},\"breadcrumb\":{\"@id\":\"https:\/\/www.pmpf.rs.gov.br\/secretaria-de-planejamento\/2023\/05\/18\/prefeitura-reforca-como-ocorrem-as-etapas-de-revitalizacao-do-parque-linear-da-avenida-brasil\/#breadcrumb\"},\"inLanguage\":\"pt-BR\",\"potentialAction\":[{\"@type\":\"ReadAction\",\"target\":[\"https:\/\/www.pmpf.rs.gov.br\/secretaria-de-planejamento\/2023\/05\/18\/prefeitura-reforca-como-ocorrem-as-etapas-de-revitalizacao-do-parque-linear-da-avenida-brasil\/\"]}]},{\"@type\":\"ImageObject\",\"inLanguage\":\"pt-BR\",\"@id\":\"https:\/\/www.pmpf.rs.gov.br\/secretaria-de-planejamento\/2023\/05\/18\/prefeitura-reforca-como-ocorrem-as-etapas-de-revitalizacao-do-parque-linear-da-avenida-brasil\/#primaryimage\",\"url\":\"https:\/\/www.pmpf.rs.gov.br\/secretaria-de-planejamento\/wp-content\/uploads\/sites\/52\/2023\/05\/parque-linear-apresentacao.jpeg\",\"contentUrl\":\"https:\/\/www.pmpf.rs.gov.br\/secretaria-de-planejamento\/wp-content\/uploads\/sites\/52\/2023\/05\/parque-linear-apresentacao.jpeg\",\"width\":1600,\"height\":1066},{\"@type\":\"BreadcrumbList\",\"@id\":\"https:\/\/www.pmpf.rs.gov.br\/secretaria-de-planejamento\/2023\/05\/18\/prefeitura-reforca-como-ocorrem-as-etapas-de-revitalizacao-do-parque-linear-da-avenida-brasil\/#breadcrumb\",\"itemListElement\":[{\"@type\":\"ListItem\",\"position\":1,\"name\":\"In\u00edcio\",\"item\":\"https:\/\/www.pmpf.rs.gov.br\/secretaria-de-planejamento\/\"},{\"@type\":\"ListItem\",\"position\":2,\"name\":\"Prefeitura refor\u00e7a como ocorrem as etapas de revitaliza\u00e7\u00e3o do Parque Linear da Avenida Brasil\"}]},{\"@type\":\"WebSite\",\"@id\":\"https:\/\/www.pmpf.rs.gov.br\/secretaria-de-planejamento\/#website\",\"url\":\"https:\/\/www.pmpf.rs.gov.br\/secretaria-de-planejamento\/\",\"name\":\"Secretaria de Planejamento\",\"description\":\"S\u00f3 mais um site Prefeitura de Passo Fundo\",\"potentialAction\":[{\"@type\":\"SearchAction\",\"target\":{\"@type\":\"EntryPoint\",\"urlTemplate\":\"https:\/\/www.pmpf.rs.gov.br\/secretaria-de-planejamento\/?s={search_term_string}\"},\"query-input\":{\"@type\":\"PropertyValueSpecification\",\"valueRequired\":true,\"valueName\":\"search_term_string\"}}],\"inLanguage\":\"pt-BR\"},{\"@type\":\"Person\",\"@id\":\"https:\/\/www.pmpf.rs.gov.br\/secretaria-de-planejamento\/#\/schema\/person\/30ee1d1bd74da1469b01fcf086e43351\",\"name\":\"andressazorzetto07\",\"image\":{\"@type\":\"ImageObject\",\"inLanguage\":\"pt-BR\",\"@id\":\"https:\/\/www.pmpf.rs.gov.br\/secretaria-de-planejamento\/#\/schema\/person\/image\/\",\"url\":\"https:\/\/secure.gravatar.com\/avatar\/14c5458ed79dc81da99a13b9ff5f9f19?s=96&d=mm&r=g\",\"contentUrl\":\"https:\/\/secure.gravatar.com\/avatar\/14c5458ed79dc81da99a13b9ff5f9f19?s=96&d=mm&r=g\",\"caption\":\"andressazorzetto07\"},\"url\":\"https:\/\/www.pmpf.rs.gov.br\/secretaria-de-planejamento\/author\/andressazorzetto07\/\"}]}<\/script>\n<!-- \/ Yoast SEO plugin. -->","yoast_head_json":{"title":"Prefeitura refor\u00e7a como ocorrem as etapas de revitaliza\u00e7\u00e3o do Parque Linear da Avenida Brasil - Secretaria de Planejamento","robots":{"index":"index","follow":"follow","max-snippet":"max-snippet:-1","max-image-preview":"max-image-preview:large","max-video-preview":"max-video-preview:-1"},"canonical":"https:\/\/www.pmpf.rs.gov.br\/secretaria-de-planejamento\/2023\/05\/18\/prefeitura-reforca-como-ocorrem-as-etapas-de-revitalizacao-do-parque-linear-da-avenida-brasil\/","og_locale":"pt_BR","og_type":"article","og_title":"Prefeitura refor\u00e7a como ocorrem as etapas de revitaliza\u00e7\u00e3o do Parque Linear da Avenida Brasil - Secretaria de Planejamento","og_description":"As obras est\u00e3o acontecendo desde fevereiro deste ano e abranger\u00e3o um total de 10 canteiros, entre o Centro e o Bairro Boqueir\u00e3o, com in\u00fameras possibilidades de ocupa\u00e7\u00e3o pela comunidade","og_url":"https:\/\/www.pmpf.rs.gov.br\/secretaria-de-planejamento\/2023\/05\/18\/prefeitura-reforca-como-ocorrem-as-etapas-de-revitalizacao-do-parque-linear-da-avenida-brasil\/","og_site_name":"Secretaria de Planejamento","article_published_time":"2023-05-18T20:19:24+00:00","article_modified_time":"2023-05-18T20:19:25+00:00","author":"andressazorzetto07","twitter_card":"summary_large_image","twitter_misc":{"Escrito por":"andressazorzetto07","Est. tempo de leitura":"3 minutos"},"schema":{"@context":"https:\/\/schema.org","@graph":[{"@type":"WebPage","@id":"https:\/\/www.pmpf.rs.gov.br\/secretaria-de-planejamento\/2023\/05\/18\/prefeitura-reforca-como-ocorrem-as-etapas-de-revitalizacao-do-parque-linear-da-avenida-brasil\/","url":"https:\/\/www.pmpf.rs.gov.br\/secretaria-de-planejamento\/2023\/05\/18\/prefeitura-reforca-como-ocorrem-as-etapas-de-revitalizacao-do-parque-linear-da-avenida-brasil\/","name":"Prefeitura refor\u00e7a como ocorrem as etapas de revitaliza\u00e7\u00e3o do Parque Linear da Avenida Brasil - Secretaria de Planejamento","isPartOf":{"@id":"https:\/\/www.pmpf.rs.gov.br\/secretaria-de-planejamento\/#website"},"primaryImageOfPage":{"@id":"https:\/\/www.pmpf.rs.gov.br\/secretaria-de-planejamento\/2023\/05\/18\/prefeitura-reforca-como-ocorrem-as-etapas-de-revitalizacao-do-parque-linear-da-avenida-brasil\/#primaryimage"},"image":{"@id":"https:\/\/www.pmpf.rs.gov.br\/secretaria-de-planejamento\/2023\/05\/18\/prefeitura-reforca-como-ocorrem-as-etapas-de-revitalizacao-do-parque-linear-da-avenida-brasil\/#primaryimage"},"thumbnailUrl":"https:\/\/www.pmpf.rs.gov.br\/secretaria-de-planejamento\/wp-content\/uploads\/sites\/52\/2023\/05\/parque-linear-apresentacao.jpeg","datePublished":"2023-05-18T20:19:24+00:00","dateModified":"2023-05-18T20:19:25+00:00","author":{"@id":"https:\/\/www.pmpf.rs.gov.br\/secretaria-de-planejamento\/#\/schema\/person\/30ee1d1bd74da1469b01fcf086e43351"},"breadcrumb":{"@id":"https:\/\/www.pmpf.rs.gov.br\/secretaria-de-planejamento\/2023\/05\/18\/prefeitura-reforca-como-ocorrem-as-etapas-de-revitalizacao-do-parque-linear-da-avenida-brasil\/#breadcrumb"},"inLanguage":"pt-BR","potentialAction":[{"@type":"ReadAction","target":["https:\/\/www.pmpf.rs.gov.br\/secretaria-de-planejamento\/2023\/05\/18\/prefeitura-reforca-como-ocorrem-as-etapas-de-revitalizacao-do-parque-linear-da-avenida-brasil\/"]}]},{"@type":"ImageObject","inLanguage":"pt-BR","@id":"https:\/\/www.pmpf.rs.gov.br\/secretaria-de-planejamento\/2023\/05\/18\/prefeitura-reforca-como-ocorrem-as-etapas-de-revitalizacao-do-parque-linear-da-avenida-brasil\/#primaryimage","url":"https:\/\/www.pmpf.rs.gov.br\/secretaria-de-planejamento\/wp-content\/uploads\/sites\/52\/2023\/05\/parque-linear-apresentacao.jpeg","contentUrl":"https:\/\/www.pmpf.rs.gov.br\/secretaria-de-planejamento\/wp-content\/uploads\/sites\/52\/2023\/05\/parque-linear-apresentacao.jpeg","width":1600,"height":1066},{"@type":"BreadcrumbList","@id":"https:\/\/www.pmpf.rs.gov.br\/secretaria-de-planejamento\/2023\/05\/18\/prefeitura-reforca-como-ocorrem-as-etapas-de-revitalizacao-do-parque-linear-da-avenida-brasil\/#breadcrumb","itemListElement":[{"@type":"ListItem","position":1,"name":"In\u00edcio","item":"https:\/\/www.pmpf.rs.gov.br\/secretaria-de-planejamento\/"},{"@type":"ListItem","position":2,"name":"Prefeitura refor\u00e7a como ocorrem as etapas de revitaliza\u00e7\u00e3o do Parque Linear da Avenida Brasil"}]},{"@type":"WebSite","@id":"https:\/\/www.pmpf.rs.gov.br\/secretaria-de-planejamento\/#website","url":"https:\/\/www.pmpf.rs.gov.br\/secretaria-de-planejamento\/","name":"Secretaria de Planejamento","description":"S\u00f3 mais um site Prefeitura de Passo Fundo","potentialAction":[{"@type":"SearchAction","target":{"@type":"EntryPoint","urlTemplate":"https:\/\/www.pmpf.rs.gov.br\/secretaria-de-planejamento\/?s={search_term_string}"},"query-input":{"@type":"PropertyValueSpecification","valueRequired":true,"valueName":"search_term_string"}}],"inLanguage":"pt-BR"},{"@type":"Person","@id":"https:\/\/www.pmpf.rs.gov.br\/secretaria-de-planejamento\/#\/schema\/person\/30ee1d1bd74da1469b01fcf086e43351","name":"andressazorzetto07","image":{"@type":"ImageObject","inLanguage":"pt-BR","@id":"https:\/\/www.pmpf.rs.gov.br\/secretaria-de-planejamento\/#\/schema\/person\/image\/","url":"https:\/\/secure.gravatar.com\/avatar\/14c5458ed79dc81da99a13b9ff5f9f19?s=96&d=mm&r=g","contentUrl":"https:\/\/secure.gravatar.com\/avatar\/14c5458ed79dc81da99a13b9ff5f9f19?s=96&d=mm&r=g","caption":"andressazorzetto07"},"url":"https:\/\/www.pmpf.rs.gov.br\/secretaria-de-planejamento\/author\/andressazorzetto07\/"}]}},"_links":{"self":[{"href":"https:\/\/www.pmpf.rs.gov.br\/secretaria-de-planejamento\/wp-json\/wp\/v2\/posts\/1258"}],"collection":[{"href":"https:\/\/www.pmpf.rs.gov.br\/secretaria-de-planejamento\/wp-json\/wp\/v2\/posts"}],"about":[{"href":"https:\/\/www.pmpf.rs.gov.br\/secretaria-de-planejamento\/wp-json\/wp\/v2\/types\/post"}],"author":[{"embeddable":true,"href":"https:\/\/www.pmpf.rs.gov.br\/secretaria-de-planejamento\/wp-json\/wp\/v2\/users\/6"}],"replies":[{"embeddable":true,"href":"https:\/\/www.pmpf.rs.gov.br\/secretaria-de-planejamento\/wp-json\/wp\/v2\/comments?post=1258"}],"version-history":[{"count":1,"href":"https:\/\/www.pmpf.rs.gov.br\/secretaria-de-planejamento\/wp-json\/wp\/v2\/posts\/1258\/revisions"}],"predecessor-version":[{"id":1260,"href":"https:\/\/www.pmpf.rs.gov.br\/secretaria-de-planejamento\/wp-json\/wp\/v2\/posts\/1258\/revisions\/1260"}],"wp:featuredmedia":[{"embeddable":true,"href":"https:\/\/www.pmpf.rs.gov.br\/secretaria-de-planejamento\/wp-json\/wp\/v2\/media\/1259"}],"wp:attachment":[{"href":"https:\/\/www.pmpf.rs.gov.br\/secretaria-de-planejamento\/wp-json\/wp\/v2\/media?parent=1258"}],"wp:term":[{"taxonomy":"category","embeddable":true,"href":"https:\/\/www.pmpf.rs.gov.br\/secretaria-de-planejamento\/wp-json\/wp\/v2\/categories?post=1258"},{"taxonomy":"post_tag","embeddable":true,"href":"https:\/\/www.pmpf.rs.gov.br\/secretaria-de-planejamento\/wp-json\/wp\/v2\/tags?post=1258"}],"curies":[{"name":"wp","href":"https:\/\/api.w.org\/{rel}","templated":true}]}}