{"id":1218,"date":"2023-01-11T11:03:45","date_gmt":"2023-01-11T14:03:45","guid":{"rendered":"https:\/\/www.pmpf.rs.gov.br\/secretaria-de-planejamento\/?p=1218"},"modified":"2023-01-11T11:03:45","modified_gmt":"2023-01-11T14:03:45","slug":"prefeito-entrega-obras-no-parque-de-rodeios","status":"publish","type":"post","link":"https:\/\/www.pmpf.rs.gov.br\/secretaria-de-planejamento\/2023\/01\/11\/prefeito-entrega-obras-no-parque-de-rodeios\/","title":{"rendered":"<strong>Prefeito entrega obras no Parque de Rodeios<\/strong>"},"content":{"rendered":"\n<p><br>Nesta quarta-feira (11), o prefeito de Passo Fundo, Pedro Almeida, realizou uma visita t\u00e9cnica no Parque de Rodeios para entregar obras conclu\u00eddas no local. A revitaliza\u00e7\u00e3o do espa\u00e7o faz parte de um pacote de melhorias que est\u00e3o sendo realizadas pela Prefeitura no Complexo Tur\u00edstico da Rosel\u00e2ndia.<br><br>A visita aconteceu com a presen\u00e7a de secret\u00e1rios municipais das pastas envolvidas nas obras, coordenadores da 7\u00aa Regi\u00e3o Tradicionalista, Alessandro Gradaschi e Verceli de Oliveira, e vereador Evandro Meireles. Neste momento, foram finalizadas as interven\u00e7\u00f5es previstas na primeira etapa de revitaliza\u00e7\u00e3o do Parque de Rodeios. \u201cEssa era uma reivindica\u00e7\u00e3o da comunidade tradicionalista e que conseguimos atender. Teremos mais a\u00e7\u00f5es para melhorar o parque e adequ\u00e1-lo \u00e0s necessidades exigidas para grande eventos. Teremos uma \u00e1rea campeira de refer\u00eancia no Estado e um espa\u00e7o cada vez mais atrativo para receber diferentes p\u00fablicos e atividades de turismo\u201d, destacou o prefeito.<br><br>Para o coordenador da 7\u00aa RT, Alessandro Gradaschi, a valoriza\u00e7\u00e3o do espa\u00e7o demonstra a aten\u00e7\u00e3o do poder p\u00fablico ao setor. \u201c\u00c9 uma obra de todos, mas o empenho do prefeito Pedro Almeida se destaca pelo seu conhecimento e envolvimento com a causa tradicionalista. Hoje, a nossa estrutura para eventos \u00e9 muito superior. Posso afirmar que sa\u00edmos do zero e estamos na frente. S\u00f3 temos a agradecer\u201d, disse.<br><br>Foram entregues os servi\u00e7os na parte da \u00e1rea campeira, com interven\u00e7\u00f5es no acesso, constru\u00e7\u00e3o de novo muro e nova porteira, conserto e coloca\u00e7\u00e3o de cercas, nova plataforma com dois n\u00edveis de altura e rampa para descarregamento dos animais. Al\u00e9m disso, o novo local de inspe\u00e7\u00e3o dos animais recebeu a infraestrutura exigida pela Inspe\u00e7\u00e3o Veterin\u00e1ria do Estado e agora conta com um cont\u00eainer que possui energia el\u00e9trica, tomadas, internet e banheiro.<\/p>\n\n\n\n<p>Tamb\u00e9m foram realizadas reformas nos port\u00f5es de acessos internos do parque; instala\u00e7\u00e3o de estrutura de concreto para prevenir a fuga de animais para fora do parque; nova cobertura ao lado da pista para proteger os animais do sol durante os torneios de tiro de la\u00e7o; e cercamento geral do Parque de Rodeios com aproximadamente 850 metros lineares, delimitando e ampliando a seguran\u00e7a do local.<\/p>\n\n\n\n<p>A entrega das melhorias envolveu as secretarias de Capta\u00e7\u00e3o de Recursos, Planejamento, Obras, Servi\u00e7os Gerais, Cidadania e Assist\u00eancia Social, Agricultura e Desenvolvimento Rural e Cultura.<\/p>\n\n\n\n<p>Em breve, a Prefeitura iniciar\u00e1 a segunda etapa de obras no local, com interven\u00e7\u00f5es na areia na cancha de la\u00e7o, revitaliza\u00e7\u00e3o do p\u00f3rtico e da estrutura destinada aos narradores, nova secretaria e cabine de ju\u00edzes e reforma da churrasqueira.<\/p>\n\n\n\n<p><br><strong>Novas instala\u00e7\u00f5es recebem o FECARS ne<\/strong><strong>ste fim<\/strong><strong> de semana<\/strong><\/p>\n\n\n\n<p>A estrutura revitalizada j\u00e1 receber\u00e1 a etapa regional da Festa Campeira do Rio Grande do Sul (FECARS), nos dias 13, 14 e 15 de janeiro. No Parque de Rodeios da Rosel\u00e2ndia, acontecer\u00e3o provas campeiras em v\u00e1rias modalidades, al\u00e9m de vaca parada com crian\u00e7as a partir de 4 anos, jogos campeiros, campeonato de truco e evento cultural com pe\u00f5es.<\/p>\n\n\n\n<p><strong>Fotos: Michel Sanderi<\/strong><\/p>\n","protected":false},"excerpt":{"rendered":"<p>Melhorias fazem parte de um pacote de obras que est\u00e1 sendo realizado no Complexo Tur\u00edstico da Rosel\u00e2ndia<\/p>\n","protected":false},"author":6,"featured_media":1219,"comment_status":"closed","ping_status":"closed","sticky":true,"template":"","format":"standard","meta":{"footnotes":""},"categories":[18],"tags":[],"class_list":["post-1218","post","type-post","status-publish","format-standard","has-post-thumbnail","hentry","category-complexo-turistico-roselandia"],"yoast_head":"<!-- This site is optimized with the Yoast SEO plugin v23.8 - https:\/\/yoast.com\/wordpress\/plugins\/seo\/ -->\n<title>Prefeito entrega obras no Parque de Rodeios - Secretaria de Planejamento<\/title>\n<meta name=\"robots\" content=\"index, follow, max-snippet:-1, max-image-preview:large, max-video-preview:-1\" \/>\n<link rel=\"canonical\" href=\"https:\/\/www.pmpf.rs.gov.br\/secretaria-de-planejamento\/2023\/01\/11\/prefeito-entrega-obras-no-parque-de-rodeios\/\" \/>\n<meta property=\"og:locale\" content=\"pt_BR\" \/>\n<meta property=\"og:type\" content=\"article\" \/>\n<meta property=\"og:title\" content=\"Prefeito entrega obras no Parque de Rodeios - Secretaria de Planejamento\" \/>\n<meta property=\"og:description\" content=\"Melhorias fazem parte de um pacote de obras que est\u00e1 sendo realizado no Complexo Tur\u00edstico da Rosel\u00e2ndia\" \/>\n<meta property=\"og:url\" content=\"https:\/\/www.pmpf.rs.gov.br\/secretaria-de-planejamento\/2023\/01\/11\/prefeito-entrega-obras-no-parque-de-rodeios\/\" \/>\n<meta property=\"og:site_name\" content=\"Secretaria de Planejamento\" \/>\n<meta property=\"article:published_time\" content=\"2023-01-11T14:03:45+00:00\" \/>\n<meta name=\"author\" content=\"andressazorzetto07\" \/>\n<meta name=\"twitter:card\" content=\"summary_large_image\" \/>\n<meta name=\"twitter:label1\" content=\"Escrito por\" \/>\n\t<meta name=\"twitter:data1\" content=\"andressazorzetto07\" \/>\n\t<meta name=\"twitter:label2\" content=\"Est. tempo de leitura\" \/>\n\t<meta name=\"twitter:data2\" content=\"3 minutos\" \/>\n<script type=\"application\/ld+json\" class=\"yoast-schema-graph\">{\"@context\":\"https:\/\/schema.org\",\"@graph\":[{\"@type\":\"WebPage\",\"@id\":\"https:\/\/www.pmpf.rs.gov.br\/secretaria-de-planejamento\/2023\/01\/11\/prefeito-entrega-obras-no-parque-de-rodeios\/\",\"url\":\"https:\/\/www.pmpf.rs.gov.br\/secretaria-de-planejamento\/2023\/01\/11\/prefeito-entrega-obras-no-parque-de-rodeios\/\",\"name\":\"Prefeito entrega obras no Parque de Rodeios - Secretaria de Planejamento\",\"isPartOf\":{\"@id\":\"https:\/\/www.pmpf.rs.gov.br\/secretaria-de-planejamento\/#website\"},\"primaryImageOfPage\":{\"@id\":\"https:\/\/www.pmpf.rs.gov.br\/secretaria-de-planejamento\/2023\/01\/11\/prefeito-entrega-obras-no-parque-de-rodeios\/#primaryimage\"},\"image\":{\"@id\":\"https:\/\/www.pmpf.rs.gov.br\/secretaria-de-planejamento\/2023\/01\/11\/prefeito-entrega-obras-no-parque-de-rodeios\/#primaryimage\"},\"thumbnailUrl\":\"https:\/\/www.pmpf.rs.gov.br\/secretaria-de-planejamento\/wp-content\/uploads\/sites\/52\/2023\/01\/parque-de-rodeios.jpg\",\"datePublished\":\"2023-01-11T14:03:45+00:00\",\"dateModified\":\"2023-01-11T14:03:45+00:00\",\"author\":{\"@id\":\"https:\/\/www.pmpf.rs.gov.br\/secretaria-de-planejamento\/#\/schema\/person\/30ee1d1bd74da1469b01fcf086e43351\"},\"breadcrumb\":{\"@id\":\"https:\/\/www.pmpf.rs.gov.br\/secretaria-de-planejamento\/2023\/01\/11\/prefeito-entrega-obras-no-parque-de-rodeios\/#breadcrumb\"},\"inLanguage\":\"pt-BR\",\"potentialAction\":[{\"@type\":\"ReadAction\",\"target\":[\"https:\/\/www.pmpf.rs.gov.br\/secretaria-de-planejamento\/2023\/01\/11\/prefeito-entrega-obras-no-parque-de-rodeios\/\"]}]},{\"@type\":\"ImageObject\",\"inLanguage\":\"pt-BR\",\"@id\":\"https:\/\/www.pmpf.rs.gov.br\/secretaria-de-planejamento\/2023\/01\/11\/prefeito-entrega-obras-no-parque-de-rodeios\/#primaryimage\",\"url\":\"https:\/\/www.pmpf.rs.gov.br\/secretaria-de-planejamento\/wp-content\/uploads\/sites\/52\/2023\/01\/parque-de-rodeios.jpg\",\"contentUrl\":\"https:\/\/www.pmpf.rs.gov.br\/secretaria-de-planejamento\/wp-content\/uploads\/sites\/52\/2023\/01\/parque-de-rodeios.jpg\",\"width\":1280,\"height\":853},{\"@type\":\"BreadcrumbList\",\"@id\":\"https:\/\/www.pmpf.rs.gov.br\/secretaria-de-planejamento\/2023\/01\/11\/prefeito-entrega-obras-no-parque-de-rodeios\/#breadcrumb\",\"itemListElement\":[{\"@type\":\"ListItem\",\"position\":1,\"name\":\"In\u00edcio\",\"item\":\"https:\/\/www.pmpf.rs.gov.br\/secretaria-de-planejamento\/\"},{\"@type\":\"ListItem\",\"position\":2,\"name\":\"Prefeito entrega obras no Parque de Rodeios\"}]},{\"@type\":\"WebSite\",\"@id\":\"https:\/\/www.pmpf.rs.gov.br\/secretaria-de-planejamento\/#website\",\"url\":\"https:\/\/www.pmpf.rs.gov.br\/secretaria-de-planejamento\/\",\"name\":\"Secretaria de Planejamento\",\"description\":\"S\u00f3 mais um site Prefeitura de Passo Fundo\",\"potentialAction\":[{\"@type\":\"SearchAction\",\"target\":{\"@type\":\"EntryPoint\",\"urlTemplate\":\"https:\/\/www.pmpf.rs.gov.br\/secretaria-de-planejamento\/?s={search_term_string}\"},\"query-input\":{\"@type\":\"PropertyValueSpecification\",\"valueRequired\":true,\"valueName\":\"search_term_string\"}}],\"inLanguage\":\"pt-BR\"},{\"@type\":\"Person\",\"@id\":\"https:\/\/www.pmpf.rs.gov.br\/secretaria-de-planejamento\/#\/schema\/person\/30ee1d1bd74da1469b01fcf086e43351\",\"name\":\"andressazorzetto07\",\"image\":{\"@type\":\"ImageObject\",\"inLanguage\":\"pt-BR\",\"@id\":\"https:\/\/www.pmpf.rs.gov.br\/secretaria-de-planejamento\/#\/schema\/person\/image\/\",\"url\":\"https:\/\/secure.gravatar.com\/avatar\/14c5458ed79dc81da99a13b9ff5f9f19?s=96&d=mm&r=g\",\"contentUrl\":\"https:\/\/secure.gravatar.com\/avatar\/14c5458ed79dc81da99a13b9ff5f9f19?s=96&d=mm&r=g\",\"caption\":\"andressazorzetto07\"},\"url\":\"https:\/\/www.pmpf.rs.gov.br\/secretaria-de-planejamento\/author\/andressazorzetto07\/\"}]}<\/script>\n<!-- \/ Yoast SEO plugin. -->","yoast_head_json":{"title":"Prefeito entrega obras no Parque de Rodeios - Secretaria de Planejamento","robots":{"index":"index","follow":"follow","max-snippet":"max-snippet:-1","max-image-preview":"max-image-preview:large","max-video-preview":"max-video-preview:-1"},"canonical":"https:\/\/www.pmpf.rs.gov.br\/secretaria-de-planejamento\/2023\/01\/11\/prefeito-entrega-obras-no-parque-de-rodeios\/","og_locale":"pt_BR","og_type":"article","og_title":"Prefeito entrega obras no Parque de Rodeios - Secretaria de Planejamento","og_description":"Melhorias fazem parte de um pacote de obras que est\u00e1 sendo realizado no Complexo Tur\u00edstico da Rosel\u00e2ndia","og_url":"https:\/\/www.pmpf.rs.gov.br\/secretaria-de-planejamento\/2023\/01\/11\/prefeito-entrega-obras-no-parque-de-rodeios\/","og_site_name":"Secretaria de Planejamento","article_published_time":"2023-01-11T14:03:45+00:00","author":"andressazorzetto07","twitter_card":"summary_large_image","twitter_misc":{"Escrito por":"andressazorzetto07","Est. tempo de leitura":"3 minutos"},"schema":{"@context":"https:\/\/schema.org","@graph":[{"@type":"WebPage","@id":"https:\/\/www.pmpf.rs.gov.br\/secretaria-de-planejamento\/2023\/01\/11\/prefeito-entrega-obras-no-parque-de-rodeios\/","url":"https:\/\/www.pmpf.rs.gov.br\/secretaria-de-planejamento\/2023\/01\/11\/prefeito-entrega-obras-no-parque-de-rodeios\/","name":"Prefeito entrega obras no Parque de Rodeios - Secretaria de Planejamento","isPartOf":{"@id":"https:\/\/www.pmpf.rs.gov.br\/secretaria-de-planejamento\/#website"},"primaryImageOfPage":{"@id":"https:\/\/www.pmpf.rs.gov.br\/secretaria-de-planejamento\/2023\/01\/11\/prefeito-entrega-obras-no-parque-de-rodeios\/#primaryimage"},"image":{"@id":"https:\/\/www.pmpf.rs.gov.br\/secretaria-de-planejamento\/2023\/01\/11\/prefeito-entrega-obras-no-parque-de-rodeios\/#primaryimage"},"thumbnailUrl":"https:\/\/www.pmpf.rs.gov.br\/secretaria-de-planejamento\/wp-content\/uploads\/sites\/52\/2023\/01\/parque-de-rodeios.jpg","datePublished":"2023-01-11T14:03:45+00:00","dateModified":"2023-01-11T14:03:45+00:00","author":{"@id":"https:\/\/www.pmpf.rs.gov.br\/secretaria-de-planejamento\/#\/schema\/person\/30ee1d1bd74da1469b01fcf086e43351"},"breadcrumb":{"@id":"https:\/\/www.pmpf.rs.gov.br\/secretaria-de-planejamento\/2023\/01\/11\/prefeito-entrega-obras-no-parque-de-rodeios\/#breadcrumb"},"inLanguage":"pt-BR","potentialAction":[{"@type":"ReadAction","target":["https:\/\/www.pmpf.rs.gov.br\/secretaria-de-planejamento\/2023\/01\/11\/prefeito-entrega-obras-no-parque-de-rodeios\/"]}]},{"@type":"ImageObject","inLanguage":"pt-BR","@id":"https:\/\/www.pmpf.rs.gov.br\/secretaria-de-planejamento\/2023\/01\/11\/prefeito-entrega-obras-no-parque-de-rodeios\/#primaryimage","url":"https:\/\/www.pmpf.rs.gov.br\/secretaria-de-planejamento\/wp-content\/uploads\/sites\/52\/2023\/01\/parque-de-rodeios.jpg","contentUrl":"https:\/\/www.pmpf.rs.gov.br\/secretaria-de-planejamento\/wp-content\/uploads\/sites\/52\/2023\/01\/parque-de-rodeios.jpg","width":1280,"height":853},{"@type":"BreadcrumbList","@id":"https:\/\/www.pmpf.rs.gov.br\/secretaria-de-planejamento\/2023\/01\/11\/prefeito-entrega-obras-no-parque-de-rodeios\/#breadcrumb","itemListElement":[{"@type":"ListItem","position":1,"name":"In\u00edcio","item":"https:\/\/www.pmpf.rs.gov.br\/secretaria-de-planejamento\/"},{"@type":"ListItem","position":2,"name":"Prefeito entrega obras no Parque de Rodeios"}]},{"@type":"WebSite","@id":"https:\/\/www.pmpf.rs.gov.br\/secretaria-de-planejamento\/#website","url":"https:\/\/www.pmpf.rs.gov.br\/secretaria-de-planejamento\/","name":"Secretaria de Planejamento","description":"S\u00f3 mais um site Prefeitura de Passo Fundo","potentialAction":[{"@type":"SearchAction","target":{"@type":"EntryPoint","urlTemplate":"https:\/\/www.pmpf.rs.gov.br\/secretaria-de-planejamento\/?s={search_term_string}"},"query-input":{"@type":"PropertyValueSpecification","valueRequired":true,"valueName":"search_term_string"}}],"inLanguage":"pt-BR"},{"@type":"Person","@id":"https:\/\/www.pmpf.rs.gov.br\/secretaria-de-planejamento\/#\/schema\/person\/30ee1d1bd74da1469b01fcf086e43351","name":"andressazorzetto07","image":{"@type":"ImageObject","inLanguage":"pt-BR","@id":"https:\/\/www.pmpf.rs.gov.br\/secretaria-de-planejamento\/#\/schema\/person\/image\/","url":"https:\/\/secure.gravatar.com\/avatar\/14c5458ed79dc81da99a13b9ff5f9f19?s=96&d=mm&r=g","contentUrl":"https:\/\/secure.gravatar.com\/avatar\/14c5458ed79dc81da99a13b9ff5f9f19?s=96&d=mm&r=g","caption":"andressazorzetto07"},"url":"https:\/\/www.pmpf.rs.gov.br\/secretaria-de-planejamento\/author\/andressazorzetto07\/"}]}},"_links":{"self":[{"href":"https:\/\/www.pmpf.rs.gov.br\/secretaria-de-planejamento\/wp-json\/wp\/v2\/posts\/1218"}],"collection":[{"href":"https:\/\/www.pmpf.rs.gov.br\/secretaria-de-planejamento\/wp-json\/wp\/v2\/posts"}],"about":[{"href":"https:\/\/www.pmpf.rs.gov.br\/secretaria-de-planejamento\/wp-json\/wp\/v2\/types\/post"}],"author":[{"embeddable":true,"href":"https:\/\/www.pmpf.rs.gov.br\/secretaria-de-planejamento\/wp-json\/wp\/v2\/users\/6"}],"replies":[{"embeddable":true,"href":"https:\/\/www.pmpf.rs.gov.br\/secretaria-de-planejamento\/wp-json\/wp\/v2\/comments?post=1218"}],"version-history":[{"count":1,"href":"https:\/\/www.pmpf.rs.gov.br\/secretaria-de-planejamento\/wp-json\/wp\/v2\/posts\/1218\/revisions"}],"predecessor-version":[{"id":1220,"href":"https:\/\/www.pmpf.rs.gov.br\/secretaria-de-planejamento\/wp-json\/wp\/v2\/posts\/1218\/revisions\/1220"}],"wp:featuredmedia":[{"embeddable":true,"href":"https:\/\/www.pmpf.rs.gov.br\/secretaria-de-planejamento\/wp-json\/wp\/v2\/media\/1219"}],"wp:attachment":[{"href":"https:\/\/www.pmpf.rs.gov.br\/secretaria-de-planejamento\/wp-json\/wp\/v2\/media?parent=1218"}],"wp:term":[{"taxonomy":"category","embeddable":true,"href":"https:\/\/www.pmpf.rs.gov.br\/secretaria-de-planejamento\/wp-json\/wp\/v2\/categories?post=1218"},{"taxonomy":"post_tag","embeddable":true,"href":"https:\/\/www.pmpf.rs.gov.br\/secretaria-de-planejamento\/wp-json\/wp\/v2\/tags?post=1218"}],"curies":[{"name":"wp","href":"https:\/\/api.w.org\/{rel}","templated":true}]}}