{"id":1214,"date":"2023-01-09T11:16:12","date_gmt":"2023-01-09T14:16:12","guid":{"rendered":"https:\/\/www.pmpf.rs.gov.br\/secretaria-de-planejamento\/?p=1214"},"modified":"2023-01-09T11:16:35","modified_gmt":"2023-01-09T14:16:35","slug":"prefeitura-instala-mais-seis-academias-ao-ar-livre-no-interior","status":"publish","type":"post","link":"https:\/\/www.pmpf.rs.gov.br\/secretaria-de-planejamento\/2023\/01\/09\/prefeitura-instala-mais-seis-academias-ao-ar-livre-no-interior\/","title":{"rendered":"<strong>Prefeitura instala mais seis academias ao ar livre no interior<\/strong>"},"content":{"rendered":"\n<p><\/p>\n\n\n\n<p><\/p>\n\n\n\n<p>Qualificar o interior de Passo Fundo com novos equipamentos p\u00fablicos \u00e9 uma das metas da Prefeitura. Pensando nisso, agora, todos os distritos contam com academia ao ar livre. Seis novos espa\u00e7os foram conclu\u00eddos nos \u00faltimos dias, viabilizando possibilidades de pr\u00e1tica de atividades f\u00edsicas e lazer \u00e0s comunidades.<\/p>\n\n\n\n<p>O prefeito, Pedro Almeida, enfatiza que, al\u00e9m de serem utilizados para exerc\u00edcios f\u00edsicos, os equipamentos ampliar\u00e3o a ocupa\u00e7\u00e3o das \u00e1reas p\u00fablicas. \u201cQueremos que a popula\u00e7\u00e3o conte com infraestrutura para viver a cidade. Assim foi com a entrega de 13 espa\u00e7os Viva a Pra\u00e7a nos bairros e ser\u00e1 com as seis novas academias ao ar livre no interior\u201d, disse.<\/p>\n\n\n\n<p>As novas academias ao ar livre foram instaladas em Pulador, Capinzal, Santo Ant\u00e3o, Nossa Senhora das Gra\u00e7as, Sede Independ\u00eancia e S\u00e3o Roque. Conforme o secret\u00e1rio de Planejamento, Giezi Schneider, os equipamentos proporcionam mais sa\u00fade e qualidade de vida para as comunidades. \u201cS\u00e3o ambientes prop\u00edcios para que as pessoas pratiquem atividades f\u00edsicas, permane\u00e7am, convivam, se apropriem e tenham prazer de estar em um local que \u00e9 de todos\u201d, pontuou.<\/p>\n\n\n\n<p>A aquisi\u00e7\u00e3o dos equipamentos foi fruto de uma emenda conquistada pela vereadora Eva Val\u00e9ria Lorenzato junto ao deputado federal Elvino Bohn Gass. De acordo com ela, a implanta\u00e7\u00e3o das academias ao ar livre \u00e9 um projeto que vai ao encontro das demandas das comunidades, especialmente, das mulheres do meio rural por mais sa\u00fade e lazer. \u201cAinda no in\u00edcio do nosso mandato, fomos procuradas por agricultoras que relataram a dificuldade para manter uma rotina de exerc\u00edcios f\u00edsicos, uma vez que, para isso acontecer, precisavam se deslocar para o meio urbano. Desde ent\u00e3o, passamos a articular essa iniciativa, que teve o apoio do deputado federal Elvino Bohn Gass, proponente do recurso, e tamb\u00e9m da Prefeitura, que acolheu nossa proposta e foi parceira para a efetiva\u00e7\u00e3o\u201d, afirmou.<\/p>\n\n\n\n<p><\/p>\n\n\n\n<p><strong>Passo Fundo em Movimento<\/strong><\/p>\n\n\n\n<p>Hoje, Passo Fundo j\u00e1 conta com cerca de 20 academias ao ar livre, na \u00e1rea urbana e no interior. A fim de valorizar ainda mais estes espa\u00e7os, a Prefeitura implementou, em 2021, o programa Passo Fundo em Movimento, que leva instrutores f\u00edsicos para auxiliar as pessoas na utiliza\u00e7\u00e3o dos equipamentos e na pr\u00e1tica de exerc\u00edcios guiados.<\/p>\n\n\n\n<p>O secret\u00e1rio de Esportes, Gilberto Bellaver, pontua que cinco bairros j\u00e1 receberam o programa e, com o novo chamamento p\u00fablico que est\u00e1 em efetiva\u00e7\u00e3o, oito comunidades ter\u00e3o a presen\u00e7a dos instrutores f\u00edsicos dentro de um cronograma semanal. Futuramente, a a\u00e7\u00e3o poder\u00e1 ser levada tamb\u00e9m para o interior. \u201cNesta segunda chamada, daremos prioridade a algumas academias da cidade. Nas pr\u00f3ximas, as novas academias poder\u00e3o ser contempladas\u201d, declarou.<\/p>\n","protected":false},"excerpt":{"rendered":"<p>Agora, todos os distritos do interior contam com os equipamentos p\u00fablicos, que levam possibilidades de pr\u00e1tica de exerc\u00edcios f\u00edsicos e lazer \u00e0s comunidades<\/p>\n","protected":false},"author":6,"featured_media":1216,"comment_status":"closed","ping_status":"closed","sticky":true,"template":"","format":"standard","meta":{"footnotes":""},"categories":[1],"tags":[],"class_list":["post-1214","post","type-post","status-publish","format-standard","has-post-thumbnail","hentry","category-sem-categoria"],"yoast_head":"<!-- This site is optimized with the Yoast SEO plugin v23.8 - https:\/\/yoast.com\/wordpress\/plugins\/seo\/ -->\n<title>Prefeitura instala mais seis academias ao ar livre no interior - Secretaria de Planejamento<\/title>\n<meta name=\"robots\" content=\"index, follow, max-snippet:-1, max-image-preview:large, max-video-preview:-1\" \/>\n<link rel=\"canonical\" href=\"https:\/\/www.pmpf.rs.gov.br\/secretaria-de-planejamento\/2023\/01\/09\/prefeitura-instala-mais-seis-academias-ao-ar-livre-no-interior\/\" \/>\n<meta property=\"og:locale\" content=\"pt_BR\" \/>\n<meta property=\"og:type\" content=\"article\" \/>\n<meta property=\"og:title\" content=\"Prefeitura instala mais seis academias ao ar livre no interior - Secretaria de Planejamento\" \/>\n<meta property=\"og:description\" content=\"Agora, todos os distritos do interior contam com os equipamentos p\u00fablicos, que levam possibilidades de pr\u00e1tica de exerc\u00edcios f\u00edsicos e lazer \u00e0s comunidades\" \/>\n<meta property=\"og:url\" content=\"https:\/\/www.pmpf.rs.gov.br\/secretaria-de-planejamento\/2023\/01\/09\/prefeitura-instala-mais-seis-academias-ao-ar-livre-no-interior\/\" \/>\n<meta property=\"og:site_name\" content=\"Secretaria de Planejamento\" \/>\n<meta property=\"article:published_time\" content=\"2023-01-09T14:16:12+00:00\" \/>\n<meta property=\"article:modified_time\" content=\"2023-01-09T14:16:35+00:00\" \/>\n<meta property=\"og:image\" content=\"https:\/\/www.pmpf.rs.gov.br\/secretaria-de-planejamento\/wp-content\/uploads\/sites\/52\/2023\/01\/6ea61527-2ee0-4503-9247-6c6fbf801b28.jpg\" \/>\n\t<meta property=\"og:image:width\" content=\"1600\" \/>\n\t<meta property=\"og:image:height\" content=\"1200\" \/>\n\t<meta property=\"og:image:type\" content=\"image\/jpeg\" \/>\n<meta name=\"author\" content=\"andressazorzetto07\" \/>\n<meta name=\"twitter:card\" content=\"summary_large_image\" \/>\n<meta name=\"twitter:label1\" content=\"Escrito por\" \/>\n\t<meta name=\"twitter:data1\" content=\"andressazorzetto07\" \/>\n\t<meta name=\"twitter:label2\" content=\"Est. tempo de leitura\" \/>\n\t<meta name=\"twitter:data2\" content=\"2 minutos\" \/>\n<script type=\"application\/ld+json\" class=\"yoast-schema-graph\">{\"@context\":\"https:\/\/schema.org\",\"@graph\":[{\"@type\":\"WebPage\",\"@id\":\"https:\/\/www.pmpf.rs.gov.br\/secretaria-de-planejamento\/2023\/01\/09\/prefeitura-instala-mais-seis-academias-ao-ar-livre-no-interior\/\",\"url\":\"https:\/\/www.pmpf.rs.gov.br\/secretaria-de-planejamento\/2023\/01\/09\/prefeitura-instala-mais-seis-academias-ao-ar-livre-no-interior\/\",\"name\":\"Prefeitura instala mais seis academias ao ar livre no interior - Secretaria de Planejamento\",\"isPartOf\":{\"@id\":\"https:\/\/www.pmpf.rs.gov.br\/secretaria-de-planejamento\/#website\"},\"primaryImageOfPage\":{\"@id\":\"https:\/\/www.pmpf.rs.gov.br\/secretaria-de-planejamento\/2023\/01\/09\/prefeitura-instala-mais-seis-academias-ao-ar-livre-no-interior\/#primaryimage\"},\"image\":{\"@id\":\"https:\/\/www.pmpf.rs.gov.br\/secretaria-de-planejamento\/2023\/01\/09\/prefeitura-instala-mais-seis-academias-ao-ar-livre-no-interior\/#primaryimage\"},\"thumbnailUrl\":\"https:\/\/www.pmpf.rs.gov.br\/secretaria-de-planejamento\/wp-content\/uploads\/sites\/52\/2023\/01\/6ea61527-2ee0-4503-9247-6c6fbf801b28.jpg\",\"datePublished\":\"2023-01-09T14:16:12+00:00\",\"dateModified\":\"2023-01-09T14:16:35+00:00\",\"author\":{\"@id\":\"https:\/\/www.pmpf.rs.gov.br\/secretaria-de-planejamento\/#\/schema\/person\/30ee1d1bd74da1469b01fcf086e43351\"},\"breadcrumb\":{\"@id\":\"https:\/\/www.pmpf.rs.gov.br\/secretaria-de-planejamento\/2023\/01\/09\/prefeitura-instala-mais-seis-academias-ao-ar-livre-no-interior\/#breadcrumb\"},\"inLanguage\":\"pt-BR\",\"potentialAction\":[{\"@type\":\"ReadAction\",\"target\":[\"https:\/\/www.pmpf.rs.gov.br\/secretaria-de-planejamento\/2023\/01\/09\/prefeitura-instala-mais-seis-academias-ao-ar-livre-no-interior\/\"]}]},{\"@type\":\"ImageObject\",\"inLanguage\":\"pt-BR\",\"@id\":\"https:\/\/www.pmpf.rs.gov.br\/secretaria-de-planejamento\/2023\/01\/09\/prefeitura-instala-mais-seis-academias-ao-ar-livre-no-interior\/#primaryimage\",\"url\":\"https:\/\/www.pmpf.rs.gov.br\/secretaria-de-planejamento\/wp-content\/uploads\/sites\/52\/2023\/01\/6ea61527-2ee0-4503-9247-6c6fbf801b28.jpg\",\"contentUrl\":\"https:\/\/www.pmpf.rs.gov.br\/secretaria-de-planejamento\/wp-content\/uploads\/sites\/52\/2023\/01\/6ea61527-2ee0-4503-9247-6c6fbf801b28.jpg\",\"width\":1600,\"height\":1200},{\"@type\":\"BreadcrumbList\",\"@id\":\"https:\/\/www.pmpf.rs.gov.br\/secretaria-de-planejamento\/2023\/01\/09\/prefeitura-instala-mais-seis-academias-ao-ar-livre-no-interior\/#breadcrumb\",\"itemListElement\":[{\"@type\":\"ListItem\",\"position\":1,\"name\":\"In\u00edcio\",\"item\":\"https:\/\/www.pmpf.rs.gov.br\/secretaria-de-planejamento\/\"},{\"@type\":\"ListItem\",\"position\":2,\"name\":\"Prefeitura instala mais seis academias ao ar livre no interior\"}]},{\"@type\":\"WebSite\",\"@id\":\"https:\/\/www.pmpf.rs.gov.br\/secretaria-de-planejamento\/#website\",\"url\":\"https:\/\/www.pmpf.rs.gov.br\/secretaria-de-planejamento\/\",\"name\":\"Secretaria de Planejamento\",\"description\":\"S\u00f3 mais um site Prefeitura de Passo Fundo\",\"potentialAction\":[{\"@type\":\"SearchAction\",\"target\":{\"@type\":\"EntryPoint\",\"urlTemplate\":\"https:\/\/www.pmpf.rs.gov.br\/secretaria-de-planejamento\/?s={search_term_string}\"},\"query-input\":{\"@type\":\"PropertyValueSpecification\",\"valueRequired\":true,\"valueName\":\"search_term_string\"}}],\"inLanguage\":\"pt-BR\"},{\"@type\":\"Person\",\"@id\":\"https:\/\/www.pmpf.rs.gov.br\/secretaria-de-planejamento\/#\/schema\/person\/30ee1d1bd74da1469b01fcf086e43351\",\"name\":\"andressazorzetto07\",\"image\":{\"@type\":\"ImageObject\",\"inLanguage\":\"pt-BR\",\"@id\":\"https:\/\/www.pmpf.rs.gov.br\/secretaria-de-planejamento\/#\/schema\/person\/image\/\",\"url\":\"https:\/\/secure.gravatar.com\/avatar\/14c5458ed79dc81da99a13b9ff5f9f19?s=96&d=mm&r=g\",\"contentUrl\":\"https:\/\/secure.gravatar.com\/avatar\/14c5458ed79dc81da99a13b9ff5f9f19?s=96&d=mm&r=g\",\"caption\":\"andressazorzetto07\"},\"url\":\"https:\/\/www.pmpf.rs.gov.br\/secretaria-de-planejamento\/author\/andressazorzetto07\/\"}]}<\/script>\n<!-- \/ Yoast SEO plugin. -->","yoast_head_json":{"title":"Prefeitura instala mais seis academias ao ar livre no interior - Secretaria de Planejamento","robots":{"index":"index","follow":"follow","max-snippet":"max-snippet:-1","max-image-preview":"max-image-preview:large","max-video-preview":"max-video-preview:-1"},"canonical":"https:\/\/www.pmpf.rs.gov.br\/secretaria-de-planejamento\/2023\/01\/09\/prefeitura-instala-mais-seis-academias-ao-ar-livre-no-interior\/","og_locale":"pt_BR","og_type":"article","og_title":"Prefeitura instala mais seis academias ao ar livre no interior - Secretaria de Planejamento","og_description":"Agora, todos os distritos do interior contam com os equipamentos p\u00fablicos, que levam possibilidades de pr\u00e1tica de exerc\u00edcios f\u00edsicos e lazer \u00e0s comunidades","og_url":"https:\/\/www.pmpf.rs.gov.br\/secretaria-de-planejamento\/2023\/01\/09\/prefeitura-instala-mais-seis-academias-ao-ar-livre-no-interior\/","og_site_name":"Secretaria de Planejamento","article_published_time":"2023-01-09T14:16:12+00:00","article_modified_time":"2023-01-09T14:16:35+00:00","og_image":[{"width":1600,"height":1200,"url":"https:\/\/www.pmpf.rs.gov.br\/secretaria-de-planejamento\/wp-content\/uploads\/sites\/52\/2023\/01\/6ea61527-2ee0-4503-9247-6c6fbf801b28.jpg","type":"image\/jpeg"}],"author":"andressazorzetto07","twitter_card":"summary_large_image","twitter_misc":{"Escrito por":"andressazorzetto07","Est. tempo de leitura":"2 minutos"},"schema":{"@context":"https:\/\/schema.org","@graph":[{"@type":"WebPage","@id":"https:\/\/www.pmpf.rs.gov.br\/secretaria-de-planejamento\/2023\/01\/09\/prefeitura-instala-mais-seis-academias-ao-ar-livre-no-interior\/","url":"https:\/\/www.pmpf.rs.gov.br\/secretaria-de-planejamento\/2023\/01\/09\/prefeitura-instala-mais-seis-academias-ao-ar-livre-no-interior\/","name":"Prefeitura instala mais seis academias ao ar livre no interior - Secretaria de Planejamento","isPartOf":{"@id":"https:\/\/www.pmpf.rs.gov.br\/secretaria-de-planejamento\/#website"},"primaryImageOfPage":{"@id":"https:\/\/www.pmpf.rs.gov.br\/secretaria-de-planejamento\/2023\/01\/09\/prefeitura-instala-mais-seis-academias-ao-ar-livre-no-interior\/#primaryimage"},"image":{"@id":"https:\/\/www.pmpf.rs.gov.br\/secretaria-de-planejamento\/2023\/01\/09\/prefeitura-instala-mais-seis-academias-ao-ar-livre-no-interior\/#primaryimage"},"thumbnailUrl":"https:\/\/www.pmpf.rs.gov.br\/secretaria-de-planejamento\/wp-content\/uploads\/sites\/52\/2023\/01\/6ea61527-2ee0-4503-9247-6c6fbf801b28.jpg","datePublished":"2023-01-09T14:16:12+00:00","dateModified":"2023-01-09T14:16:35+00:00","author":{"@id":"https:\/\/www.pmpf.rs.gov.br\/secretaria-de-planejamento\/#\/schema\/person\/30ee1d1bd74da1469b01fcf086e43351"},"breadcrumb":{"@id":"https:\/\/www.pmpf.rs.gov.br\/secretaria-de-planejamento\/2023\/01\/09\/prefeitura-instala-mais-seis-academias-ao-ar-livre-no-interior\/#breadcrumb"},"inLanguage":"pt-BR","potentialAction":[{"@type":"ReadAction","target":["https:\/\/www.pmpf.rs.gov.br\/secretaria-de-planejamento\/2023\/01\/09\/prefeitura-instala-mais-seis-academias-ao-ar-livre-no-interior\/"]}]},{"@type":"ImageObject","inLanguage":"pt-BR","@id":"https:\/\/www.pmpf.rs.gov.br\/secretaria-de-planejamento\/2023\/01\/09\/prefeitura-instala-mais-seis-academias-ao-ar-livre-no-interior\/#primaryimage","url":"https:\/\/www.pmpf.rs.gov.br\/secretaria-de-planejamento\/wp-content\/uploads\/sites\/52\/2023\/01\/6ea61527-2ee0-4503-9247-6c6fbf801b28.jpg","contentUrl":"https:\/\/www.pmpf.rs.gov.br\/secretaria-de-planejamento\/wp-content\/uploads\/sites\/52\/2023\/01\/6ea61527-2ee0-4503-9247-6c6fbf801b28.jpg","width":1600,"height":1200},{"@type":"BreadcrumbList","@id":"https:\/\/www.pmpf.rs.gov.br\/secretaria-de-planejamento\/2023\/01\/09\/prefeitura-instala-mais-seis-academias-ao-ar-livre-no-interior\/#breadcrumb","itemListElement":[{"@type":"ListItem","position":1,"name":"In\u00edcio","item":"https:\/\/www.pmpf.rs.gov.br\/secretaria-de-planejamento\/"},{"@type":"ListItem","position":2,"name":"Prefeitura instala mais seis academias ao ar livre no interior"}]},{"@type":"WebSite","@id":"https:\/\/www.pmpf.rs.gov.br\/secretaria-de-planejamento\/#website","url":"https:\/\/www.pmpf.rs.gov.br\/secretaria-de-planejamento\/","name":"Secretaria de Planejamento","description":"S\u00f3 mais um site Prefeitura de Passo Fundo","potentialAction":[{"@type":"SearchAction","target":{"@type":"EntryPoint","urlTemplate":"https:\/\/www.pmpf.rs.gov.br\/secretaria-de-planejamento\/?s={search_term_string}"},"query-input":{"@type":"PropertyValueSpecification","valueRequired":true,"valueName":"search_term_string"}}],"inLanguage":"pt-BR"},{"@type":"Person","@id":"https:\/\/www.pmpf.rs.gov.br\/secretaria-de-planejamento\/#\/schema\/person\/30ee1d1bd74da1469b01fcf086e43351","name":"andressazorzetto07","image":{"@type":"ImageObject","inLanguage":"pt-BR","@id":"https:\/\/www.pmpf.rs.gov.br\/secretaria-de-planejamento\/#\/schema\/person\/image\/","url":"https:\/\/secure.gravatar.com\/avatar\/14c5458ed79dc81da99a13b9ff5f9f19?s=96&d=mm&r=g","contentUrl":"https:\/\/secure.gravatar.com\/avatar\/14c5458ed79dc81da99a13b9ff5f9f19?s=96&d=mm&r=g","caption":"andressazorzetto07"},"url":"https:\/\/www.pmpf.rs.gov.br\/secretaria-de-planejamento\/author\/andressazorzetto07\/"}]}},"_links":{"self":[{"href":"https:\/\/www.pmpf.rs.gov.br\/secretaria-de-planejamento\/wp-json\/wp\/v2\/posts\/1214"}],"collection":[{"href":"https:\/\/www.pmpf.rs.gov.br\/secretaria-de-planejamento\/wp-json\/wp\/v2\/posts"}],"about":[{"href":"https:\/\/www.pmpf.rs.gov.br\/secretaria-de-planejamento\/wp-json\/wp\/v2\/types\/post"}],"author":[{"embeddable":true,"href":"https:\/\/www.pmpf.rs.gov.br\/secretaria-de-planejamento\/wp-json\/wp\/v2\/users\/6"}],"replies":[{"embeddable":true,"href":"https:\/\/www.pmpf.rs.gov.br\/secretaria-de-planejamento\/wp-json\/wp\/v2\/comments?post=1214"}],"version-history":[{"count":1,"href":"https:\/\/www.pmpf.rs.gov.br\/secretaria-de-planejamento\/wp-json\/wp\/v2\/posts\/1214\/revisions"}],"predecessor-version":[{"id":1215,"href":"https:\/\/www.pmpf.rs.gov.br\/secretaria-de-planejamento\/wp-json\/wp\/v2\/posts\/1214\/revisions\/1215"}],"wp:featuredmedia":[{"embeddable":true,"href":"https:\/\/www.pmpf.rs.gov.br\/secretaria-de-planejamento\/wp-json\/wp\/v2\/media\/1216"}],"wp:attachment":[{"href":"https:\/\/www.pmpf.rs.gov.br\/secretaria-de-planejamento\/wp-json\/wp\/v2\/media?parent=1214"}],"wp:term":[{"taxonomy":"category","embeddable":true,"href":"https:\/\/www.pmpf.rs.gov.br\/secretaria-de-planejamento\/wp-json\/wp\/v2\/categories?post=1214"},{"taxonomy":"post_tag","embeddable":true,"href":"https:\/\/www.pmpf.rs.gov.br\/secretaria-de-planejamento\/wp-json\/wp\/v2\/tags?post=1214"}],"curies":[{"name":"wp","href":"https:\/\/api.w.org\/{rel}","templated":true}]}}