{"id":1187,"date":"2022-12-02T09:41:38","date_gmt":"2022-12-02T12:41:38","guid":{"rendered":"https:\/\/www.pmpf.rs.gov.br\/secretaria-de-planejamento\/?p=1187"},"modified":"2022-12-02T09:41:39","modified_gmt":"2022-12-02T12:41:39","slug":"prefeitura-propoe-a-criacao-da-secretaria-de-inovacao","status":"publish","type":"post","link":"https:\/\/www.pmpf.rs.gov.br\/secretaria-de-planejamento\/2022\/12\/02\/prefeitura-propoe-a-criacao-da-secretaria-de-inovacao\/","title":{"rendered":"<em><strong>Prefeitura prop\u00f5e a cria\u00e7\u00e3o da Secretaria de Inova\u00e7\u00e3o<\/strong><\/em>"},"content":{"rendered":"\n<p><\/p>\n\n\n\n<p><\/p>\n\n\n\n<p>A Prefeitura encaminhou para a C\u00e2mara de Vereadores, nessa quarta-feira (30), um Projeto de Lei Complementar que cria a Secretaria\u00a0de Inova\u00e7\u00e3o.\u00a0A mudan\u00e7a na estrutura administrativa\u00a0com uma pasta\u00a0enxuta e \u00e1gil\u00a0tem como objetivos\u00a0fomentar o setor\u00a0e\u00a0impulsionar\u00a0o desenvolvimento de Passo Fundo<em>.<\/em><\/p>\n\n\n\n<p>De acordo com\u00a0o prefeito,\u00a0Pedro\u00a0Almeida,\u00a0a\u00a0Secretaria de Inova\u00e7\u00e3o \u00e9 resultado de um amplo di\u00e1logo com\u00a0diferentes atores envolvidos no ecossistema da inova\u00e7\u00e3o. \u201cO debate\u00a0iniciou, oficialmente, durante a Semana de Desenvolvimento Econ\u00f4mico, promovida\u00a0pela Prefeitura\u00a0em junho\u00a0com o objetivo de valorizar o potencial econ\u00f4mico de Passo Fundo. Naquele momento, reunimos em um mesmo espa\u00e7o as universidades e institui\u00e7\u00f5es de ensino, o setor empresarial, a sociedade civil organizada e representantes do setor p\u00fablico, apresentando a proposta da Prefeitura com vistas \u00e0 potencializa\u00e7\u00e3o das iniciativas de fomento \u00e0 inova\u00e7\u00e3o.\u00a0Desde ent\u00e3o, avan\u00e7amos no diagn\u00f3stico e em propostas para o setor\u201d, recorda o prefeito.<\/p>\n\n\n\n<p>No\u00a0primeiro\u00a0encontro, ocorrido em junho, a Prefeitura e a Alian\u00e7a Empresarial\u00a0definiram um trabalhado em coopera\u00e7\u00e3o para a\u00a0produ\u00e7\u00e3o de um planejamento que possibilitasse\u00a0a identifica\u00e7\u00e3o dos desafios, das perspectivas e dos caminhos para tornar Passo Fundo uma refer\u00eancia em inova\u00e7\u00e3o.\u00a0O\u00a0diagn\u00f3stico e\u00a0a\u00a0elabora\u00e7\u00e3o de um plano de a\u00e7\u00e3o\u00a0foram conduzidos pelo\u00a0consultor Paulo Ardenghi\u00a0com o apoio da Alian\u00e7a Empresarial\u00a0e\u00a0apresentados em agosto.<\/p>\n\n\n\n<p>Uma das\u00a0primeiras iniciativas\u00a0tomadas pela Prefeitura ap\u00f3s a entrega do plano\u00a0foi\u00a0a\u00a0elabora\u00e7\u00e3o\u00a0de uma lei municipal de inova\u00e7\u00e3o,\u00a0j\u00e1\u00a0sancionada\u00a0e que\u00a0est\u00e1 direcionando outros passos importantes,\u00a0como\u00a0a cria\u00e7\u00e3o do\u00a0Fundo e\u00a0do Conselho Municipal de\u00a0Inova\u00e7\u00e3o. Em paralelo,\u00a0o Munic\u00edpio busca a\u00a0cria\u00e7\u00e3o\u00a0da\u00a0secretaria espec\u00edfica, que executar\u00e1 tudo o que for regulamentado.<\/p>\n\n\n\n<p>Para Ardenghi, os avan\u00e7os buscados por Passo Fundo na inova\u00e7\u00e3o s\u00e3o substanciais para\u00a0responder aos\u00a0desafios contempor\u00e2neos e do futuro.\u00a0\u201cTecnologia, dados, sustentabilidade, transforma\u00e7\u00e3o digital: todos esses ser\u00e3o desafios fundamentais para as cidades. \u00c9 imprescind\u00edvel\u00a0que as cidades estejam atentas e coloquem a inova\u00e7\u00e3o na primeira p\u00e1gina da agenda\u00a0e ter\u00a0uma estrutura que pense em pol\u00edticas p\u00fablicas de fomento ao empreendedorismo inovador\u00a0e\u00a0de moderniza\u00e7\u00e3o da administra\u00e7\u00e3o \u00e9\u00a0necess\u00e1rio\u00a0para este processo. Passo\u00a0Fundo est\u00e1\u00a0entrando em um ciclo\u00a0muito importante, aprovando um ambiente regulat\u00f3rio favor\u00e1vel e uma estrutura\u00a0enxuta\u00a0e \u00e1gil\u00a0para gerir pol\u00edticas p\u00fablicas de alto impacto\u201d,\u00a0considerou.<\/p>\n\n\n\n<p><\/p>\n\n\n\n<p><em><strong>Impactos da Secretaria de Inova\u00e7\u00e3o<\/strong><\/em><\/p>\n\n\n\n<p>A Secretaria de Inova\u00e7\u00e3o ser\u00e1 respons\u00e1vel por planejar e colocar em pr\u00e1tica as pol\u00edticas p\u00fablicas do setor. Entre as principais atribui\u00e7\u00f5es, est\u00e1 envolver poder p\u00fablico, entidades e empresas para a constru\u00e7\u00e3o de projetos e o fortalecimento do sistema de inova\u00e7\u00e3o.<\/p>\n\n\n\n<p>Al\u00e9m disso, conforme o&nbsp;secret\u00e1rio de Planejamento,&nbsp;Giezi&nbsp;Schneider,&nbsp;que est\u00e1 acompanhando todo o andamento da proposta juntamente com um grupo de secret\u00e1rios designados pelo prefeito,&nbsp;trar\u00e1 resultados para o futuro da cidade e a vida das pessoas. \u201c\u00c9 um est\u00edmulo para o surgimento de novos neg\u00f3cios baseados em inova\u00e7\u00e3o, as chamadas startups. Al\u00e9m disso, uma governan\u00e7a que trabalha em conjunto com as empresas e entidades tornar\u00e1 a cidade mais atrativa para que se instalem aqui empresas inovadoras e de base tecnol\u00f3gica e, ainda, criar\u00e1 mais oportunidades de trabalho, sobretudo, para os jovens que t\u00eam forma\u00e7\u00e3o e, muitas vezes, n\u00e3o encontram espa\u00e7o\u201d, salientou.<\/p>\n\n\n\n<p>A participa\u00e7\u00e3o efetiva da Prefeitura no Sistema Municipal de Inova\u00e7\u00e3o e, agora, com uma secretaria espec\u00edfica, de acordo com o secret\u00e1rio, \u00e9 fator preponderante para a consolida\u00e7\u00e3o de iniciativas. \u201cOs melhores exemplos de ecossistemas de inova\u00e7\u00e3o que vemos ao redor do mundo demonstram que o poder p\u00fablico deve ser presente e ativo, seja por meio de apoio institucional, legisla\u00e7\u00e3o adequada, aporte de recursos, implementa\u00e7\u00e3o de projetos ou apoio na governan\u00e7a\u201d, destaca, complementando que este \u00e9 \u201cum grande passo para que o Executivo cumpra o seu papel e estimule cada vez mais pessoas e organiza\u00e7\u00f5es a se engajarem nessas a\u00e7\u00f5es, capazes de promoverem um novo ciclo de desenvolvimento para Passo Fundo\u201d.<\/p>\n","protected":false},"excerpt":{"rendered":"<p>Em Projeto de Lei Complementar encaminhado \u00e0 C\u00e2mara, o Munic\u00edpio institui a Secretaria de Inova\u00e7\u00e3o, uma estrutura enxuta e \u00e1gil que vai tratar das iniciativas do setor com foco no desenvolvimento de Passo Fundo<\/p>\n","protected":false},"author":6,"featured_media":0,"comment_status":"closed","ping_status":"closed","sticky":true,"template":"","format":"standard","meta":{"footnotes":""},"categories":[1],"tags":[],"class_list":["post-1187","post","type-post","status-publish","format-standard","hentry","category-sem-categoria"],"yoast_head":"<!-- This site is optimized with the Yoast SEO plugin v23.8 - https:\/\/yoast.com\/wordpress\/plugins\/seo\/ -->\n<title>Prefeitura prop\u00f5e a cria\u00e7\u00e3o da Secretaria de Inova\u00e7\u00e3o - Secretaria de Planejamento<\/title>\n<meta name=\"robots\" content=\"index, follow, max-snippet:-1, max-image-preview:large, max-video-preview:-1\" \/>\n<link rel=\"canonical\" href=\"https:\/\/www.pmpf.rs.gov.br\/secretaria-de-planejamento\/2022\/12\/02\/prefeitura-propoe-a-criacao-da-secretaria-de-inovacao\/\" \/>\n<meta property=\"og:locale\" content=\"pt_BR\" \/>\n<meta property=\"og:type\" content=\"article\" \/>\n<meta property=\"og:title\" content=\"Prefeitura prop\u00f5e a cria\u00e7\u00e3o da Secretaria de Inova\u00e7\u00e3o - Secretaria de Planejamento\" \/>\n<meta property=\"og:description\" content=\"Em Projeto de Lei Complementar encaminhado \u00e0 C\u00e2mara, o Munic\u00edpio institui a Secretaria de Inova\u00e7\u00e3o, uma estrutura enxuta e \u00e1gil que vai tratar das iniciativas do setor com foco no desenvolvimento de Passo Fundo\" \/>\n<meta property=\"og:url\" content=\"https:\/\/www.pmpf.rs.gov.br\/secretaria-de-planejamento\/2022\/12\/02\/prefeitura-propoe-a-criacao-da-secretaria-de-inovacao\/\" \/>\n<meta property=\"og:site_name\" content=\"Secretaria de Planejamento\" \/>\n<meta property=\"article:published_time\" content=\"2022-12-02T12:41:38+00:00\" \/>\n<meta property=\"article:modified_time\" content=\"2022-12-02T12:41:39+00:00\" \/>\n<meta name=\"author\" content=\"andressazorzetto07\" \/>\n<meta name=\"twitter:card\" content=\"summary_large_image\" \/>\n<meta name=\"twitter:label1\" content=\"Escrito por\" \/>\n\t<meta name=\"twitter:data1\" content=\"andressazorzetto07\" \/>\n\t<meta name=\"twitter:label2\" content=\"Est. tempo de leitura\" \/>\n\t<meta name=\"twitter:data2\" content=\"4 minutos\" \/>\n<script type=\"application\/ld+json\" class=\"yoast-schema-graph\">{\"@context\":\"https:\/\/schema.org\",\"@graph\":[{\"@type\":\"WebPage\",\"@id\":\"https:\/\/www.pmpf.rs.gov.br\/secretaria-de-planejamento\/2022\/12\/02\/prefeitura-propoe-a-criacao-da-secretaria-de-inovacao\/\",\"url\":\"https:\/\/www.pmpf.rs.gov.br\/secretaria-de-planejamento\/2022\/12\/02\/prefeitura-propoe-a-criacao-da-secretaria-de-inovacao\/\",\"name\":\"Prefeitura prop\u00f5e a cria\u00e7\u00e3o da Secretaria de Inova\u00e7\u00e3o - Secretaria de Planejamento\",\"isPartOf\":{\"@id\":\"https:\/\/www.pmpf.rs.gov.br\/secretaria-de-planejamento\/#website\"},\"datePublished\":\"2022-12-02T12:41:38+00:00\",\"dateModified\":\"2022-12-02T12:41:39+00:00\",\"author\":{\"@id\":\"https:\/\/www.pmpf.rs.gov.br\/secretaria-de-planejamento\/#\/schema\/person\/30ee1d1bd74da1469b01fcf086e43351\"},\"breadcrumb\":{\"@id\":\"https:\/\/www.pmpf.rs.gov.br\/secretaria-de-planejamento\/2022\/12\/02\/prefeitura-propoe-a-criacao-da-secretaria-de-inovacao\/#breadcrumb\"},\"inLanguage\":\"pt-BR\",\"potentialAction\":[{\"@type\":\"ReadAction\",\"target\":[\"https:\/\/www.pmpf.rs.gov.br\/secretaria-de-planejamento\/2022\/12\/02\/prefeitura-propoe-a-criacao-da-secretaria-de-inovacao\/\"]}]},{\"@type\":\"BreadcrumbList\",\"@id\":\"https:\/\/www.pmpf.rs.gov.br\/secretaria-de-planejamento\/2022\/12\/02\/prefeitura-propoe-a-criacao-da-secretaria-de-inovacao\/#breadcrumb\",\"itemListElement\":[{\"@type\":\"ListItem\",\"position\":1,\"name\":\"In\u00edcio\",\"item\":\"https:\/\/www.pmpf.rs.gov.br\/secretaria-de-planejamento\/\"},{\"@type\":\"ListItem\",\"position\":2,\"name\":\"Prefeitura prop\u00f5e a cria\u00e7\u00e3o da Secretaria de Inova\u00e7\u00e3o\"}]},{\"@type\":\"WebSite\",\"@id\":\"https:\/\/www.pmpf.rs.gov.br\/secretaria-de-planejamento\/#website\",\"url\":\"https:\/\/www.pmpf.rs.gov.br\/secretaria-de-planejamento\/\",\"name\":\"Secretaria de Planejamento\",\"description\":\"S\u00f3 mais um site Prefeitura de Passo Fundo\",\"potentialAction\":[{\"@type\":\"SearchAction\",\"target\":{\"@type\":\"EntryPoint\",\"urlTemplate\":\"https:\/\/www.pmpf.rs.gov.br\/secretaria-de-planejamento\/?s={search_term_string}\"},\"query-input\":{\"@type\":\"PropertyValueSpecification\",\"valueRequired\":true,\"valueName\":\"search_term_string\"}}],\"inLanguage\":\"pt-BR\"},{\"@type\":\"Person\",\"@id\":\"https:\/\/www.pmpf.rs.gov.br\/secretaria-de-planejamento\/#\/schema\/person\/30ee1d1bd74da1469b01fcf086e43351\",\"name\":\"andressazorzetto07\",\"image\":{\"@type\":\"ImageObject\",\"inLanguage\":\"pt-BR\",\"@id\":\"https:\/\/www.pmpf.rs.gov.br\/secretaria-de-planejamento\/#\/schema\/person\/image\/\",\"url\":\"https:\/\/secure.gravatar.com\/avatar\/14c5458ed79dc81da99a13b9ff5f9f19?s=96&d=mm&r=g\",\"contentUrl\":\"https:\/\/secure.gravatar.com\/avatar\/14c5458ed79dc81da99a13b9ff5f9f19?s=96&d=mm&r=g\",\"caption\":\"andressazorzetto07\"},\"url\":\"https:\/\/www.pmpf.rs.gov.br\/secretaria-de-planejamento\/author\/andressazorzetto07\/\"}]}<\/script>\n<!-- \/ Yoast SEO plugin. -->","yoast_head_json":{"title":"Prefeitura prop\u00f5e a cria\u00e7\u00e3o da Secretaria de Inova\u00e7\u00e3o - Secretaria de Planejamento","robots":{"index":"index","follow":"follow","max-snippet":"max-snippet:-1","max-image-preview":"max-image-preview:large","max-video-preview":"max-video-preview:-1"},"canonical":"https:\/\/www.pmpf.rs.gov.br\/secretaria-de-planejamento\/2022\/12\/02\/prefeitura-propoe-a-criacao-da-secretaria-de-inovacao\/","og_locale":"pt_BR","og_type":"article","og_title":"Prefeitura prop\u00f5e a cria\u00e7\u00e3o da Secretaria de Inova\u00e7\u00e3o - Secretaria de Planejamento","og_description":"Em Projeto de Lei Complementar encaminhado \u00e0 C\u00e2mara, o Munic\u00edpio institui a Secretaria de Inova\u00e7\u00e3o, uma estrutura enxuta e \u00e1gil que vai tratar das iniciativas do setor com foco no desenvolvimento de Passo Fundo","og_url":"https:\/\/www.pmpf.rs.gov.br\/secretaria-de-planejamento\/2022\/12\/02\/prefeitura-propoe-a-criacao-da-secretaria-de-inovacao\/","og_site_name":"Secretaria de Planejamento","article_published_time":"2022-12-02T12:41:38+00:00","article_modified_time":"2022-12-02T12:41:39+00:00","author":"andressazorzetto07","twitter_card":"summary_large_image","twitter_misc":{"Escrito por":"andressazorzetto07","Est. tempo de leitura":"4 minutos"},"schema":{"@context":"https:\/\/schema.org","@graph":[{"@type":"WebPage","@id":"https:\/\/www.pmpf.rs.gov.br\/secretaria-de-planejamento\/2022\/12\/02\/prefeitura-propoe-a-criacao-da-secretaria-de-inovacao\/","url":"https:\/\/www.pmpf.rs.gov.br\/secretaria-de-planejamento\/2022\/12\/02\/prefeitura-propoe-a-criacao-da-secretaria-de-inovacao\/","name":"Prefeitura prop\u00f5e a cria\u00e7\u00e3o da Secretaria de Inova\u00e7\u00e3o - Secretaria de Planejamento","isPartOf":{"@id":"https:\/\/www.pmpf.rs.gov.br\/secretaria-de-planejamento\/#website"},"datePublished":"2022-12-02T12:41:38+00:00","dateModified":"2022-12-02T12:41:39+00:00","author":{"@id":"https:\/\/www.pmpf.rs.gov.br\/secretaria-de-planejamento\/#\/schema\/person\/30ee1d1bd74da1469b01fcf086e43351"},"breadcrumb":{"@id":"https:\/\/www.pmpf.rs.gov.br\/secretaria-de-planejamento\/2022\/12\/02\/prefeitura-propoe-a-criacao-da-secretaria-de-inovacao\/#breadcrumb"},"inLanguage":"pt-BR","potentialAction":[{"@type":"ReadAction","target":["https:\/\/www.pmpf.rs.gov.br\/secretaria-de-planejamento\/2022\/12\/02\/prefeitura-propoe-a-criacao-da-secretaria-de-inovacao\/"]}]},{"@type":"BreadcrumbList","@id":"https:\/\/www.pmpf.rs.gov.br\/secretaria-de-planejamento\/2022\/12\/02\/prefeitura-propoe-a-criacao-da-secretaria-de-inovacao\/#breadcrumb","itemListElement":[{"@type":"ListItem","position":1,"name":"In\u00edcio","item":"https:\/\/www.pmpf.rs.gov.br\/secretaria-de-planejamento\/"},{"@type":"ListItem","position":2,"name":"Prefeitura prop\u00f5e a cria\u00e7\u00e3o da Secretaria de Inova\u00e7\u00e3o"}]},{"@type":"WebSite","@id":"https:\/\/www.pmpf.rs.gov.br\/secretaria-de-planejamento\/#website","url":"https:\/\/www.pmpf.rs.gov.br\/secretaria-de-planejamento\/","name":"Secretaria de Planejamento","description":"S\u00f3 mais um site Prefeitura de Passo Fundo","potentialAction":[{"@type":"SearchAction","target":{"@type":"EntryPoint","urlTemplate":"https:\/\/www.pmpf.rs.gov.br\/secretaria-de-planejamento\/?s={search_term_string}"},"query-input":{"@type":"PropertyValueSpecification","valueRequired":true,"valueName":"search_term_string"}}],"inLanguage":"pt-BR"},{"@type":"Person","@id":"https:\/\/www.pmpf.rs.gov.br\/secretaria-de-planejamento\/#\/schema\/person\/30ee1d1bd74da1469b01fcf086e43351","name":"andressazorzetto07","image":{"@type":"ImageObject","inLanguage":"pt-BR","@id":"https:\/\/www.pmpf.rs.gov.br\/secretaria-de-planejamento\/#\/schema\/person\/image\/","url":"https:\/\/secure.gravatar.com\/avatar\/14c5458ed79dc81da99a13b9ff5f9f19?s=96&d=mm&r=g","contentUrl":"https:\/\/secure.gravatar.com\/avatar\/14c5458ed79dc81da99a13b9ff5f9f19?s=96&d=mm&r=g","caption":"andressazorzetto07"},"url":"https:\/\/www.pmpf.rs.gov.br\/secretaria-de-planejamento\/author\/andressazorzetto07\/"}]}},"_links":{"self":[{"href":"https:\/\/www.pmpf.rs.gov.br\/secretaria-de-planejamento\/wp-json\/wp\/v2\/posts\/1187"}],"collection":[{"href":"https:\/\/www.pmpf.rs.gov.br\/secretaria-de-planejamento\/wp-json\/wp\/v2\/posts"}],"about":[{"href":"https:\/\/www.pmpf.rs.gov.br\/secretaria-de-planejamento\/wp-json\/wp\/v2\/types\/post"}],"author":[{"embeddable":true,"href":"https:\/\/www.pmpf.rs.gov.br\/secretaria-de-planejamento\/wp-json\/wp\/v2\/users\/6"}],"replies":[{"embeddable":true,"href":"https:\/\/www.pmpf.rs.gov.br\/secretaria-de-planejamento\/wp-json\/wp\/v2\/comments?post=1187"}],"version-history":[{"count":1,"href":"https:\/\/www.pmpf.rs.gov.br\/secretaria-de-planejamento\/wp-json\/wp\/v2\/posts\/1187\/revisions"}],"predecessor-version":[{"id":1188,"href":"https:\/\/www.pmpf.rs.gov.br\/secretaria-de-planejamento\/wp-json\/wp\/v2\/posts\/1187\/revisions\/1188"}],"wp:attachment":[{"href":"https:\/\/www.pmpf.rs.gov.br\/secretaria-de-planejamento\/wp-json\/wp\/v2\/media?parent=1187"}],"wp:term":[{"taxonomy":"category","embeddable":true,"href":"https:\/\/www.pmpf.rs.gov.br\/secretaria-de-planejamento\/wp-json\/wp\/v2\/categories?post=1187"},{"taxonomy":"post_tag","embeddable":true,"href":"https:\/\/www.pmpf.rs.gov.br\/secretaria-de-planejamento\/wp-json\/wp\/v2\/tags?post=1187"}],"curies":[{"name":"wp","href":"https:\/\/api.w.org\/{rel}","templated":true}]}}