{"id":1170,"date":"2022-11-01T08:42:37","date_gmt":"2022-11-01T11:42:37","guid":{"rendered":"https:\/\/www.pmpf.rs.gov.br\/secretaria-de-planejamento\/?p=1170"},"modified":"2023-04-18T19:00:58","modified_gmt":"2023-04-18T22:00:58","slug":"prefeitura-e-sebrae-rs-apresentam-dados-da-primeira-etapa-do-radar-do-turismo","status":"publish","type":"post","link":"https:\/\/www.pmpf.rs.gov.br\/secretaria-de-planejamento\/2022\/11\/01\/prefeitura-e-sebrae-rs-apresentam-dados-da-primeira-etapa-do-radar-do-turismo\/","title":{"rendered":"Prefeitura e SEBRAE RS apresentam dados da primeira etapa do Radar do Turismo"},"content":{"rendered":"\n<p><\/p>\n\n\n\n<p><\/p>\n\n\n\n<p>Fomentar o potencial do turismo em Passo Fundo, incentivando os diferentes segmentos locais a promover a\u00e7\u00f5es direcionadas ao fortalecimento deste setor como um dos eixos da economia, est\u00e1 entre os objetivos do Radar do Turismo, uma parceria entre a Prefeitura e o SEBRAE RS constru\u00edda para a formata\u00e7\u00e3o e a prospec\u00e7\u00e3o de projetos e iniciativas que estimulem a\u00e7\u00f5es de desenvolvimento. Nesta segunda-feira (31), um diagn\u00f3stico sobre o atual cen\u00e1rio e as potencialidades poss\u00edveis de serem exploradas foi discutido pelo prefeito, Pedro Almeida; pelo secret\u00e1rio de Desenvolvimento Econ\u00f4mico, Diorges Oliveira; e por t\u00e9cnicos e pesquisadoras do SEBRAE RS.<\/p>\n\n\n\n<p>O Radar do Turismo, explicou o prefeito, \u00e9 a materializa\u00e7\u00e3o de um projeto que estrutura e organiza as diferentes a\u00e7\u00f5es de turismo que j\u00e1 ocorrem em Passo Fundo, al\u00e9m de ampliar as perspectivas para a promo\u00e7\u00e3o de novas propostas com o objetivo de atrair empreendimentos, novos investimentos e p\u00fablico visitante para o munic\u00edpio. \u201cFirmamos uma parceria com o SEBRAE RS na qual o Radar do Turismo \u00e9 um dos produtos adquiridos pelo Munic\u00edpio com a inten\u00e7\u00e3o de mapear quais projetos est\u00e3o sendo realizados hoje e de que maneira o Poder P\u00fablico pode incentivar e fomentar avan\u00e7os. \u00c9 um estudo que leva em considera\u00e7\u00e3o diversos contextos para apresentar caminhos poss\u00edveis de serem constru\u00eddos\u201d, avaliou Pedro.<\/p>\n\n\n\n<p>Conforme o prefeito, o diagn\u00f3stico apresentado pela pesquisadora do Instituto de Pesquisa de Mercado\/Unisinos, Francielle Daudt; foi constru\u00eddo a partir da aplica\u00e7\u00e3o de question\u00e1rios em que diversos itens foram analisados. \u201cEsse material permitiu localizar a import\u00e2ncia do turismo na economia local, situar as atividades e as a\u00e7\u00f5es que est\u00e3o em andamento e tamb\u00e9m apontar caminhos para novos projetos, destacando em quais segmentos podemos avan\u00e7ar e de que forma a Prefeitura pode ser uma indutora deste avan\u00e7o\u201d, resumiu Pedro.<\/p>\n\n\n\n<p>Anunciada pelo prefeito Pedro durante as comemora\u00e7\u00f5es alusivas ao anivers\u00e1rio de 165 anos de Passo Fundo, em agosto, a parceria com o SEBRAE RS prev\u00ea ainda a constru\u00e7\u00e3o do Plano Municipal de Turismo e o fortalecimento do Conselho Municipal de Turismo. \u201cDentre as a\u00e7\u00f5es previstas est\u00e3o a elabora\u00e7\u00e3o de um projeto para o reposicionamento e o desenvolvimento do turismo no Complexo da Rosel\u00e2ndia, que \u00e9 uma regi\u00e3o com grande potencial para atrair novos empreendimentos\u201d, destacou o chefe do Executivo.<\/p>\n\n\n\n<p>An\u00e1lise do potencial tur\u00edstico local<br>Durante o encontro, que contou com a presen\u00e7a do presidente da C\u00e2mara de Vereadores, Evandro Meireles; de empres\u00e1rios e lideran\u00e7as das entidades representativas de classe, e da comunidade em geral, o secret\u00e1rio de Desenvolvimento Econ\u00f4mico (SDE), explicou que o documento entregue pelo SEBRAE RS ao munic\u00edpio, nesta segunda-feira (31), refere-se \u00e0 Fase 1 do Radar do Turismo. \u201cNesta etapa, a entidade e o IPM\/Unisinos aplicaram question\u00e1rios para analisar diversos aspectos do turismo em Passo Fundo. Esses dados foram analisados, compilados e apresentados \u00e0 comunidade como uma ferramenta importante para a defini\u00e7\u00e3o de prioridades de investimentos e de atua\u00e7\u00e3o do Poder P\u00fablico e do setor privado\u201d, argumentou Oliveira.<\/p>\n\n\n\n<p>O secret\u00e1rio de Desenvolvimento reiterou ainda que o Radar do Turismo \u00e9 um instrumento fundamental para a inclus\u00e3o de Passo Fundo em pol\u00edticas p\u00fablicas que permitam o repasse de recursos governamentais, sobretudo, do Minist\u00e9rio do Turismo. Para a diretora do SEBRAE RS, Silvana Conterato Berguemmaier, a parceria entre a institui\u00e7\u00e3o e o Munic\u00edpio \u00e9 importante para mostrar as potencialidades tur\u00edsticas que podem ser exploradas para fomentar o desenvolvimento do setor e que a entrega dos dados desta primeira etapa j\u00e1 demonstram cen\u00e1rios de investimentos que podem ser explorados pela Administra\u00e7\u00e3o Municipal.<\/p>\n\n\n\n<p>Ap\u00f3s a apresenta\u00e7\u00e3o do diagn\u00f3stico, um debate sobre pol\u00edticas p\u00fablicas de incentivo ao turismo marcou a constru\u00e7\u00e3o do Plano Municipal de Turismo.<\/p>\n","protected":false},"excerpt":{"rendered":"<p>Diagn\u00f3stico sobre as potencialidades e os desafios para a expans\u00e3o do turismo local foi constru\u00eddo a partir de question\u00e1rios aplicados em diferentes segmentos tur\u00edsticos de Passo Fundo<\/p>\n","protected":false},"author":6,"featured_media":1171,"comment_status":"closed","ping_status":"closed","sticky":true,"template":"","format":"standard","meta":{"footnotes":""},"categories":[17],"tags":[],"class_list":["post-1170","post","type-post","status-publish","format-standard","has-post-thumbnail","hentry","category-radar-do-turismo"],"yoast_head":"<!-- This site is optimized with the Yoast SEO plugin v23.8 - https:\/\/yoast.com\/wordpress\/plugins\/seo\/ -->\n<title>Prefeitura e SEBRAE RS apresentam dados da primeira etapa do Radar do Turismo - Secretaria de Planejamento<\/title>\n<meta name=\"robots\" content=\"index, follow, max-snippet:-1, max-image-preview:large, max-video-preview:-1\" \/>\n<link rel=\"canonical\" href=\"https:\/\/www.pmpf.rs.gov.br\/secretaria-de-planejamento\/2022\/11\/01\/prefeitura-e-sebrae-rs-apresentam-dados-da-primeira-etapa-do-radar-do-turismo\/\" \/>\n<meta property=\"og:locale\" content=\"pt_BR\" \/>\n<meta property=\"og:type\" content=\"article\" \/>\n<meta property=\"og:title\" content=\"Prefeitura e SEBRAE RS apresentam dados da primeira etapa do Radar do Turismo - Secretaria de Planejamento\" \/>\n<meta property=\"og:description\" content=\"Diagn\u00f3stico sobre as potencialidades e os desafios para a expans\u00e3o do turismo local foi constru\u00eddo a partir de question\u00e1rios aplicados em diferentes segmentos tur\u00edsticos de Passo Fundo\" \/>\n<meta property=\"og:url\" content=\"https:\/\/www.pmpf.rs.gov.br\/secretaria-de-planejamento\/2022\/11\/01\/prefeitura-e-sebrae-rs-apresentam-dados-da-primeira-etapa-do-radar-do-turismo\/\" \/>\n<meta property=\"og:site_name\" content=\"Secretaria de Planejamento\" \/>\n<meta property=\"article:published_time\" content=\"2022-11-01T11:42:37+00:00\" \/>\n<meta property=\"article:modified_time\" content=\"2023-04-18T22:00:58+00:00\" \/>\n<meta property=\"og:image\" content=\"https:\/\/www.pmpf.rs.gov.br\/secretaria-de-planejamento\/wp-content\/uploads\/sites\/52\/2022\/11\/radar-do-turismo.jpg\" \/>\n\t<meta property=\"og:image:width\" content=\"1600\" \/>\n\t<meta property=\"og:image:height\" content=\"900\" \/>\n\t<meta property=\"og:image:type\" content=\"image\/jpeg\" \/>\n<meta name=\"author\" content=\"andressazorzetto07\" \/>\n<meta name=\"twitter:card\" content=\"summary_large_image\" \/>\n<meta name=\"twitter:label1\" content=\"Escrito por\" \/>\n\t<meta name=\"twitter:data1\" content=\"andressazorzetto07\" \/>\n\t<meta name=\"twitter:label2\" content=\"Est. tempo de leitura\" \/>\n\t<meta name=\"twitter:data2\" content=\"3 minutos\" \/>\n<script type=\"application\/ld+json\" class=\"yoast-schema-graph\">{\"@context\":\"https:\/\/schema.org\",\"@graph\":[{\"@type\":\"WebPage\",\"@id\":\"https:\/\/www.pmpf.rs.gov.br\/secretaria-de-planejamento\/2022\/11\/01\/prefeitura-e-sebrae-rs-apresentam-dados-da-primeira-etapa-do-radar-do-turismo\/\",\"url\":\"https:\/\/www.pmpf.rs.gov.br\/secretaria-de-planejamento\/2022\/11\/01\/prefeitura-e-sebrae-rs-apresentam-dados-da-primeira-etapa-do-radar-do-turismo\/\",\"name\":\"Prefeitura e SEBRAE RS apresentam dados da primeira etapa do Radar do Turismo - Secretaria de Planejamento\",\"isPartOf\":{\"@id\":\"https:\/\/www.pmpf.rs.gov.br\/secretaria-de-planejamento\/#website\"},\"primaryImageOfPage\":{\"@id\":\"https:\/\/www.pmpf.rs.gov.br\/secretaria-de-planejamento\/2022\/11\/01\/prefeitura-e-sebrae-rs-apresentam-dados-da-primeira-etapa-do-radar-do-turismo\/#primaryimage\"},\"image\":{\"@id\":\"https:\/\/www.pmpf.rs.gov.br\/secretaria-de-planejamento\/2022\/11\/01\/prefeitura-e-sebrae-rs-apresentam-dados-da-primeira-etapa-do-radar-do-turismo\/#primaryimage\"},\"thumbnailUrl\":\"https:\/\/www.pmpf.rs.gov.br\/secretaria-de-planejamento\/wp-content\/uploads\/sites\/52\/2022\/11\/radar-do-turismo.jpg\",\"datePublished\":\"2022-11-01T11:42:37+00:00\",\"dateModified\":\"2023-04-18T22:00:58+00:00\",\"author\":{\"@id\":\"https:\/\/www.pmpf.rs.gov.br\/secretaria-de-planejamento\/#\/schema\/person\/30ee1d1bd74da1469b01fcf086e43351\"},\"breadcrumb\":{\"@id\":\"https:\/\/www.pmpf.rs.gov.br\/secretaria-de-planejamento\/2022\/11\/01\/prefeitura-e-sebrae-rs-apresentam-dados-da-primeira-etapa-do-radar-do-turismo\/#breadcrumb\"},\"inLanguage\":\"pt-BR\",\"potentialAction\":[{\"@type\":\"ReadAction\",\"target\":[\"https:\/\/www.pmpf.rs.gov.br\/secretaria-de-planejamento\/2022\/11\/01\/prefeitura-e-sebrae-rs-apresentam-dados-da-primeira-etapa-do-radar-do-turismo\/\"]}]},{\"@type\":\"ImageObject\",\"inLanguage\":\"pt-BR\",\"@id\":\"https:\/\/www.pmpf.rs.gov.br\/secretaria-de-planejamento\/2022\/11\/01\/prefeitura-e-sebrae-rs-apresentam-dados-da-primeira-etapa-do-radar-do-turismo\/#primaryimage\",\"url\":\"https:\/\/www.pmpf.rs.gov.br\/secretaria-de-planejamento\/wp-content\/uploads\/sites\/52\/2022\/11\/radar-do-turismo.jpg\",\"contentUrl\":\"https:\/\/www.pmpf.rs.gov.br\/secretaria-de-planejamento\/wp-content\/uploads\/sites\/52\/2022\/11\/radar-do-turismo.jpg\",\"width\":1600,\"height\":900},{\"@type\":\"BreadcrumbList\",\"@id\":\"https:\/\/www.pmpf.rs.gov.br\/secretaria-de-planejamento\/2022\/11\/01\/prefeitura-e-sebrae-rs-apresentam-dados-da-primeira-etapa-do-radar-do-turismo\/#breadcrumb\",\"itemListElement\":[{\"@type\":\"ListItem\",\"position\":1,\"name\":\"In\u00edcio\",\"item\":\"https:\/\/www.pmpf.rs.gov.br\/secretaria-de-planejamento\/\"},{\"@type\":\"ListItem\",\"position\":2,\"name\":\"Prefeitura e SEBRAE RS apresentam dados da primeira etapa do Radar do Turismo\"}]},{\"@type\":\"WebSite\",\"@id\":\"https:\/\/www.pmpf.rs.gov.br\/secretaria-de-planejamento\/#website\",\"url\":\"https:\/\/www.pmpf.rs.gov.br\/secretaria-de-planejamento\/\",\"name\":\"Secretaria de Planejamento\",\"description\":\"S\u00f3 mais um site Prefeitura de Passo Fundo\",\"potentialAction\":[{\"@type\":\"SearchAction\",\"target\":{\"@type\":\"EntryPoint\",\"urlTemplate\":\"https:\/\/www.pmpf.rs.gov.br\/secretaria-de-planejamento\/?s={search_term_string}\"},\"query-input\":{\"@type\":\"PropertyValueSpecification\",\"valueRequired\":true,\"valueName\":\"search_term_string\"}}],\"inLanguage\":\"pt-BR\"},{\"@type\":\"Person\",\"@id\":\"https:\/\/www.pmpf.rs.gov.br\/secretaria-de-planejamento\/#\/schema\/person\/30ee1d1bd74da1469b01fcf086e43351\",\"name\":\"andressazorzetto07\",\"image\":{\"@type\":\"ImageObject\",\"inLanguage\":\"pt-BR\",\"@id\":\"https:\/\/www.pmpf.rs.gov.br\/secretaria-de-planejamento\/#\/schema\/person\/image\/\",\"url\":\"https:\/\/secure.gravatar.com\/avatar\/14c5458ed79dc81da99a13b9ff5f9f19?s=96&d=mm&r=g\",\"contentUrl\":\"https:\/\/secure.gravatar.com\/avatar\/14c5458ed79dc81da99a13b9ff5f9f19?s=96&d=mm&r=g\",\"caption\":\"andressazorzetto07\"},\"url\":\"https:\/\/www.pmpf.rs.gov.br\/secretaria-de-planejamento\/author\/andressazorzetto07\/\"}]}<\/script>\n<!-- \/ Yoast SEO plugin. -->","yoast_head_json":{"title":"Prefeitura e SEBRAE RS apresentam dados da primeira etapa do Radar do Turismo - Secretaria de Planejamento","robots":{"index":"index","follow":"follow","max-snippet":"max-snippet:-1","max-image-preview":"max-image-preview:large","max-video-preview":"max-video-preview:-1"},"canonical":"https:\/\/www.pmpf.rs.gov.br\/secretaria-de-planejamento\/2022\/11\/01\/prefeitura-e-sebrae-rs-apresentam-dados-da-primeira-etapa-do-radar-do-turismo\/","og_locale":"pt_BR","og_type":"article","og_title":"Prefeitura e SEBRAE RS apresentam dados da primeira etapa do Radar do Turismo - Secretaria de Planejamento","og_description":"Diagn\u00f3stico sobre as potencialidades e os desafios para a expans\u00e3o do turismo local foi constru\u00eddo a partir de question\u00e1rios aplicados em diferentes segmentos tur\u00edsticos de Passo Fundo","og_url":"https:\/\/www.pmpf.rs.gov.br\/secretaria-de-planejamento\/2022\/11\/01\/prefeitura-e-sebrae-rs-apresentam-dados-da-primeira-etapa-do-radar-do-turismo\/","og_site_name":"Secretaria de Planejamento","article_published_time":"2022-11-01T11:42:37+00:00","article_modified_time":"2023-04-18T22:00:58+00:00","og_image":[{"width":1600,"height":900,"url":"https:\/\/www.pmpf.rs.gov.br\/secretaria-de-planejamento\/wp-content\/uploads\/sites\/52\/2022\/11\/radar-do-turismo.jpg","type":"image\/jpeg"}],"author":"andressazorzetto07","twitter_card":"summary_large_image","twitter_misc":{"Escrito por":"andressazorzetto07","Est. tempo de leitura":"3 minutos"},"schema":{"@context":"https:\/\/schema.org","@graph":[{"@type":"WebPage","@id":"https:\/\/www.pmpf.rs.gov.br\/secretaria-de-planejamento\/2022\/11\/01\/prefeitura-e-sebrae-rs-apresentam-dados-da-primeira-etapa-do-radar-do-turismo\/","url":"https:\/\/www.pmpf.rs.gov.br\/secretaria-de-planejamento\/2022\/11\/01\/prefeitura-e-sebrae-rs-apresentam-dados-da-primeira-etapa-do-radar-do-turismo\/","name":"Prefeitura e SEBRAE RS apresentam dados da primeira etapa do Radar do Turismo - Secretaria de Planejamento","isPartOf":{"@id":"https:\/\/www.pmpf.rs.gov.br\/secretaria-de-planejamento\/#website"},"primaryImageOfPage":{"@id":"https:\/\/www.pmpf.rs.gov.br\/secretaria-de-planejamento\/2022\/11\/01\/prefeitura-e-sebrae-rs-apresentam-dados-da-primeira-etapa-do-radar-do-turismo\/#primaryimage"},"image":{"@id":"https:\/\/www.pmpf.rs.gov.br\/secretaria-de-planejamento\/2022\/11\/01\/prefeitura-e-sebrae-rs-apresentam-dados-da-primeira-etapa-do-radar-do-turismo\/#primaryimage"},"thumbnailUrl":"https:\/\/www.pmpf.rs.gov.br\/secretaria-de-planejamento\/wp-content\/uploads\/sites\/52\/2022\/11\/radar-do-turismo.jpg","datePublished":"2022-11-01T11:42:37+00:00","dateModified":"2023-04-18T22:00:58+00:00","author":{"@id":"https:\/\/www.pmpf.rs.gov.br\/secretaria-de-planejamento\/#\/schema\/person\/30ee1d1bd74da1469b01fcf086e43351"},"breadcrumb":{"@id":"https:\/\/www.pmpf.rs.gov.br\/secretaria-de-planejamento\/2022\/11\/01\/prefeitura-e-sebrae-rs-apresentam-dados-da-primeira-etapa-do-radar-do-turismo\/#breadcrumb"},"inLanguage":"pt-BR","potentialAction":[{"@type":"ReadAction","target":["https:\/\/www.pmpf.rs.gov.br\/secretaria-de-planejamento\/2022\/11\/01\/prefeitura-e-sebrae-rs-apresentam-dados-da-primeira-etapa-do-radar-do-turismo\/"]}]},{"@type":"ImageObject","inLanguage":"pt-BR","@id":"https:\/\/www.pmpf.rs.gov.br\/secretaria-de-planejamento\/2022\/11\/01\/prefeitura-e-sebrae-rs-apresentam-dados-da-primeira-etapa-do-radar-do-turismo\/#primaryimage","url":"https:\/\/www.pmpf.rs.gov.br\/secretaria-de-planejamento\/wp-content\/uploads\/sites\/52\/2022\/11\/radar-do-turismo.jpg","contentUrl":"https:\/\/www.pmpf.rs.gov.br\/secretaria-de-planejamento\/wp-content\/uploads\/sites\/52\/2022\/11\/radar-do-turismo.jpg","width":1600,"height":900},{"@type":"BreadcrumbList","@id":"https:\/\/www.pmpf.rs.gov.br\/secretaria-de-planejamento\/2022\/11\/01\/prefeitura-e-sebrae-rs-apresentam-dados-da-primeira-etapa-do-radar-do-turismo\/#breadcrumb","itemListElement":[{"@type":"ListItem","position":1,"name":"In\u00edcio","item":"https:\/\/www.pmpf.rs.gov.br\/secretaria-de-planejamento\/"},{"@type":"ListItem","position":2,"name":"Prefeitura e SEBRAE RS apresentam dados da primeira etapa do Radar do Turismo"}]},{"@type":"WebSite","@id":"https:\/\/www.pmpf.rs.gov.br\/secretaria-de-planejamento\/#website","url":"https:\/\/www.pmpf.rs.gov.br\/secretaria-de-planejamento\/","name":"Secretaria de Planejamento","description":"S\u00f3 mais um site Prefeitura de Passo Fundo","potentialAction":[{"@type":"SearchAction","target":{"@type":"EntryPoint","urlTemplate":"https:\/\/www.pmpf.rs.gov.br\/secretaria-de-planejamento\/?s={search_term_string}"},"query-input":{"@type":"PropertyValueSpecification","valueRequired":true,"valueName":"search_term_string"}}],"inLanguage":"pt-BR"},{"@type":"Person","@id":"https:\/\/www.pmpf.rs.gov.br\/secretaria-de-planejamento\/#\/schema\/person\/30ee1d1bd74da1469b01fcf086e43351","name":"andressazorzetto07","image":{"@type":"ImageObject","inLanguage":"pt-BR","@id":"https:\/\/www.pmpf.rs.gov.br\/secretaria-de-planejamento\/#\/schema\/person\/image\/","url":"https:\/\/secure.gravatar.com\/avatar\/14c5458ed79dc81da99a13b9ff5f9f19?s=96&d=mm&r=g","contentUrl":"https:\/\/secure.gravatar.com\/avatar\/14c5458ed79dc81da99a13b9ff5f9f19?s=96&d=mm&r=g","caption":"andressazorzetto07"},"url":"https:\/\/www.pmpf.rs.gov.br\/secretaria-de-planejamento\/author\/andressazorzetto07\/"}]}},"_links":{"self":[{"href":"https:\/\/www.pmpf.rs.gov.br\/secretaria-de-planejamento\/wp-json\/wp\/v2\/posts\/1170"}],"collection":[{"href":"https:\/\/www.pmpf.rs.gov.br\/secretaria-de-planejamento\/wp-json\/wp\/v2\/posts"}],"about":[{"href":"https:\/\/www.pmpf.rs.gov.br\/secretaria-de-planejamento\/wp-json\/wp\/v2\/types\/post"}],"author":[{"embeddable":true,"href":"https:\/\/www.pmpf.rs.gov.br\/secretaria-de-planejamento\/wp-json\/wp\/v2\/users\/6"}],"replies":[{"embeddable":true,"href":"https:\/\/www.pmpf.rs.gov.br\/secretaria-de-planejamento\/wp-json\/wp\/v2\/comments?post=1170"}],"version-history":[{"count":1,"href":"https:\/\/www.pmpf.rs.gov.br\/secretaria-de-planejamento\/wp-json\/wp\/v2\/posts\/1170\/revisions"}],"predecessor-version":[{"id":1172,"href":"https:\/\/www.pmpf.rs.gov.br\/secretaria-de-planejamento\/wp-json\/wp\/v2\/posts\/1170\/revisions\/1172"}],"wp:featuredmedia":[{"embeddable":true,"href":"https:\/\/www.pmpf.rs.gov.br\/secretaria-de-planejamento\/wp-json\/wp\/v2\/media\/1171"}],"wp:attachment":[{"href":"https:\/\/www.pmpf.rs.gov.br\/secretaria-de-planejamento\/wp-json\/wp\/v2\/media?parent=1170"}],"wp:term":[{"taxonomy":"category","embeddable":true,"href":"https:\/\/www.pmpf.rs.gov.br\/secretaria-de-planejamento\/wp-json\/wp\/v2\/categories?post=1170"},{"taxonomy":"post_tag","embeddable":true,"href":"https:\/\/www.pmpf.rs.gov.br\/secretaria-de-planejamento\/wp-json\/wp\/v2\/tags?post=1170"}],"curies":[{"name":"wp","href":"https:\/\/api.w.org\/{rel}","templated":true}]}}