{"id":1167,"date":"2022-10-27T16:14:18","date_gmt":"2022-10-27T19:14:18","guid":{"rendered":"https:\/\/www.pmpf.rs.gov.br\/secretaria-de-planejamento\/?p=1167"},"modified":"2022-10-27T16:15:56","modified_gmt":"2022-10-27T19:15:56","slug":"prefeitura-retomara-obra-da-emei-parque-do-sol","status":"publish","type":"post","link":"https:\/\/www.pmpf.rs.gov.br\/secretaria-de-planejamento\/2022\/10\/27\/prefeitura-retomara-obra-da-emei-parque-do-sol\/","title":{"rendered":"Prefeitura retomar\u00e1 obra da EMEI Parque do Sol"},"content":{"rendered":"\n<p><\/p>\n\n\n\n<p><br><\/p>\n\n\n\n<p>Ap\u00f3s tr\u00eas anos de tratativas, a Prefeitura de Passo Fundo obteve autoriza\u00e7\u00e3o do Governo Federal e dar\u00e1 sequ\u00eancia \u00e0 constru\u00e7\u00e3o da Escola Municipal de Educa\u00e7\u00e3o Infantil (EMEI) Parque do Sol. O Munic\u00edpio conseguiu alterar o m\u00e9todo construtivo da unidade junto ao Fundo Nacional do Desenvolvimento da Educa\u00e7\u00e3o (FNDE) e j\u00e1 abriu um processo licitat\u00f3rio para a contrata\u00e7\u00e3o da empresa respons\u00e1vel.<br><br>O prefeito, Pedro Almeida, comemorou a recupera\u00e7\u00e3o da obra, tendo em vista a abertura de novas vagas para a Educa\u00e7\u00e3o Infantil. \u201cLutamos muito para conseguir essa autoriza\u00e7\u00e3o. A EMEI Parque do Sol impactar\u00e1 em 230 novas vagas para atender as crian\u00e7as do entorno. Abrir novas vagas \u00e9 uma das metas do nosso governo, e a obra da Parque do Sol vai ser somada \u00e0 constru\u00e7\u00e3o de novas cinco escolas, sendo quatro de Educa\u00e7\u00e3o Infantil e uma de Ensino Fundamental, que ser\u00e3o iniciadas nos pr\u00f3ximos meses\u201d, afirmou.<\/p>\n\n\n\n<p>Para a comunidade, essa \u00e9 uma conquista. O vereador Luizinho Valendorf, que reside no entorno da escola e participou diretamente das tratativas para que o Munic\u00edpio conseguisse dar continuidade \u00e0 obra, considerou a import\u00e2ncia da unidade para as fam\u00edlias. \u201cA escola Parque do Sol vai beneficiar mais de 200 fam\u00edlias. S\u00e3o pais e m\u00e3es que v\u00e3o poder trabalhar com tranquilidade por ter onde deixar os seus filhos. A escola \u00e9 uma das minhas lutas enquanto vereador e, gra\u00e7as ao empenho da gest\u00e3o municipal, vamos entreg\u00e1-la para a popula\u00e7\u00e3o\u201d, destacou.<br><br><\/p>\n\n\n\n<p><strong>Entenda o caso<\/strong><\/p>\n\n\n\n<p>A constru\u00e7\u00e3o da Escola Parque do Sol teve in\u00edcio em 2015, dentro do programa Pr\u00f3-Inf\u00e2ncia, do Governo Federal. Uma licita\u00e7\u00e3o nacional foi efetuada para constru\u00e7\u00e3o de escolas em centenas de munic\u00edpios. Por\u00e9m, grande parte das institui\u00e7\u00f5es teve o projeto interrompido.<\/p>\n\n\n\n<p>A primeira paralisa\u00e7\u00e3o das obras da Parque do Sol foi feita em 2016, quando a MVC, empresa contratada pelo Governo Federal, alegou a falta de recursos e solicitou aumento do valor do contrato. Em 2019, a Prefeitura assumiu as obras e fez uma nova licita\u00e7\u00e3o para dar sequ\u00eancia \u00e0 execu\u00e7\u00e3o do projeto. A empresa que venceu o processo, no entanto, suspendeu a constru\u00e7\u00e3o justificando n\u00e3o haver fornecedores de materiais nem m\u00e3o de obra que atendessem ao modelo construtivo do projeto federal.<br><br>Dessa forma, conforme o secret\u00e1rio de Planejamento, Giezi Schneider, a Prefeitura buscou junto ao FNDE uma autoriza\u00e7\u00e3o para alterar o modelo construtivo e, assim, realizar nova licita\u00e7\u00e3o. \u201cHoje n\u00e3o encontramos mais empresas fornecedoras de materiais e m\u00e3o de obra para o m\u00e9todo que estava estabelecido. Ao possibilitar a modifica\u00e7\u00e3o, o Governo Federal viabilizou que a Prefeitura consiga retomar a constru\u00e7\u00e3o\u201d, ponderou.<br><br>No fim de 2021, o FNDE solicitou um laudo t\u00e9cnico detalhado ao Munic\u00edpio com informa\u00e7\u00f5es sobre as condi\u00e7\u00f5es da obra e, ainda, a proposta de modifica\u00e7\u00e3o do m\u00e9todo. O documento foi enviado pela Prefeitura em fevereiro deste ano. J\u00e1 no m\u00eas de maio, uma vistoria foi feita pelo Governo Federal para ratificar as informa\u00e7\u00f5es fornecidas pelo Munic\u00edpio. A autoriza\u00e7\u00e3o, finalmente, foi emitida em agosto. A empresa que dar\u00e1 continuidade \u00e0 consolida\u00e7\u00e3o da escola ser\u00e1 conhecida a partir do dia 17 de novembro, quando ser\u00e1 feita a abertura das propostas.<\/p>\n\n\n\n<p><br><br><strong>Mudan\u00e7as no projeto<\/strong><br>Em meio aos desfechos, a obra da EMEI Parque do Sol chegou aos 50% de execu\u00e7\u00e3o. Com a altera\u00e7\u00e3o no m\u00e9todo construtivo, a Prefeitura estima que esse \u00edndice seja reduzido para 30%, uma vez que o sistema de fechamento dever\u00e1 ser modificado. \u201cO formato da escola permanecer\u00e1 o mesmo. Vamos manter os pilares e coberturas com a substitui\u00e7\u00e3o das paredes e novos acabamentos. Por isso, refizemos o projeto com or\u00e7amentos\u201d, enfatizou Giezi.<br><br>O custo para a finaliza\u00e7\u00e3o da obra \u00e9 de aproximadamente R$ 2,2 milh\u00f5es. Desse total, R$ 670 mil ser\u00e3o provenientes do Governo Federal e mais de R$ 1,5 milh\u00e3o de contrapartida do Munic\u00edpio.<\/p>\n","protected":false},"excerpt":{"rendered":"<p>O Munic\u00edpio recebeu do Governo Federal uma autoriza\u00e7\u00e3o para alterar o m\u00e9todo construtivo e viabilizar a continuidade da execu\u00e7\u00e3o do projeto. A licita\u00e7\u00e3o para a contrata\u00e7\u00e3o da empresa que dar\u00e1 sequ\u00eancia \u00e0 obra j\u00e1 est\u00e1 aberta<\/p>\n","protected":false},"author":6,"featured_media":0,"comment_status":"closed","ping_status":"closed","sticky":true,"template":"","format":"standard","meta":{"footnotes":""},"categories":[1],"tags":[],"class_list":["post-1167","post","type-post","status-publish","format-standard","hentry","category-sem-categoria"],"yoast_head":"<!-- This site is optimized with the Yoast SEO plugin v23.8 - https:\/\/yoast.com\/wordpress\/plugins\/seo\/ -->\n<title>Prefeitura retomar\u00e1 obra da EMEI Parque do Sol - Secretaria de Planejamento<\/title>\n<meta name=\"robots\" content=\"index, follow, max-snippet:-1, max-image-preview:large, max-video-preview:-1\" \/>\n<link rel=\"canonical\" href=\"https:\/\/www.pmpf.rs.gov.br\/secretaria-de-planejamento\/2022\/10\/27\/prefeitura-retomara-obra-da-emei-parque-do-sol\/\" \/>\n<meta property=\"og:locale\" content=\"pt_BR\" \/>\n<meta property=\"og:type\" content=\"article\" \/>\n<meta property=\"og:title\" content=\"Prefeitura retomar\u00e1 obra da EMEI Parque do Sol - Secretaria de Planejamento\" \/>\n<meta property=\"og:description\" content=\"O Munic\u00edpio recebeu do Governo Federal uma autoriza\u00e7\u00e3o para alterar o m\u00e9todo construtivo e viabilizar a continuidade da execu\u00e7\u00e3o do projeto. A licita\u00e7\u00e3o para a contrata\u00e7\u00e3o da empresa que dar\u00e1 sequ\u00eancia \u00e0 obra j\u00e1 est\u00e1 aberta\" \/>\n<meta property=\"og:url\" content=\"https:\/\/www.pmpf.rs.gov.br\/secretaria-de-planejamento\/2022\/10\/27\/prefeitura-retomara-obra-da-emei-parque-do-sol\/\" \/>\n<meta property=\"og:site_name\" content=\"Secretaria de Planejamento\" \/>\n<meta property=\"article:published_time\" content=\"2022-10-27T19:14:18+00:00\" \/>\n<meta property=\"article:modified_time\" content=\"2022-10-27T19:15:56+00:00\" \/>\n<meta name=\"author\" content=\"andressazorzetto07\" \/>\n<meta name=\"twitter:card\" content=\"summary_large_image\" \/>\n<meta name=\"twitter:label1\" content=\"Escrito por\" \/>\n\t<meta name=\"twitter:data1\" content=\"andressazorzetto07\" \/>\n\t<meta name=\"twitter:label2\" content=\"Est. tempo de leitura\" \/>\n\t<meta name=\"twitter:data2\" content=\"3 minutos\" \/>\n<script type=\"application\/ld+json\" class=\"yoast-schema-graph\">{\"@context\":\"https:\/\/schema.org\",\"@graph\":[{\"@type\":\"WebPage\",\"@id\":\"https:\/\/www.pmpf.rs.gov.br\/secretaria-de-planejamento\/2022\/10\/27\/prefeitura-retomara-obra-da-emei-parque-do-sol\/\",\"url\":\"https:\/\/www.pmpf.rs.gov.br\/secretaria-de-planejamento\/2022\/10\/27\/prefeitura-retomara-obra-da-emei-parque-do-sol\/\",\"name\":\"Prefeitura retomar\u00e1 obra da EMEI Parque do Sol - Secretaria de Planejamento\",\"isPartOf\":{\"@id\":\"https:\/\/www.pmpf.rs.gov.br\/secretaria-de-planejamento\/#website\"},\"datePublished\":\"2022-10-27T19:14:18+00:00\",\"dateModified\":\"2022-10-27T19:15:56+00:00\",\"author\":{\"@id\":\"https:\/\/www.pmpf.rs.gov.br\/secretaria-de-planejamento\/#\/schema\/person\/30ee1d1bd74da1469b01fcf086e43351\"},\"breadcrumb\":{\"@id\":\"https:\/\/www.pmpf.rs.gov.br\/secretaria-de-planejamento\/2022\/10\/27\/prefeitura-retomara-obra-da-emei-parque-do-sol\/#breadcrumb\"},\"inLanguage\":\"pt-BR\",\"potentialAction\":[{\"@type\":\"ReadAction\",\"target\":[\"https:\/\/www.pmpf.rs.gov.br\/secretaria-de-planejamento\/2022\/10\/27\/prefeitura-retomara-obra-da-emei-parque-do-sol\/\"]}]},{\"@type\":\"BreadcrumbList\",\"@id\":\"https:\/\/www.pmpf.rs.gov.br\/secretaria-de-planejamento\/2022\/10\/27\/prefeitura-retomara-obra-da-emei-parque-do-sol\/#breadcrumb\",\"itemListElement\":[{\"@type\":\"ListItem\",\"position\":1,\"name\":\"In\u00edcio\",\"item\":\"https:\/\/www.pmpf.rs.gov.br\/secretaria-de-planejamento\/\"},{\"@type\":\"ListItem\",\"position\":2,\"name\":\"Prefeitura retomar\u00e1 obra da EMEI Parque do Sol\"}]},{\"@type\":\"WebSite\",\"@id\":\"https:\/\/www.pmpf.rs.gov.br\/secretaria-de-planejamento\/#website\",\"url\":\"https:\/\/www.pmpf.rs.gov.br\/secretaria-de-planejamento\/\",\"name\":\"Secretaria de Planejamento\",\"description\":\"S\u00f3 mais um site Prefeitura de Passo Fundo\",\"potentialAction\":[{\"@type\":\"SearchAction\",\"target\":{\"@type\":\"EntryPoint\",\"urlTemplate\":\"https:\/\/www.pmpf.rs.gov.br\/secretaria-de-planejamento\/?s={search_term_string}\"},\"query-input\":{\"@type\":\"PropertyValueSpecification\",\"valueRequired\":true,\"valueName\":\"search_term_string\"}}],\"inLanguage\":\"pt-BR\"},{\"@type\":\"Person\",\"@id\":\"https:\/\/www.pmpf.rs.gov.br\/secretaria-de-planejamento\/#\/schema\/person\/30ee1d1bd74da1469b01fcf086e43351\",\"name\":\"andressazorzetto07\",\"image\":{\"@type\":\"ImageObject\",\"inLanguage\":\"pt-BR\",\"@id\":\"https:\/\/www.pmpf.rs.gov.br\/secretaria-de-planejamento\/#\/schema\/person\/image\/\",\"url\":\"https:\/\/secure.gravatar.com\/avatar\/14c5458ed79dc81da99a13b9ff5f9f19?s=96&d=mm&r=g\",\"contentUrl\":\"https:\/\/secure.gravatar.com\/avatar\/14c5458ed79dc81da99a13b9ff5f9f19?s=96&d=mm&r=g\",\"caption\":\"andressazorzetto07\"},\"url\":\"https:\/\/www.pmpf.rs.gov.br\/secretaria-de-planejamento\/author\/andressazorzetto07\/\"}]}<\/script>\n<!-- \/ Yoast SEO plugin. -->","yoast_head_json":{"title":"Prefeitura retomar\u00e1 obra da EMEI Parque do Sol - Secretaria de Planejamento","robots":{"index":"index","follow":"follow","max-snippet":"max-snippet:-1","max-image-preview":"max-image-preview:large","max-video-preview":"max-video-preview:-1"},"canonical":"https:\/\/www.pmpf.rs.gov.br\/secretaria-de-planejamento\/2022\/10\/27\/prefeitura-retomara-obra-da-emei-parque-do-sol\/","og_locale":"pt_BR","og_type":"article","og_title":"Prefeitura retomar\u00e1 obra da EMEI Parque do Sol - Secretaria de Planejamento","og_description":"O Munic\u00edpio recebeu do Governo Federal uma autoriza\u00e7\u00e3o para alterar o m\u00e9todo construtivo e viabilizar a continuidade da execu\u00e7\u00e3o do projeto. A licita\u00e7\u00e3o para a contrata\u00e7\u00e3o da empresa que dar\u00e1 sequ\u00eancia \u00e0 obra j\u00e1 est\u00e1 aberta","og_url":"https:\/\/www.pmpf.rs.gov.br\/secretaria-de-planejamento\/2022\/10\/27\/prefeitura-retomara-obra-da-emei-parque-do-sol\/","og_site_name":"Secretaria de Planejamento","article_published_time":"2022-10-27T19:14:18+00:00","article_modified_time":"2022-10-27T19:15:56+00:00","author":"andressazorzetto07","twitter_card":"summary_large_image","twitter_misc":{"Escrito por":"andressazorzetto07","Est. tempo de leitura":"3 minutos"},"schema":{"@context":"https:\/\/schema.org","@graph":[{"@type":"WebPage","@id":"https:\/\/www.pmpf.rs.gov.br\/secretaria-de-planejamento\/2022\/10\/27\/prefeitura-retomara-obra-da-emei-parque-do-sol\/","url":"https:\/\/www.pmpf.rs.gov.br\/secretaria-de-planejamento\/2022\/10\/27\/prefeitura-retomara-obra-da-emei-parque-do-sol\/","name":"Prefeitura retomar\u00e1 obra da EMEI Parque do Sol - Secretaria de Planejamento","isPartOf":{"@id":"https:\/\/www.pmpf.rs.gov.br\/secretaria-de-planejamento\/#website"},"datePublished":"2022-10-27T19:14:18+00:00","dateModified":"2022-10-27T19:15:56+00:00","author":{"@id":"https:\/\/www.pmpf.rs.gov.br\/secretaria-de-planejamento\/#\/schema\/person\/30ee1d1bd74da1469b01fcf086e43351"},"breadcrumb":{"@id":"https:\/\/www.pmpf.rs.gov.br\/secretaria-de-planejamento\/2022\/10\/27\/prefeitura-retomara-obra-da-emei-parque-do-sol\/#breadcrumb"},"inLanguage":"pt-BR","potentialAction":[{"@type":"ReadAction","target":["https:\/\/www.pmpf.rs.gov.br\/secretaria-de-planejamento\/2022\/10\/27\/prefeitura-retomara-obra-da-emei-parque-do-sol\/"]}]},{"@type":"BreadcrumbList","@id":"https:\/\/www.pmpf.rs.gov.br\/secretaria-de-planejamento\/2022\/10\/27\/prefeitura-retomara-obra-da-emei-parque-do-sol\/#breadcrumb","itemListElement":[{"@type":"ListItem","position":1,"name":"In\u00edcio","item":"https:\/\/www.pmpf.rs.gov.br\/secretaria-de-planejamento\/"},{"@type":"ListItem","position":2,"name":"Prefeitura retomar\u00e1 obra da EMEI Parque do Sol"}]},{"@type":"WebSite","@id":"https:\/\/www.pmpf.rs.gov.br\/secretaria-de-planejamento\/#website","url":"https:\/\/www.pmpf.rs.gov.br\/secretaria-de-planejamento\/","name":"Secretaria de Planejamento","description":"S\u00f3 mais um site Prefeitura de Passo Fundo","potentialAction":[{"@type":"SearchAction","target":{"@type":"EntryPoint","urlTemplate":"https:\/\/www.pmpf.rs.gov.br\/secretaria-de-planejamento\/?s={search_term_string}"},"query-input":{"@type":"PropertyValueSpecification","valueRequired":true,"valueName":"search_term_string"}}],"inLanguage":"pt-BR"},{"@type":"Person","@id":"https:\/\/www.pmpf.rs.gov.br\/secretaria-de-planejamento\/#\/schema\/person\/30ee1d1bd74da1469b01fcf086e43351","name":"andressazorzetto07","image":{"@type":"ImageObject","inLanguage":"pt-BR","@id":"https:\/\/www.pmpf.rs.gov.br\/secretaria-de-planejamento\/#\/schema\/person\/image\/","url":"https:\/\/secure.gravatar.com\/avatar\/14c5458ed79dc81da99a13b9ff5f9f19?s=96&d=mm&r=g","contentUrl":"https:\/\/secure.gravatar.com\/avatar\/14c5458ed79dc81da99a13b9ff5f9f19?s=96&d=mm&r=g","caption":"andressazorzetto07"},"url":"https:\/\/www.pmpf.rs.gov.br\/secretaria-de-planejamento\/author\/andressazorzetto07\/"}]}},"_links":{"self":[{"href":"https:\/\/www.pmpf.rs.gov.br\/secretaria-de-planejamento\/wp-json\/wp\/v2\/posts\/1167"}],"collection":[{"href":"https:\/\/www.pmpf.rs.gov.br\/secretaria-de-planejamento\/wp-json\/wp\/v2\/posts"}],"about":[{"href":"https:\/\/www.pmpf.rs.gov.br\/secretaria-de-planejamento\/wp-json\/wp\/v2\/types\/post"}],"author":[{"embeddable":true,"href":"https:\/\/www.pmpf.rs.gov.br\/secretaria-de-planejamento\/wp-json\/wp\/v2\/users\/6"}],"replies":[{"embeddable":true,"href":"https:\/\/www.pmpf.rs.gov.br\/secretaria-de-planejamento\/wp-json\/wp\/v2\/comments?post=1167"}],"version-history":[{"count":2,"href":"https:\/\/www.pmpf.rs.gov.br\/secretaria-de-planejamento\/wp-json\/wp\/v2\/posts\/1167\/revisions"}],"predecessor-version":[{"id":1169,"href":"https:\/\/www.pmpf.rs.gov.br\/secretaria-de-planejamento\/wp-json\/wp\/v2\/posts\/1167\/revisions\/1169"}],"wp:attachment":[{"href":"https:\/\/www.pmpf.rs.gov.br\/secretaria-de-planejamento\/wp-json\/wp\/v2\/media?parent=1167"}],"wp:term":[{"taxonomy":"category","embeddable":true,"href":"https:\/\/www.pmpf.rs.gov.br\/secretaria-de-planejamento\/wp-json\/wp\/v2\/categories?post=1167"},{"taxonomy":"post_tag","embeddable":true,"href":"https:\/\/www.pmpf.rs.gov.br\/secretaria-de-planejamento\/wp-json\/wp\/v2\/tags?post=1167"}],"curies":[{"name":"wp","href":"https:\/\/api.w.org\/{rel}","templated":true}]}}