{"id":1140,"date":"2022-08-03T13:00:30","date_gmt":"2022-08-03T16:00:30","guid":{"rendered":"https:\/\/www.pmpf.rs.gov.br\/secretaria-de-planejamento\/?p=1140"},"modified":"2022-08-03T13:00:30","modified_gmt":"2022-08-03T16:00:30","slug":"prefeito-pedro-almeida-anuncia-obras-na-avenida-scarpellini-ghezzi","status":"publish","type":"post","link":"https:\/\/www.pmpf.rs.gov.br\/secretaria-de-planejamento\/2022\/08\/03\/prefeito-pedro-almeida-anuncia-obras-na-avenida-scarpellini-ghezzi\/","title":{"rendered":"Prefeito Pedro Almeida anuncia obras na Avenida Scarpellini Ghezzi"},"content":{"rendered":"\n<p>Ap\u00f3s anunciar a revitaliza\u00e7\u00e3o da Avenida Presidente Vargas, o prefeito Pedro Almeida noticiou, nesta quarta-feira (3), mais uma obra que vai melhorar a mobilidade urbana entre os bairros Lucas Ara\u00fajo e S\u00e3o Crist\u00f3v\u00e3o. A Avenida Scarpellini Ghezzi receber\u00e1 interven\u00e7\u00f5es em dois quil\u00f4metros, respeitando as caracter\u00edsticas ambientais da regi\u00e3o.<\/p>\n\n\n\n<p>Para o prefeito, a qualifica\u00e7\u00e3o da infraestrutura da via \u00e9 necess\u00e1ria para o dia a dia da cidade, uma vez que ela complementa o anel vi\u00e1rio, mas \u00e9 preciso considerar a riqueza ambiental do local. \u201cNo Bosque Lucas Ara\u00fajo, existem \u00e1rvores com mais de 300 anos. A obra acontecer\u00e1 com um olhar para esse espa\u00e7o como um patrim\u00f4nio da cidade a fim de que ele seja ainda mais valorizado\u201d, disse.<\/p>\n\n\n\n<p>O projeto se estende da Avenida Presidente Vargas \u00e0 Rua Jo\u00e3o Biazus e contempla nova pavimenta\u00e7\u00e3o, refor\u00e7o na drenagem, ilumina\u00e7\u00e3o em led e ciclovia. A elabora\u00e7\u00e3o contou com o envolvimento das secretarias de Obras, Planejamento, Seguran\u00e7a e Meio Ambiente.<\/p>\n\n\n\n<p>Conforme o secret\u00e1rio de Obras, Rubens Astolfi, uma das principais caracter\u00edsticas ser\u00e1 a pavimenta\u00e7\u00e3o com blocos intertravados em 500 metros da via, entre as ruas da S\u00e9 e Daltro Filho. \u201cQueremos garantir a preserva\u00e7\u00e3o das caracter\u00edsticas da regi\u00e3o. Por ser uma \u00e1rea ambiental, buscamos uma pavimenta\u00e7\u00e3o que fa\u00e7a a melhor drenagem da \u00e1gua da chuva e promova uma velocidade de tr\u00e2nsito reduzida\u201d, destacou.<\/p>\n\n\n\n<p>Al\u00e9m disso, a ciclovia de dois quil\u00f4metros da Avenida Scarpelli Ghezzi ser\u00e1 ligada \u00e0 da Avenida Presidente Vargas, que est\u00e1 inclu\u00edda no projeto para a via e ter\u00e1 cinco quil\u00f4metros. \u201cSer\u00e1 mais uma op\u00e7\u00e3o de modal de transporte e lazer para o bairro, inteiramente dentro do canteiro central para garantir a seguran\u00e7a dos usu\u00e1rios. A ciclovia, certamente, trar\u00e1 uma melhoria significativa na qualidade de vida dos moradores\u201d, mencionou Astolfi.<\/p>\n\n\n\n<p>O secret\u00e1rio de Meio Ambiente, Rafael Colussi, avalia a import\u00e2ncia da participa\u00e7\u00e3o coletiva para que as obras qualifiquem a infraestrutura observando as peculiaridades dos espa\u00e7os. \u201cEssa obra mostra o comprometimento da administra\u00e7\u00e3o com a cidade e, acima de tudo, a consci\u00eancia ambiental. A Prefeitura efetuar\u00e1 mais uma importante obra para o tr\u00e2nsito sem agredir o meio ambiente\u201d, pontuou.<\/p>\n\n\n\n<p>Presidente da Associa\u00e7\u00e3o de Moradores do Bosque Lucas Ara\u00fajo, Lu\u00eds Fernando da C\u00e2mara, que mora no local h\u00e1 20 anos, enfatizou a preocupa\u00e7\u00e3o do poder p\u00fablico com o bairro. \u201cIsso demonstra o quanto \u00e9 importante trazer a gest\u00e3o p\u00fablica para o bairro que \u00e9 um patrim\u00f4nio da comunidade de Passo Fundo\u201d, afirmou.<\/p>\n\n\n\n<p>A licita\u00e7\u00e3o ser\u00e1 realizada neste segundo semestre de 2022. A previs\u00e3o de conclus\u00e3o da obra \u00e9 de 12 meses.<\/p>\n","protected":false},"excerpt":{"rendered":"<p>Projeto contempla nova pavimenta\u00e7\u00e3o, refor\u00e7o na drenagem, ilumina\u00e7\u00e3o em led e ciclovia entre a Avenida Presidente Vargas e a Rua Jo\u00e3o Biazus, em uma extens\u00e3o de dois quil\u00f4metros<\/p>\n","protected":false},"author":6,"featured_media":1141,"comment_status":"closed","ping_status":"closed","sticky":true,"template":"","format":"standard","meta":{"footnotes":""},"categories":[1],"tags":[],"class_list":["post-1140","post","type-post","status-publish","format-standard","has-post-thumbnail","hentry","category-sem-categoria"],"yoast_head":"<!-- This site is optimized with the Yoast SEO plugin v23.8 - https:\/\/yoast.com\/wordpress\/plugins\/seo\/ -->\n<title>Prefeito Pedro Almeida anuncia obras na Avenida Scarpellini Ghezzi - Secretaria de Planejamento<\/title>\n<meta name=\"robots\" content=\"index, follow, max-snippet:-1, max-image-preview:large, max-video-preview:-1\" \/>\n<link rel=\"canonical\" href=\"https:\/\/www.pmpf.rs.gov.br\/secretaria-de-planejamento\/2022\/08\/03\/prefeito-pedro-almeida-anuncia-obras-na-avenida-scarpellini-ghezzi\/\" \/>\n<meta property=\"og:locale\" content=\"pt_BR\" \/>\n<meta property=\"og:type\" content=\"article\" \/>\n<meta property=\"og:title\" content=\"Prefeito Pedro Almeida anuncia obras na Avenida Scarpellini Ghezzi - Secretaria de Planejamento\" \/>\n<meta property=\"og:description\" content=\"Projeto contempla nova pavimenta\u00e7\u00e3o, refor\u00e7o na drenagem, ilumina\u00e7\u00e3o em led e ciclovia entre a Avenida Presidente Vargas e a Rua Jo\u00e3o Biazus, em uma extens\u00e3o de dois quil\u00f4metros\" \/>\n<meta property=\"og:url\" content=\"https:\/\/www.pmpf.rs.gov.br\/secretaria-de-planejamento\/2022\/08\/03\/prefeito-pedro-almeida-anuncia-obras-na-avenida-scarpellini-ghezzi\/\" \/>\n<meta property=\"og:site_name\" content=\"Secretaria de Planejamento\" \/>\n<meta property=\"article:published_time\" content=\"2022-08-03T16:00:30+00:00\" \/>\n<meta name=\"author\" content=\"andressazorzetto07\" \/>\n<meta name=\"twitter:card\" content=\"summary_large_image\" \/>\n<meta name=\"twitter:label1\" content=\"Escrito por\" \/>\n\t<meta name=\"twitter:data1\" content=\"andressazorzetto07\" \/>\n\t<meta name=\"twitter:label2\" content=\"Est. tempo de leitura\" \/>\n\t<meta name=\"twitter:data2\" content=\"2 minutos\" \/>\n<script type=\"application\/ld+json\" class=\"yoast-schema-graph\">{\"@context\":\"https:\/\/schema.org\",\"@graph\":[{\"@type\":\"WebPage\",\"@id\":\"https:\/\/www.pmpf.rs.gov.br\/secretaria-de-planejamento\/2022\/08\/03\/prefeito-pedro-almeida-anuncia-obras-na-avenida-scarpellini-ghezzi\/\",\"url\":\"https:\/\/www.pmpf.rs.gov.br\/secretaria-de-planejamento\/2022\/08\/03\/prefeito-pedro-almeida-anuncia-obras-na-avenida-scarpellini-ghezzi\/\",\"name\":\"Prefeito Pedro Almeida anuncia obras na Avenida Scarpellini Ghezzi - Secretaria de Planejamento\",\"isPartOf\":{\"@id\":\"https:\/\/www.pmpf.rs.gov.br\/secretaria-de-planejamento\/#website\"},\"primaryImageOfPage\":{\"@id\":\"https:\/\/www.pmpf.rs.gov.br\/secretaria-de-planejamento\/2022\/08\/03\/prefeito-pedro-almeida-anuncia-obras-na-avenida-scarpellini-ghezzi\/#primaryimage\"},\"image\":{\"@id\":\"https:\/\/www.pmpf.rs.gov.br\/secretaria-de-planejamento\/2022\/08\/03\/prefeito-pedro-almeida-anuncia-obras-na-avenida-scarpellini-ghezzi\/#primaryimage\"},\"thumbnailUrl\":\"https:\/\/www.pmpf.rs.gov.br\/secretaria-de-planejamento\/wp-content\/uploads\/sites\/52\/2022\/08\/scarpellini-scaled.jpg\",\"datePublished\":\"2022-08-03T16:00:30+00:00\",\"dateModified\":\"2022-08-03T16:00:30+00:00\",\"author\":{\"@id\":\"https:\/\/www.pmpf.rs.gov.br\/secretaria-de-planejamento\/#\/schema\/person\/30ee1d1bd74da1469b01fcf086e43351\"},\"breadcrumb\":{\"@id\":\"https:\/\/www.pmpf.rs.gov.br\/secretaria-de-planejamento\/2022\/08\/03\/prefeito-pedro-almeida-anuncia-obras-na-avenida-scarpellini-ghezzi\/#breadcrumb\"},\"inLanguage\":\"pt-BR\",\"potentialAction\":[{\"@type\":\"ReadAction\",\"target\":[\"https:\/\/www.pmpf.rs.gov.br\/secretaria-de-planejamento\/2022\/08\/03\/prefeito-pedro-almeida-anuncia-obras-na-avenida-scarpellini-ghezzi\/\"]}]},{\"@type\":\"ImageObject\",\"inLanguage\":\"pt-BR\",\"@id\":\"https:\/\/www.pmpf.rs.gov.br\/secretaria-de-planejamento\/2022\/08\/03\/prefeito-pedro-almeida-anuncia-obras-na-avenida-scarpellini-ghezzi\/#primaryimage\",\"url\":\"https:\/\/www.pmpf.rs.gov.br\/secretaria-de-planejamento\/wp-content\/uploads\/sites\/52\/2022\/08\/scarpellini-scaled.jpg\",\"contentUrl\":\"https:\/\/www.pmpf.rs.gov.br\/secretaria-de-planejamento\/wp-content\/uploads\/sites\/52\/2022\/08\/scarpellini-scaled.jpg\",\"width\":2560,\"height\":1439},{\"@type\":\"BreadcrumbList\",\"@id\":\"https:\/\/www.pmpf.rs.gov.br\/secretaria-de-planejamento\/2022\/08\/03\/prefeito-pedro-almeida-anuncia-obras-na-avenida-scarpellini-ghezzi\/#breadcrumb\",\"itemListElement\":[{\"@type\":\"ListItem\",\"position\":1,\"name\":\"In\u00edcio\",\"item\":\"https:\/\/www.pmpf.rs.gov.br\/secretaria-de-planejamento\/\"},{\"@type\":\"ListItem\",\"position\":2,\"name\":\"Prefeito Pedro Almeida anuncia obras na Avenida Scarpellini Ghezzi\"}]},{\"@type\":\"WebSite\",\"@id\":\"https:\/\/www.pmpf.rs.gov.br\/secretaria-de-planejamento\/#website\",\"url\":\"https:\/\/www.pmpf.rs.gov.br\/secretaria-de-planejamento\/\",\"name\":\"Secretaria de Planejamento\",\"description\":\"S\u00f3 mais um site Prefeitura de Passo Fundo\",\"potentialAction\":[{\"@type\":\"SearchAction\",\"target\":{\"@type\":\"EntryPoint\",\"urlTemplate\":\"https:\/\/www.pmpf.rs.gov.br\/secretaria-de-planejamento\/?s={search_term_string}\"},\"query-input\":{\"@type\":\"PropertyValueSpecification\",\"valueRequired\":true,\"valueName\":\"search_term_string\"}}],\"inLanguage\":\"pt-BR\"},{\"@type\":\"Person\",\"@id\":\"https:\/\/www.pmpf.rs.gov.br\/secretaria-de-planejamento\/#\/schema\/person\/30ee1d1bd74da1469b01fcf086e43351\",\"name\":\"andressazorzetto07\",\"image\":{\"@type\":\"ImageObject\",\"inLanguage\":\"pt-BR\",\"@id\":\"https:\/\/www.pmpf.rs.gov.br\/secretaria-de-planejamento\/#\/schema\/person\/image\/\",\"url\":\"https:\/\/secure.gravatar.com\/avatar\/14c5458ed79dc81da99a13b9ff5f9f19?s=96&d=mm&r=g\",\"contentUrl\":\"https:\/\/secure.gravatar.com\/avatar\/14c5458ed79dc81da99a13b9ff5f9f19?s=96&d=mm&r=g\",\"caption\":\"andressazorzetto07\"},\"url\":\"https:\/\/www.pmpf.rs.gov.br\/secretaria-de-planejamento\/author\/andressazorzetto07\/\"}]}<\/script>\n<!-- \/ Yoast SEO plugin. -->","yoast_head_json":{"title":"Prefeito Pedro Almeida anuncia obras na Avenida Scarpellini Ghezzi - Secretaria de Planejamento","robots":{"index":"index","follow":"follow","max-snippet":"max-snippet:-1","max-image-preview":"max-image-preview:large","max-video-preview":"max-video-preview:-1"},"canonical":"https:\/\/www.pmpf.rs.gov.br\/secretaria-de-planejamento\/2022\/08\/03\/prefeito-pedro-almeida-anuncia-obras-na-avenida-scarpellini-ghezzi\/","og_locale":"pt_BR","og_type":"article","og_title":"Prefeito Pedro Almeida anuncia obras na Avenida Scarpellini Ghezzi - Secretaria de Planejamento","og_description":"Projeto contempla nova pavimenta\u00e7\u00e3o, refor\u00e7o na drenagem, ilumina\u00e7\u00e3o em led e ciclovia entre a Avenida Presidente Vargas e a Rua Jo\u00e3o Biazus, em uma extens\u00e3o de dois quil\u00f4metros","og_url":"https:\/\/www.pmpf.rs.gov.br\/secretaria-de-planejamento\/2022\/08\/03\/prefeito-pedro-almeida-anuncia-obras-na-avenida-scarpellini-ghezzi\/","og_site_name":"Secretaria de Planejamento","article_published_time":"2022-08-03T16:00:30+00:00","author":"andressazorzetto07","twitter_card":"summary_large_image","twitter_misc":{"Escrito por":"andressazorzetto07","Est. tempo de leitura":"2 minutos"},"schema":{"@context":"https:\/\/schema.org","@graph":[{"@type":"WebPage","@id":"https:\/\/www.pmpf.rs.gov.br\/secretaria-de-planejamento\/2022\/08\/03\/prefeito-pedro-almeida-anuncia-obras-na-avenida-scarpellini-ghezzi\/","url":"https:\/\/www.pmpf.rs.gov.br\/secretaria-de-planejamento\/2022\/08\/03\/prefeito-pedro-almeida-anuncia-obras-na-avenida-scarpellini-ghezzi\/","name":"Prefeito Pedro Almeida anuncia obras na Avenida Scarpellini Ghezzi - Secretaria de Planejamento","isPartOf":{"@id":"https:\/\/www.pmpf.rs.gov.br\/secretaria-de-planejamento\/#website"},"primaryImageOfPage":{"@id":"https:\/\/www.pmpf.rs.gov.br\/secretaria-de-planejamento\/2022\/08\/03\/prefeito-pedro-almeida-anuncia-obras-na-avenida-scarpellini-ghezzi\/#primaryimage"},"image":{"@id":"https:\/\/www.pmpf.rs.gov.br\/secretaria-de-planejamento\/2022\/08\/03\/prefeito-pedro-almeida-anuncia-obras-na-avenida-scarpellini-ghezzi\/#primaryimage"},"thumbnailUrl":"https:\/\/www.pmpf.rs.gov.br\/secretaria-de-planejamento\/wp-content\/uploads\/sites\/52\/2022\/08\/scarpellini-scaled.jpg","datePublished":"2022-08-03T16:00:30+00:00","dateModified":"2022-08-03T16:00:30+00:00","author":{"@id":"https:\/\/www.pmpf.rs.gov.br\/secretaria-de-planejamento\/#\/schema\/person\/30ee1d1bd74da1469b01fcf086e43351"},"breadcrumb":{"@id":"https:\/\/www.pmpf.rs.gov.br\/secretaria-de-planejamento\/2022\/08\/03\/prefeito-pedro-almeida-anuncia-obras-na-avenida-scarpellini-ghezzi\/#breadcrumb"},"inLanguage":"pt-BR","potentialAction":[{"@type":"ReadAction","target":["https:\/\/www.pmpf.rs.gov.br\/secretaria-de-planejamento\/2022\/08\/03\/prefeito-pedro-almeida-anuncia-obras-na-avenida-scarpellini-ghezzi\/"]}]},{"@type":"ImageObject","inLanguage":"pt-BR","@id":"https:\/\/www.pmpf.rs.gov.br\/secretaria-de-planejamento\/2022\/08\/03\/prefeito-pedro-almeida-anuncia-obras-na-avenida-scarpellini-ghezzi\/#primaryimage","url":"https:\/\/www.pmpf.rs.gov.br\/secretaria-de-planejamento\/wp-content\/uploads\/sites\/52\/2022\/08\/scarpellini-scaled.jpg","contentUrl":"https:\/\/www.pmpf.rs.gov.br\/secretaria-de-planejamento\/wp-content\/uploads\/sites\/52\/2022\/08\/scarpellini-scaled.jpg","width":2560,"height":1439},{"@type":"BreadcrumbList","@id":"https:\/\/www.pmpf.rs.gov.br\/secretaria-de-planejamento\/2022\/08\/03\/prefeito-pedro-almeida-anuncia-obras-na-avenida-scarpellini-ghezzi\/#breadcrumb","itemListElement":[{"@type":"ListItem","position":1,"name":"In\u00edcio","item":"https:\/\/www.pmpf.rs.gov.br\/secretaria-de-planejamento\/"},{"@type":"ListItem","position":2,"name":"Prefeito Pedro Almeida anuncia obras na Avenida Scarpellini Ghezzi"}]},{"@type":"WebSite","@id":"https:\/\/www.pmpf.rs.gov.br\/secretaria-de-planejamento\/#website","url":"https:\/\/www.pmpf.rs.gov.br\/secretaria-de-planejamento\/","name":"Secretaria de Planejamento","description":"S\u00f3 mais um site Prefeitura de Passo Fundo","potentialAction":[{"@type":"SearchAction","target":{"@type":"EntryPoint","urlTemplate":"https:\/\/www.pmpf.rs.gov.br\/secretaria-de-planejamento\/?s={search_term_string}"},"query-input":{"@type":"PropertyValueSpecification","valueRequired":true,"valueName":"search_term_string"}}],"inLanguage":"pt-BR"},{"@type":"Person","@id":"https:\/\/www.pmpf.rs.gov.br\/secretaria-de-planejamento\/#\/schema\/person\/30ee1d1bd74da1469b01fcf086e43351","name":"andressazorzetto07","image":{"@type":"ImageObject","inLanguage":"pt-BR","@id":"https:\/\/www.pmpf.rs.gov.br\/secretaria-de-planejamento\/#\/schema\/person\/image\/","url":"https:\/\/secure.gravatar.com\/avatar\/14c5458ed79dc81da99a13b9ff5f9f19?s=96&d=mm&r=g","contentUrl":"https:\/\/secure.gravatar.com\/avatar\/14c5458ed79dc81da99a13b9ff5f9f19?s=96&d=mm&r=g","caption":"andressazorzetto07"},"url":"https:\/\/www.pmpf.rs.gov.br\/secretaria-de-planejamento\/author\/andressazorzetto07\/"}]}},"_links":{"self":[{"href":"https:\/\/www.pmpf.rs.gov.br\/secretaria-de-planejamento\/wp-json\/wp\/v2\/posts\/1140"}],"collection":[{"href":"https:\/\/www.pmpf.rs.gov.br\/secretaria-de-planejamento\/wp-json\/wp\/v2\/posts"}],"about":[{"href":"https:\/\/www.pmpf.rs.gov.br\/secretaria-de-planejamento\/wp-json\/wp\/v2\/types\/post"}],"author":[{"embeddable":true,"href":"https:\/\/www.pmpf.rs.gov.br\/secretaria-de-planejamento\/wp-json\/wp\/v2\/users\/6"}],"replies":[{"embeddable":true,"href":"https:\/\/www.pmpf.rs.gov.br\/secretaria-de-planejamento\/wp-json\/wp\/v2\/comments?post=1140"}],"version-history":[{"count":1,"href":"https:\/\/www.pmpf.rs.gov.br\/secretaria-de-planejamento\/wp-json\/wp\/v2\/posts\/1140\/revisions"}],"predecessor-version":[{"id":1142,"href":"https:\/\/www.pmpf.rs.gov.br\/secretaria-de-planejamento\/wp-json\/wp\/v2\/posts\/1140\/revisions\/1142"}],"wp:featuredmedia":[{"embeddable":true,"href":"https:\/\/www.pmpf.rs.gov.br\/secretaria-de-planejamento\/wp-json\/wp\/v2\/media\/1141"}],"wp:attachment":[{"href":"https:\/\/www.pmpf.rs.gov.br\/secretaria-de-planejamento\/wp-json\/wp\/v2\/media?parent=1140"}],"wp:term":[{"taxonomy":"category","embeddable":true,"href":"https:\/\/www.pmpf.rs.gov.br\/secretaria-de-planejamento\/wp-json\/wp\/v2\/categories?post=1140"},{"taxonomy":"post_tag","embeddable":true,"href":"https:\/\/www.pmpf.rs.gov.br\/secretaria-de-planejamento\/wp-json\/wp\/v2\/tags?post=1140"}],"curies":[{"name":"wp","href":"https:\/\/api.w.org\/{rel}","templated":true}]}}