{"id":1137,"date":"2022-08-02T16:53:11","date_gmt":"2022-08-02T19:53:11","guid":{"rendered":"https:\/\/www.pmpf.rs.gov.br\/secretaria-de-planejamento\/?p=1137"},"modified":"2022-08-02T16:53:11","modified_gmt":"2022-08-02T19:53:11","slug":"prefeito-pedro-almeida-anuncia-a-revitalizacao-da-avenida-presidente-vargas","status":"publish","type":"post","link":"https:\/\/www.pmpf.rs.gov.br\/secretaria-de-planejamento\/2022\/08\/02\/prefeito-pedro-almeida-anuncia-a-revitalizacao-da-avenida-presidente-vargas\/","title":{"rendered":"Prefeito Pedro Almeida anuncia a revitaliza\u00e7\u00e3o da Avenida Presidente Vargas"},"content":{"rendered":"\n<p><\/p>\n\n\n\n<p>Na tarde desta ter\u00e7a-feira (2), durante as comemora\u00e7\u00f5es de 165 anos de Passo Fundo, o prefeito de Pedro Almeida fez o an\u00fancio de uma obra que vai qualificar a infraestrutura da cidade. A Avenida Presidente Vargas, uma das mais importantes vias para a mobilidade urbana, ser\u00e1 revitalizada em uma extens\u00e3o de 5,2 quil\u00f4metros, entre a Rua General Canabarro e o Trevo do Ricci.<\/p>\n\n\n\n<p>Ao anunciar a reestrutura\u00e7\u00e3o, o prefeito ponderou que os investimentos em infraestrutura impactam diretamente na vida das pessoas. \u201cTemos certeza que essa obra era muito aguardada pela popula\u00e7\u00e3o, sobretudo, por quem utiliza a Presidente Vargas diariamente. A revitaliza\u00e7\u00e3o n\u00e3o otimizar\u00e1 apenas o tr\u00e2nsito, mas impactar\u00e1 em mais qualidade de vida, pois vamos atender a demandas levantadas pela comunidade\u201d, disse.<\/p>\n\n\n\n<p>As obras envolvem nova pavimenta\u00e7\u00e3o, refor\u00e7o na drenagem, ilumina\u00e7\u00e3o, paisagismo, sinaliza\u00e7\u00e3o vi\u00e1ria e pontos de \u00f4nibus em concreto. Tamb\u00e9m contemplam o alargamento do canteiro central com a transforma\u00e7\u00e3o da ciclofaixa em uma ciclovia de 4,8 km entre a Avenida Sete de Setembro e o trevo do Ricci, e, entre as ruas Clementino Lu\u00eds Vieira e Claudino Toldo, a inclus\u00e3o do caminh\u00f3dromo.<\/p>\n\n\n\n<p>O projeto foi desenvolvido pelas secretarias de Obras, Planejamento e Seguran\u00e7a, com a participa\u00e7\u00e3o do F\u00f3rum de Mobilidade Urbana. As interven\u00e7\u00f5es iniciar\u00e3o ainda neste ano, ap\u00f3s o processo de licita\u00e7\u00e3o e a contrata\u00e7\u00e3o da empresa respons\u00e1vel, tendo previs\u00e3o para serem conclu\u00eddas em 24 meses.<\/p>\n\n\n\n<p>Melhorias na mobilidade urbana<br>Todos os dias, a Avenida Presidente Vargas concentra um intenso fluxo. Conforme o secret\u00e1rio de Seguran\u00e7a, Jo\u00e3o Darci Gon\u00e7alves, em frente ao Col\u00e9gio Cecy Leite Costa, considerando os dois sentidos, passam 24 mil ve\u00edculos. \u201cEsse n\u00famero \u00e9 semelhante ao da Avenida Brasil, na esquina com a Avenida Sete de Setembro, que \u00e9 trecho de passagem de 25 mil ve\u00edculos diariamente. A obra na Presidente Vargas ter\u00e1 interven\u00e7\u00f5es importantes em alguns cruzamentos, proporcionando mais seguran\u00e7a e dinamicidade aos usu\u00e1rios, como a implanta\u00e7\u00e3o de r\u00f3tulas e melhor sinaliza\u00e7\u00e3o com mais visibilidade\u201d, mencionou.<\/p>\n\n\n\n<p>O secret\u00e1rio de Obras, Rubens Astolfi, destaca que o asfalto ser\u00e1 refor\u00e7ado no local para comportar o tr\u00e2nsito. \u201cAs melhorias na pavimenta\u00e7\u00e3o foram projetadas a partir de um diagn\u00f3stico t\u00e9cnico baseado em ensaios de engenharia, que apontaram para tr\u00eas diferentes tipos de solu\u00e7\u00e3o para o trecho: refor\u00e7o estrutural no pavimento; trechos com fresagem e capa nova de asfalto; e pavimentos em concreto nas paradas de \u00f4nibus, como os da Avenida Brasil, para garantir a preserva\u00e7\u00e3o\u201d, mencionou.<\/p>\n\n\n\n<p>Al\u00e9m disso, uma das necessidades atuais da Presidente Vargas e que ser\u00e1 atendida \u00e9 a ciclovia. O espa\u00e7o ser\u00e1 anexado aos canteiros centrais logo no cruzamento com a Avenida Sete de Setembro e contar\u00e1 com caminh\u00f3dromo a partir das imedia\u00e7\u00f5es de acesso ao Bairro Planaltina. \u201cCom rela\u00e7\u00e3o \u00e0 ciclofaixa que existe atualmente, a nova ciclovia ter\u00e1 uma extens\u00e3o 3,3 quil\u00f4metros maior. A \u00e1rea receber\u00e1 ilumina\u00e7\u00e3o em led, que tamb\u00e9m ser\u00e1 posicionada para a via\u201d, pontuou Rubens.<\/p>\n\n\n\n<p>Conforme o secret\u00e1rio de Planejamento, Giezi Schneider, as obras beneficiar\u00e3o diretamente a popula\u00e7\u00e3o. \u201cS\u00e3o muitos elementos de ganho para todos. As melhorias na mobilidade, no tr\u00e2nsito, na ilumina\u00e7\u00e3o e no paisagismo promover\u00e3o mais qualidade e seguran\u00e7a para o fluxo e a passagem das pessoas\u201d, salientou.<\/p>\n\n\n\n<p><\/p>\n\n\n\n<p><strong>Foto: Michel Sanderi<\/strong><\/p>\n","protected":false},"excerpt":{"rendered":"<p>Na tarde desta ter\u00e7a-feira (2), durante as comemora\u00e7\u00f5es de 165 anos de Passo Fundo, o prefeito de Pedro Almeida fez o an\u00fancio de uma obra que vai qualificar a infraestrutura da cidade. [&hellip;]<\/p>\n","protected":false},"author":6,"featured_media":1138,"comment_status":"closed","ping_status":"closed","sticky":true,"template":"","format":"standard","meta":{"footnotes":""},"categories":[15],"tags":[],"class_list":["post-1137","post","type-post","status-publish","format-standard","has-post-thumbnail","hentry","category-avenida-presidente-vargas"],"yoast_head":"<!-- This site is optimized with the Yoast SEO plugin v23.8 - https:\/\/yoast.com\/wordpress\/plugins\/seo\/ -->\n<title>Prefeito Pedro Almeida anuncia a revitaliza\u00e7\u00e3o da Avenida Presidente Vargas - Secretaria de Planejamento<\/title>\n<meta name=\"robots\" content=\"index, follow, max-snippet:-1, max-image-preview:large, max-video-preview:-1\" \/>\n<link rel=\"canonical\" href=\"https:\/\/www.pmpf.rs.gov.br\/secretaria-de-planejamento\/2022\/08\/02\/prefeito-pedro-almeida-anuncia-a-revitalizacao-da-avenida-presidente-vargas\/\" \/>\n<meta property=\"og:locale\" content=\"pt_BR\" \/>\n<meta property=\"og:type\" content=\"article\" \/>\n<meta property=\"og:title\" content=\"Prefeito Pedro Almeida anuncia a revitaliza\u00e7\u00e3o da Avenida Presidente Vargas - Secretaria de Planejamento\" \/>\n<meta property=\"og:description\" content=\"Na tarde desta ter\u00e7a-feira (2), durante as comemora\u00e7\u00f5es de 165 anos de Passo Fundo, o prefeito de Pedro Almeida fez o an\u00fancio de uma obra que vai qualificar a infraestrutura da cidade. [&hellip;]\" \/>\n<meta property=\"og:url\" content=\"https:\/\/www.pmpf.rs.gov.br\/secretaria-de-planejamento\/2022\/08\/02\/prefeito-pedro-almeida-anuncia-a-revitalizacao-da-avenida-presidente-vargas\/\" \/>\n<meta property=\"og:site_name\" content=\"Secretaria de Planejamento\" \/>\n<meta property=\"article:published_time\" content=\"2022-08-02T19:53:11+00:00\" \/>\n<meta name=\"author\" content=\"andressazorzetto07\" \/>\n<meta name=\"twitter:card\" content=\"summary_large_image\" \/>\n<meta name=\"twitter:label1\" content=\"Escrito por\" \/>\n\t<meta name=\"twitter:data1\" content=\"andressazorzetto07\" \/>\n\t<meta name=\"twitter:label2\" content=\"Est. tempo de leitura\" \/>\n\t<meta name=\"twitter:data2\" content=\"3 minutos\" \/>\n<script type=\"application\/ld+json\" class=\"yoast-schema-graph\">{\"@context\":\"https:\/\/schema.org\",\"@graph\":[{\"@type\":\"WebPage\",\"@id\":\"https:\/\/www.pmpf.rs.gov.br\/secretaria-de-planejamento\/2022\/08\/02\/prefeito-pedro-almeida-anuncia-a-revitalizacao-da-avenida-presidente-vargas\/\",\"url\":\"https:\/\/www.pmpf.rs.gov.br\/secretaria-de-planejamento\/2022\/08\/02\/prefeito-pedro-almeida-anuncia-a-revitalizacao-da-avenida-presidente-vargas\/\",\"name\":\"Prefeito Pedro Almeida anuncia a revitaliza\u00e7\u00e3o da Avenida Presidente Vargas - Secretaria de Planejamento\",\"isPartOf\":{\"@id\":\"https:\/\/www.pmpf.rs.gov.br\/secretaria-de-planejamento\/#website\"},\"primaryImageOfPage\":{\"@id\":\"https:\/\/www.pmpf.rs.gov.br\/secretaria-de-planejamento\/2022\/08\/02\/prefeito-pedro-almeida-anuncia-a-revitalizacao-da-avenida-presidente-vargas\/#primaryimage\"},\"image\":{\"@id\":\"https:\/\/www.pmpf.rs.gov.br\/secretaria-de-planejamento\/2022\/08\/02\/prefeito-pedro-almeida-anuncia-a-revitalizacao-da-avenida-presidente-vargas\/#primaryimage\"},\"thumbnailUrl\":\"https:\/\/www.pmpf.rs.gov.br\/secretaria-de-planejamento\/wp-content\/uploads\/sites\/52\/2022\/08\/presidente-vargas.jpg\",\"datePublished\":\"2022-08-02T19:53:11+00:00\",\"dateModified\":\"2022-08-02T19:53:11+00:00\",\"author\":{\"@id\":\"https:\/\/www.pmpf.rs.gov.br\/secretaria-de-planejamento\/#\/schema\/person\/30ee1d1bd74da1469b01fcf086e43351\"},\"breadcrumb\":{\"@id\":\"https:\/\/www.pmpf.rs.gov.br\/secretaria-de-planejamento\/2022\/08\/02\/prefeito-pedro-almeida-anuncia-a-revitalizacao-da-avenida-presidente-vargas\/#breadcrumb\"},\"inLanguage\":\"pt-BR\",\"potentialAction\":[{\"@type\":\"ReadAction\",\"target\":[\"https:\/\/www.pmpf.rs.gov.br\/secretaria-de-planejamento\/2022\/08\/02\/prefeito-pedro-almeida-anuncia-a-revitalizacao-da-avenida-presidente-vargas\/\"]}]},{\"@type\":\"ImageObject\",\"inLanguage\":\"pt-BR\",\"@id\":\"https:\/\/www.pmpf.rs.gov.br\/secretaria-de-planejamento\/2022\/08\/02\/prefeito-pedro-almeida-anuncia-a-revitalizacao-da-avenida-presidente-vargas\/#primaryimage\",\"url\":\"https:\/\/www.pmpf.rs.gov.br\/secretaria-de-planejamento\/wp-content\/uploads\/sites\/52\/2022\/08\/presidente-vargas.jpg\",\"contentUrl\":\"https:\/\/www.pmpf.rs.gov.br\/secretaria-de-planejamento\/wp-content\/uploads\/sites\/52\/2022\/08\/presidente-vargas.jpg\",\"width\":1600,\"height\":898},{\"@type\":\"BreadcrumbList\",\"@id\":\"https:\/\/www.pmpf.rs.gov.br\/secretaria-de-planejamento\/2022\/08\/02\/prefeito-pedro-almeida-anuncia-a-revitalizacao-da-avenida-presidente-vargas\/#breadcrumb\",\"itemListElement\":[{\"@type\":\"ListItem\",\"position\":1,\"name\":\"In\u00edcio\",\"item\":\"https:\/\/www.pmpf.rs.gov.br\/secretaria-de-planejamento\/\"},{\"@type\":\"ListItem\",\"position\":2,\"name\":\"Prefeito Pedro Almeida anuncia a revitaliza\u00e7\u00e3o da Avenida Presidente Vargas\"}]},{\"@type\":\"WebSite\",\"@id\":\"https:\/\/www.pmpf.rs.gov.br\/secretaria-de-planejamento\/#website\",\"url\":\"https:\/\/www.pmpf.rs.gov.br\/secretaria-de-planejamento\/\",\"name\":\"Secretaria de Planejamento\",\"description\":\"S\u00f3 mais um site Prefeitura de Passo Fundo\",\"potentialAction\":[{\"@type\":\"SearchAction\",\"target\":{\"@type\":\"EntryPoint\",\"urlTemplate\":\"https:\/\/www.pmpf.rs.gov.br\/secretaria-de-planejamento\/?s={search_term_string}\"},\"query-input\":{\"@type\":\"PropertyValueSpecification\",\"valueRequired\":true,\"valueName\":\"search_term_string\"}}],\"inLanguage\":\"pt-BR\"},{\"@type\":\"Person\",\"@id\":\"https:\/\/www.pmpf.rs.gov.br\/secretaria-de-planejamento\/#\/schema\/person\/30ee1d1bd74da1469b01fcf086e43351\",\"name\":\"andressazorzetto07\",\"image\":{\"@type\":\"ImageObject\",\"inLanguage\":\"pt-BR\",\"@id\":\"https:\/\/www.pmpf.rs.gov.br\/secretaria-de-planejamento\/#\/schema\/person\/image\/\",\"url\":\"https:\/\/secure.gravatar.com\/avatar\/14c5458ed79dc81da99a13b9ff5f9f19?s=96&d=mm&r=g\",\"contentUrl\":\"https:\/\/secure.gravatar.com\/avatar\/14c5458ed79dc81da99a13b9ff5f9f19?s=96&d=mm&r=g\",\"caption\":\"andressazorzetto07\"},\"url\":\"https:\/\/www.pmpf.rs.gov.br\/secretaria-de-planejamento\/author\/andressazorzetto07\/\"}]}<\/script>\n<!-- \/ Yoast SEO plugin. -->","yoast_head_json":{"title":"Prefeito Pedro Almeida anuncia a revitaliza\u00e7\u00e3o da Avenida Presidente Vargas - Secretaria de Planejamento","robots":{"index":"index","follow":"follow","max-snippet":"max-snippet:-1","max-image-preview":"max-image-preview:large","max-video-preview":"max-video-preview:-1"},"canonical":"https:\/\/www.pmpf.rs.gov.br\/secretaria-de-planejamento\/2022\/08\/02\/prefeito-pedro-almeida-anuncia-a-revitalizacao-da-avenida-presidente-vargas\/","og_locale":"pt_BR","og_type":"article","og_title":"Prefeito Pedro Almeida anuncia a revitaliza\u00e7\u00e3o da Avenida Presidente Vargas - Secretaria de Planejamento","og_description":"Na tarde desta ter\u00e7a-feira (2), durante as comemora\u00e7\u00f5es de 165 anos de Passo Fundo, o prefeito de Pedro Almeida fez o an\u00fancio de uma obra que vai qualificar a infraestrutura da cidade. [&hellip;]","og_url":"https:\/\/www.pmpf.rs.gov.br\/secretaria-de-planejamento\/2022\/08\/02\/prefeito-pedro-almeida-anuncia-a-revitalizacao-da-avenida-presidente-vargas\/","og_site_name":"Secretaria de Planejamento","article_published_time":"2022-08-02T19:53:11+00:00","author":"andressazorzetto07","twitter_card":"summary_large_image","twitter_misc":{"Escrito por":"andressazorzetto07","Est. tempo de leitura":"3 minutos"},"schema":{"@context":"https:\/\/schema.org","@graph":[{"@type":"WebPage","@id":"https:\/\/www.pmpf.rs.gov.br\/secretaria-de-planejamento\/2022\/08\/02\/prefeito-pedro-almeida-anuncia-a-revitalizacao-da-avenida-presidente-vargas\/","url":"https:\/\/www.pmpf.rs.gov.br\/secretaria-de-planejamento\/2022\/08\/02\/prefeito-pedro-almeida-anuncia-a-revitalizacao-da-avenida-presidente-vargas\/","name":"Prefeito Pedro Almeida anuncia a revitaliza\u00e7\u00e3o da Avenida Presidente Vargas - Secretaria de Planejamento","isPartOf":{"@id":"https:\/\/www.pmpf.rs.gov.br\/secretaria-de-planejamento\/#website"},"primaryImageOfPage":{"@id":"https:\/\/www.pmpf.rs.gov.br\/secretaria-de-planejamento\/2022\/08\/02\/prefeito-pedro-almeida-anuncia-a-revitalizacao-da-avenida-presidente-vargas\/#primaryimage"},"image":{"@id":"https:\/\/www.pmpf.rs.gov.br\/secretaria-de-planejamento\/2022\/08\/02\/prefeito-pedro-almeida-anuncia-a-revitalizacao-da-avenida-presidente-vargas\/#primaryimage"},"thumbnailUrl":"https:\/\/www.pmpf.rs.gov.br\/secretaria-de-planejamento\/wp-content\/uploads\/sites\/52\/2022\/08\/presidente-vargas.jpg","datePublished":"2022-08-02T19:53:11+00:00","dateModified":"2022-08-02T19:53:11+00:00","author":{"@id":"https:\/\/www.pmpf.rs.gov.br\/secretaria-de-planejamento\/#\/schema\/person\/30ee1d1bd74da1469b01fcf086e43351"},"breadcrumb":{"@id":"https:\/\/www.pmpf.rs.gov.br\/secretaria-de-planejamento\/2022\/08\/02\/prefeito-pedro-almeida-anuncia-a-revitalizacao-da-avenida-presidente-vargas\/#breadcrumb"},"inLanguage":"pt-BR","potentialAction":[{"@type":"ReadAction","target":["https:\/\/www.pmpf.rs.gov.br\/secretaria-de-planejamento\/2022\/08\/02\/prefeito-pedro-almeida-anuncia-a-revitalizacao-da-avenida-presidente-vargas\/"]}]},{"@type":"ImageObject","inLanguage":"pt-BR","@id":"https:\/\/www.pmpf.rs.gov.br\/secretaria-de-planejamento\/2022\/08\/02\/prefeito-pedro-almeida-anuncia-a-revitalizacao-da-avenida-presidente-vargas\/#primaryimage","url":"https:\/\/www.pmpf.rs.gov.br\/secretaria-de-planejamento\/wp-content\/uploads\/sites\/52\/2022\/08\/presidente-vargas.jpg","contentUrl":"https:\/\/www.pmpf.rs.gov.br\/secretaria-de-planejamento\/wp-content\/uploads\/sites\/52\/2022\/08\/presidente-vargas.jpg","width":1600,"height":898},{"@type":"BreadcrumbList","@id":"https:\/\/www.pmpf.rs.gov.br\/secretaria-de-planejamento\/2022\/08\/02\/prefeito-pedro-almeida-anuncia-a-revitalizacao-da-avenida-presidente-vargas\/#breadcrumb","itemListElement":[{"@type":"ListItem","position":1,"name":"In\u00edcio","item":"https:\/\/www.pmpf.rs.gov.br\/secretaria-de-planejamento\/"},{"@type":"ListItem","position":2,"name":"Prefeito Pedro Almeida anuncia a revitaliza\u00e7\u00e3o da Avenida Presidente Vargas"}]},{"@type":"WebSite","@id":"https:\/\/www.pmpf.rs.gov.br\/secretaria-de-planejamento\/#website","url":"https:\/\/www.pmpf.rs.gov.br\/secretaria-de-planejamento\/","name":"Secretaria de Planejamento","description":"S\u00f3 mais um site Prefeitura de Passo Fundo","potentialAction":[{"@type":"SearchAction","target":{"@type":"EntryPoint","urlTemplate":"https:\/\/www.pmpf.rs.gov.br\/secretaria-de-planejamento\/?s={search_term_string}"},"query-input":{"@type":"PropertyValueSpecification","valueRequired":true,"valueName":"search_term_string"}}],"inLanguage":"pt-BR"},{"@type":"Person","@id":"https:\/\/www.pmpf.rs.gov.br\/secretaria-de-planejamento\/#\/schema\/person\/30ee1d1bd74da1469b01fcf086e43351","name":"andressazorzetto07","image":{"@type":"ImageObject","inLanguage":"pt-BR","@id":"https:\/\/www.pmpf.rs.gov.br\/secretaria-de-planejamento\/#\/schema\/person\/image\/","url":"https:\/\/secure.gravatar.com\/avatar\/14c5458ed79dc81da99a13b9ff5f9f19?s=96&d=mm&r=g","contentUrl":"https:\/\/secure.gravatar.com\/avatar\/14c5458ed79dc81da99a13b9ff5f9f19?s=96&d=mm&r=g","caption":"andressazorzetto07"},"url":"https:\/\/www.pmpf.rs.gov.br\/secretaria-de-planejamento\/author\/andressazorzetto07\/"}]}},"_links":{"self":[{"href":"https:\/\/www.pmpf.rs.gov.br\/secretaria-de-planejamento\/wp-json\/wp\/v2\/posts\/1137"}],"collection":[{"href":"https:\/\/www.pmpf.rs.gov.br\/secretaria-de-planejamento\/wp-json\/wp\/v2\/posts"}],"about":[{"href":"https:\/\/www.pmpf.rs.gov.br\/secretaria-de-planejamento\/wp-json\/wp\/v2\/types\/post"}],"author":[{"embeddable":true,"href":"https:\/\/www.pmpf.rs.gov.br\/secretaria-de-planejamento\/wp-json\/wp\/v2\/users\/6"}],"replies":[{"embeddable":true,"href":"https:\/\/www.pmpf.rs.gov.br\/secretaria-de-planejamento\/wp-json\/wp\/v2\/comments?post=1137"}],"version-history":[{"count":1,"href":"https:\/\/www.pmpf.rs.gov.br\/secretaria-de-planejamento\/wp-json\/wp\/v2\/posts\/1137\/revisions"}],"predecessor-version":[{"id":1139,"href":"https:\/\/www.pmpf.rs.gov.br\/secretaria-de-planejamento\/wp-json\/wp\/v2\/posts\/1137\/revisions\/1139"}],"wp:featuredmedia":[{"embeddable":true,"href":"https:\/\/www.pmpf.rs.gov.br\/secretaria-de-planejamento\/wp-json\/wp\/v2\/media\/1138"}],"wp:attachment":[{"href":"https:\/\/www.pmpf.rs.gov.br\/secretaria-de-planejamento\/wp-json\/wp\/v2\/media?parent=1137"}],"wp:term":[{"taxonomy":"category","embeddable":true,"href":"https:\/\/www.pmpf.rs.gov.br\/secretaria-de-planejamento\/wp-json\/wp\/v2\/categories?post=1137"},{"taxonomy":"post_tag","embeddable":true,"href":"https:\/\/www.pmpf.rs.gov.br\/secretaria-de-planejamento\/wp-json\/wp\/v2\/tags?post=1137"}],"curies":[{"name":"wp","href":"https:\/\/api.w.org\/{rel}","templated":true}]}}