{"id":1096,"date":"2021-12-22T14:55:16","date_gmt":"2021-12-22T17:55:16","guid":{"rendered":"https:\/\/www.pmpf.rs.gov.br\/secretaria-de-planejamento\/2021\/12\/22\/prefeitura-reformou-a-praca-antonino-xavier\/"},"modified":"2022-03-12T22:12:52","modified_gmt":"2022-03-13T01:12:52","slug":"prefeitura-reformou-a-praca-antonino-xavier","status":"publish","type":"post","link":"https:\/\/www.pmpf.rs.gov.br\/secretaria-de-planejamento\/2021\/12\/22\/prefeitura-reformou-a-praca-antonino-xavier\/","title":{"rendered":"Prefeitura reformou a pra\u00e7a Antonino Xavier"},"content":{"rendered":"<div id=\":ru\" class=\"Ar Au Ao\">\n<div id=\":wc\" class=\"Am Al editable LW-avf tS-tW tS-tY\" hidefocus=\"true\" aria-label=\"Corpo da mensagem\" g_editable=\"true\" role=\"textbox\" aria-multiline=\"true\" tabindex=\"1\" style=\"direction: ltr; min-height: 200px;\" spellcheck=\"false\">A pra\u00e7a Antonino Xavier, localizada em frente ao Hospital de Cl\u00ednicas, agora est\u00e1 com todos os espa\u00e7os reformados e entregues para a popula\u00e7\u00e3o. A Prefeitura concluiu, nesta semana, as \u00faltimas etapas das obras que vinham sendo executadas desde 2019, por meio de medidas compensat\u00f3rias acertadas com nove empresas. O custo total da reforma foi de aproximadamente R$ 500 mil.<\/p>\n<p>De acordo com a Secretaria de Planejamento, respons\u00e1vel pela constru\u00e7\u00e3o do projeto arquitet\u00f4nico e pelo acompanhamento de todas as fases do processo, em cada etapa da obra foram feitas diversas modifica\u00e7\u00f5es e melhorias, incluindo a substitui\u00e7\u00e3o integral do piso; acessibilidade, com a instala\u00e7\u00e3o do piso t\u00e1ctil; ilumina\u00e7\u00e3o; playground; novos bancos; cobertura vegetal em grama; e a coloca\u00e7\u00e3o de nova camada de concreto sobre a pista redonda, no centro da pra\u00e7a.<\/p>\n<p>Nesta \u00faltima etapa de investimentos, foram finalizados os passeios na parte interna da pra\u00e7a, a instala\u00e7\u00e3o de meios-fios pr\u00e9-moldados e tamb\u00e9m a coloca\u00e7\u00e3o de piso intertravado.<\/p>\n<div><\/div>\n<div><b>Foto: Michel Sanderi<\/b><\/div>\n<\/div>\n<\/div>\n","protected":false},"excerpt":{"rendered":"<p>A pra\u00e7a, localizada em frente ao Hospital de Cl\u00ednicas, foi reformada pela Prefeitura<\/p>\n","protected":false},"author":1,"featured_media":1101,"comment_status":"open","ping_status":"open","sticky":false,"template":"","format":"standard","meta":{"footnotes":""},"categories":[1],"tags":[],"class_list":["post-1096","post","type-post","status-publish","format-standard","has-post-thumbnail","hentry","category-sem-categoria"],"yoast_head":"<!-- This site is optimized with the Yoast SEO plugin v23.8 - https:\/\/yoast.com\/wordpress\/plugins\/seo\/ -->\n<title>Prefeitura reformou a pra\u00e7a Antonino Xavier - Secretaria de Planejamento<\/title>\n<meta name=\"robots\" content=\"index, follow, max-snippet:-1, max-image-preview:large, max-video-preview:-1\" \/>\n<link rel=\"canonical\" href=\"https:\/\/www.pmpf.rs.gov.br\/secretaria-de-planejamento\/2021\/12\/22\/prefeitura-reformou-a-praca-antonino-xavier\/\" \/>\n<meta property=\"og:locale\" content=\"pt_BR\" \/>\n<meta property=\"og:type\" content=\"article\" \/>\n<meta property=\"og:title\" content=\"Prefeitura reformou a pra\u00e7a Antonino Xavier - Secretaria de Planejamento\" \/>\n<meta property=\"og:description\" content=\"A pra\u00e7a, localizada em frente ao Hospital de Cl\u00ednicas, foi reformada pela Prefeitura\" \/>\n<meta property=\"og:url\" content=\"https:\/\/www.pmpf.rs.gov.br\/secretaria-de-planejamento\/2021\/12\/22\/prefeitura-reformou-a-praca-antonino-xavier\/\" \/>\n<meta property=\"og:site_name\" content=\"Secretaria de Planejamento\" \/>\n<meta property=\"article:published_time\" content=\"2021-12-22T17:55:16+00:00\" \/>\n<meta property=\"article:modified_time\" content=\"2022-03-13T01:12:52+00:00\" \/>\n<meta name=\"author\" content=\"mosite\" \/>\n<meta name=\"twitter:card\" content=\"summary_large_image\" \/>\n<meta name=\"twitter:label1\" content=\"Escrito por\" \/>\n\t<meta name=\"twitter:data1\" content=\"mosite\" \/>\n\t<meta name=\"twitter:label2\" content=\"Est. tempo de leitura\" \/>\n\t<meta name=\"twitter:data2\" content=\"1 minuto\" \/>\n<script type=\"application\/ld+json\" class=\"yoast-schema-graph\">{\"@context\":\"https:\/\/schema.org\",\"@graph\":[{\"@type\":\"WebPage\",\"@id\":\"https:\/\/www.pmpf.rs.gov.br\/secretaria-de-planejamento\/2021\/12\/22\/prefeitura-reformou-a-praca-antonino-xavier\/\",\"url\":\"https:\/\/www.pmpf.rs.gov.br\/secretaria-de-planejamento\/2021\/12\/22\/prefeitura-reformou-a-praca-antonino-xavier\/\",\"name\":\"Prefeitura reformou a pra\u00e7a Antonino Xavier - Secretaria de Planejamento\",\"isPartOf\":{\"@id\":\"https:\/\/www.pmpf.rs.gov.br\/secretaria-de-planejamento\/#website\"},\"primaryImageOfPage\":{\"@id\":\"https:\/\/www.pmpf.rs.gov.br\/secretaria-de-planejamento\/2021\/12\/22\/prefeitura-reformou-a-praca-antonino-xavier\/#primaryimage\"},\"image\":{\"@id\":\"https:\/\/www.pmpf.rs.gov.br\/secretaria-de-planejamento\/2021\/12\/22\/prefeitura-reformou-a-praca-antonino-xavier\/#primaryimage\"},\"thumbnailUrl\":\"https:\/\/www.pmpf.rs.gov.br\/secretaria-de-planejamento\/wp-content\/uploads\/sites\/52\/2022\/03\/I2021-12-22_11_58_17_402193.jpg\",\"datePublished\":\"2021-12-22T17:55:16+00:00\",\"dateModified\":\"2022-03-13T01:12:52+00:00\",\"author\":{\"@id\":\"https:\/\/www.pmpf.rs.gov.br\/secretaria-de-planejamento\/#\/schema\/person\/0c355b0fa68a7aa986c8594f7a60a2d7\"},\"breadcrumb\":{\"@id\":\"https:\/\/www.pmpf.rs.gov.br\/secretaria-de-planejamento\/2021\/12\/22\/prefeitura-reformou-a-praca-antonino-xavier\/#breadcrumb\"},\"inLanguage\":\"pt-BR\",\"potentialAction\":[{\"@type\":\"ReadAction\",\"target\":[\"https:\/\/www.pmpf.rs.gov.br\/secretaria-de-planejamento\/2021\/12\/22\/prefeitura-reformou-a-praca-antonino-xavier\/\"]}]},{\"@type\":\"ImageObject\",\"inLanguage\":\"pt-BR\",\"@id\":\"https:\/\/www.pmpf.rs.gov.br\/secretaria-de-planejamento\/2021\/12\/22\/prefeitura-reformou-a-praca-antonino-xavier\/#primaryimage\",\"url\":\"https:\/\/www.pmpf.rs.gov.br\/secretaria-de-planejamento\/wp-content\/uploads\/sites\/52\/2022\/03\/I2021-12-22_11_58_17_402193.jpg\",\"contentUrl\":\"https:\/\/www.pmpf.rs.gov.br\/secretaria-de-planejamento\/wp-content\/uploads\/sites\/52\/2022\/03\/I2021-12-22_11_58_17_402193.jpg\",\"width\":1280,\"height\":853},{\"@type\":\"BreadcrumbList\",\"@id\":\"https:\/\/www.pmpf.rs.gov.br\/secretaria-de-planejamento\/2021\/12\/22\/prefeitura-reformou-a-praca-antonino-xavier\/#breadcrumb\",\"itemListElement\":[{\"@type\":\"ListItem\",\"position\":1,\"name\":\"In\u00edcio\",\"item\":\"https:\/\/www.pmpf.rs.gov.br\/secretaria-de-planejamento\/\"},{\"@type\":\"ListItem\",\"position\":2,\"name\":\"Prefeitura reformou a pra\u00e7a Antonino Xavier\"}]},{\"@type\":\"WebSite\",\"@id\":\"https:\/\/www.pmpf.rs.gov.br\/secretaria-de-planejamento\/#website\",\"url\":\"https:\/\/www.pmpf.rs.gov.br\/secretaria-de-planejamento\/\",\"name\":\"Secretaria de Planejamento\",\"description\":\"S\u00f3 mais um site Prefeitura de Passo Fundo\",\"potentialAction\":[{\"@type\":\"SearchAction\",\"target\":{\"@type\":\"EntryPoint\",\"urlTemplate\":\"https:\/\/www.pmpf.rs.gov.br\/secretaria-de-planejamento\/?s={search_term_string}\"},\"query-input\":{\"@type\":\"PropertyValueSpecification\",\"valueRequired\":true,\"valueName\":\"search_term_string\"}}],\"inLanguage\":\"pt-BR\"},{\"@type\":\"Person\",\"@id\":\"https:\/\/www.pmpf.rs.gov.br\/secretaria-de-planejamento\/#\/schema\/person\/0c355b0fa68a7aa986c8594f7a60a2d7\",\"name\":\"mosite\",\"image\":{\"@type\":\"ImageObject\",\"inLanguage\":\"pt-BR\",\"@id\":\"https:\/\/www.pmpf.rs.gov.br\/secretaria-de-planejamento\/#\/schema\/person\/image\/\",\"url\":\"https:\/\/secure.gravatar.com\/avatar\/63d72595d6cecfe12bd8a94829d5a26c?s=96&d=mm&r=g\",\"contentUrl\":\"https:\/\/secure.gravatar.com\/avatar\/63d72595d6cecfe12bd8a94829d5a26c?s=96&d=mm&r=g\",\"caption\":\"mosite\"},\"sameAs\":[\"http:\/\/example.com\"],\"url\":\"https:\/\/www.pmpf.rs.gov.br\/secretaria-de-planejamento\/author\/mosite\/\"}]}<\/script>\n<!-- \/ Yoast SEO plugin. -->","yoast_head_json":{"title":"Prefeitura reformou a pra\u00e7a Antonino Xavier - Secretaria de Planejamento","robots":{"index":"index","follow":"follow","max-snippet":"max-snippet:-1","max-image-preview":"max-image-preview:large","max-video-preview":"max-video-preview:-1"},"canonical":"https:\/\/www.pmpf.rs.gov.br\/secretaria-de-planejamento\/2021\/12\/22\/prefeitura-reformou-a-praca-antonino-xavier\/","og_locale":"pt_BR","og_type":"article","og_title":"Prefeitura reformou a pra\u00e7a Antonino Xavier - Secretaria de Planejamento","og_description":"A pra\u00e7a, localizada em frente ao Hospital de Cl\u00ednicas, foi reformada pela Prefeitura","og_url":"https:\/\/www.pmpf.rs.gov.br\/secretaria-de-planejamento\/2021\/12\/22\/prefeitura-reformou-a-praca-antonino-xavier\/","og_site_name":"Secretaria de Planejamento","article_published_time":"2021-12-22T17:55:16+00:00","article_modified_time":"2022-03-13T01:12:52+00:00","author":"mosite","twitter_card":"summary_large_image","twitter_misc":{"Escrito por":"mosite","Est. tempo de leitura":"1 minuto"},"schema":{"@context":"https:\/\/schema.org","@graph":[{"@type":"WebPage","@id":"https:\/\/www.pmpf.rs.gov.br\/secretaria-de-planejamento\/2021\/12\/22\/prefeitura-reformou-a-praca-antonino-xavier\/","url":"https:\/\/www.pmpf.rs.gov.br\/secretaria-de-planejamento\/2021\/12\/22\/prefeitura-reformou-a-praca-antonino-xavier\/","name":"Prefeitura reformou a pra\u00e7a Antonino Xavier - Secretaria de Planejamento","isPartOf":{"@id":"https:\/\/www.pmpf.rs.gov.br\/secretaria-de-planejamento\/#website"},"primaryImageOfPage":{"@id":"https:\/\/www.pmpf.rs.gov.br\/secretaria-de-planejamento\/2021\/12\/22\/prefeitura-reformou-a-praca-antonino-xavier\/#primaryimage"},"image":{"@id":"https:\/\/www.pmpf.rs.gov.br\/secretaria-de-planejamento\/2021\/12\/22\/prefeitura-reformou-a-praca-antonino-xavier\/#primaryimage"},"thumbnailUrl":"https:\/\/www.pmpf.rs.gov.br\/secretaria-de-planejamento\/wp-content\/uploads\/sites\/52\/2022\/03\/I2021-12-22_11_58_17_402193.jpg","datePublished":"2021-12-22T17:55:16+00:00","dateModified":"2022-03-13T01:12:52+00:00","author":{"@id":"https:\/\/www.pmpf.rs.gov.br\/secretaria-de-planejamento\/#\/schema\/person\/0c355b0fa68a7aa986c8594f7a60a2d7"},"breadcrumb":{"@id":"https:\/\/www.pmpf.rs.gov.br\/secretaria-de-planejamento\/2021\/12\/22\/prefeitura-reformou-a-praca-antonino-xavier\/#breadcrumb"},"inLanguage":"pt-BR","potentialAction":[{"@type":"ReadAction","target":["https:\/\/www.pmpf.rs.gov.br\/secretaria-de-planejamento\/2021\/12\/22\/prefeitura-reformou-a-praca-antonino-xavier\/"]}]},{"@type":"ImageObject","inLanguage":"pt-BR","@id":"https:\/\/www.pmpf.rs.gov.br\/secretaria-de-planejamento\/2021\/12\/22\/prefeitura-reformou-a-praca-antonino-xavier\/#primaryimage","url":"https:\/\/www.pmpf.rs.gov.br\/secretaria-de-planejamento\/wp-content\/uploads\/sites\/52\/2022\/03\/I2021-12-22_11_58_17_402193.jpg","contentUrl":"https:\/\/www.pmpf.rs.gov.br\/secretaria-de-planejamento\/wp-content\/uploads\/sites\/52\/2022\/03\/I2021-12-22_11_58_17_402193.jpg","width":1280,"height":853},{"@type":"BreadcrumbList","@id":"https:\/\/www.pmpf.rs.gov.br\/secretaria-de-planejamento\/2021\/12\/22\/prefeitura-reformou-a-praca-antonino-xavier\/#breadcrumb","itemListElement":[{"@type":"ListItem","position":1,"name":"In\u00edcio","item":"https:\/\/www.pmpf.rs.gov.br\/secretaria-de-planejamento\/"},{"@type":"ListItem","position":2,"name":"Prefeitura reformou a pra\u00e7a Antonino Xavier"}]},{"@type":"WebSite","@id":"https:\/\/www.pmpf.rs.gov.br\/secretaria-de-planejamento\/#website","url":"https:\/\/www.pmpf.rs.gov.br\/secretaria-de-planejamento\/","name":"Secretaria de Planejamento","description":"S\u00f3 mais um site Prefeitura de Passo Fundo","potentialAction":[{"@type":"SearchAction","target":{"@type":"EntryPoint","urlTemplate":"https:\/\/www.pmpf.rs.gov.br\/secretaria-de-planejamento\/?s={search_term_string}"},"query-input":{"@type":"PropertyValueSpecification","valueRequired":true,"valueName":"search_term_string"}}],"inLanguage":"pt-BR"},{"@type":"Person","@id":"https:\/\/www.pmpf.rs.gov.br\/secretaria-de-planejamento\/#\/schema\/person\/0c355b0fa68a7aa986c8594f7a60a2d7","name":"mosite","image":{"@type":"ImageObject","inLanguage":"pt-BR","@id":"https:\/\/www.pmpf.rs.gov.br\/secretaria-de-planejamento\/#\/schema\/person\/image\/","url":"https:\/\/secure.gravatar.com\/avatar\/63d72595d6cecfe12bd8a94829d5a26c?s=96&d=mm&r=g","contentUrl":"https:\/\/secure.gravatar.com\/avatar\/63d72595d6cecfe12bd8a94829d5a26c?s=96&d=mm&r=g","caption":"mosite"},"sameAs":["http:\/\/example.com"],"url":"https:\/\/www.pmpf.rs.gov.br\/secretaria-de-planejamento\/author\/mosite\/"}]}},"_links":{"self":[{"href":"https:\/\/www.pmpf.rs.gov.br\/secretaria-de-planejamento\/wp-json\/wp\/v2\/posts\/1096"}],"collection":[{"href":"https:\/\/www.pmpf.rs.gov.br\/secretaria-de-planejamento\/wp-json\/wp\/v2\/posts"}],"about":[{"href":"https:\/\/www.pmpf.rs.gov.br\/secretaria-de-planejamento\/wp-json\/wp\/v2\/types\/post"}],"author":[{"embeddable":true,"href":"https:\/\/www.pmpf.rs.gov.br\/secretaria-de-planejamento\/wp-json\/wp\/v2\/users\/1"}],"replies":[{"embeddable":true,"href":"https:\/\/www.pmpf.rs.gov.br\/secretaria-de-planejamento\/wp-json\/wp\/v2\/comments?post=1096"}],"version-history":[{"count":1,"href":"https:\/\/www.pmpf.rs.gov.br\/secretaria-de-planejamento\/wp-json\/wp\/v2\/posts\/1096\/revisions"}],"predecessor-version":[{"id":1102,"href":"https:\/\/www.pmpf.rs.gov.br\/secretaria-de-planejamento\/wp-json\/wp\/v2\/posts\/1096\/revisions\/1102"}],"wp:featuredmedia":[{"embeddable":true,"href":"https:\/\/www.pmpf.rs.gov.br\/secretaria-de-planejamento\/wp-json\/wp\/v2\/media\/1101"}],"wp:attachment":[{"href":"https:\/\/www.pmpf.rs.gov.br\/secretaria-de-planejamento\/wp-json\/wp\/v2\/media?parent=1096"}],"wp:term":[{"taxonomy":"category","embeddable":true,"href":"https:\/\/www.pmpf.rs.gov.br\/secretaria-de-planejamento\/wp-json\/wp\/v2\/categories?post=1096"},{"taxonomy":"post_tag","embeddable":true,"href":"https:\/\/www.pmpf.rs.gov.br\/secretaria-de-planejamento\/wp-json\/wp\/v2\/tags?post=1096"}],"curies":[{"name":"wp","href":"https:\/\/api.w.org\/{rel}","templated":true}]}}