{"id":3043,"date":"2026-09-02T15:08:27","date_gmt":"2026-09-02T18:08:27","guid":{"rendered":"https:\/\/www.pmpf.rs.gov.br\/secretaria-de-obras\/?p=3043"},"modified":"2026-09-02T15:08:38","modified_gmt":"2026-09-02T18:08:38","slug":"modernizacao-da-avenida-presidente-vargas-avanca-com-obras-em-paradas-de-onibus-e-reforco-do-pavimento","status":"publish","type":"post","link":"https:\/\/www.pmpf.rs.gov.br\/secretaria-de-obras\/2026\/09\/02\/modernizacao-da-avenida-presidente-vargas-avanca-com-obras-em-paradas-de-onibus-e-reforco-do-pavimento\/","title":{"rendered":"Moderniza\u00e7\u00e3o da Avenida Presidente Vargas avan\u00e7a com obras em paradas de \u00f4nibus e refor\u00e7o do pavimento"},"content":{"rendered":"\n<p class=\"wp-block-paragraph\"><\/p>\n\n\n\n<p class=\"wp-block-paragraph\">As obras da segunda fase da moderniza\u00e7\u00e3o da Avenida Presidente Vargas seguem avan\u00e7ando em diferentes frentes. Nesta ter\u00e7a-feira(01), a empresa contratada pela Prefeitura de Passo Fundo, respons\u00e1vel pela execu\u00e7\u00e3o do projeto realiza a escava\u00e7\u00e3o para o refor\u00e7o da estrutura do pavimento no trecho entre a Rua Duque de Caxias e a Rua Pl\u00e1cido de Castro, no sentido bairro\u2013Centro.<\/p>\n\n\n\n<p class=\"wp-block-paragraph\">O trecho permanece bloqueado para a execu\u00e7\u00e3o dos servi\u00e7os. A interven\u00e7\u00e3o \u00e9 necess\u00e1ria para preparar a base que receber\u00e1 a nova estrutura do pavimento, garantindo maior resist\u00eancia e durabilidade \u00e0 via. Outra frente de trabalho est\u00e1 concentrada no canteiro central da avenida. J\u00e1 foi finalizada a concretagem de duas novas paradas de \u00f4nibus, uma localizada na esquina com a Rua Pl\u00e1cido de Castro e junto \u00e0 Travessa Alto Jacu\u00ed.<\/p>\n\n\n\n<p class=\"wp-block-paragraph\">A empresa tamb\u00e9m concluiu a remo\u00e7\u00e3o dos antigos meios-fios e j\u00e1 realizou a coloca\u00e7\u00e3o dos novos materiais no local. Na sequ\u00eancia, ser\u00e3o iniciados os servi\u00e7os de instala\u00e7\u00e3o dos meios-fios e dos eletrodutos, dando in\u00edcio \u00e0 implanta\u00e7\u00e3o da infraestrutura el\u00e9trica prevista para o canteiro central.<\/p>\n\n\n\n<p class=\"wp-block-paragraph\">De acordo com o secret\u00e1rio municipal de Obras, Rubens Astolfi, a execu\u00e7\u00e3o ocorre de forma planejada, com diferentes equipes atuando conforme o avan\u00e7o de cada etapa. \u201cEstamos avan\u00e7ando dentro do cronograma, com v\u00e1rias frentes de trabalho acontecendo ao mesmo tempo. A concretagem das paradas de \u00f4nibus j\u00e1 foi conclu\u00edda e agora avan\u00e7amos na prepara\u00e7\u00e3o do canteiro central, com a instala\u00e7\u00e3o dos novos meios-fios e da infraestrutura el\u00e9trica. Tamb\u00e9m estamos trabalhando no refor\u00e7o da estrutura do pavimento, uma etapa importante para garantir qualidade e durabilidade \u00e0 avenida\u201d, destaca Astolfi.<\/p>\n\n\n\n<p class=\"wp-block-paragraph\"><strong>Tr\u00e2nsito do local<br><\/strong>A Guarda Municipal de Tr\u00e2nsito informa que a Avenida Presidente Vargas estar\u00e1 fechada no sentido Centro\/S\u00e3o Cristov\u00e3o com desvio na Travessa Jacu\u00ed e no sentido bairro\/centro o desvio \u00e9 na rua Aspirante Jenner. A via deve ficar obstru\u00edda durante a noite, sendo liberada no final dessa quarta-feira(02), devido tamb\u00e9m a obra de canaliza\u00e7\u00e3o da Corsan no local.<\/p>\n\n\n\n<p class=\"wp-block-paragraph\"><\/p>\n","protected":false},"excerpt":{"rendered":"<p>As obras da segunda fase da moderniza\u00e7\u00e3o da Avenida Presidente Vargas seguem avan\u00e7ando em diferentes frentes. Nesta ter\u00e7a-feira(01), a empresa contratada pela Prefeitura de Passo Fundo, respons\u00e1vel pela execu\u00e7\u00e3o do projeto realiza [&hellip;]<\/p>\n","protected":false},"author":24,"featured_media":3044,"comment_status":"closed","ping_status":"closed","sticky":false,"template":"","format":"standard","meta":{"footnotes":""},"categories":[1],"tags":[],"class_list":["post-3043","post","type-post","status-publish","format-standard","has-post-thumbnail","hentry","category-sem-categoria"],"yoast_head":"<!-- This site is optimized with the Yoast SEO plugin v28.1 - https:\/\/yoast.com\/product\/yoast-seo-wordpress\/ -->\n<title>Moderniza\u00e7\u00e3o da Avenida Presidente Vargas avan\u00e7a com obras em paradas de \u00f4nibus e refor\u00e7o do pavimento - Secretaria de Obras<\/title>\n<meta name=\"robots\" content=\"index, follow, max-snippet:-1, max-image-preview:large, max-video-preview:-1\" \/>\n<link rel=\"canonical\" href=\"https:\/\/www.pmpf.rs.gov.br\/secretaria-de-obras\/2026\/09\/02\/modernizacao-da-avenida-presidente-vargas-avanca-com-obras-em-paradas-de-onibus-e-reforco-do-pavimento\/\" \/>\n<meta property=\"og:locale\" content=\"pt_BR\" \/>\n<meta property=\"og:type\" content=\"article\" \/>\n<meta property=\"og:title\" content=\"Moderniza\u00e7\u00e3o da Avenida Presidente Vargas avan\u00e7a com obras em paradas de \u00f4nibus e refor\u00e7o do pavimento - Secretaria de Obras\" \/>\n<meta property=\"og:description\" content=\"As obras da segunda fase da moderniza\u00e7\u00e3o da Avenida Presidente Vargas seguem avan\u00e7ando em diferentes frentes. Nesta ter\u00e7a-feira(01), a empresa contratada pela Prefeitura de Passo Fundo, respons\u00e1vel pela execu\u00e7\u00e3o do projeto realiza [&hellip;]\" \/>\n<meta property=\"og:url\" content=\"https:\/\/www.pmpf.rs.gov.br\/secretaria-de-obras\/2026\/09\/02\/modernizacao-da-avenida-presidente-vargas-avanca-com-obras-em-paradas-de-onibus-e-reforco-do-pavimento\/\" \/>\n<meta property=\"og:site_name\" content=\"Secretaria de Obras\" \/>\n<meta property=\"article:published_time\" content=\"2026-09-02T18:08:27+00:00\" \/>\n<meta property=\"article:modified_time\" content=\"2026-09-02T18:08:38+00:00\" \/>\n<meta name=\"author\" content=\"lilicrivello\" \/>\n<meta name=\"twitter:card\" content=\"summary_large_image\" \/>\n<meta name=\"twitter:label1\" content=\"Escrito por\" \/>\n\t<meta name=\"twitter:data1\" content=\"lilicrivello\" \/>\n\t<meta name=\"twitter:label2\" content=\"Est. tempo de leitura\" \/>\n\t<meta name=\"twitter:data2\" content=\"2 minutos\" \/>\n<script type=\"application\/ld+json\" class=\"yoast-schema-graph\">{\"@context\":\"https:\\\/\\\/schema.org\",\"@graph\":[{\"@type\":\"Article\",\"@id\":\"https:\\\/\\\/www.pmpf.rs.gov.br\\\/secretaria-de-obras\\\/2026\\\/09\\\/02\\\/modernizacao-da-avenida-presidente-vargas-avanca-com-obras-em-paradas-de-onibus-e-reforco-do-pavimento\\\/#article\",\"isPartOf\":{\"@id\":\"https:\\\/\\\/www.pmpf.rs.gov.br\\\/secretaria-de-obras\\\/2026\\\/09\\\/02\\\/modernizacao-da-avenida-presidente-vargas-avanca-com-obras-em-paradas-de-onibus-e-reforco-do-pavimento\\\/\"},\"author\":{\"name\":\"lilicrivello\",\"@id\":\"https:\\\/\\\/www.pmpf.rs.gov.br\\\/secretaria-de-obras\\\/#\\\/schema\\\/person\\\/6e93b0ab2174b69f691ac4f278ba2d0a\"},\"headline\":\"Moderniza\u00e7\u00e3o da Avenida Presidente Vargas avan\u00e7a com obras em paradas de \u00f4nibus e refor\u00e7o do pavimento\",\"datePublished\":\"2026-09-02T18:08:27+00:00\",\"dateModified\":\"2026-09-02T18:08:38+00:00\",\"mainEntityOfPage\":{\"@id\":\"https:\\\/\\\/www.pmpf.rs.gov.br\\\/secretaria-de-obras\\\/2026\\\/09\\\/02\\\/modernizacao-da-avenida-presidente-vargas-avanca-com-obras-em-paradas-de-onibus-e-reforco-do-pavimento\\\/\"},\"wordCount\":378,\"image\":{\"@id\":\"https:\\\/\\\/www.pmpf.rs.gov.br\\\/secretaria-de-obras\\\/2026\\\/09\\\/02\\\/modernizacao-da-avenida-presidente-vargas-avanca-com-obras-em-paradas-de-onibus-e-reforco-do-pavimento\\\/#primaryimage\"},\"thumbnailUrl\":\"https:\\\/\\\/www.pmpf.rs.gov.br\\\/secretaria-de-obras\\\/wp-content\\\/uploads\\\/sites\\\/49\\\/2026\\\/09\\\/WhatsApp-Image-2026-09-01-at-15.57.04.jpeg\",\"inLanguage\":\"pt-BR\"},{\"@type\":\"WebPage\",\"@id\":\"https:\\\/\\\/www.pmpf.rs.gov.br\\\/secretaria-de-obras\\\/2026\\\/09\\\/02\\\/modernizacao-da-avenida-presidente-vargas-avanca-com-obras-em-paradas-de-onibus-e-reforco-do-pavimento\\\/\",\"url\":\"https:\\\/\\\/www.pmpf.rs.gov.br\\\/secretaria-de-obras\\\/2026\\\/09\\\/02\\\/modernizacao-da-avenida-presidente-vargas-avanca-com-obras-em-paradas-de-onibus-e-reforco-do-pavimento\\\/\",\"name\":\"Moderniza\u00e7\u00e3o da Avenida Presidente Vargas avan\u00e7a com obras em paradas de \u00f4nibus e refor\u00e7o do pavimento - Secretaria de Obras\",\"isPartOf\":{\"@id\":\"https:\\\/\\\/www.pmpf.rs.gov.br\\\/secretaria-de-obras\\\/#website\"},\"primaryImageOfPage\":{\"@id\":\"https:\\\/\\\/www.pmpf.rs.gov.br\\\/secretaria-de-obras\\\/2026\\\/09\\\/02\\\/modernizacao-da-avenida-presidente-vargas-avanca-com-obras-em-paradas-de-onibus-e-reforco-do-pavimento\\\/#primaryimage\"},\"image\":{\"@id\":\"https:\\\/\\\/www.pmpf.rs.gov.br\\\/secretaria-de-obras\\\/2026\\\/09\\\/02\\\/modernizacao-da-avenida-presidente-vargas-avanca-com-obras-em-paradas-de-onibus-e-reforco-do-pavimento\\\/#primaryimage\"},\"thumbnailUrl\":\"https:\\\/\\\/www.pmpf.rs.gov.br\\\/secretaria-de-obras\\\/wp-content\\\/uploads\\\/sites\\\/49\\\/2026\\\/09\\\/WhatsApp-Image-2026-09-01-at-15.57.04.jpeg\",\"datePublished\":\"2026-09-02T18:08:27+00:00\",\"dateModified\":\"2026-09-02T18:08:38+00:00\",\"author\":{\"@id\":\"https:\\\/\\\/www.pmpf.rs.gov.br\\\/secretaria-de-obras\\\/#\\\/schema\\\/person\\\/6e93b0ab2174b69f691ac4f278ba2d0a\"},\"breadcrumb\":{\"@id\":\"https:\\\/\\\/www.pmpf.rs.gov.br\\\/secretaria-de-obras\\\/2026\\\/09\\\/02\\\/modernizacao-da-avenida-presidente-vargas-avanca-com-obras-em-paradas-de-onibus-e-reforco-do-pavimento\\\/#breadcrumb\"},\"inLanguage\":\"pt-BR\",\"potentialAction\":[{\"@type\":\"ReadAction\",\"target\":[\"https:\\\/\\\/www.pmpf.rs.gov.br\\\/secretaria-de-obras\\\/2026\\\/09\\\/02\\\/modernizacao-da-avenida-presidente-vargas-avanca-com-obras-em-paradas-de-onibus-e-reforco-do-pavimento\\\/\"]}]},{\"@type\":\"ImageObject\",\"inLanguage\":\"pt-BR\",\"@id\":\"https:\\\/\\\/www.pmpf.rs.gov.br\\\/secretaria-de-obras\\\/2026\\\/09\\\/02\\\/modernizacao-da-avenida-presidente-vargas-avanca-com-obras-em-paradas-de-onibus-e-reforco-do-pavimento\\\/#primaryimage\",\"url\":\"https:\\\/\\\/www.pmpf.rs.gov.br\\\/secretaria-de-obras\\\/wp-content\\\/uploads\\\/sites\\\/49\\\/2026\\\/09\\\/WhatsApp-Image-2026-09-01-at-15.57.04.jpeg\",\"contentUrl\":\"https:\\\/\\\/www.pmpf.rs.gov.br\\\/secretaria-de-obras\\\/wp-content\\\/uploads\\\/sites\\\/49\\\/2026\\\/09\\\/WhatsApp-Image-2026-09-01-at-15.57.04.jpeg\",\"width\":1600,\"height\":1067},{\"@type\":\"BreadcrumbList\",\"@id\":\"https:\\\/\\\/www.pmpf.rs.gov.br\\\/secretaria-de-obras\\\/2026\\\/09\\\/02\\\/modernizacao-da-avenida-presidente-vargas-avanca-com-obras-em-paradas-de-onibus-e-reforco-do-pavimento\\\/#breadcrumb\",\"itemListElement\":[{\"@type\":\"ListItem\",\"position\":1,\"name\":\"In\u00edcio\",\"item\":\"https:\\\/\\\/www.pmpf.rs.gov.br\\\/secretaria-de-obras\\\/\"},{\"@type\":\"ListItem\",\"position\":2,\"name\":\"Moderniza\u00e7\u00e3o da Avenida Presidente Vargas avan\u00e7a com obras em paradas de \u00f4nibus e refor\u00e7o do pavimento\"}]},{\"@type\":\"WebSite\",\"@id\":\"https:\\\/\\\/www.pmpf.rs.gov.br\\\/secretaria-de-obras\\\/#website\",\"url\":\"https:\\\/\\\/www.pmpf.rs.gov.br\\\/secretaria-de-obras\\\/\",\"name\":\"Secretaria de Obras\",\"description\":\"S\u00f3 mais um site Prefeitura de Passo Fundo\",\"potentialAction\":[{\"@type\":\"SearchAction\",\"target\":{\"@type\":\"EntryPoint\",\"urlTemplate\":\"https:\\\/\\\/www.pmpf.rs.gov.br\\\/secretaria-de-obras\\\/?s={search_term_string}\"},\"query-input\":{\"@type\":\"PropertyValueSpecification\",\"valueRequired\":true,\"valueName\":\"search_term_string\"}}],\"inLanguage\":\"pt-BR\"},{\"@type\":\"Person\",\"@id\":\"https:\\\/\\\/www.pmpf.rs.gov.br\\\/secretaria-de-obras\\\/#\\\/schema\\\/person\\\/6e93b0ab2174b69f691ac4f278ba2d0a\",\"name\":\"lilicrivello\",\"image\":{\"@type\":\"ImageObject\",\"inLanguage\":\"pt-BR\",\"@id\":\"https:\\\/\\\/secure.gravatar.com\\\/avatar\\\/2d7d1b74ed39cacb62203880e0370d16df2765b1ae7d6da8beb6c43e087a0b1d?s=96&d=mm&r=g\",\"url\":\"https:\\\/\\\/secure.gravatar.com\\\/avatar\\\/2d7d1b74ed39cacb62203880e0370d16df2765b1ae7d6da8beb6c43e087a0b1d?s=96&d=mm&r=g\",\"contentUrl\":\"https:\\\/\\\/secure.gravatar.com\\\/avatar\\\/2d7d1b74ed39cacb62203880e0370d16df2765b1ae7d6da8beb6c43e087a0b1d?s=96&d=mm&r=g\",\"caption\":\"lilicrivello\"},\"url\":\"https:\\\/\\\/www.pmpf.rs.gov.br\\\/secretaria-de-obras\\\/author\\\/lilicrivello\\\/\"}]}<\/script>\n<!-- \/ Yoast SEO plugin. -->","yoast_head_json":{"title":"Moderniza\u00e7\u00e3o da Avenida Presidente Vargas avan\u00e7a com obras em paradas de \u00f4nibus e refor\u00e7o do pavimento - Secretaria de Obras","robots":{"index":"index","follow":"follow","max-snippet":"max-snippet:-1","max-image-preview":"max-image-preview:large","max-video-preview":"max-video-preview:-1"},"canonical":"https:\/\/www.pmpf.rs.gov.br\/secretaria-de-obras\/2026\/09\/02\/modernizacao-da-avenida-presidente-vargas-avanca-com-obras-em-paradas-de-onibus-e-reforco-do-pavimento\/","og_locale":"pt_BR","og_type":"article","og_title":"Moderniza\u00e7\u00e3o da Avenida Presidente Vargas avan\u00e7a com obras em paradas de \u00f4nibus e refor\u00e7o do pavimento - Secretaria de Obras","og_description":"As obras da segunda fase da moderniza\u00e7\u00e3o da Avenida Presidente Vargas seguem avan\u00e7ando em diferentes frentes. Nesta ter\u00e7a-feira(01), a empresa contratada pela Prefeitura de Passo Fundo, respons\u00e1vel pela execu\u00e7\u00e3o do projeto realiza [&hellip;]","og_url":"https:\/\/www.pmpf.rs.gov.br\/secretaria-de-obras\/2026\/09\/02\/modernizacao-da-avenida-presidente-vargas-avanca-com-obras-em-paradas-de-onibus-e-reforco-do-pavimento\/","og_site_name":"Secretaria de Obras","article_published_time":"2026-09-02T18:08:27+00:00","article_modified_time":"2026-09-02T18:08:38+00:00","author":"lilicrivello","twitter_card":"summary_large_image","twitter_misc":{"Escrito por":"lilicrivello","Est. tempo de leitura":"2 minutos"},"schema":{"@context":"https:\/\/schema.org","@graph":[{"@type":"Article","@id":"https:\/\/www.pmpf.rs.gov.br\/secretaria-de-obras\/2026\/09\/02\/modernizacao-da-avenida-presidente-vargas-avanca-com-obras-em-paradas-de-onibus-e-reforco-do-pavimento\/#article","isPartOf":{"@id":"https:\/\/www.pmpf.rs.gov.br\/secretaria-de-obras\/2026\/09\/02\/modernizacao-da-avenida-presidente-vargas-avanca-com-obras-em-paradas-de-onibus-e-reforco-do-pavimento\/"},"author":{"name":"lilicrivello","@id":"https:\/\/www.pmpf.rs.gov.br\/secretaria-de-obras\/#\/schema\/person\/6e93b0ab2174b69f691ac4f278ba2d0a"},"headline":"Moderniza\u00e7\u00e3o da Avenida Presidente Vargas avan\u00e7a com obras em paradas de \u00f4nibus e refor\u00e7o do pavimento","datePublished":"2026-09-02T18:08:27+00:00","dateModified":"2026-09-02T18:08:38+00:00","mainEntityOfPage":{"@id":"https:\/\/www.pmpf.rs.gov.br\/secretaria-de-obras\/2026\/09\/02\/modernizacao-da-avenida-presidente-vargas-avanca-com-obras-em-paradas-de-onibus-e-reforco-do-pavimento\/"},"wordCount":378,"image":{"@id":"https:\/\/www.pmpf.rs.gov.br\/secretaria-de-obras\/2026\/09\/02\/modernizacao-da-avenida-presidente-vargas-avanca-com-obras-em-paradas-de-onibus-e-reforco-do-pavimento\/#primaryimage"},"thumbnailUrl":"https:\/\/www.pmpf.rs.gov.br\/secretaria-de-obras\/wp-content\/uploads\/sites\/49\/2026\/09\/WhatsApp-Image-2026-09-01-at-15.57.04.jpeg","inLanguage":"pt-BR"},{"@type":"WebPage","@id":"https:\/\/www.pmpf.rs.gov.br\/secretaria-de-obras\/2026\/09\/02\/modernizacao-da-avenida-presidente-vargas-avanca-com-obras-em-paradas-de-onibus-e-reforco-do-pavimento\/","url":"https:\/\/www.pmpf.rs.gov.br\/secretaria-de-obras\/2026\/09\/02\/modernizacao-da-avenida-presidente-vargas-avanca-com-obras-em-paradas-de-onibus-e-reforco-do-pavimento\/","name":"Moderniza\u00e7\u00e3o da Avenida Presidente Vargas avan\u00e7a com obras em paradas de \u00f4nibus e refor\u00e7o do pavimento - Secretaria de Obras","isPartOf":{"@id":"https:\/\/www.pmpf.rs.gov.br\/secretaria-de-obras\/#website"},"primaryImageOfPage":{"@id":"https:\/\/www.pmpf.rs.gov.br\/secretaria-de-obras\/2026\/09\/02\/modernizacao-da-avenida-presidente-vargas-avanca-com-obras-em-paradas-de-onibus-e-reforco-do-pavimento\/#primaryimage"},"image":{"@id":"https:\/\/www.pmpf.rs.gov.br\/secretaria-de-obras\/2026\/09\/02\/modernizacao-da-avenida-presidente-vargas-avanca-com-obras-em-paradas-de-onibus-e-reforco-do-pavimento\/#primaryimage"},"thumbnailUrl":"https:\/\/www.pmpf.rs.gov.br\/secretaria-de-obras\/wp-content\/uploads\/sites\/49\/2026\/09\/WhatsApp-Image-2026-09-01-at-15.57.04.jpeg","datePublished":"2026-09-02T18:08:27+00:00","dateModified":"2026-09-02T18:08:38+00:00","author":{"@id":"https:\/\/www.pmpf.rs.gov.br\/secretaria-de-obras\/#\/schema\/person\/6e93b0ab2174b69f691ac4f278ba2d0a"},"breadcrumb":{"@id":"https:\/\/www.pmpf.rs.gov.br\/secretaria-de-obras\/2026\/09\/02\/modernizacao-da-avenida-presidente-vargas-avanca-com-obras-em-paradas-de-onibus-e-reforco-do-pavimento\/#breadcrumb"},"inLanguage":"pt-BR","potentialAction":[{"@type":"ReadAction","target":["https:\/\/www.pmpf.rs.gov.br\/secretaria-de-obras\/2026\/09\/02\/modernizacao-da-avenida-presidente-vargas-avanca-com-obras-em-paradas-de-onibus-e-reforco-do-pavimento\/"]}]},{"@type":"ImageObject","inLanguage":"pt-BR","@id":"https:\/\/www.pmpf.rs.gov.br\/secretaria-de-obras\/2026\/09\/02\/modernizacao-da-avenida-presidente-vargas-avanca-com-obras-em-paradas-de-onibus-e-reforco-do-pavimento\/#primaryimage","url":"https:\/\/www.pmpf.rs.gov.br\/secretaria-de-obras\/wp-content\/uploads\/sites\/49\/2026\/09\/WhatsApp-Image-2026-09-01-at-15.57.04.jpeg","contentUrl":"https:\/\/www.pmpf.rs.gov.br\/secretaria-de-obras\/wp-content\/uploads\/sites\/49\/2026\/09\/WhatsApp-Image-2026-09-01-at-15.57.04.jpeg","width":1600,"height":1067},{"@type":"BreadcrumbList","@id":"https:\/\/www.pmpf.rs.gov.br\/secretaria-de-obras\/2026\/09\/02\/modernizacao-da-avenida-presidente-vargas-avanca-com-obras-em-paradas-de-onibus-e-reforco-do-pavimento\/#breadcrumb","itemListElement":[{"@type":"ListItem","position":1,"name":"In\u00edcio","item":"https:\/\/www.pmpf.rs.gov.br\/secretaria-de-obras\/"},{"@type":"ListItem","position":2,"name":"Moderniza\u00e7\u00e3o da Avenida Presidente Vargas avan\u00e7a com obras em paradas de \u00f4nibus e refor\u00e7o do pavimento"}]},{"@type":"WebSite","@id":"https:\/\/www.pmpf.rs.gov.br\/secretaria-de-obras\/#website","url":"https:\/\/www.pmpf.rs.gov.br\/secretaria-de-obras\/","name":"Secretaria de Obras","description":"S\u00f3 mais um site Prefeitura de Passo Fundo","potentialAction":[{"@type":"SearchAction","target":{"@type":"EntryPoint","urlTemplate":"https:\/\/www.pmpf.rs.gov.br\/secretaria-de-obras\/?s={search_term_string}"},"query-input":{"@type":"PropertyValueSpecification","valueRequired":true,"valueName":"search_term_string"}}],"inLanguage":"pt-BR"},{"@type":"Person","@id":"https:\/\/www.pmpf.rs.gov.br\/secretaria-de-obras\/#\/schema\/person\/6e93b0ab2174b69f691ac4f278ba2d0a","name":"lilicrivello","image":{"@type":"ImageObject","inLanguage":"pt-BR","@id":"https:\/\/secure.gravatar.com\/avatar\/2d7d1b74ed39cacb62203880e0370d16df2765b1ae7d6da8beb6c43e087a0b1d?s=96&d=mm&r=g","url":"https:\/\/secure.gravatar.com\/avatar\/2d7d1b74ed39cacb62203880e0370d16df2765b1ae7d6da8beb6c43e087a0b1d?s=96&d=mm&r=g","contentUrl":"https:\/\/secure.gravatar.com\/avatar\/2d7d1b74ed39cacb62203880e0370d16df2765b1ae7d6da8beb6c43e087a0b1d?s=96&d=mm&r=g","caption":"lilicrivello"},"url":"https:\/\/www.pmpf.rs.gov.br\/secretaria-de-obras\/author\/lilicrivello\/"}]}},"_links":{"self":[{"href":"https:\/\/www.pmpf.rs.gov.br\/secretaria-de-obras\/wp-json\/wp\/v2\/posts\/3043","targetHints":{"allow":["GET"]}}],"collection":[{"href":"https:\/\/www.pmpf.rs.gov.br\/secretaria-de-obras\/wp-json\/wp\/v2\/posts"}],"about":[{"href":"https:\/\/www.pmpf.rs.gov.br\/secretaria-de-obras\/wp-json\/wp\/v2\/types\/post"}],"author":[{"embeddable":true,"href":"https:\/\/www.pmpf.rs.gov.br\/secretaria-de-obras\/wp-json\/wp\/v2\/users\/24"}],"replies":[{"embeddable":true,"href":"https:\/\/www.pmpf.rs.gov.br\/secretaria-de-obras\/wp-json\/wp\/v2\/comments?post=3043"}],"version-history":[{"count":1,"href":"https:\/\/www.pmpf.rs.gov.br\/secretaria-de-obras\/wp-json\/wp\/v2\/posts\/3043\/revisions"}],"predecessor-version":[{"id":3045,"href":"https:\/\/www.pmpf.rs.gov.br\/secretaria-de-obras\/wp-json\/wp\/v2\/posts\/3043\/revisions\/3045"}],"wp:featuredmedia":[{"embeddable":true,"href":"https:\/\/www.pmpf.rs.gov.br\/secretaria-de-obras\/wp-json\/wp\/v2\/media\/3044"}],"wp:attachment":[{"href":"https:\/\/www.pmpf.rs.gov.br\/secretaria-de-obras\/wp-json\/wp\/v2\/media?parent=3043"}],"wp:term":[{"taxonomy":"category","embeddable":true,"href":"https:\/\/www.pmpf.rs.gov.br\/secretaria-de-obras\/wp-json\/wp\/v2\/categories?post=3043"},{"taxonomy":"post_tag","embeddable":true,"href":"https:\/\/www.pmpf.rs.gov.br\/secretaria-de-obras\/wp-json\/wp\/v2\/tags?post=3043"}],"curies":[{"name":"wp","href":"https:\/\/api.w.org\/{rel}","templated":true}]}}