{"id":2900,"date":"2026-03-03T07:51:07","date_gmt":"2026-03-03T10:51:07","guid":{"rendered":"https:\/\/www.pmpf.rs.gov.br\/secretaria-de-obras\/?p=2900"},"modified":"2026-03-03T07:51:13","modified_gmt":"2026-03-03T10:51:13","slug":"acoes-de-obras-limpeza-e-servicos-sao-intensificadas-nesta-semana-em-passo-fundo","status":"publish","type":"post","link":"https:\/\/www.pmpf.rs.gov.br\/secretaria-de-obras\/2026\/03\/03\/acoes-de-obras-limpeza-e-servicos-sao-intensificadas-nesta-semana-em-passo-fundo\/","title":{"rendered":"A\u00e7\u00f5es de obras, limpeza e servi\u00e7os s\u00e3o intensificadas nesta semana em Passo Fundo"},"content":{"rendered":"\n<p><\/p>\n\n\n\n<p>A Prefeitura de Passo Fundo realiza, entre esta segunda-feira (2) e sexta-feira (6), uma s\u00e9rie de a\u00e7\u00f5es voltadas \u00e0 infraestrutura urbana e rural, limpeza p\u00fablica, zeladoria e manuten\u00e7\u00e3o de espa\u00e7os p\u00fablicos. Os trabalhos envolvem equipes da Secretaria de Obras (SMO), da Secretaria de Servi\u00e7os Gerais (SSG) e da Secretaria de Agricultura e Desenvolvimento Rural (SMADER).<\/p>\n\n\n\n<p><strong>Drenagem e canaliza\u00e7\u00e3o<br><\/strong>\u2022 Consertos de canaliza\u00e7\u00e3o e limpeza de bocas de lobo no Loteamento Via Sul, bairros Bom Jesus e Centro<br>\u2022 Nova canaliza\u00e7\u00e3o na Rua das Margaridas, no Loteamento Via Sul<br>\u2022 Canaliza\u00e7\u00e3o na Comunidade de Santo Ant\u00e3o<br>\u2022 Conten\u00e7\u00e3o de sanga no Loteamento Costa Verde<\/p>\n\n\n\n<p><strong>Pavimenta\u00e7\u00e3o e melhorias vi\u00e1rias<br><\/strong>\u2022 Opera\u00e7\u00e3o Tapa-Buracos no Loteamento C\u00e9sar Santos<br>\u2022 Terraplanagem e melhorias no canteiro central do trevo da RS-324 (Valinhos)<br>\u2022 Prepara\u00e7\u00e3o de base no acesso ao Distrito Industrial Invernadinha (Petr\u00f3polis)<br>\u2022 Programa \u201cMinha Rua com Asfalto\u201d:<br>\u25e6 Asfaltamento na Rua dos Pinheiros (Loteamento Via Sul)<br>\u25e6 Prepara\u00e7\u00e3o de base na Rua do Valinho (Bairro Industrial)<br>\u25e6<br><strong>A\u00e7\u00f5es no interior<br><\/strong>\u2022 Comunidade de Bom Recreio: patrolamento e compacta\u00e7\u00e3o<br>\u2022 Comunidade de Capinzal: patrolamento, empedramento e compacta\u00e7\u00e3o<br>\u2022 Travess\u00e3o de Bom Recreio (sentido Pulador): patrolamento, empedramento e compacta\u00e7\u00e3o<br>\u2022 Ponte S\u00e3o Miguel \/ Pulador (Jaboticabal): reforma da ponte<br>\u2022 Comunidade de S\u00e3o Roque: asfaltamento em fase de conclus\u00e3o<br>\u2022<br><strong>Limpeza urbana e zeladoria<br><\/strong>Ro\u00e7adas<br>\u2022 Cemit\u00e9rios municipais<br>\u2022 Avenida Brasil (Boqueir\u00e3o)<br>\u2022 1\u00ba Centen\u00e1rio<br>\u2022 Santa Maria II<br>\u2022 Vila Tupinamb\u00e1<br>\u2022<br><strong>Recolhimento de res\u00edduos<br><\/strong>\u2022 Com maquin\u00e1rio: Jardim Am\u00e9rica, Valinhos, S\u00e3o Luiz Gonzaga e Santa Maria<br>\u2022 Recolhimento r\u00e1pido: \u00e1rea conteinerizada, papeleiras da Avenida Brasil, Avenida Presidente Vargas e Parque Linear Rui Barbosa (Petr\u00f3polis)<br>\u2022 Ecoponto M\u00f3vel: S\u00e3o Jos\u00e9 e Petr\u00f3polis<br>\u2022 Mutir\u00e3o de limpeza: Avenida Brasil (Boqueir\u00e3o e Petr\u00f3polis) e Vila Popular<\/p>\n\n\n\n<p><strong>Ilumina\u00e7\u00e3o p\u00fablica<br><\/strong>Servi\u00e7os de manuten\u00e7\u00e3o e melhorias nos bairros: Centro, Cruzeiro, Petr\u00f3polis, Lucas Ara\u00fajo, Vila Rodrigues, Victor Issler, Morada do Sol, S\u00e3o Crist\u00f3v\u00e3o, Loteamento Via Sul, Planaltina, Loteamento Santa Rita, Tupinamb\u00e1, Vila Jardim, Jos\u00e9 Alexandre Zachia e S\u00e3o Jos\u00e9.<\/p>\n\n\n\n<p><strong>Manuten\u00e7\u00e3o de espa\u00e7os p\u00fablicos e jardinagem<br><\/strong>\u2022 Manuten\u00e7\u00e3o de espa\u00e7os p\u00fablicos: Pra\u00e7a do Bairro Ivo Ferreira, Loteamento Pampa, Rua Camilo Ribeiro (S\u00e3o Crist\u00f3v\u00e3o) e Pra\u00e7a do Bairro Jos\u00e9 Alexandre Zachia<br>\u2022 Servi\u00e7os de jardinagem: limpeza de floreiras e poda de \u00e1rvores no Parque Linear da Avenida Brasil e na Avenida Brasil (Petr\u00f3polis)<\/p>\n","protected":false},"excerpt":{"rendered":"<p>A Prefeitura de Passo Fundo realiza, entre esta segunda-feira (2) e sexta-feira (6), uma s\u00e9rie de a\u00e7\u00f5es voltadas \u00e0 infraestrutura urbana e rural, limpeza p\u00fablica, zeladoria e manuten\u00e7\u00e3o de espa\u00e7os p\u00fablicos. Os [&hellip;]<\/p>\n","protected":false},"author":24,"featured_media":2901,"comment_status":"closed","ping_status":"closed","sticky":false,"template":"","format":"standard","meta":{"footnotes":""},"categories":[1],"tags":[],"class_list":["post-2900","post","type-post","status-publish","format-standard","has-post-thumbnail","hentry","category-sem-categoria"],"yoast_head":"<!-- This site is optimized with the Yoast SEO plugin v23.8 - https:\/\/yoast.com\/wordpress\/plugins\/seo\/ -->\n<title>A\u00e7\u00f5es de obras, limpeza e servi\u00e7os s\u00e3o intensificadas nesta semana em Passo Fundo - Secretaria de Obras<\/title>\n<meta name=\"robots\" content=\"index, follow, max-snippet:-1, max-image-preview:large, max-video-preview:-1\" \/>\n<link rel=\"canonical\" href=\"https:\/\/www.pmpf.rs.gov.br\/secretaria-de-obras\/2026\/03\/03\/acoes-de-obras-limpeza-e-servicos-sao-intensificadas-nesta-semana-em-passo-fundo\/\" \/>\n<meta property=\"og:locale\" content=\"pt_BR\" \/>\n<meta property=\"og:type\" content=\"article\" \/>\n<meta property=\"og:title\" content=\"A\u00e7\u00f5es de obras, limpeza e servi\u00e7os s\u00e3o intensificadas nesta semana em Passo Fundo - Secretaria de Obras\" \/>\n<meta property=\"og:description\" content=\"A Prefeitura de Passo Fundo realiza, entre esta segunda-feira (2) e sexta-feira (6), uma s\u00e9rie de a\u00e7\u00f5es voltadas \u00e0 infraestrutura urbana e rural, limpeza p\u00fablica, zeladoria e manuten\u00e7\u00e3o de espa\u00e7os p\u00fablicos. Os [&hellip;]\" \/>\n<meta property=\"og:url\" content=\"https:\/\/www.pmpf.rs.gov.br\/secretaria-de-obras\/2026\/03\/03\/acoes-de-obras-limpeza-e-servicos-sao-intensificadas-nesta-semana-em-passo-fundo\/\" \/>\n<meta property=\"og:site_name\" content=\"Secretaria de Obras\" \/>\n<meta property=\"article:published_time\" content=\"2026-03-03T10:51:07+00:00\" \/>\n<meta property=\"article:modified_time\" content=\"2026-03-03T10:51:13+00:00\" \/>\n<meta name=\"author\" content=\"lilicrivello\" \/>\n<meta name=\"twitter:card\" content=\"summary_large_image\" \/>\n<meta name=\"twitter:label1\" content=\"Escrito por\" \/>\n\t<meta name=\"twitter:data1\" content=\"lilicrivello\" \/>\n\t<meta name=\"twitter:label2\" content=\"Est. tempo de leitura\" \/>\n\t<meta name=\"twitter:data2\" content=\"2 minutos\" \/>\n<script type=\"application\/ld+json\" class=\"yoast-schema-graph\">{\"@context\":\"https:\/\/schema.org\",\"@graph\":[{\"@type\":\"WebPage\",\"@id\":\"https:\/\/www.pmpf.rs.gov.br\/secretaria-de-obras\/2026\/03\/03\/acoes-de-obras-limpeza-e-servicos-sao-intensificadas-nesta-semana-em-passo-fundo\/\",\"url\":\"https:\/\/www.pmpf.rs.gov.br\/secretaria-de-obras\/2026\/03\/03\/acoes-de-obras-limpeza-e-servicos-sao-intensificadas-nesta-semana-em-passo-fundo\/\",\"name\":\"A\u00e7\u00f5es de obras, limpeza e servi\u00e7os s\u00e3o intensificadas nesta semana em Passo Fundo - Secretaria de Obras\",\"isPartOf\":{\"@id\":\"https:\/\/www.pmpf.rs.gov.br\/secretaria-de-obras\/#website\"},\"primaryImageOfPage\":{\"@id\":\"https:\/\/www.pmpf.rs.gov.br\/secretaria-de-obras\/2026\/03\/03\/acoes-de-obras-limpeza-e-servicos-sao-intensificadas-nesta-semana-em-passo-fundo\/#primaryimage\"},\"image\":{\"@id\":\"https:\/\/www.pmpf.rs.gov.br\/secretaria-de-obras\/2026\/03\/03\/acoes-de-obras-limpeza-e-servicos-sao-intensificadas-nesta-semana-em-passo-fundo\/#primaryimage\"},\"thumbnailUrl\":\"https:\/\/www.pmpf.rs.gov.br\/secretaria-de-obras\/wp-content\/uploads\/sites\/49\/2026\/03\/WhatsApp-Image-2026-03-02-at-10.01.41.jpeg\",\"datePublished\":\"2026-03-03T10:51:07+00:00\",\"dateModified\":\"2026-03-03T10:51:13+00:00\",\"author\":{\"@id\":\"https:\/\/www.pmpf.rs.gov.br\/secretaria-de-obras\/#\/schema\/person\/6e93b0ab2174b69f691ac4f278ba2d0a\"},\"breadcrumb\":{\"@id\":\"https:\/\/www.pmpf.rs.gov.br\/secretaria-de-obras\/2026\/03\/03\/acoes-de-obras-limpeza-e-servicos-sao-intensificadas-nesta-semana-em-passo-fundo\/#breadcrumb\"},\"inLanguage\":\"pt-BR\",\"potentialAction\":[{\"@type\":\"ReadAction\",\"target\":[\"https:\/\/www.pmpf.rs.gov.br\/secretaria-de-obras\/2026\/03\/03\/acoes-de-obras-limpeza-e-servicos-sao-intensificadas-nesta-semana-em-passo-fundo\/\"]}]},{\"@type\":\"ImageObject\",\"inLanguage\":\"pt-BR\",\"@id\":\"https:\/\/www.pmpf.rs.gov.br\/secretaria-de-obras\/2026\/03\/03\/acoes-de-obras-limpeza-e-servicos-sao-intensificadas-nesta-semana-em-passo-fundo\/#primaryimage\",\"url\":\"https:\/\/www.pmpf.rs.gov.br\/secretaria-de-obras\/wp-content\/uploads\/sites\/49\/2026\/03\/WhatsApp-Image-2026-03-02-at-10.01.41.jpeg\",\"contentUrl\":\"https:\/\/www.pmpf.rs.gov.br\/secretaria-de-obras\/wp-content\/uploads\/sites\/49\/2026\/03\/WhatsApp-Image-2026-03-02-at-10.01.41.jpeg\",\"width\":1600,\"height\":1066},{\"@type\":\"BreadcrumbList\",\"@id\":\"https:\/\/www.pmpf.rs.gov.br\/secretaria-de-obras\/2026\/03\/03\/acoes-de-obras-limpeza-e-servicos-sao-intensificadas-nesta-semana-em-passo-fundo\/#breadcrumb\",\"itemListElement\":[{\"@type\":\"ListItem\",\"position\":1,\"name\":\"In\u00edcio\",\"item\":\"https:\/\/www.pmpf.rs.gov.br\/secretaria-de-obras\/\"},{\"@type\":\"ListItem\",\"position\":2,\"name\":\"A\u00e7\u00f5es de obras, limpeza e servi\u00e7os s\u00e3o intensificadas nesta semana em Passo Fundo\"}]},{\"@type\":\"WebSite\",\"@id\":\"https:\/\/www.pmpf.rs.gov.br\/secretaria-de-obras\/#website\",\"url\":\"https:\/\/www.pmpf.rs.gov.br\/secretaria-de-obras\/\",\"name\":\"Secretaria de Obras\",\"description\":\"S\u00f3 mais um site Prefeitura de Passo Fundo\",\"potentialAction\":[{\"@type\":\"SearchAction\",\"target\":{\"@type\":\"EntryPoint\",\"urlTemplate\":\"https:\/\/www.pmpf.rs.gov.br\/secretaria-de-obras\/?s={search_term_string}\"},\"query-input\":{\"@type\":\"PropertyValueSpecification\",\"valueRequired\":true,\"valueName\":\"search_term_string\"}}],\"inLanguage\":\"pt-BR\"},{\"@type\":\"Person\",\"@id\":\"https:\/\/www.pmpf.rs.gov.br\/secretaria-de-obras\/#\/schema\/person\/6e93b0ab2174b69f691ac4f278ba2d0a\",\"name\":\"lilicrivello\",\"image\":{\"@type\":\"ImageObject\",\"inLanguage\":\"pt-BR\",\"@id\":\"https:\/\/www.pmpf.rs.gov.br\/secretaria-de-obras\/#\/schema\/person\/image\/\",\"url\":\"https:\/\/secure.gravatar.com\/avatar\/0b546b667388f8edb7b67d70a57b5e46?s=96&d=mm&r=g\",\"contentUrl\":\"https:\/\/secure.gravatar.com\/avatar\/0b546b667388f8edb7b67d70a57b5e46?s=96&d=mm&r=g\",\"caption\":\"lilicrivello\"},\"url\":\"https:\/\/www.pmpf.rs.gov.br\/secretaria-de-obras\/author\/lilicrivello\/\"}]}<\/script>\n<!-- \/ Yoast SEO plugin. -->","yoast_head_json":{"title":"A\u00e7\u00f5es de obras, limpeza e servi\u00e7os s\u00e3o intensificadas nesta semana em Passo Fundo - Secretaria de Obras","robots":{"index":"index","follow":"follow","max-snippet":"max-snippet:-1","max-image-preview":"max-image-preview:large","max-video-preview":"max-video-preview:-1"},"canonical":"https:\/\/www.pmpf.rs.gov.br\/secretaria-de-obras\/2026\/03\/03\/acoes-de-obras-limpeza-e-servicos-sao-intensificadas-nesta-semana-em-passo-fundo\/","og_locale":"pt_BR","og_type":"article","og_title":"A\u00e7\u00f5es de obras, limpeza e servi\u00e7os s\u00e3o intensificadas nesta semana em Passo Fundo - Secretaria de Obras","og_description":"A Prefeitura de Passo Fundo realiza, entre esta segunda-feira (2) e sexta-feira (6), uma s\u00e9rie de a\u00e7\u00f5es voltadas \u00e0 infraestrutura urbana e rural, limpeza p\u00fablica, zeladoria e manuten\u00e7\u00e3o de espa\u00e7os p\u00fablicos. Os [&hellip;]","og_url":"https:\/\/www.pmpf.rs.gov.br\/secretaria-de-obras\/2026\/03\/03\/acoes-de-obras-limpeza-e-servicos-sao-intensificadas-nesta-semana-em-passo-fundo\/","og_site_name":"Secretaria de Obras","article_published_time":"2026-03-03T10:51:07+00:00","article_modified_time":"2026-03-03T10:51:13+00:00","author":"lilicrivello","twitter_card":"summary_large_image","twitter_misc":{"Escrito por":"lilicrivello","Est. tempo de leitura":"2 minutos"},"schema":{"@context":"https:\/\/schema.org","@graph":[{"@type":"WebPage","@id":"https:\/\/www.pmpf.rs.gov.br\/secretaria-de-obras\/2026\/03\/03\/acoes-de-obras-limpeza-e-servicos-sao-intensificadas-nesta-semana-em-passo-fundo\/","url":"https:\/\/www.pmpf.rs.gov.br\/secretaria-de-obras\/2026\/03\/03\/acoes-de-obras-limpeza-e-servicos-sao-intensificadas-nesta-semana-em-passo-fundo\/","name":"A\u00e7\u00f5es de obras, limpeza e servi\u00e7os s\u00e3o intensificadas nesta semana em Passo Fundo - Secretaria de Obras","isPartOf":{"@id":"https:\/\/www.pmpf.rs.gov.br\/secretaria-de-obras\/#website"},"primaryImageOfPage":{"@id":"https:\/\/www.pmpf.rs.gov.br\/secretaria-de-obras\/2026\/03\/03\/acoes-de-obras-limpeza-e-servicos-sao-intensificadas-nesta-semana-em-passo-fundo\/#primaryimage"},"image":{"@id":"https:\/\/www.pmpf.rs.gov.br\/secretaria-de-obras\/2026\/03\/03\/acoes-de-obras-limpeza-e-servicos-sao-intensificadas-nesta-semana-em-passo-fundo\/#primaryimage"},"thumbnailUrl":"https:\/\/www.pmpf.rs.gov.br\/secretaria-de-obras\/wp-content\/uploads\/sites\/49\/2026\/03\/WhatsApp-Image-2026-03-02-at-10.01.41.jpeg","datePublished":"2026-03-03T10:51:07+00:00","dateModified":"2026-03-03T10:51:13+00:00","author":{"@id":"https:\/\/www.pmpf.rs.gov.br\/secretaria-de-obras\/#\/schema\/person\/6e93b0ab2174b69f691ac4f278ba2d0a"},"breadcrumb":{"@id":"https:\/\/www.pmpf.rs.gov.br\/secretaria-de-obras\/2026\/03\/03\/acoes-de-obras-limpeza-e-servicos-sao-intensificadas-nesta-semana-em-passo-fundo\/#breadcrumb"},"inLanguage":"pt-BR","potentialAction":[{"@type":"ReadAction","target":["https:\/\/www.pmpf.rs.gov.br\/secretaria-de-obras\/2026\/03\/03\/acoes-de-obras-limpeza-e-servicos-sao-intensificadas-nesta-semana-em-passo-fundo\/"]}]},{"@type":"ImageObject","inLanguage":"pt-BR","@id":"https:\/\/www.pmpf.rs.gov.br\/secretaria-de-obras\/2026\/03\/03\/acoes-de-obras-limpeza-e-servicos-sao-intensificadas-nesta-semana-em-passo-fundo\/#primaryimage","url":"https:\/\/www.pmpf.rs.gov.br\/secretaria-de-obras\/wp-content\/uploads\/sites\/49\/2026\/03\/WhatsApp-Image-2026-03-02-at-10.01.41.jpeg","contentUrl":"https:\/\/www.pmpf.rs.gov.br\/secretaria-de-obras\/wp-content\/uploads\/sites\/49\/2026\/03\/WhatsApp-Image-2026-03-02-at-10.01.41.jpeg","width":1600,"height":1066},{"@type":"BreadcrumbList","@id":"https:\/\/www.pmpf.rs.gov.br\/secretaria-de-obras\/2026\/03\/03\/acoes-de-obras-limpeza-e-servicos-sao-intensificadas-nesta-semana-em-passo-fundo\/#breadcrumb","itemListElement":[{"@type":"ListItem","position":1,"name":"In\u00edcio","item":"https:\/\/www.pmpf.rs.gov.br\/secretaria-de-obras\/"},{"@type":"ListItem","position":2,"name":"A\u00e7\u00f5es de obras, limpeza e servi\u00e7os s\u00e3o intensificadas nesta semana em Passo Fundo"}]},{"@type":"WebSite","@id":"https:\/\/www.pmpf.rs.gov.br\/secretaria-de-obras\/#website","url":"https:\/\/www.pmpf.rs.gov.br\/secretaria-de-obras\/","name":"Secretaria de Obras","description":"S\u00f3 mais um site Prefeitura de Passo Fundo","potentialAction":[{"@type":"SearchAction","target":{"@type":"EntryPoint","urlTemplate":"https:\/\/www.pmpf.rs.gov.br\/secretaria-de-obras\/?s={search_term_string}"},"query-input":{"@type":"PropertyValueSpecification","valueRequired":true,"valueName":"search_term_string"}}],"inLanguage":"pt-BR"},{"@type":"Person","@id":"https:\/\/www.pmpf.rs.gov.br\/secretaria-de-obras\/#\/schema\/person\/6e93b0ab2174b69f691ac4f278ba2d0a","name":"lilicrivello","image":{"@type":"ImageObject","inLanguage":"pt-BR","@id":"https:\/\/www.pmpf.rs.gov.br\/secretaria-de-obras\/#\/schema\/person\/image\/","url":"https:\/\/secure.gravatar.com\/avatar\/0b546b667388f8edb7b67d70a57b5e46?s=96&d=mm&r=g","contentUrl":"https:\/\/secure.gravatar.com\/avatar\/0b546b667388f8edb7b67d70a57b5e46?s=96&d=mm&r=g","caption":"lilicrivello"},"url":"https:\/\/www.pmpf.rs.gov.br\/secretaria-de-obras\/author\/lilicrivello\/"}]}},"_links":{"self":[{"href":"https:\/\/www.pmpf.rs.gov.br\/secretaria-de-obras\/wp-json\/wp\/v2\/posts\/2900"}],"collection":[{"href":"https:\/\/www.pmpf.rs.gov.br\/secretaria-de-obras\/wp-json\/wp\/v2\/posts"}],"about":[{"href":"https:\/\/www.pmpf.rs.gov.br\/secretaria-de-obras\/wp-json\/wp\/v2\/types\/post"}],"author":[{"embeddable":true,"href":"https:\/\/www.pmpf.rs.gov.br\/secretaria-de-obras\/wp-json\/wp\/v2\/users\/24"}],"replies":[{"embeddable":true,"href":"https:\/\/www.pmpf.rs.gov.br\/secretaria-de-obras\/wp-json\/wp\/v2\/comments?post=2900"}],"version-history":[{"count":1,"href":"https:\/\/www.pmpf.rs.gov.br\/secretaria-de-obras\/wp-json\/wp\/v2\/posts\/2900\/revisions"}],"predecessor-version":[{"id":2902,"href":"https:\/\/www.pmpf.rs.gov.br\/secretaria-de-obras\/wp-json\/wp\/v2\/posts\/2900\/revisions\/2902"}],"wp:featuredmedia":[{"embeddable":true,"href":"https:\/\/www.pmpf.rs.gov.br\/secretaria-de-obras\/wp-json\/wp\/v2\/media\/2901"}],"wp:attachment":[{"href":"https:\/\/www.pmpf.rs.gov.br\/secretaria-de-obras\/wp-json\/wp\/v2\/media?parent=2900"}],"wp:term":[{"taxonomy":"category","embeddable":true,"href":"https:\/\/www.pmpf.rs.gov.br\/secretaria-de-obras\/wp-json\/wp\/v2\/categories?post=2900"},{"taxonomy":"post_tag","embeddable":true,"href":"https:\/\/www.pmpf.rs.gov.br\/secretaria-de-obras\/wp-json\/wp\/v2\/tags?post=2900"}],"curies":[{"name":"wp","href":"https:\/\/api.w.org\/{rel}","templated":true}]}}