{"id":2877,"date":"2026-01-09T09:38:28","date_gmt":"2026-01-09T12:38:28","guid":{"rendered":"https:\/\/www.pmpf.rs.gov.br\/secretaria-de-obras\/?p=2877"},"modified":"2026-01-09T09:38:31","modified_gmt":"2026-01-09T12:38:31","slug":"obras-no-acesso-ao-distrito-industrial-valinhos-alteram-o-transito-na-rs-324-a-partir-desta-sexta-feira-9","status":"publish","type":"post","link":"https:\/\/www.pmpf.rs.gov.br\/secretaria-de-obras\/2026\/01\/09\/obras-no-acesso-ao-distrito-industrial-valinhos-alteram-o-transito-na-rs-324-a-partir-desta-sexta-feira-9\/","title":{"rendered":"Obras no acesso ao Distrito Industrial Valinhos alteram o tr\u00e2nsito na RS-324 a partir desta sexta-feira (9)"},"content":{"rendered":"\n<p><\/p>\n\n\n\n<p>A Prefeitura de Passo Fundo informa que, a partir desta sexta-feira (9), o tr\u00e2nsito na RS-324 sofrer\u00e1 altera\u00e7\u00f5es no trecho entre os quil\u00f4metros 173 e 175, em frente ao Gran Palazzo, devido ao avan\u00e7o das obras do novo trevo de acesso ao Distrito Industrial Valinhos. A obra do trevo j\u00e1 alcan\u00e7ou 70% de execu\u00e7\u00e3o.<\/p>\n\n\n\n<p>Com a conclus\u00e3o das vias marginais duplicadas, os trabalhos passam a se concentrar na pista principal da rodovia. Nesta etapa, ser\u00e3o realizados servi\u00e7os de drenagem pluvial, infraestrutura el\u00e9trica, instala\u00e7\u00e3o de meios-fios e readequa\u00e7\u00e3o dos canteiros centrais.<\/p>\n\n\n\n<p><strong>Altera\u00e7\u00f5es no tr\u00e2nsito<br><\/strong>Sentido Trevo\/Centro &#8211; m\u00e3o \u00fanica: desvio logo ap\u00f3s a ponte;<br>Sentido Centro\/Trevo &#8211; m\u00e3o \u00fanica: desvio com acesso pr\u00f3ximo ao Gran Palazzo.<\/p>\n\n\n\n<p>A Prefeitura orienta os motoristas a redobrarem a aten\u00e7\u00e3o ao trafegar pelo local. O trecho estar\u00e1 devidamente sinalizado, por\u00e9m exigir\u00e1 cautela durante o per\u00edodo de interven\u00e7\u00e3o. Segundo o secret\u00e1rio de Obras, Rubens Astolfi, as mudan\u00e7as s\u00e3o tempor\u00e1rias. \u201cAs vias marginais estar\u00e3o sinalizadas, e o fluxo contar\u00e1 com acompanhamento da Pol\u00edcia Rodovi\u00e1ria Estadual e da Guarda Municipal de Tr\u00e2nsito\u201d, destacou.<\/p>\n\n\n\n<p><strong>Resumo da obra<br><\/strong>Duplica\u00e7\u00e3o da pista principal;<br>Constru\u00e7\u00e3o de vias marginais;<br>Implanta\u00e7\u00e3o do sistema de drenagem pluvial;<br>Pavimenta\u00e7\u00e3o asf\u00e1ltica;<br>Ilumina\u00e7\u00e3o p\u00fablica em LED;<br>Sinaliza\u00e7\u00e3o vertical e horizontal.<\/p>\n\n\n\n<p>A conclus\u00e3o da obra est\u00e1 prevista para o final do primeiro semestre de 2026.<\/p>\n\n\n\n<p><\/p>\n","protected":false},"excerpt":{"rendered":"<p>A Prefeitura de Passo Fundo informa que, a partir desta sexta-feira (9), o tr\u00e2nsito na RS-324 sofrer\u00e1 altera\u00e7\u00f5es no trecho entre os quil\u00f4metros 173 e 175, em frente ao Gran Palazzo, devido [&hellip;]<\/p>\n","protected":false},"author":24,"featured_media":2878,"comment_status":"closed","ping_status":"closed","sticky":false,"template":"","format":"standard","meta":{"footnotes":""},"categories":[1],"tags":[],"class_list":["post-2877","post","type-post","status-publish","format-standard","has-post-thumbnail","hentry","category-sem-categoria"],"yoast_head":"<!-- This site is optimized with the Yoast SEO plugin v23.8 - https:\/\/yoast.com\/wordpress\/plugins\/seo\/ -->\n<title>Obras no acesso ao Distrito Industrial Valinhos alteram o tr\u00e2nsito na RS-324 a partir desta sexta-feira (9) - Secretaria de Obras<\/title>\n<meta name=\"robots\" content=\"index, follow, max-snippet:-1, max-image-preview:large, max-video-preview:-1\" \/>\n<link rel=\"canonical\" href=\"https:\/\/www.pmpf.rs.gov.br\/secretaria-de-obras\/2026\/01\/09\/obras-no-acesso-ao-distrito-industrial-valinhos-alteram-o-transito-na-rs-324-a-partir-desta-sexta-feira-9\/\" \/>\n<meta property=\"og:locale\" content=\"pt_BR\" \/>\n<meta property=\"og:type\" content=\"article\" \/>\n<meta property=\"og:title\" content=\"Obras no acesso ao Distrito Industrial Valinhos alteram o tr\u00e2nsito na RS-324 a partir desta sexta-feira (9) - Secretaria de Obras\" \/>\n<meta property=\"og:description\" content=\"A Prefeitura de Passo Fundo informa que, a partir desta sexta-feira (9), o tr\u00e2nsito na RS-324 sofrer\u00e1 altera\u00e7\u00f5es no trecho entre os quil\u00f4metros 173 e 175, em frente ao Gran Palazzo, devido [&hellip;]\" \/>\n<meta property=\"og:url\" content=\"https:\/\/www.pmpf.rs.gov.br\/secretaria-de-obras\/2026\/01\/09\/obras-no-acesso-ao-distrito-industrial-valinhos-alteram-o-transito-na-rs-324-a-partir-desta-sexta-feira-9\/\" \/>\n<meta property=\"og:site_name\" content=\"Secretaria de Obras\" \/>\n<meta property=\"article:published_time\" content=\"2026-01-09T12:38:28+00:00\" \/>\n<meta property=\"article:modified_time\" content=\"2026-01-09T12:38:31+00:00\" \/>\n<meta name=\"author\" content=\"lilicrivello\" \/>\n<meta name=\"twitter:card\" content=\"summary_large_image\" \/>\n<meta name=\"twitter:label1\" content=\"Escrito por\" \/>\n\t<meta name=\"twitter:data1\" content=\"lilicrivello\" \/>\n\t<meta name=\"twitter:label2\" content=\"Est. tempo de leitura\" \/>\n\t<meta name=\"twitter:data2\" content=\"1 minuto\" \/>\n<script type=\"application\/ld+json\" class=\"yoast-schema-graph\">{\"@context\":\"https:\/\/schema.org\",\"@graph\":[{\"@type\":\"WebPage\",\"@id\":\"https:\/\/www.pmpf.rs.gov.br\/secretaria-de-obras\/2026\/01\/09\/obras-no-acesso-ao-distrito-industrial-valinhos-alteram-o-transito-na-rs-324-a-partir-desta-sexta-feira-9\/\",\"url\":\"https:\/\/www.pmpf.rs.gov.br\/secretaria-de-obras\/2026\/01\/09\/obras-no-acesso-ao-distrito-industrial-valinhos-alteram-o-transito-na-rs-324-a-partir-desta-sexta-feira-9\/\",\"name\":\"Obras no acesso ao Distrito Industrial Valinhos alteram o tr\u00e2nsito na RS-324 a partir desta sexta-feira (9) - Secretaria de Obras\",\"isPartOf\":{\"@id\":\"https:\/\/www.pmpf.rs.gov.br\/secretaria-de-obras\/#website\"},\"primaryImageOfPage\":{\"@id\":\"https:\/\/www.pmpf.rs.gov.br\/secretaria-de-obras\/2026\/01\/09\/obras-no-acesso-ao-distrito-industrial-valinhos-alteram-o-transito-na-rs-324-a-partir-desta-sexta-feira-9\/#primaryimage\"},\"image\":{\"@id\":\"https:\/\/www.pmpf.rs.gov.br\/secretaria-de-obras\/2026\/01\/09\/obras-no-acesso-ao-distrito-industrial-valinhos-alteram-o-transito-na-rs-324-a-partir-desta-sexta-feira-9\/#primaryimage\"},\"thumbnailUrl\":\"https:\/\/www.pmpf.rs.gov.br\/secretaria-de-obras\/wp-content\/uploads\/sites\/49\/2026\/01\/image.png\",\"datePublished\":\"2026-01-09T12:38:28+00:00\",\"dateModified\":\"2026-01-09T12:38:31+00:00\",\"author\":{\"@id\":\"https:\/\/www.pmpf.rs.gov.br\/secretaria-de-obras\/#\/schema\/person\/6e93b0ab2174b69f691ac4f278ba2d0a\"},\"breadcrumb\":{\"@id\":\"https:\/\/www.pmpf.rs.gov.br\/secretaria-de-obras\/2026\/01\/09\/obras-no-acesso-ao-distrito-industrial-valinhos-alteram-o-transito-na-rs-324-a-partir-desta-sexta-feira-9\/#breadcrumb\"},\"inLanguage\":\"pt-BR\",\"potentialAction\":[{\"@type\":\"ReadAction\",\"target\":[\"https:\/\/www.pmpf.rs.gov.br\/secretaria-de-obras\/2026\/01\/09\/obras-no-acesso-ao-distrito-industrial-valinhos-alteram-o-transito-na-rs-324-a-partir-desta-sexta-feira-9\/\"]}]},{\"@type\":\"ImageObject\",\"inLanguage\":\"pt-BR\",\"@id\":\"https:\/\/www.pmpf.rs.gov.br\/secretaria-de-obras\/2026\/01\/09\/obras-no-acesso-ao-distrito-industrial-valinhos-alteram-o-transito-na-rs-324-a-partir-desta-sexta-feira-9\/#primaryimage\",\"url\":\"https:\/\/www.pmpf.rs.gov.br\/secretaria-de-obras\/wp-content\/uploads\/sites\/49\/2026\/01\/image.png\",\"contentUrl\":\"https:\/\/www.pmpf.rs.gov.br\/secretaria-de-obras\/wp-content\/uploads\/sites\/49\/2026\/01\/image.png\",\"width\":1024,\"height\":721},{\"@type\":\"BreadcrumbList\",\"@id\":\"https:\/\/www.pmpf.rs.gov.br\/secretaria-de-obras\/2026\/01\/09\/obras-no-acesso-ao-distrito-industrial-valinhos-alteram-o-transito-na-rs-324-a-partir-desta-sexta-feira-9\/#breadcrumb\",\"itemListElement\":[{\"@type\":\"ListItem\",\"position\":1,\"name\":\"In\u00edcio\",\"item\":\"https:\/\/www.pmpf.rs.gov.br\/secretaria-de-obras\/\"},{\"@type\":\"ListItem\",\"position\":2,\"name\":\"Obras no acesso ao Distrito Industrial Valinhos alteram o tr\u00e2nsito na RS-324 a partir desta sexta-feira (9)\"}]},{\"@type\":\"WebSite\",\"@id\":\"https:\/\/www.pmpf.rs.gov.br\/secretaria-de-obras\/#website\",\"url\":\"https:\/\/www.pmpf.rs.gov.br\/secretaria-de-obras\/\",\"name\":\"Secretaria de Obras\",\"description\":\"S\u00f3 mais um site Prefeitura de Passo Fundo\",\"potentialAction\":[{\"@type\":\"SearchAction\",\"target\":{\"@type\":\"EntryPoint\",\"urlTemplate\":\"https:\/\/www.pmpf.rs.gov.br\/secretaria-de-obras\/?s={search_term_string}\"},\"query-input\":{\"@type\":\"PropertyValueSpecification\",\"valueRequired\":true,\"valueName\":\"search_term_string\"}}],\"inLanguage\":\"pt-BR\"},{\"@type\":\"Person\",\"@id\":\"https:\/\/www.pmpf.rs.gov.br\/secretaria-de-obras\/#\/schema\/person\/6e93b0ab2174b69f691ac4f278ba2d0a\",\"name\":\"lilicrivello\",\"image\":{\"@type\":\"ImageObject\",\"inLanguage\":\"pt-BR\",\"@id\":\"https:\/\/www.pmpf.rs.gov.br\/secretaria-de-obras\/#\/schema\/person\/image\/\",\"url\":\"https:\/\/secure.gravatar.com\/avatar\/0b546b667388f8edb7b67d70a57b5e46?s=96&d=mm&r=g\",\"contentUrl\":\"https:\/\/secure.gravatar.com\/avatar\/0b546b667388f8edb7b67d70a57b5e46?s=96&d=mm&r=g\",\"caption\":\"lilicrivello\"},\"url\":\"https:\/\/www.pmpf.rs.gov.br\/secretaria-de-obras\/author\/lilicrivello\/\"}]}<\/script>\n<!-- \/ Yoast SEO plugin. -->","yoast_head_json":{"title":"Obras no acesso ao Distrito Industrial Valinhos alteram o tr\u00e2nsito na RS-324 a partir desta sexta-feira (9) - Secretaria de Obras","robots":{"index":"index","follow":"follow","max-snippet":"max-snippet:-1","max-image-preview":"max-image-preview:large","max-video-preview":"max-video-preview:-1"},"canonical":"https:\/\/www.pmpf.rs.gov.br\/secretaria-de-obras\/2026\/01\/09\/obras-no-acesso-ao-distrito-industrial-valinhos-alteram-o-transito-na-rs-324-a-partir-desta-sexta-feira-9\/","og_locale":"pt_BR","og_type":"article","og_title":"Obras no acesso ao Distrito Industrial Valinhos alteram o tr\u00e2nsito na RS-324 a partir desta sexta-feira (9) - Secretaria de Obras","og_description":"A Prefeitura de Passo Fundo informa que, a partir desta sexta-feira (9), o tr\u00e2nsito na RS-324 sofrer\u00e1 altera\u00e7\u00f5es no trecho entre os quil\u00f4metros 173 e 175, em frente ao Gran Palazzo, devido [&hellip;]","og_url":"https:\/\/www.pmpf.rs.gov.br\/secretaria-de-obras\/2026\/01\/09\/obras-no-acesso-ao-distrito-industrial-valinhos-alteram-o-transito-na-rs-324-a-partir-desta-sexta-feira-9\/","og_site_name":"Secretaria de Obras","article_published_time":"2026-01-09T12:38:28+00:00","article_modified_time":"2026-01-09T12:38:31+00:00","author":"lilicrivello","twitter_card":"summary_large_image","twitter_misc":{"Escrito por":"lilicrivello","Est. tempo de leitura":"1 minuto"},"schema":{"@context":"https:\/\/schema.org","@graph":[{"@type":"WebPage","@id":"https:\/\/www.pmpf.rs.gov.br\/secretaria-de-obras\/2026\/01\/09\/obras-no-acesso-ao-distrito-industrial-valinhos-alteram-o-transito-na-rs-324-a-partir-desta-sexta-feira-9\/","url":"https:\/\/www.pmpf.rs.gov.br\/secretaria-de-obras\/2026\/01\/09\/obras-no-acesso-ao-distrito-industrial-valinhos-alteram-o-transito-na-rs-324-a-partir-desta-sexta-feira-9\/","name":"Obras no acesso ao Distrito Industrial Valinhos alteram o tr\u00e2nsito na RS-324 a partir desta sexta-feira (9) - Secretaria de Obras","isPartOf":{"@id":"https:\/\/www.pmpf.rs.gov.br\/secretaria-de-obras\/#website"},"primaryImageOfPage":{"@id":"https:\/\/www.pmpf.rs.gov.br\/secretaria-de-obras\/2026\/01\/09\/obras-no-acesso-ao-distrito-industrial-valinhos-alteram-o-transito-na-rs-324-a-partir-desta-sexta-feira-9\/#primaryimage"},"image":{"@id":"https:\/\/www.pmpf.rs.gov.br\/secretaria-de-obras\/2026\/01\/09\/obras-no-acesso-ao-distrito-industrial-valinhos-alteram-o-transito-na-rs-324-a-partir-desta-sexta-feira-9\/#primaryimage"},"thumbnailUrl":"https:\/\/www.pmpf.rs.gov.br\/secretaria-de-obras\/wp-content\/uploads\/sites\/49\/2026\/01\/image.png","datePublished":"2026-01-09T12:38:28+00:00","dateModified":"2026-01-09T12:38:31+00:00","author":{"@id":"https:\/\/www.pmpf.rs.gov.br\/secretaria-de-obras\/#\/schema\/person\/6e93b0ab2174b69f691ac4f278ba2d0a"},"breadcrumb":{"@id":"https:\/\/www.pmpf.rs.gov.br\/secretaria-de-obras\/2026\/01\/09\/obras-no-acesso-ao-distrito-industrial-valinhos-alteram-o-transito-na-rs-324-a-partir-desta-sexta-feira-9\/#breadcrumb"},"inLanguage":"pt-BR","potentialAction":[{"@type":"ReadAction","target":["https:\/\/www.pmpf.rs.gov.br\/secretaria-de-obras\/2026\/01\/09\/obras-no-acesso-ao-distrito-industrial-valinhos-alteram-o-transito-na-rs-324-a-partir-desta-sexta-feira-9\/"]}]},{"@type":"ImageObject","inLanguage":"pt-BR","@id":"https:\/\/www.pmpf.rs.gov.br\/secretaria-de-obras\/2026\/01\/09\/obras-no-acesso-ao-distrito-industrial-valinhos-alteram-o-transito-na-rs-324-a-partir-desta-sexta-feira-9\/#primaryimage","url":"https:\/\/www.pmpf.rs.gov.br\/secretaria-de-obras\/wp-content\/uploads\/sites\/49\/2026\/01\/image.png","contentUrl":"https:\/\/www.pmpf.rs.gov.br\/secretaria-de-obras\/wp-content\/uploads\/sites\/49\/2026\/01\/image.png","width":1024,"height":721},{"@type":"BreadcrumbList","@id":"https:\/\/www.pmpf.rs.gov.br\/secretaria-de-obras\/2026\/01\/09\/obras-no-acesso-ao-distrito-industrial-valinhos-alteram-o-transito-na-rs-324-a-partir-desta-sexta-feira-9\/#breadcrumb","itemListElement":[{"@type":"ListItem","position":1,"name":"In\u00edcio","item":"https:\/\/www.pmpf.rs.gov.br\/secretaria-de-obras\/"},{"@type":"ListItem","position":2,"name":"Obras no acesso ao Distrito Industrial Valinhos alteram o tr\u00e2nsito na RS-324 a partir desta sexta-feira (9)"}]},{"@type":"WebSite","@id":"https:\/\/www.pmpf.rs.gov.br\/secretaria-de-obras\/#website","url":"https:\/\/www.pmpf.rs.gov.br\/secretaria-de-obras\/","name":"Secretaria de Obras","description":"S\u00f3 mais um site Prefeitura de Passo Fundo","potentialAction":[{"@type":"SearchAction","target":{"@type":"EntryPoint","urlTemplate":"https:\/\/www.pmpf.rs.gov.br\/secretaria-de-obras\/?s={search_term_string}"},"query-input":{"@type":"PropertyValueSpecification","valueRequired":true,"valueName":"search_term_string"}}],"inLanguage":"pt-BR"},{"@type":"Person","@id":"https:\/\/www.pmpf.rs.gov.br\/secretaria-de-obras\/#\/schema\/person\/6e93b0ab2174b69f691ac4f278ba2d0a","name":"lilicrivello","image":{"@type":"ImageObject","inLanguage":"pt-BR","@id":"https:\/\/www.pmpf.rs.gov.br\/secretaria-de-obras\/#\/schema\/person\/image\/","url":"https:\/\/secure.gravatar.com\/avatar\/0b546b667388f8edb7b67d70a57b5e46?s=96&d=mm&r=g","contentUrl":"https:\/\/secure.gravatar.com\/avatar\/0b546b667388f8edb7b67d70a57b5e46?s=96&d=mm&r=g","caption":"lilicrivello"},"url":"https:\/\/www.pmpf.rs.gov.br\/secretaria-de-obras\/author\/lilicrivello\/"}]}},"_links":{"self":[{"href":"https:\/\/www.pmpf.rs.gov.br\/secretaria-de-obras\/wp-json\/wp\/v2\/posts\/2877"}],"collection":[{"href":"https:\/\/www.pmpf.rs.gov.br\/secretaria-de-obras\/wp-json\/wp\/v2\/posts"}],"about":[{"href":"https:\/\/www.pmpf.rs.gov.br\/secretaria-de-obras\/wp-json\/wp\/v2\/types\/post"}],"author":[{"embeddable":true,"href":"https:\/\/www.pmpf.rs.gov.br\/secretaria-de-obras\/wp-json\/wp\/v2\/users\/24"}],"replies":[{"embeddable":true,"href":"https:\/\/www.pmpf.rs.gov.br\/secretaria-de-obras\/wp-json\/wp\/v2\/comments?post=2877"}],"version-history":[{"count":1,"href":"https:\/\/www.pmpf.rs.gov.br\/secretaria-de-obras\/wp-json\/wp\/v2\/posts\/2877\/revisions"}],"predecessor-version":[{"id":2879,"href":"https:\/\/www.pmpf.rs.gov.br\/secretaria-de-obras\/wp-json\/wp\/v2\/posts\/2877\/revisions\/2879"}],"wp:featuredmedia":[{"embeddable":true,"href":"https:\/\/www.pmpf.rs.gov.br\/secretaria-de-obras\/wp-json\/wp\/v2\/media\/2878"}],"wp:attachment":[{"href":"https:\/\/www.pmpf.rs.gov.br\/secretaria-de-obras\/wp-json\/wp\/v2\/media?parent=2877"}],"wp:term":[{"taxonomy":"category","embeddable":true,"href":"https:\/\/www.pmpf.rs.gov.br\/secretaria-de-obras\/wp-json\/wp\/v2\/categories?post=2877"},{"taxonomy":"post_tag","embeddable":true,"href":"https:\/\/www.pmpf.rs.gov.br\/secretaria-de-obras\/wp-json\/wp\/v2\/tags?post=2877"}],"curies":[{"name":"wp","href":"https:\/\/api.w.org\/{rel}","templated":true}]}}