{"id":2874,"date":"2026-01-07T11:09:26","date_gmt":"2026-01-07T14:09:26","guid":{"rendered":"https:\/\/www.pmpf.rs.gov.br\/secretaria-de-obras\/?p=2874"},"modified":"2026-01-07T11:09:32","modified_gmt":"2026-01-07T14:09:32","slug":"prefeitura-inicia-semana-com-frentes-de-obras-limpeza-e-servicos-no-interior-e-bairros","status":"publish","type":"post","link":"https:\/\/www.pmpf.rs.gov.br\/secretaria-de-obras\/2026\/01\/07\/prefeitura-inicia-semana-com-frentes-de-obras-limpeza-e-servicos-no-interior-e-bairros\/","title":{"rendered":"Prefeitura inicia semana com frentes de obras, limpeza e servi\u00e7os no interior e bairros"},"content":{"rendered":"\n<p><\/p>\n\n\n\n<p>A Prefeitura de Passo Fundo iniciou, nesta segunda-feira (05), uma nova semana de trabalhos com a\u00e7\u00f5es executadas pelas secretarias de Obras, Agricultura e Desenvolvimento Rural e Servi\u00e7os Gerais. O cronograma de servi\u00e7os segue at\u00e9 sexta-feira (09) com foco em infraestrutura urbana e rural, zeladoria, limpeza e apoio \u00e0s comunidades.<\/p>\n\n\n\n<p><strong>Secretaria de Obras (SMO)<br><\/strong>As equipes atuam em manuten\u00e7\u00f5es de redes de canaliza\u00e7\u00e3o, com foco na preven\u00e7\u00e3o de alagamentos e melhoria do escoamento pluvial. Os servi\u00e7os est\u00e3o sendo realizados em:<\/p>\n\n\n\n<ul class=\"wp-block-list\">\n<li>Rua 12 de Janeiro \u2013 Vila Don\u00e1ria<\/li>\n\n\n\n<li>Rua Bruno Giusti \u2013 Bairro Petr\u00f3polis<\/li>\n\n\n\n<li>Rua Miguel Vedoy \u2013 Vila Jardim<\/li>\n\n\n\n<li>Rua Ludovico Della M\u00e9a \u2013 Vera Cruz<\/li>\n<\/ul>\n\n\n\n<p><strong>Secretaria de Agricultura e Desenvolvimento Rural<br><\/strong>No interior, a Prefeitura avan\u00e7a com a\u00e7\u00f5es de manuten\u00e7\u00e3o vi\u00e1ria e abastecimento:<\/p>\n\n\n\n<ul class=\"wp-block-list\">\n<li>Santa Gema (Distrito de Bom Recreio): patrolamento e empedramento de estradas<\/li>\n\n\n\n<li>Capinzal: in\u00edcio de obra de canaliza\u00e7\u00e3o<\/li>\n\n\n\n<li>Pulador: execu\u00e7\u00e3o de melhorias na rede de \u00e1gua<\/li>\n<\/ul>\n\n\n\n<p><strong>Secretaria de Servi\u00e7os Gerais (SSG)<br><\/strong>As equipes de limpeza, jardinagem e manuten\u00e7\u00e3o urbana seguem em diversas frentes:<\/p>\n\n\n\n<ul class=\"wp-block-list\">\n<li>Mutir\u00e3o de Limpeza: Avenida Brasil e Rua Bento Gon\u00e7alves (Centro)<\/li>\n\n\n\n<li>Ro\u00e7adas e capina: entorno da Escola Salom\u00e3o Iochpe, ponte da Rua Princesa Isabel, Viva Pra\u00e7a do Maggi de C\u00e9saro e escadaria da Rua Passo Fundo (Vila Lu\u00edza)<\/li>\n\n\n\n<li>Programa Cidade Limpa: cont\u00eaineres nos bairros S\u00e3o Crist\u00f3v\u00e3o, Vila Mattos, Cruzeiro e Planaltina<\/li>\n\n\n\n<li>Recolhimento de res\u00edduos: Bairro Integra\u00e7\u00e3o e arredores do Complexo Delmar Sittoni (Vila F\u00e1tima)<\/li>\n\n\n\n<li>Manuten\u00e7\u00e3o de pra\u00e7as e \u00e1reas verdes: Parque da Gare, Pra\u00e7a Tamandar\u00e9, Santa Terezinha, Pra\u00e7a Marechal Floriano (Cuia) e Avenida 7 de Setembro (Vera Cruz)<\/li>\n<\/ul>\n","protected":false},"excerpt":{"rendered":"<p>A Prefeitura de Passo Fundo iniciou, nesta segunda-feira (05), uma nova semana de trabalhos com a\u00e7\u00f5es executadas pelas secretarias de Obras, Agricultura e Desenvolvimento Rural e Servi\u00e7os Gerais. O cronograma de servi\u00e7os [&hellip;]<\/p>\n","protected":false},"author":24,"featured_media":2875,"comment_status":"closed","ping_status":"closed","sticky":false,"template":"","format":"standard","meta":{"footnotes":""},"categories":[1],"tags":[],"class_list":["post-2874","post","type-post","status-publish","format-standard","has-post-thumbnail","hentry","category-sem-categoria"],"yoast_head":"<!-- This site is optimized with the Yoast SEO plugin v23.8 - https:\/\/yoast.com\/wordpress\/plugins\/seo\/ -->\n<title>Prefeitura inicia semana com frentes de obras, limpeza e servi\u00e7os no interior e bairros - Secretaria de Obras<\/title>\n<meta name=\"robots\" content=\"index, follow, max-snippet:-1, max-image-preview:large, max-video-preview:-1\" \/>\n<link rel=\"canonical\" href=\"https:\/\/www.pmpf.rs.gov.br\/secretaria-de-obras\/2026\/01\/07\/prefeitura-inicia-semana-com-frentes-de-obras-limpeza-e-servicos-no-interior-e-bairros\/\" \/>\n<meta property=\"og:locale\" content=\"pt_BR\" \/>\n<meta property=\"og:type\" content=\"article\" \/>\n<meta property=\"og:title\" content=\"Prefeitura inicia semana com frentes de obras, limpeza e servi\u00e7os no interior e bairros - Secretaria de Obras\" \/>\n<meta property=\"og:description\" content=\"A Prefeitura de Passo Fundo iniciou, nesta segunda-feira (05), uma nova semana de trabalhos com a\u00e7\u00f5es executadas pelas secretarias de Obras, Agricultura e Desenvolvimento Rural e Servi\u00e7os Gerais. O cronograma de servi\u00e7os [&hellip;]\" \/>\n<meta property=\"og:url\" content=\"https:\/\/www.pmpf.rs.gov.br\/secretaria-de-obras\/2026\/01\/07\/prefeitura-inicia-semana-com-frentes-de-obras-limpeza-e-servicos-no-interior-e-bairros\/\" \/>\n<meta property=\"og:site_name\" content=\"Secretaria de Obras\" \/>\n<meta property=\"article:published_time\" content=\"2026-01-07T14:09:26+00:00\" \/>\n<meta property=\"article:modified_time\" content=\"2026-01-07T14:09:32+00:00\" \/>\n<meta name=\"author\" content=\"lilicrivello\" \/>\n<meta name=\"twitter:card\" content=\"summary_large_image\" \/>\n<meta name=\"twitter:label1\" content=\"Escrito por\" \/>\n\t<meta name=\"twitter:data1\" content=\"lilicrivello\" \/>\n\t<meta name=\"twitter:label2\" content=\"Est. tempo de leitura\" \/>\n\t<meta name=\"twitter:data2\" content=\"1 minuto\" \/>\n<script type=\"application\/ld+json\" class=\"yoast-schema-graph\">{\"@context\":\"https:\/\/schema.org\",\"@graph\":[{\"@type\":\"WebPage\",\"@id\":\"https:\/\/www.pmpf.rs.gov.br\/secretaria-de-obras\/2026\/01\/07\/prefeitura-inicia-semana-com-frentes-de-obras-limpeza-e-servicos-no-interior-e-bairros\/\",\"url\":\"https:\/\/www.pmpf.rs.gov.br\/secretaria-de-obras\/2026\/01\/07\/prefeitura-inicia-semana-com-frentes-de-obras-limpeza-e-servicos-no-interior-e-bairros\/\",\"name\":\"Prefeitura inicia semana com frentes de obras, limpeza e servi\u00e7os no interior e bairros - Secretaria de Obras\",\"isPartOf\":{\"@id\":\"https:\/\/www.pmpf.rs.gov.br\/secretaria-de-obras\/#website\"},\"primaryImageOfPage\":{\"@id\":\"https:\/\/www.pmpf.rs.gov.br\/secretaria-de-obras\/2026\/01\/07\/prefeitura-inicia-semana-com-frentes-de-obras-limpeza-e-servicos-no-interior-e-bairros\/#primaryimage\"},\"image\":{\"@id\":\"https:\/\/www.pmpf.rs.gov.br\/secretaria-de-obras\/2026\/01\/07\/prefeitura-inicia-semana-com-frentes-de-obras-limpeza-e-servicos-no-interior-e-bairros\/#primaryimage\"},\"thumbnailUrl\":\"https:\/\/www.pmpf.rs.gov.br\/secretaria-de-obras\/wp-content\/uploads\/sites\/49\/2026\/01\/WhatsApp-Image-2026-01-05-at-14.19.28.jpeg\",\"datePublished\":\"2026-01-07T14:09:26+00:00\",\"dateModified\":\"2026-01-07T14:09:32+00:00\",\"author\":{\"@id\":\"https:\/\/www.pmpf.rs.gov.br\/secretaria-de-obras\/#\/schema\/person\/6e93b0ab2174b69f691ac4f278ba2d0a\"},\"breadcrumb\":{\"@id\":\"https:\/\/www.pmpf.rs.gov.br\/secretaria-de-obras\/2026\/01\/07\/prefeitura-inicia-semana-com-frentes-de-obras-limpeza-e-servicos-no-interior-e-bairros\/#breadcrumb\"},\"inLanguage\":\"pt-BR\",\"potentialAction\":[{\"@type\":\"ReadAction\",\"target\":[\"https:\/\/www.pmpf.rs.gov.br\/secretaria-de-obras\/2026\/01\/07\/prefeitura-inicia-semana-com-frentes-de-obras-limpeza-e-servicos-no-interior-e-bairros\/\"]}]},{\"@type\":\"ImageObject\",\"inLanguage\":\"pt-BR\",\"@id\":\"https:\/\/www.pmpf.rs.gov.br\/secretaria-de-obras\/2026\/01\/07\/prefeitura-inicia-semana-com-frentes-de-obras-limpeza-e-servicos-no-interior-e-bairros\/#primaryimage\",\"url\":\"https:\/\/www.pmpf.rs.gov.br\/secretaria-de-obras\/wp-content\/uploads\/sites\/49\/2026\/01\/WhatsApp-Image-2026-01-05-at-14.19.28.jpeg\",\"contentUrl\":\"https:\/\/www.pmpf.rs.gov.br\/secretaria-de-obras\/wp-content\/uploads\/sites\/49\/2026\/01\/WhatsApp-Image-2026-01-05-at-14.19.28.jpeg\",\"width\":1184,\"height\":871},{\"@type\":\"BreadcrumbList\",\"@id\":\"https:\/\/www.pmpf.rs.gov.br\/secretaria-de-obras\/2026\/01\/07\/prefeitura-inicia-semana-com-frentes-de-obras-limpeza-e-servicos-no-interior-e-bairros\/#breadcrumb\",\"itemListElement\":[{\"@type\":\"ListItem\",\"position\":1,\"name\":\"In\u00edcio\",\"item\":\"https:\/\/www.pmpf.rs.gov.br\/secretaria-de-obras\/\"},{\"@type\":\"ListItem\",\"position\":2,\"name\":\"Prefeitura inicia semana com frentes de obras, limpeza e servi\u00e7os no interior e bairros\"}]},{\"@type\":\"WebSite\",\"@id\":\"https:\/\/www.pmpf.rs.gov.br\/secretaria-de-obras\/#website\",\"url\":\"https:\/\/www.pmpf.rs.gov.br\/secretaria-de-obras\/\",\"name\":\"Secretaria de Obras\",\"description\":\"S\u00f3 mais um site Prefeitura de Passo Fundo\",\"potentialAction\":[{\"@type\":\"SearchAction\",\"target\":{\"@type\":\"EntryPoint\",\"urlTemplate\":\"https:\/\/www.pmpf.rs.gov.br\/secretaria-de-obras\/?s={search_term_string}\"},\"query-input\":{\"@type\":\"PropertyValueSpecification\",\"valueRequired\":true,\"valueName\":\"search_term_string\"}}],\"inLanguage\":\"pt-BR\"},{\"@type\":\"Person\",\"@id\":\"https:\/\/www.pmpf.rs.gov.br\/secretaria-de-obras\/#\/schema\/person\/6e93b0ab2174b69f691ac4f278ba2d0a\",\"name\":\"lilicrivello\",\"image\":{\"@type\":\"ImageObject\",\"inLanguage\":\"pt-BR\",\"@id\":\"https:\/\/www.pmpf.rs.gov.br\/secretaria-de-obras\/#\/schema\/person\/image\/\",\"url\":\"https:\/\/secure.gravatar.com\/avatar\/0b546b667388f8edb7b67d70a57b5e46?s=96&d=mm&r=g\",\"contentUrl\":\"https:\/\/secure.gravatar.com\/avatar\/0b546b667388f8edb7b67d70a57b5e46?s=96&d=mm&r=g\",\"caption\":\"lilicrivello\"},\"url\":\"https:\/\/www.pmpf.rs.gov.br\/secretaria-de-obras\/author\/lilicrivello\/\"}]}<\/script>\n<!-- \/ Yoast SEO plugin. -->","yoast_head_json":{"title":"Prefeitura inicia semana com frentes de obras, limpeza e servi\u00e7os no interior e bairros - Secretaria de Obras","robots":{"index":"index","follow":"follow","max-snippet":"max-snippet:-1","max-image-preview":"max-image-preview:large","max-video-preview":"max-video-preview:-1"},"canonical":"https:\/\/www.pmpf.rs.gov.br\/secretaria-de-obras\/2026\/01\/07\/prefeitura-inicia-semana-com-frentes-de-obras-limpeza-e-servicos-no-interior-e-bairros\/","og_locale":"pt_BR","og_type":"article","og_title":"Prefeitura inicia semana com frentes de obras, limpeza e servi\u00e7os no interior e bairros - Secretaria de Obras","og_description":"A Prefeitura de Passo Fundo iniciou, nesta segunda-feira (05), uma nova semana de trabalhos com a\u00e7\u00f5es executadas pelas secretarias de Obras, Agricultura e Desenvolvimento Rural e Servi\u00e7os Gerais. O cronograma de servi\u00e7os [&hellip;]","og_url":"https:\/\/www.pmpf.rs.gov.br\/secretaria-de-obras\/2026\/01\/07\/prefeitura-inicia-semana-com-frentes-de-obras-limpeza-e-servicos-no-interior-e-bairros\/","og_site_name":"Secretaria de Obras","article_published_time":"2026-01-07T14:09:26+00:00","article_modified_time":"2026-01-07T14:09:32+00:00","author":"lilicrivello","twitter_card":"summary_large_image","twitter_misc":{"Escrito por":"lilicrivello","Est. tempo de leitura":"1 minuto"},"schema":{"@context":"https:\/\/schema.org","@graph":[{"@type":"WebPage","@id":"https:\/\/www.pmpf.rs.gov.br\/secretaria-de-obras\/2026\/01\/07\/prefeitura-inicia-semana-com-frentes-de-obras-limpeza-e-servicos-no-interior-e-bairros\/","url":"https:\/\/www.pmpf.rs.gov.br\/secretaria-de-obras\/2026\/01\/07\/prefeitura-inicia-semana-com-frentes-de-obras-limpeza-e-servicos-no-interior-e-bairros\/","name":"Prefeitura inicia semana com frentes de obras, limpeza e servi\u00e7os no interior e bairros - Secretaria de Obras","isPartOf":{"@id":"https:\/\/www.pmpf.rs.gov.br\/secretaria-de-obras\/#website"},"primaryImageOfPage":{"@id":"https:\/\/www.pmpf.rs.gov.br\/secretaria-de-obras\/2026\/01\/07\/prefeitura-inicia-semana-com-frentes-de-obras-limpeza-e-servicos-no-interior-e-bairros\/#primaryimage"},"image":{"@id":"https:\/\/www.pmpf.rs.gov.br\/secretaria-de-obras\/2026\/01\/07\/prefeitura-inicia-semana-com-frentes-de-obras-limpeza-e-servicos-no-interior-e-bairros\/#primaryimage"},"thumbnailUrl":"https:\/\/www.pmpf.rs.gov.br\/secretaria-de-obras\/wp-content\/uploads\/sites\/49\/2026\/01\/WhatsApp-Image-2026-01-05-at-14.19.28.jpeg","datePublished":"2026-01-07T14:09:26+00:00","dateModified":"2026-01-07T14:09:32+00:00","author":{"@id":"https:\/\/www.pmpf.rs.gov.br\/secretaria-de-obras\/#\/schema\/person\/6e93b0ab2174b69f691ac4f278ba2d0a"},"breadcrumb":{"@id":"https:\/\/www.pmpf.rs.gov.br\/secretaria-de-obras\/2026\/01\/07\/prefeitura-inicia-semana-com-frentes-de-obras-limpeza-e-servicos-no-interior-e-bairros\/#breadcrumb"},"inLanguage":"pt-BR","potentialAction":[{"@type":"ReadAction","target":["https:\/\/www.pmpf.rs.gov.br\/secretaria-de-obras\/2026\/01\/07\/prefeitura-inicia-semana-com-frentes-de-obras-limpeza-e-servicos-no-interior-e-bairros\/"]}]},{"@type":"ImageObject","inLanguage":"pt-BR","@id":"https:\/\/www.pmpf.rs.gov.br\/secretaria-de-obras\/2026\/01\/07\/prefeitura-inicia-semana-com-frentes-de-obras-limpeza-e-servicos-no-interior-e-bairros\/#primaryimage","url":"https:\/\/www.pmpf.rs.gov.br\/secretaria-de-obras\/wp-content\/uploads\/sites\/49\/2026\/01\/WhatsApp-Image-2026-01-05-at-14.19.28.jpeg","contentUrl":"https:\/\/www.pmpf.rs.gov.br\/secretaria-de-obras\/wp-content\/uploads\/sites\/49\/2026\/01\/WhatsApp-Image-2026-01-05-at-14.19.28.jpeg","width":1184,"height":871},{"@type":"BreadcrumbList","@id":"https:\/\/www.pmpf.rs.gov.br\/secretaria-de-obras\/2026\/01\/07\/prefeitura-inicia-semana-com-frentes-de-obras-limpeza-e-servicos-no-interior-e-bairros\/#breadcrumb","itemListElement":[{"@type":"ListItem","position":1,"name":"In\u00edcio","item":"https:\/\/www.pmpf.rs.gov.br\/secretaria-de-obras\/"},{"@type":"ListItem","position":2,"name":"Prefeitura inicia semana com frentes de obras, limpeza e servi\u00e7os no interior e bairros"}]},{"@type":"WebSite","@id":"https:\/\/www.pmpf.rs.gov.br\/secretaria-de-obras\/#website","url":"https:\/\/www.pmpf.rs.gov.br\/secretaria-de-obras\/","name":"Secretaria de Obras","description":"S\u00f3 mais um site Prefeitura de Passo Fundo","potentialAction":[{"@type":"SearchAction","target":{"@type":"EntryPoint","urlTemplate":"https:\/\/www.pmpf.rs.gov.br\/secretaria-de-obras\/?s={search_term_string}"},"query-input":{"@type":"PropertyValueSpecification","valueRequired":true,"valueName":"search_term_string"}}],"inLanguage":"pt-BR"},{"@type":"Person","@id":"https:\/\/www.pmpf.rs.gov.br\/secretaria-de-obras\/#\/schema\/person\/6e93b0ab2174b69f691ac4f278ba2d0a","name":"lilicrivello","image":{"@type":"ImageObject","inLanguage":"pt-BR","@id":"https:\/\/www.pmpf.rs.gov.br\/secretaria-de-obras\/#\/schema\/person\/image\/","url":"https:\/\/secure.gravatar.com\/avatar\/0b546b667388f8edb7b67d70a57b5e46?s=96&d=mm&r=g","contentUrl":"https:\/\/secure.gravatar.com\/avatar\/0b546b667388f8edb7b67d70a57b5e46?s=96&d=mm&r=g","caption":"lilicrivello"},"url":"https:\/\/www.pmpf.rs.gov.br\/secretaria-de-obras\/author\/lilicrivello\/"}]}},"_links":{"self":[{"href":"https:\/\/www.pmpf.rs.gov.br\/secretaria-de-obras\/wp-json\/wp\/v2\/posts\/2874"}],"collection":[{"href":"https:\/\/www.pmpf.rs.gov.br\/secretaria-de-obras\/wp-json\/wp\/v2\/posts"}],"about":[{"href":"https:\/\/www.pmpf.rs.gov.br\/secretaria-de-obras\/wp-json\/wp\/v2\/types\/post"}],"author":[{"embeddable":true,"href":"https:\/\/www.pmpf.rs.gov.br\/secretaria-de-obras\/wp-json\/wp\/v2\/users\/24"}],"replies":[{"embeddable":true,"href":"https:\/\/www.pmpf.rs.gov.br\/secretaria-de-obras\/wp-json\/wp\/v2\/comments?post=2874"}],"version-history":[{"count":1,"href":"https:\/\/www.pmpf.rs.gov.br\/secretaria-de-obras\/wp-json\/wp\/v2\/posts\/2874\/revisions"}],"predecessor-version":[{"id":2876,"href":"https:\/\/www.pmpf.rs.gov.br\/secretaria-de-obras\/wp-json\/wp\/v2\/posts\/2874\/revisions\/2876"}],"wp:featuredmedia":[{"embeddable":true,"href":"https:\/\/www.pmpf.rs.gov.br\/secretaria-de-obras\/wp-json\/wp\/v2\/media\/2875"}],"wp:attachment":[{"href":"https:\/\/www.pmpf.rs.gov.br\/secretaria-de-obras\/wp-json\/wp\/v2\/media?parent=2874"}],"wp:term":[{"taxonomy":"category","embeddable":true,"href":"https:\/\/www.pmpf.rs.gov.br\/secretaria-de-obras\/wp-json\/wp\/v2\/categories?post=2874"},{"taxonomy":"post_tag","embeddable":true,"href":"https:\/\/www.pmpf.rs.gov.br\/secretaria-de-obras\/wp-json\/wp\/v2\/tags?post=2874"}],"curies":[{"name":"wp","href":"https:\/\/api.w.org\/{rel}","templated":true}]}}