{"id":2858,"date":"2025-11-28T08:24:08","date_gmt":"2025-11-28T11:24:08","guid":{"rendered":"https:\/\/www.pmpf.rs.gov.br\/secretaria-de-obras\/?p=2858"},"modified":"2025-11-28T08:24:12","modified_gmt":"2025-11-28T11:24:12","slug":"prefeitura-conclui-primeira-etapa-das-obras-na-avenida-presidente-vargas-com-sinalizacao-viaria","status":"publish","type":"post","link":"https:\/\/www.pmpf.rs.gov.br\/secretaria-de-obras\/2025\/11\/28\/prefeitura-conclui-primeira-etapa-das-obras-na-avenida-presidente-vargas-com-sinalizacao-viaria\/","title":{"rendered":"Prefeitura conclui primeira etapa das obras na Avenida Presidente Vargas com sinaliza\u00e7\u00e3o vi\u00e1ria"},"content":{"rendered":"\n<p><\/p>\n\n\n\n<p>A Prefeitura de Passo Fundo concluiu a primeira etapa da revitaliza\u00e7\u00e3o da Avenida Presidente Vargas, uma das principais vias de circula\u00e7\u00e3o da cidade, executando as \u00faltimas melhorias de sinaliza\u00e7\u00e3o vi\u00e1ria da pista e caminh\u00f3dromo. As melhorias foram realizadas no trecho entre o Trevo da Ricci e o Instituto Educacional Cecy Leite Costa, ampliando a seguran\u00e7a vi\u00e1ria, a fluidez no tr\u00e2nsito do bairro S\u00e3o Cristov\u00e3o e a qualidade da infraestrutura urbana.<\/p>\n\n\n\n<p>A revitaliza\u00e7\u00e3o completa da avenida, at\u00e9 a Rua General Canabarro, est\u00e1 prevista para ocorrer em nova etapa, com licita\u00e7\u00e3o programada para 2026, conforme anunciou o prefeito Pedro Almeida. \u201cA Avenida Presidente Vargas \u00e9 um dos principais eixos de mobilidade de Passo Fundo. Com essa obra, estamos oferecendo mais seguran\u00e7a, conforto e fluidez no tr\u00e2nsito, beneficiando milhares de pessoas diariamente. Essa \u00e9 apenas a primeira fase de um projeto mais amplo que seguir\u00e1 com novas etapas nos pr\u00f3ximos anos\u201d, destacou o prefeito.<\/p>\n\n\n\n<p>Entre os servi\u00e7os executados est\u00e3o: nova pavimenta\u00e7\u00e3o asf\u00e1ltica, refor\u00e7o no sistema de drenagem, ilumina\u00e7\u00e3o em LED, paisagismo, sinaliza\u00e7\u00e3o vi\u00e1ria e a constru\u00e7\u00e3o de novos abrigos de \u00f4nibus em concreto. Outro destaque \u00e9 a transforma\u00e7\u00e3o da antiga ciclofaixa em ciclovia e a implanta\u00e7\u00e3o de um caminh\u00f3dromo no trecho entre as ruas Clementino Lu\u00eds Vieira e Claudino Toldo.<\/p>\n\n\n\n<p>Segundo o secret\u00e1rio de Obras, Rubens Astolfi, a obra foi planejada para atender \u00e0s necessidades atuais e futuras da mobilidade urbana da cidade. \u201cEssa interven\u00e7\u00e3o melhora n\u00e3o s\u00f3 o tr\u00e2nsito, mas tamb\u00e9m valoriza o entorno, oferecendo mais seguran\u00e7a para pedestres, ciclistas e motoristas. A estrutura que entregamos est\u00e1 preparada para o crescimento da cidade\u201d, enfatizou.<\/p>\n\n\n\n<p>O projeto da revitaliza\u00e7\u00e3o da Avenida Presidente Vargas foi desenvolvido pelas secretarias de Obras, Planejamento e Seguran\u00e7a, com apoio do F\u00f3rum de Mobilidade Urbana, e executado por empresa contratada.<\/p>\n","protected":false},"excerpt":{"rendered":"<p>Revitaliza\u00e7\u00e3o melhora mobilidade e seguran\u00e7a no tr\u00e2nsito no bairro S\u00e3o Crist\u00f3v\u00e3o; projeto ter\u00e1 continuidade em 2026<\/p>\n","protected":false},"author":24,"featured_media":2859,"comment_status":"closed","ping_status":"closed","sticky":false,"template":"","format":"standard","meta":{"footnotes":""},"categories":[1],"tags":[],"class_list":["post-2858","post","type-post","status-publish","format-standard","has-post-thumbnail","hentry","category-sem-categoria"],"yoast_head":"<!-- This site is optimized with the Yoast SEO plugin v23.8 - https:\/\/yoast.com\/wordpress\/plugins\/seo\/ -->\n<title>Prefeitura conclui primeira etapa das obras na Avenida Presidente Vargas com sinaliza\u00e7\u00e3o vi\u00e1ria - Secretaria de Obras<\/title>\n<meta name=\"robots\" content=\"index, follow, max-snippet:-1, max-image-preview:large, max-video-preview:-1\" \/>\n<link rel=\"canonical\" href=\"https:\/\/www.pmpf.rs.gov.br\/secretaria-de-obras\/2025\/11\/28\/prefeitura-conclui-primeira-etapa-das-obras-na-avenida-presidente-vargas-com-sinalizacao-viaria\/\" \/>\n<meta property=\"og:locale\" content=\"pt_BR\" \/>\n<meta property=\"og:type\" content=\"article\" \/>\n<meta property=\"og:title\" content=\"Prefeitura conclui primeira etapa das obras na Avenida Presidente Vargas com sinaliza\u00e7\u00e3o vi\u00e1ria - Secretaria de Obras\" \/>\n<meta property=\"og:description\" content=\"Revitaliza\u00e7\u00e3o melhora mobilidade e seguran\u00e7a no tr\u00e2nsito no bairro S\u00e3o Crist\u00f3v\u00e3o; projeto ter\u00e1 continuidade em 2026\" \/>\n<meta property=\"og:url\" content=\"https:\/\/www.pmpf.rs.gov.br\/secretaria-de-obras\/2025\/11\/28\/prefeitura-conclui-primeira-etapa-das-obras-na-avenida-presidente-vargas-com-sinalizacao-viaria\/\" \/>\n<meta property=\"og:site_name\" content=\"Secretaria de Obras\" \/>\n<meta property=\"article:published_time\" content=\"2025-11-28T11:24:08+00:00\" \/>\n<meta property=\"article:modified_time\" content=\"2025-11-28T11:24:12+00:00\" \/>\n<meta name=\"author\" content=\"lilicrivello\" \/>\n<meta name=\"twitter:card\" content=\"summary_large_image\" \/>\n<meta name=\"twitter:label1\" content=\"Escrito por\" \/>\n\t<meta name=\"twitter:data1\" content=\"lilicrivello\" \/>\n\t<meta name=\"twitter:label2\" content=\"Est. tempo de leitura\" \/>\n\t<meta name=\"twitter:data2\" content=\"2 minutos\" \/>\n<script type=\"application\/ld+json\" class=\"yoast-schema-graph\">{\"@context\":\"https:\/\/schema.org\",\"@graph\":[{\"@type\":\"WebPage\",\"@id\":\"https:\/\/www.pmpf.rs.gov.br\/secretaria-de-obras\/2025\/11\/28\/prefeitura-conclui-primeira-etapa-das-obras-na-avenida-presidente-vargas-com-sinalizacao-viaria\/\",\"url\":\"https:\/\/www.pmpf.rs.gov.br\/secretaria-de-obras\/2025\/11\/28\/prefeitura-conclui-primeira-etapa-das-obras-na-avenida-presidente-vargas-com-sinalizacao-viaria\/\",\"name\":\"Prefeitura conclui primeira etapa das obras na Avenida Presidente Vargas com sinaliza\u00e7\u00e3o vi\u00e1ria - Secretaria de Obras\",\"isPartOf\":{\"@id\":\"https:\/\/www.pmpf.rs.gov.br\/secretaria-de-obras\/#website\"},\"primaryImageOfPage\":{\"@id\":\"https:\/\/www.pmpf.rs.gov.br\/secretaria-de-obras\/2025\/11\/28\/prefeitura-conclui-primeira-etapa-das-obras-na-avenida-presidente-vargas-com-sinalizacao-viaria\/#primaryimage\"},\"image\":{\"@id\":\"https:\/\/www.pmpf.rs.gov.br\/secretaria-de-obras\/2025\/11\/28\/prefeitura-conclui-primeira-etapa-das-obras-na-avenida-presidente-vargas-com-sinalizacao-viaria\/#primaryimage\"},\"thumbnailUrl\":\"https:\/\/www.pmpf.rs.gov.br\/secretaria-de-obras\/wp-content\/uploads\/sites\/49\/2025\/11\/Captura-de-tela-2025-11-28-082338.png\",\"datePublished\":\"2025-11-28T11:24:08+00:00\",\"dateModified\":\"2025-11-28T11:24:12+00:00\",\"author\":{\"@id\":\"https:\/\/www.pmpf.rs.gov.br\/secretaria-de-obras\/#\/schema\/person\/6e93b0ab2174b69f691ac4f278ba2d0a\"},\"breadcrumb\":{\"@id\":\"https:\/\/www.pmpf.rs.gov.br\/secretaria-de-obras\/2025\/11\/28\/prefeitura-conclui-primeira-etapa-das-obras-na-avenida-presidente-vargas-com-sinalizacao-viaria\/#breadcrumb\"},\"inLanguage\":\"pt-BR\",\"potentialAction\":[{\"@type\":\"ReadAction\",\"target\":[\"https:\/\/www.pmpf.rs.gov.br\/secretaria-de-obras\/2025\/11\/28\/prefeitura-conclui-primeira-etapa-das-obras-na-avenida-presidente-vargas-com-sinalizacao-viaria\/\"]}]},{\"@type\":\"ImageObject\",\"inLanguage\":\"pt-BR\",\"@id\":\"https:\/\/www.pmpf.rs.gov.br\/secretaria-de-obras\/2025\/11\/28\/prefeitura-conclui-primeira-etapa-das-obras-na-avenida-presidente-vargas-com-sinalizacao-viaria\/#primaryimage\",\"url\":\"https:\/\/www.pmpf.rs.gov.br\/secretaria-de-obras\/wp-content\/uploads\/sites\/49\/2025\/11\/Captura-de-tela-2025-11-28-082338.png\",\"contentUrl\":\"https:\/\/www.pmpf.rs.gov.br\/secretaria-de-obras\/wp-content\/uploads\/sites\/49\/2025\/11\/Captura-de-tela-2025-11-28-082338.png\",\"width\":940,\"height\":688},{\"@type\":\"BreadcrumbList\",\"@id\":\"https:\/\/www.pmpf.rs.gov.br\/secretaria-de-obras\/2025\/11\/28\/prefeitura-conclui-primeira-etapa-das-obras-na-avenida-presidente-vargas-com-sinalizacao-viaria\/#breadcrumb\",\"itemListElement\":[{\"@type\":\"ListItem\",\"position\":1,\"name\":\"In\u00edcio\",\"item\":\"https:\/\/www.pmpf.rs.gov.br\/secretaria-de-obras\/\"},{\"@type\":\"ListItem\",\"position\":2,\"name\":\"Prefeitura conclui primeira etapa das obras na Avenida Presidente Vargas com sinaliza\u00e7\u00e3o vi\u00e1ria\"}]},{\"@type\":\"WebSite\",\"@id\":\"https:\/\/www.pmpf.rs.gov.br\/secretaria-de-obras\/#website\",\"url\":\"https:\/\/www.pmpf.rs.gov.br\/secretaria-de-obras\/\",\"name\":\"Secretaria de Obras\",\"description\":\"S\u00f3 mais um site Prefeitura de Passo Fundo\",\"potentialAction\":[{\"@type\":\"SearchAction\",\"target\":{\"@type\":\"EntryPoint\",\"urlTemplate\":\"https:\/\/www.pmpf.rs.gov.br\/secretaria-de-obras\/?s={search_term_string}\"},\"query-input\":{\"@type\":\"PropertyValueSpecification\",\"valueRequired\":true,\"valueName\":\"search_term_string\"}}],\"inLanguage\":\"pt-BR\"},{\"@type\":\"Person\",\"@id\":\"https:\/\/www.pmpf.rs.gov.br\/secretaria-de-obras\/#\/schema\/person\/6e93b0ab2174b69f691ac4f278ba2d0a\",\"name\":\"lilicrivello\",\"image\":{\"@type\":\"ImageObject\",\"inLanguage\":\"pt-BR\",\"@id\":\"https:\/\/www.pmpf.rs.gov.br\/secretaria-de-obras\/#\/schema\/person\/image\/\",\"url\":\"https:\/\/secure.gravatar.com\/avatar\/0b546b667388f8edb7b67d70a57b5e46?s=96&d=mm&r=g\",\"contentUrl\":\"https:\/\/secure.gravatar.com\/avatar\/0b546b667388f8edb7b67d70a57b5e46?s=96&d=mm&r=g\",\"caption\":\"lilicrivello\"},\"url\":\"https:\/\/www.pmpf.rs.gov.br\/secretaria-de-obras\/author\/lilicrivello\/\"}]}<\/script>\n<!-- \/ Yoast SEO plugin. -->","yoast_head_json":{"title":"Prefeitura conclui primeira etapa das obras na Avenida Presidente Vargas com sinaliza\u00e7\u00e3o vi\u00e1ria - Secretaria de Obras","robots":{"index":"index","follow":"follow","max-snippet":"max-snippet:-1","max-image-preview":"max-image-preview:large","max-video-preview":"max-video-preview:-1"},"canonical":"https:\/\/www.pmpf.rs.gov.br\/secretaria-de-obras\/2025\/11\/28\/prefeitura-conclui-primeira-etapa-das-obras-na-avenida-presidente-vargas-com-sinalizacao-viaria\/","og_locale":"pt_BR","og_type":"article","og_title":"Prefeitura conclui primeira etapa das obras na Avenida Presidente Vargas com sinaliza\u00e7\u00e3o vi\u00e1ria - Secretaria de Obras","og_description":"Revitaliza\u00e7\u00e3o melhora mobilidade e seguran\u00e7a no tr\u00e2nsito no bairro S\u00e3o Crist\u00f3v\u00e3o; projeto ter\u00e1 continuidade em 2026","og_url":"https:\/\/www.pmpf.rs.gov.br\/secretaria-de-obras\/2025\/11\/28\/prefeitura-conclui-primeira-etapa-das-obras-na-avenida-presidente-vargas-com-sinalizacao-viaria\/","og_site_name":"Secretaria de Obras","article_published_time":"2025-11-28T11:24:08+00:00","article_modified_time":"2025-11-28T11:24:12+00:00","author":"lilicrivello","twitter_card":"summary_large_image","twitter_misc":{"Escrito por":"lilicrivello","Est. tempo de leitura":"2 minutos"},"schema":{"@context":"https:\/\/schema.org","@graph":[{"@type":"WebPage","@id":"https:\/\/www.pmpf.rs.gov.br\/secretaria-de-obras\/2025\/11\/28\/prefeitura-conclui-primeira-etapa-das-obras-na-avenida-presidente-vargas-com-sinalizacao-viaria\/","url":"https:\/\/www.pmpf.rs.gov.br\/secretaria-de-obras\/2025\/11\/28\/prefeitura-conclui-primeira-etapa-das-obras-na-avenida-presidente-vargas-com-sinalizacao-viaria\/","name":"Prefeitura conclui primeira etapa das obras na Avenida Presidente Vargas com sinaliza\u00e7\u00e3o vi\u00e1ria - Secretaria de Obras","isPartOf":{"@id":"https:\/\/www.pmpf.rs.gov.br\/secretaria-de-obras\/#website"},"primaryImageOfPage":{"@id":"https:\/\/www.pmpf.rs.gov.br\/secretaria-de-obras\/2025\/11\/28\/prefeitura-conclui-primeira-etapa-das-obras-na-avenida-presidente-vargas-com-sinalizacao-viaria\/#primaryimage"},"image":{"@id":"https:\/\/www.pmpf.rs.gov.br\/secretaria-de-obras\/2025\/11\/28\/prefeitura-conclui-primeira-etapa-das-obras-na-avenida-presidente-vargas-com-sinalizacao-viaria\/#primaryimage"},"thumbnailUrl":"https:\/\/www.pmpf.rs.gov.br\/secretaria-de-obras\/wp-content\/uploads\/sites\/49\/2025\/11\/Captura-de-tela-2025-11-28-082338.png","datePublished":"2025-11-28T11:24:08+00:00","dateModified":"2025-11-28T11:24:12+00:00","author":{"@id":"https:\/\/www.pmpf.rs.gov.br\/secretaria-de-obras\/#\/schema\/person\/6e93b0ab2174b69f691ac4f278ba2d0a"},"breadcrumb":{"@id":"https:\/\/www.pmpf.rs.gov.br\/secretaria-de-obras\/2025\/11\/28\/prefeitura-conclui-primeira-etapa-das-obras-na-avenida-presidente-vargas-com-sinalizacao-viaria\/#breadcrumb"},"inLanguage":"pt-BR","potentialAction":[{"@type":"ReadAction","target":["https:\/\/www.pmpf.rs.gov.br\/secretaria-de-obras\/2025\/11\/28\/prefeitura-conclui-primeira-etapa-das-obras-na-avenida-presidente-vargas-com-sinalizacao-viaria\/"]}]},{"@type":"ImageObject","inLanguage":"pt-BR","@id":"https:\/\/www.pmpf.rs.gov.br\/secretaria-de-obras\/2025\/11\/28\/prefeitura-conclui-primeira-etapa-das-obras-na-avenida-presidente-vargas-com-sinalizacao-viaria\/#primaryimage","url":"https:\/\/www.pmpf.rs.gov.br\/secretaria-de-obras\/wp-content\/uploads\/sites\/49\/2025\/11\/Captura-de-tela-2025-11-28-082338.png","contentUrl":"https:\/\/www.pmpf.rs.gov.br\/secretaria-de-obras\/wp-content\/uploads\/sites\/49\/2025\/11\/Captura-de-tela-2025-11-28-082338.png","width":940,"height":688},{"@type":"BreadcrumbList","@id":"https:\/\/www.pmpf.rs.gov.br\/secretaria-de-obras\/2025\/11\/28\/prefeitura-conclui-primeira-etapa-das-obras-na-avenida-presidente-vargas-com-sinalizacao-viaria\/#breadcrumb","itemListElement":[{"@type":"ListItem","position":1,"name":"In\u00edcio","item":"https:\/\/www.pmpf.rs.gov.br\/secretaria-de-obras\/"},{"@type":"ListItem","position":2,"name":"Prefeitura conclui primeira etapa das obras na Avenida Presidente Vargas com sinaliza\u00e7\u00e3o vi\u00e1ria"}]},{"@type":"WebSite","@id":"https:\/\/www.pmpf.rs.gov.br\/secretaria-de-obras\/#website","url":"https:\/\/www.pmpf.rs.gov.br\/secretaria-de-obras\/","name":"Secretaria de Obras","description":"S\u00f3 mais um site Prefeitura de Passo Fundo","potentialAction":[{"@type":"SearchAction","target":{"@type":"EntryPoint","urlTemplate":"https:\/\/www.pmpf.rs.gov.br\/secretaria-de-obras\/?s={search_term_string}"},"query-input":{"@type":"PropertyValueSpecification","valueRequired":true,"valueName":"search_term_string"}}],"inLanguage":"pt-BR"},{"@type":"Person","@id":"https:\/\/www.pmpf.rs.gov.br\/secretaria-de-obras\/#\/schema\/person\/6e93b0ab2174b69f691ac4f278ba2d0a","name":"lilicrivello","image":{"@type":"ImageObject","inLanguage":"pt-BR","@id":"https:\/\/www.pmpf.rs.gov.br\/secretaria-de-obras\/#\/schema\/person\/image\/","url":"https:\/\/secure.gravatar.com\/avatar\/0b546b667388f8edb7b67d70a57b5e46?s=96&d=mm&r=g","contentUrl":"https:\/\/secure.gravatar.com\/avatar\/0b546b667388f8edb7b67d70a57b5e46?s=96&d=mm&r=g","caption":"lilicrivello"},"url":"https:\/\/www.pmpf.rs.gov.br\/secretaria-de-obras\/author\/lilicrivello\/"}]}},"_links":{"self":[{"href":"https:\/\/www.pmpf.rs.gov.br\/secretaria-de-obras\/wp-json\/wp\/v2\/posts\/2858"}],"collection":[{"href":"https:\/\/www.pmpf.rs.gov.br\/secretaria-de-obras\/wp-json\/wp\/v2\/posts"}],"about":[{"href":"https:\/\/www.pmpf.rs.gov.br\/secretaria-de-obras\/wp-json\/wp\/v2\/types\/post"}],"author":[{"embeddable":true,"href":"https:\/\/www.pmpf.rs.gov.br\/secretaria-de-obras\/wp-json\/wp\/v2\/users\/24"}],"replies":[{"embeddable":true,"href":"https:\/\/www.pmpf.rs.gov.br\/secretaria-de-obras\/wp-json\/wp\/v2\/comments?post=2858"}],"version-history":[{"count":1,"href":"https:\/\/www.pmpf.rs.gov.br\/secretaria-de-obras\/wp-json\/wp\/v2\/posts\/2858\/revisions"}],"predecessor-version":[{"id":2860,"href":"https:\/\/www.pmpf.rs.gov.br\/secretaria-de-obras\/wp-json\/wp\/v2\/posts\/2858\/revisions\/2860"}],"wp:featuredmedia":[{"embeddable":true,"href":"https:\/\/www.pmpf.rs.gov.br\/secretaria-de-obras\/wp-json\/wp\/v2\/media\/2859"}],"wp:attachment":[{"href":"https:\/\/www.pmpf.rs.gov.br\/secretaria-de-obras\/wp-json\/wp\/v2\/media?parent=2858"}],"wp:term":[{"taxonomy":"category","embeddable":true,"href":"https:\/\/www.pmpf.rs.gov.br\/secretaria-de-obras\/wp-json\/wp\/v2\/categories?post=2858"},{"taxonomy":"post_tag","embeddable":true,"href":"https:\/\/www.pmpf.rs.gov.br\/secretaria-de-obras\/wp-json\/wp\/v2\/tags?post=2858"}],"curies":[{"name":"wp","href":"https:\/\/api.w.org\/{rel}","templated":true}]}}