{"id":2855,"date":"2025-11-27T08:20:18","date_gmt":"2025-11-27T11:20:18","guid":{"rendered":"https:\/\/www.pmpf.rs.gov.br\/secretaria-de-obras\/?p=2855"},"modified":"2025-11-27T08:20:22","modified_gmt":"2025-11-27T11:20:22","slug":"prefeitura-realiza-manutencao-asfaltica-na-vila-schell","status":"publish","type":"post","link":"https:\/\/www.pmpf.rs.gov.br\/secretaria-de-obras\/2025\/11\/27\/prefeitura-realiza-manutencao-asfaltica-na-vila-schell\/","title":{"rendered":"Prefeitura realiza manuten\u00e7\u00e3o asf\u00e1ltica na Vila Schell"},"content":{"rendered":"\n<p><\/p>\n\n\n\n<p>A Prefeitura de Passo Fundo, por meio da Secretaria de Obras, est\u00e1 avan\u00e7ando com as a\u00e7\u00f5es de recupera\u00e7\u00e3o vi\u00e1ria em diferentes regi\u00f5es da cidade. Nesta semana, a equipe iniciou os trabalhos de recapeamento na rua Coronel Chicuta, na Vila Schell, no trecho entre a Avenida Sete de Setembro e a rua Mato Grosso, nas proximidades do Parque da Gare.<\/p>\n\n\n\n<p>A interven\u00e7\u00e3o busca melhorar a trafegabilidade e oferecer mais seguran\u00e7a aos motoristas e pedestres que utilizam essa via, considerada uma importante liga\u00e7\u00e3o entre o Centro e bairros como Vila Lu\u00edza e Bosque Lucas Ara\u00fajo.<\/p>\n\n\n\n<p>Segundo o secret\u00e1rio de Obras, Rubens Astolfi, a previs\u00e3o \u00e9 de que o recape seja finalizado at\u00e9 esta quinta-feira (27). \u201cEstamos realizando um trabalho cont\u00ednuo de recupera\u00e7\u00e3o das vias urbanas, priorizando locais com maior fluxo e que necessitam de manuten\u00e7\u00e3o urgente. A rua Coronel Chicuta \u00e9 um desses pontos, e a a\u00e7\u00e3o de recape da pista vai garantir mais qualidade no deslocamento da popula\u00e7\u00e3o\u201d, destacou.<\/p>\n\n\n\n<p>Al\u00e9m da interven\u00e7\u00e3o na Vila Schell, a Secretaria de Obras segue com a Opera\u00e7\u00e3o Tapa-buracos nos bairros Vera Cruz e Vila Jardim, atendendo tamb\u00e9m \u00e0s solicita\u00e7\u00f5es encaminhadas pela popula\u00e7\u00e3o por meio da plataforma \u201cCidad\u00e3o Online\u201d.<\/p>\n\n\n\n<p>A Guarda Municipal de Tr\u00e2nsito orienta que os motoristas tenham aten\u00e7\u00e3o redobrada ao trafegar pela regi\u00e3o e que, se poss\u00edvel, utilizem rotas alternativas durante a execu\u00e7\u00e3o dos servi\u00e7os.<\/p>\n","protected":false},"excerpt":{"rendered":"<p>Rua Coronel Chicuta recebe recapeamento em trecho estrat\u00e9gico de liga\u00e7\u00e3o com o Centro<\/p>\n","protected":false},"author":24,"featured_media":2856,"comment_status":"closed","ping_status":"closed","sticky":false,"template":"","format":"standard","meta":{"footnotes":""},"categories":[1],"tags":[],"class_list":["post-2855","post","type-post","status-publish","format-standard","has-post-thumbnail","hentry","category-sem-categoria"],"yoast_head":"<!-- This site is optimized with the Yoast SEO plugin v23.8 - https:\/\/yoast.com\/wordpress\/plugins\/seo\/ -->\n<title>Prefeitura realiza manuten\u00e7\u00e3o asf\u00e1ltica na Vila Schell - Secretaria de Obras<\/title>\n<meta name=\"robots\" content=\"index, follow, max-snippet:-1, max-image-preview:large, max-video-preview:-1\" \/>\n<link rel=\"canonical\" href=\"https:\/\/www.pmpf.rs.gov.br\/secretaria-de-obras\/2025\/11\/27\/prefeitura-realiza-manutencao-asfaltica-na-vila-schell\/\" \/>\n<meta property=\"og:locale\" content=\"pt_BR\" \/>\n<meta property=\"og:type\" content=\"article\" \/>\n<meta property=\"og:title\" content=\"Prefeitura realiza manuten\u00e7\u00e3o asf\u00e1ltica na Vila Schell - Secretaria de Obras\" \/>\n<meta property=\"og:description\" content=\"Rua Coronel Chicuta recebe recapeamento em trecho estrat\u00e9gico de liga\u00e7\u00e3o com o Centro\" \/>\n<meta property=\"og:url\" content=\"https:\/\/www.pmpf.rs.gov.br\/secretaria-de-obras\/2025\/11\/27\/prefeitura-realiza-manutencao-asfaltica-na-vila-schell\/\" \/>\n<meta property=\"og:site_name\" content=\"Secretaria de Obras\" \/>\n<meta property=\"article:published_time\" content=\"2025-11-27T11:20:18+00:00\" \/>\n<meta property=\"article:modified_time\" content=\"2025-11-27T11:20:22+00:00\" \/>\n<meta name=\"author\" content=\"lilicrivello\" \/>\n<meta name=\"twitter:card\" content=\"summary_large_image\" \/>\n<meta name=\"twitter:label1\" content=\"Escrito por\" \/>\n\t<meta name=\"twitter:data1\" content=\"lilicrivello\" \/>\n\t<meta name=\"twitter:label2\" content=\"Est. tempo de leitura\" \/>\n\t<meta name=\"twitter:data2\" content=\"1 minuto\" \/>\n<script type=\"application\/ld+json\" class=\"yoast-schema-graph\">{\"@context\":\"https:\/\/schema.org\",\"@graph\":[{\"@type\":\"WebPage\",\"@id\":\"https:\/\/www.pmpf.rs.gov.br\/secretaria-de-obras\/2025\/11\/27\/prefeitura-realiza-manutencao-asfaltica-na-vila-schell\/\",\"url\":\"https:\/\/www.pmpf.rs.gov.br\/secretaria-de-obras\/2025\/11\/27\/prefeitura-realiza-manutencao-asfaltica-na-vila-schell\/\",\"name\":\"Prefeitura realiza manuten\u00e7\u00e3o asf\u00e1ltica na Vila Schell - Secretaria de Obras\",\"isPartOf\":{\"@id\":\"https:\/\/www.pmpf.rs.gov.br\/secretaria-de-obras\/#website\"},\"primaryImageOfPage\":{\"@id\":\"https:\/\/www.pmpf.rs.gov.br\/secretaria-de-obras\/2025\/11\/27\/prefeitura-realiza-manutencao-asfaltica-na-vila-schell\/#primaryimage\"},\"image\":{\"@id\":\"https:\/\/www.pmpf.rs.gov.br\/secretaria-de-obras\/2025\/11\/27\/prefeitura-realiza-manutencao-asfaltica-na-vila-schell\/#primaryimage\"},\"thumbnailUrl\":\"https:\/\/www.pmpf.rs.gov.br\/secretaria-de-obras\/wp-content\/uploads\/sites\/49\/2025\/11\/WhatsApp-Image-2025-11-26-at-16.09.19.jpeg\",\"datePublished\":\"2025-11-27T11:20:18+00:00\",\"dateModified\":\"2025-11-27T11:20:22+00:00\",\"author\":{\"@id\":\"https:\/\/www.pmpf.rs.gov.br\/secretaria-de-obras\/#\/schema\/person\/6e93b0ab2174b69f691ac4f278ba2d0a\"},\"breadcrumb\":{\"@id\":\"https:\/\/www.pmpf.rs.gov.br\/secretaria-de-obras\/2025\/11\/27\/prefeitura-realiza-manutencao-asfaltica-na-vila-schell\/#breadcrumb\"},\"inLanguage\":\"pt-BR\",\"potentialAction\":[{\"@type\":\"ReadAction\",\"target\":[\"https:\/\/www.pmpf.rs.gov.br\/secretaria-de-obras\/2025\/11\/27\/prefeitura-realiza-manutencao-asfaltica-na-vila-schell\/\"]}]},{\"@type\":\"ImageObject\",\"inLanguage\":\"pt-BR\",\"@id\":\"https:\/\/www.pmpf.rs.gov.br\/secretaria-de-obras\/2025\/11\/27\/prefeitura-realiza-manutencao-asfaltica-na-vila-schell\/#primaryimage\",\"url\":\"https:\/\/www.pmpf.rs.gov.br\/secretaria-de-obras\/wp-content\/uploads\/sites\/49\/2025\/11\/WhatsApp-Image-2025-11-26-at-16.09.19.jpeg\",\"contentUrl\":\"https:\/\/www.pmpf.rs.gov.br\/secretaria-de-obras\/wp-content\/uploads\/sites\/49\/2025\/11\/WhatsApp-Image-2025-11-26-at-16.09.19.jpeg\",\"width\":1600,\"height\":1070},{\"@type\":\"BreadcrumbList\",\"@id\":\"https:\/\/www.pmpf.rs.gov.br\/secretaria-de-obras\/2025\/11\/27\/prefeitura-realiza-manutencao-asfaltica-na-vila-schell\/#breadcrumb\",\"itemListElement\":[{\"@type\":\"ListItem\",\"position\":1,\"name\":\"In\u00edcio\",\"item\":\"https:\/\/www.pmpf.rs.gov.br\/secretaria-de-obras\/\"},{\"@type\":\"ListItem\",\"position\":2,\"name\":\"Prefeitura realiza manuten\u00e7\u00e3o asf\u00e1ltica na Vila Schell\"}]},{\"@type\":\"WebSite\",\"@id\":\"https:\/\/www.pmpf.rs.gov.br\/secretaria-de-obras\/#website\",\"url\":\"https:\/\/www.pmpf.rs.gov.br\/secretaria-de-obras\/\",\"name\":\"Secretaria de Obras\",\"description\":\"S\u00f3 mais um site Prefeitura de Passo Fundo\",\"potentialAction\":[{\"@type\":\"SearchAction\",\"target\":{\"@type\":\"EntryPoint\",\"urlTemplate\":\"https:\/\/www.pmpf.rs.gov.br\/secretaria-de-obras\/?s={search_term_string}\"},\"query-input\":{\"@type\":\"PropertyValueSpecification\",\"valueRequired\":true,\"valueName\":\"search_term_string\"}}],\"inLanguage\":\"pt-BR\"},{\"@type\":\"Person\",\"@id\":\"https:\/\/www.pmpf.rs.gov.br\/secretaria-de-obras\/#\/schema\/person\/6e93b0ab2174b69f691ac4f278ba2d0a\",\"name\":\"lilicrivello\",\"image\":{\"@type\":\"ImageObject\",\"inLanguage\":\"pt-BR\",\"@id\":\"https:\/\/www.pmpf.rs.gov.br\/secretaria-de-obras\/#\/schema\/person\/image\/\",\"url\":\"https:\/\/secure.gravatar.com\/avatar\/0b546b667388f8edb7b67d70a57b5e46?s=96&d=mm&r=g\",\"contentUrl\":\"https:\/\/secure.gravatar.com\/avatar\/0b546b667388f8edb7b67d70a57b5e46?s=96&d=mm&r=g\",\"caption\":\"lilicrivello\"},\"url\":\"https:\/\/www.pmpf.rs.gov.br\/secretaria-de-obras\/author\/lilicrivello\/\"}]}<\/script>\n<!-- \/ Yoast SEO plugin. -->","yoast_head_json":{"title":"Prefeitura realiza manuten\u00e7\u00e3o asf\u00e1ltica na Vila Schell - Secretaria de Obras","robots":{"index":"index","follow":"follow","max-snippet":"max-snippet:-1","max-image-preview":"max-image-preview:large","max-video-preview":"max-video-preview:-1"},"canonical":"https:\/\/www.pmpf.rs.gov.br\/secretaria-de-obras\/2025\/11\/27\/prefeitura-realiza-manutencao-asfaltica-na-vila-schell\/","og_locale":"pt_BR","og_type":"article","og_title":"Prefeitura realiza manuten\u00e7\u00e3o asf\u00e1ltica na Vila Schell - Secretaria de Obras","og_description":"Rua Coronel Chicuta recebe recapeamento em trecho estrat\u00e9gico de liga\u00e7\u00e3o com o Centro","og_url":"https:\/\/www.pmpf.rs.gov.br\/secretaria-de-obras\/2025\/11\/27\/prefeitura-realiza-manutencao-asfaltica-na-vila-schell\/","og_site_name":"Secretaria de Obras","article_published_time":"2025-11-27T11:20:18+00:00","article_modified_time":"2025-11-27T11:20:22+00:00","author":"lilicrivello","twitter_card":"summary_large_image","twitter_misc":{"Escrito por":"lilicrivello","Est. tempo de leitura":"1 minuto"},"schema":{"@context":"https:\/\/schema.org","@graph":[{"@type":"WebPage","@id":"https:\/\/www.pmpf.rs.gov.br\/secretaria-de-obras\/2025\/11\/27\/prefeitura-realiza-manutencao-asfaltica-na-vila-schell\/","url":"https:\/\/www.pmpf.rs.gov.br\/secretaria-de-obras\/2025\/11\/27\/prefeitura-realiza-manutencao-asfaltica-na-vila-schell\/","name":"Prefeitura realiza manuten\u00e7\u00e3o asf\u00e1ltica na Vila Schell - Secretaria de Obras","isPartOf":{"@id":"https:\/\/www.pmpf.rs.gov.br\/secretaria-de-obras\/#website"},"primaryImageOfPage":{"@id":"https:\/\/www.pmpf.rs.gov.br\/secretaria-de-obras\/2025\/11\/27\/prefeitura-realiza-manutencao-asfaltica-na-vila-schell\/#primaryimage"},"image":{"@id":"https:\/\/www.pmpf.rs.gov.br\/secretaria-de-obras\/2025\/11\/27\/prefeitura-realiza-manutencao-asfaltica-na-vila-schell\/#primaryimage"},"thumbnailUrl":"https:\/\/www.pmpf.rs.gov.br\/secretaria-de-obras\/wp-content\/uploads\/sites\/49\/2025\/11\/WhatsApp-Image-2025-11-26-at-16.09.19.jpeg","datePublished":"2025-11-27T11:20:18+00:00","dateModified":"2025-11-27T11:20:22+00:00","author":{"@id":"https:\/\/www.pmpf.rs.gov.br\/secretaria-de-obras\/#\/schema\/person\/6e93b0ab2174b69f691ac4f278ba2d0a"},"breadcrumb":{"@id":"https:\/\/www.pmpf.rs.gov.br\/secretaria-de-obras\/2025\/11\/27\/prefeitura-realiza-manutencao-asfaltica-na-vila-schell\/#breadcrumb"},"inLanguage":"pt-BR","potentialAction":[{"@type":"ReadAction","target":["https:\/\/www.pmpf.rs.gov.br\/secretaria-de-obras\/2025\/11\/27\/prefeitura-realiza-manutencao-asfaltica-na-vila-schell\/"]}]},{"@type":"ImageObject","inLanguage":"pt-BR","@id":"https:\/\/www.pmpf.rs.gov.br\/secretaria-de-obras\/2025\/11\/27\/prefeitura-realiza-manutencao-asfaltica-na-vila-schell\/#primaryimage","url":"https:\/\/www.pmpf.rs.gov.br\/secretaria-de-obras\/wp-content\/uploads\/sites\/49\/2025\/11\/WhatsApp-Image-2025-11-26-at-16.09.19.jpeg","contentUrl":"https:\/\/www.pmpf.rs.gov.br\/secretaria-de-obras\/wp-content\/uploads\/sites\/49\/2025\/11\/WhatsApp-Image-2025-11-26-at-16.09.19.jpeg","width":1600,"height":1070},{"@type":"BreadcrumbList","@id":"https:\/\/www.pmpf.rs.gov.br\/secretaria-de-obras\/2025\/11\/27\/prefeitura-realiza-manutencao-asfaltica-na-vila-schell\/#breadcrumb","itemListElement":[{"@type":"ListItem","position":1,"name":"In\u00edcio","item":"https:\/\/www.pmpf.rs.gov.br\/secretaria-de-obras\/"},{"@type":"ListItem","position":2,"name":"Prefeitura realiza manuten\u00e7\u00e3o asf\u00e1ltica na Vila Schell"}]},{"@type":"WebSite","@id":"https:\/\/www.pmpf.rs.gov.br\/secretaria-de-obras\/#website","url":"https:\/\/www.pmpf.rs.gov.br\/secretaria-de-obras\/","name":"Secretaria de Obras","description":"S\u00f3 mais um site Prefeitura de Passo Fundo","potentialAction":[{"@type":"SearchAction","target":{"@type":"EntryPoint","urlTemplate":"https:\/\/www.pmpf.rs.gov.br\/secretaria-de-obras\/?s={search_term_string}"},"query-input":{"@type":"PropertyValueSpecification","valueRequired":true,"valueName":"search_term_string"}}],"inLanguage":"pt-BR"},{"@type":"Person","@id":"https:\/\/www.pmpf.rs.gov.br\/secretaria-de-obras\/#\/schema\/person\/6e93b0ab2174b69f691ac4f278ba2d0a","name":"lilicrivello","image":{"@type":"ImageObject","inLanguage":"pt-BR","@id":"https:\/\/www.pmpf.rs.gov.br\/secretaria-de-obras\/#\/schema\/person\/image\/","url":"https:\/\/secure.gravatar.com\/avatar\/0b546b667388f8edb7b67d70a57b5e46?s=96&d=mm&r=g","contentUrl":"https:\/\/secure.gravatar.com\/avatar\/0b546b667388f8edb7b67d70a57b5e46?s=96&d=mm&r=g","caption":"lilicrivello"},"url":"https:\/\/www.pmpf.rs.gov.br\/secretaria-de-obras\/author\/lilicrivello\/"}]}},"_links":{"self":[{"href":"https:\/\/www.pmpf.rs.gov.br\/secretaria-de-obras\/wp-json\/wp\/v2\/posts\/2855"}],"collection":[{"href":"https:\/\/www.pmpf.rs.gov.br\/secretaria-de-obras\/wp-json\/wp\/v2\/posts"}],"about":[{"href":"https:\/\/www.pmpf.rs.gov.br\/secretaria-de-obras\/wp-json\/wp\/v2\/types\/post"}],"author":[{"embeddable":true,"href":"https:\/\/www.pmpf.rs.gov.br\/secretaria-de-obras\/wp-json\/wp\/v2\/users\/24"}],"replies":[{"embeddable":true,"href":"https:\/\/www.pmpf.rs.gov.br\/secretaria-de-obras\/wp-json\/wp\/v2\/comments?post=2855"}],"version-history":[{"count":1,"href":"https:\/\/www.pmpf.rs.gov.br\/secretaria-de-obras\/wp-json\/wp\/v2\/posts\/2855\/revisions"}],"predecessor-version":[{"id":2857,"href":"https:\/\/www.pmpf.rs.gov.br\/secretaria-de-obras\/wp-json\/wp\/v2\/posts\/2855\/revisions\/2857"}],"wp:featuredmedia":[{"embeddable":true,"href":"https:\/\/www.pmpf.rs.gov.br\/secretaria-de-obras\/wp-json\/wp\/v2\/media\/2856"}],"wp:attachment":[{"href":"https:\/\/www.pmpf.rs.gov.br\/secretaria-de-obras\/wp-json\/wp\/v2\/media?parent=2855"}],"wp:term":[{"taxonomy":"category","embeddable":true,"href":"https:\/\/www.pmpf.rs.gov.br\/secretaria-de-obras\/wp-json\/wp\/v2\/categories?post=2855"},{"taxonomy":"post_tag","embeddable":true,"href":"https:\/\/www.pmpf.rs.gov.br\/secretaria-de-obras\/wp-json\/wp\/v2\/tags?post=2855"}],"curies":[{"name":"wp","href":"https:\/\/api.w.org\/{rel}","templated":true}]}}