{"id":2816,"date":"2025-09-30T09:56:02","date_gmt":"2025-09-30T12:56:02","guid":{"rendered":"https:\/\/www.pmpf.rs.gov.br\/secretaria-de-obras\/?p=2816"},"modified":"2025-09-30T09:56:04","modified_gmt":"2025-09-30T12:56:04","slug":"prefeitura-inicia-a-semana-com-acoes-de-obras-e-limpeza-urbana","status":"publish","type":"post","link":"https:\/\/www.pmpf.rs.gov.br\/secretaria-de-obras\/2025\/09\/30\/prefeitura-inicia-a-semana-com-acoes-de-obras-e-limpeza-urbana\/","title":{"rendered":"Prefeitura inicia a semana com a\u00e7\u00f5es de obras e limpeza urbana"},"content":{"rendered":"\n<p><\/p>\n\n\n\n<p>A Prefeitura de Passo Fundo deu in\u00edcio, nesta segunda-feira (29), a mais uma semana de frentes de trabalho voltadas \u00e0 infraestrutura, limpeza e manuten\u00e7\u00e3o de espa\u00e7os p\u00fablicos. As atividades, que seguem at\u00e9 sexta-feira (03), est\u00e3o sendo realizadas pelas equipes da Secretaria de Obras (SMO) e da Secretaria de Servi\u00e7os Gerais (SSG), conforme o cronograma programado.<\/p>\n\n\n\n<p><strong>Infraestrutura e Obras<\/strong><\/p>\n\n\n\n<ul class=\"wp-block-list\">\n<li>Pavimenta\u00e7\u00e3o de trechos das ruas C\u00e2ndido Lopes, Jo\u00e3o Vergueiro, Oscar Pinto e Ana Kurtz, no bairro Vila Lu\u00edza, dentro do programa &#8220;Eu Amo Passo Fundo, Eu Cuido&#8221;.<\/li>\n\n\n\n<li>Conserto de canaliza\u00e7\u00f5es e limpeza de bocas de lobo nos bairros Vera Cruz e Vila Lu\u00edza.<\/li>\n\n\n\n<li>Opera\u00e7\u00e3o tapa-buracos nas regi\u00f5es da Vila Lu\u00edza e Jos\u00e9 Alexandre Zachia.<\/li>\n\n\n\n<li>Execu\u00e7\u00e3o de nova drenagem na rua C\u00edntia de Oliveira, no bairro S\u00e3o Crist\u00f3v\u00e3o.<\/li>\n\n\n\n<li>Obras de canaliza\u00e7\u00e3o no Distrito Industrial Invernadinha.<\/li>\n\n\n\n<li>Pavimenta\u00e7\u00e3o asf\u00e1ltica no trevo de acesso \u00e0 RS-324, no Distrito Industrial Valinhos.<\/li>\n<\/ul>\n\n\n\n<p><strong>Limpeza e Zeladoria Urbana<br><\/strong>As equipes da Secretaria de Servi\u00e7os Gerais seguem com os servi\u00e7os de rotina de limpeza e manuten\u00e7\u00e3o urbana em diversos pontos da cidade. O Mutir\u00e3o de Limpeza est\u00e1 concentrado no bairro Vila Lu\u00edza, local que receber\u00e1 a\u00e7\u00f5es do programa &#8220;Eu Amo Passo Fundo, Eu Cuido&#8221; nos pr\u00f3ximos dias.<\/p>\n\n\n\n<p>Al\u00e9m disso, os cont\u00eaineres do programa &#8220;Cidade Limpa&#8221; foram disponibilizados nos bairros Dom Rodolfo e Loteamento Santa Rita, para auxiliar no descarte correto de res\u00edduos.<\/p>\n\n\n\n<p>As a\u00e7\u00f5es tamb\u00e9m atendem demandas encaminhadas pela popula\u00e7\u00e3o por meio do aplicativo Cidad\u00e3o Online, dispon\u00edvel no site da Prefeitura de Passo Fundo.<\/p>\n","protected":false},"excerpt":{"rendered":"<p>A Prefeitura de Passo Fundo deu in\u00edcio, nesta segunda-feira (29), a mais uma semana de frentes de trabalho voltadas \u00e0 infraestrutura, limpeza e manuten\u00e7\u00e3o de espa\u00e7os p\u00fablicos. As atividades, que seguem at\u00e9 [&hellip;]<\/p>\n","protected":false},"author":24,"featured_media":0,"comment_status":"closed","ping_status":"closed","sticky":false,"template":"","format":"standard","meta":{"footnotes":""},"categories":[1],"tags":[],"class_list":["post-2816","post","type-post","status-publish","format-standard","hentry","category-sem-categoria"],"yoast_head":"<!-- This site is optimized with the Yoast SEO plugin v23.8 - https:\/\/yoast.com\/wordpress\/plugins\/seo\/ -->\n<title>Prefeitura inicia a semana com a\u00e7\u00f5es de obras e limpeza urbana - Secretaria de Obras<\/title>\n<meta name=\"robots\" content=\"index, follow, max-snippet:-1, max-image-preview:large, max-video-preview:-1\" \/>\n<link rel=\"canonical\" href=\"https:\/\/www.pmpf.rs.gov.br\/secretaria-de-obras\/2025\/09\/30\/prefeitura-inicia-a-semana-com-acoes-de-obras-e-limpeza-urbana\/\" \/>\n<meta property=\"og:locale\" content=\"pt_BR\" \/>\n<meta property=\"og:type\" content=\"article\" \/>\n<meta property=\"og:title\" content=\"Prefeitura inicia a semana com a\u00e7\u00f5es de obras e limpeza urbana - Secretaria de Obras\" \/>\n<meta property=\"og:description\" content=\"A Prefeitura de Passo Fundo deu in\u00edcio, nesta segunda-feira (29), a mais uma semana de frentes de trabalho voltadas \u00e0 infraestrutura, limpeza e manuten\u00e7\u00e3o de espa\u00e7os p\u00fablicos. As atividades, que seguem at\u00e9 [&hellip;]\" \/>\n<meta property=\"og:url\" content=\"https:\/\/www.pmpf.rs.gov.br\/secretaria-de-obras\/2025\/09\/30\/prefeitura-inicia-a-semana-com-acoes-de-obras-e-limpeza-urbana\/\" \/>\n<meta property=\"og:site_name\" content=\"Secretaria de Obras\" \/>\n<meta property=\"article:published_time\" content=\"2025-09-30T12:56:02+00:00\" \/>\n<meta property=\"article:modified_time\" content=\"2025-09-30T12:56:04+00:00\" \/>\n<meta name=\"author\" content=\"lilicrivello\" \/>\n<meta name=\"twitter:card\" content=\"summary_large_image\" \/>\n<meta name=\"twitter:label1\" content=\"Escrito por\" \/>\n\t<meta name=\"twitter:data1\" content=\"lilicrivello\" \/>\n\t<meta name=\"twitter:label2\" content=\"Est. tempo de leitura\" \/>\n\t<meta name=\"twitter:data2\" content=\"1 minuto\" \/>\n<script type=\"application\/ld+json\" class=\"yoast-schema-graph\">{\"@context\":\"https:\/\/schema.org\",\"@graph\":[{\"@type\":\"WebPage\",\"@id\":\"https:\/\/www.pmpf.rs.gov.br\/secretaria-de-obras\/2025\/09\/30\/prefeitura-inicia-a-semana-com-acoes-de-obras-e-limpeza-urbana\/\",\"url\":\"https:\/\/www.pmpf.rs.gov.br\/secretaria-de-obras\/2025\/09\/30\/prefeitura-inicia-a-semana-com-acoes-de-obras-e-limpeza-urbana\/\",\"name\":\"Prefeitura inicia a semana com a\u00e7\u00f5es de obras e limpeza urbana - Secretaria de Obras\",\"isPartOf\":{\"@id\":\"https:\/\/www.pmpf.rs.gov.br\/secretaria-de-obras\/#website\"},\"datePublished\":\"2025-09-30T12:56:02+00:00\",\"dateModified\":\"2025-09-30T12:56:04+00:00\",\"author\":{\"@id\":\"https:\/\/www.pmpf.rs.gov.br\/secretaria-de-obras\/#\/schema\/person\/6e93b0ab2174b69f691ac4f278ba2d0a\"},\"breadcrumb\":{\"@id\":\"https:\/\/www.pmpf.rs.gov.br\/secretaria-de-obras\/2025\/09\/30\/prefeitura-inicia-a-semana-com-acoes-de-obras-e-limpeza-urbana\/#breadcrumb\"},\"inLanguage\":\"pt-BR\",\"potentialAction\":[{\"@type\":\"ReadAction\",\"target\":[\"https:\/\/www.pmpf.rs.gov.br\/secretaria-de-obras\/2025\/09\/30\/prefeitura-inicia-a-semana-com-acoes-de-obras-e-limpeza-urbana\/\"]}]},{\"@type\":\"BreadcrumbList\",\"@id\":\"https:\/\/www.pmpf.rs.gov.br\/secretaria-de-obras\/2025\/09\/30\/prefeitura-inicia-a-semana-com-acoes-de-obras-e-limpeza-urbana\/#breadcrumb\",\"itemListElement\":[{\"@type\":\"ListItem\",\"position\":1,\"name\":\"In\u00edcio\",\"item\":\"https:\/\/www.pmpf.rs.gov.br\/secretaria-de-obras\/\"},{\"@type\":\"ListItem\",\"position\":2,\"name\":\"Prefeitura inicia a semana com a\u00e7\u00f5es de obras e limpeza urbana\"}]},{\"@type\":\"WebSite\",\"@id\":\"https:\/\/www.pmpf.rs.gov.br\/secretaria-de-obras\/#website\",\"url\":\"https:\/\/www.pmpf.rs.gov.br\/secretaria-de-obras\/\",\"name\":\"Secretaria de Obras\",\"description\":\"S\u00f3 mais um site Prefeitura de Passo Fundo\",\"potentialAction\":[{\"@type\":\"SearchAction\",\"target\":{\"@type\":\"EntryPoint\",\"urlTemplate\":\"https:\/\/www.pmpf.rs.gov.br\/secretaria-de-obras\/?s={search_term_string}\"},\"query-input\":{\"@type\":\"PropertyValueSpecification\",\"valueRequired\":true,\"valueName\":\"search_term_string\"}}],\"inLanguage\":\"pt-BR\"},{\"@type\":\"Person\",\"@id\":\"https:\/\/www.pmpf.rs.gov.br\/secretaria-de-obras\/#\/schema\/person\/6e93b0ab2174b69f691ac4f278ba2d0a\",\"name\":\"lilicrivello\",\"image\":{\"@type\":\"ImageObject\",\"inLanguage\":\"pt-BR\",\"@id\":\"https:\/\/www.pmpf.rs.gov.br\/secretaria-de-obras\/#\/schema\/person\/image\/\",\"url\":\"https:\/\/secure.gravatar.com\/avatar\/0b546b667388f8edb7b67d70a57b5e46?s=96&d=mm&r=g\",\"contentUrl\":\"https:\/\/secure.gravatar.com\/avatar\/0b546b667388f8edb7b67d70a57b5e46?s=96&d=mm&r=g\",\"caption\":\"lilicrivello\"},\"url\":\"https:\/\/www.pmpf.rs.gov.br\/secretaria-de-obras\/author\/lilicrivello\/\"}]}<\/script>\n<!-- \/ Yoast SEO plugin. -->","yoast_head_json":{"title":"Prefeitura inicia a semana com a\u00e7\u00f5es de obras e limpeza urbana - Secretaria de Obras","robots":{"index":"index","follow":"follow","max-snippet":"max-snippet:-1","max-image-preview":"max-image-preview:large","max-video-preview":"max-video-preview:-1"},"canonical":"https:\/\/www.pmpf.rs.gov.br\/secretaria-de-obras\/2025\/09\/30\/prefeitura-inicia-a-semana-com-acoes-de-obras-e-limpeza-urbana\/","og_locale":"pt_BR","og_type":"article","og_title":"Prefeitura inicia a semana com a\u00e7\u00f5es de obras e limpeza urbana - Secretaria de Obras","og_description":"A Prefeitura de Passo Fundo deu in\u00edcio, nesta segunda-feira (29), a mais uma semana de frentes de trabalho voltadas \u00e0 infraestrutura, limpeza e manuten\u00e7\u00e3o de espa\u00e7os p\u00fablicos. As atividades, que seguem at\u00e9 [&hellip;]","og_url":"https:\/\/www.pmpf.rs.gov.br\/secretaria-de-obras\/2025\/09\/30\/prefeitura-inicia-a-semana-com-acoes-de-obras-e-limpeza-urbana\/","og_site_name":"Secretaria de Obras","article_published_time":"2025-09-30T12:56:02+00:00","article_modified_time":"2025-09-30T12:56:04+00:00","author":"lilicrivello","twitter_card":"summary_large_image","twitter_misc":{"Escrito por":"lilicrivello","Est. tempo de leitura":"1 minuto"},"schema":{"@context":"https:\/\/schema.org","@graph":[{"@type":"WebPage","@id":"https:\/\/www.pmpf.rs.gov.br\/secretaria-de-obras\/2025\/09\/30\/prefeitura-inicia-a-semana-com-acoes-de-obras-e-limpeza-urbana\/","url":"https:\/\/www.pmpf.rs.gov.br\/secretaria-de-obras\/2025\/09\/30\/prefeitura-inicia-a-semana-com-acoes-de-obras-e-limpeza-urbana\/","name":"Prefeitura inicia a semana com a\u00e7\u00f5es de obras e limpeza urbana - Secretaria de Obras","isPartOf":{"@id":"https:\/\/www.pmpf.rs.gov.br\/secretaria-de-obras\/#website"},"datePublished":"2025-09-30T12:56:02+00:00","dateModified":"2025-09-30T12:56:04+00:00","author":{"@id":"https:\/\/www.pmpf.rs.gov.br\/secretaria-de-obras\/#\/schema\/person\/6e93b0ab2174b69f691ac4f278ba2d0a"},"breadcrumb":{"@id":"https:\/\/www.pmpf.rs.gov.br\/secretaria-de-obras\/2025\/09\/30\/prefeitura-inicia-a-semana-com-acoes-de-obras-e-limpeza-urbana\/#breadcrumb"},"inLanguage":"pt-BR","potentialAction":[{"@type":"ReadAction","target":["https:\/\/www.pmpf.rs.gov.br\/secretaria-de-obras\/2025\/09\/30\/prefeitura-inicia-a-semana-com-acoes-de-obras-e-limpeza-urbana\/"]}]},{"@type":"BreadcrumbList","@id":"https:\/\/www.pmpf.rs.gov.br\/secretaria-de-obras\/2025\/09\/30\/prefeitura-inicia-a-semana-com-acoes-de-obras-e-limpeza-urbana\/#breadcrumb","itemListElement":[{"@type":"ListItem","position":1,"name":"In\u00edcio","item":"https:\/\/www.pmpf.rs.gov.br\/secretaria-de-obras\/"},{"@type":"ListItem","position":2,"name":"Prefeitura inicia a semana com a\u00e7\u00f5es de obras e limpeza urbana"}]},{"@type":"WebSite","@id":"https:\/\/www.pmpf.rs.gov.br\/secretaria-de-obras\/#website","url":"https:\/\/www.pmpf.rs.gov.br\/secretaria-de-obras\/","name":"Secretaria de Obras","description":"S\u00f3 mais um site Prefeitura de Passo Fundo","potentialAction":[{"@type":"SearchAction","target":{"@type":"EntryPoint","urlTemplate":"https:\/\/www.pmpf.rs.gov.br\/secretaria-de-obras\/?s={search_term_string}"},"query-input":{"@type":"PropertyValueSpecification","valueRequired":true,"valueName":"search_term_string"}}],"inLanguage":"pt-BR"},{"@type":"Person","@id":"https:\/\/www.pmpf.rs.gov.br\/secretaria-de-obras\/#\/schema\/person\/6e93b0ab2174b69f691ac4f278ba2d0a","name":"lilicrivello","image":{"@type":"ImageObject","inLanguage":"pt-BR","@id":"https:\/\/www.pmpf.rs.gov.br\/secretaria-de-obras\/#\/schema\/person\/image\/","url":"https:\/\/secure.gravatar.com\/avatar\/0b546b667388f8edb7b67d70a57b5e46?s=96&d=mm&r=g","contentUrl":"https:\/\/secure.gravatar.com\/avatar\/0b546b667388f8edb7b67d70a57b5e46?s=96&d=mm&r=g","caption":"lilicrivello"},"url":"https:\/\/www.pmpf.rs.gov.br\/secretaria-de-obras\/author\/lilicrivello\/"}]}},"_links":{"self":[{"href":"https:\/\/www.pmpf.rs.gov.br\/secretaria-de-obras\/wp-json\/wp\/v2\/posts\/2816"}],"collection":[{"href":"https:\/\/www.pmpf.rs.gov.br\/secretaria-de-obras\/wp-json\/wp\/v2\/posts"}],"about":[{"href":"https:\/\/www.pmpf.rs.gov.br\/secretaria-de-obras\/wp-json\/wp\/v2\/types\/post"}],"author":[{"embeddable":true,"href":"https:\/\/www.pmpf.rs.gov.br\/secretaria-de-obras\/wp-json\/wp\/v2\/users\/24"}],"replies":[{"embeddable":true,"href":"https:\/\/www.pmpf.rs.gov.br\/secretaria-de-obras\/wp-json\/wp\/v2\/comments?post=2816"}],"version-history":[{"count":1,"href":"https:\/\/www.pmpf.rs.gov.br\/secretaria-de-obras\/wp-json\/wp\/v2\/posts\/2816\/revisions"}],"predecessor-version":[{"id":2817,"href":"https:\/\/www.pmpf.rs.gov.br\/secretaria-de-obras\/wp-json\/wp\/v2\/posts\/2816\/revisions\/2817"}],"wp:attachment":[{"href":"https:\/\/www.pmpf.rs.gov.br\/secretaria-de-obras\/wp-json\/wp\/v2\/media?parent=2816"}],"wp:term":[{"taxonomy":"category","embeddable":true,"href":"https:\/\/www.pmpf.rs.gov.br\/secretaria-de-obras\/wp-json\/wp\/v2\/categories?post=2816"},{"taxonomy":"post_tag","embeddable":true,"href":"https:\/\/www.pmpf.rs.gov.br\/secretaria-de-obras\/wp-json\/wp\/v2\/tags?post=2816"}],"curies":[{"name":"wp","href":"https:\/\/api.w.org\/{rel}","templated":true}]}}