{"id":2809,"date":"2025-09-24T10:48:54","date_gmt":"2025-09-24T13:48:54","guid":{"rendered":"https:\/\/www.pmpf.rs.gov.br\/secretaria-de-obras\/?p=2809"},"modified":"2025-09-24T10:48:56","modified_gmt":"2025-09-24T13:48:56","slug":"prefeitura-oficializa-doacao-de-area-a-convidas","status":"publish","type":"post","link":"https:\/\/www.pmpf.rs.gov.br\/secretaria-de-obras\/2025\/09\/24\/prefeitura-oficializa-doacao-de-area-a-convidas\/","title":{"rendered":"Prefeitura oficializa doa\u00e7\u00e3o de \u00e1rea \u00e0 Convidas"},"content":{"rendered":"\n<p><\/p>\n\n\n\n<p>A Prefeitura de Passo Fundo formalizou, nesta ter\u00e7a-feira (23), a assinatura da escritura da \u00e1rea onde est\u00e1 instalado o Centro de Acolhimento de Primatas e Aves (Primaves). Com a medida, o espa\u00e7o passa a pertencer definitivamente \u00e0 Associa\u00e7\u00e3o para Conserva\u00e7\u00e3o da Vida Silvestre (Convidas), que \u00e9 a respons\u00e1vel pela manuten\u00e7\u00e3o do projeto desde sua cria\u00e7\u00e3o.<\/p>\n\n\n\n<p>O prefeito Pedro Almeida destacou que a oficializa\u00e7\u00e3o \u00e9 um passo importante para a preserva\u00e7\u00e3o ambiental e para a educa\u00e7\u00e3o da comunidade. \u201cEstamos assegurando que o Primaves, reconhecido pelo trabalho que realiza desde 2004, tenha condi\u00e7\u00f5es de continuar sua miss\u00e3o. Al\u00e9m de acolher primatas e aves, o espa\u00e7o cumpre um papel fundamental de educa\u00e7\u00e3o ambiental e de sensibiliza\u00e7\u00e3o para o cuidado com a fauna e o meio ambiente\u201d, afirmou.<\/p>\n\n\n\n<p>O secret\u00e1rio de Meio Ambiente, Diorges Oliveira, refor\u00e7ou a import\u00e2ncia do ato. \u201cEssa conquista \u00e9 fruto de um trabalho coletivo, que envolveu o munic\u00edpio, a entidade e diversos atores da \u00e1rea ambiental. A doa\u00e7\u00e3o garante seguran\u00e7a jur\u00eddica e estabilidade para que o Convidas continue desenvolvendo a\u00e7\u00f5es que s\u00e3o refer\u00eancia na prote\u00e7\u00e3o da fauna silvestre\u201d, disse.<\/p>\n\n\n\n<p>A \u00e1rea doada tem 18.055,27 m\u00b2 e est\u00e1 localizada no distrito de Bela Vista. Em 2012, o local foi declarado de utilidade p\u00fablica e, posteriormente, adquirido pelo munic\u00edpio com recursos do Fundo Municipal do Meio Ambiente, em processo conduzido com apoio do Conselho Municipal de Meio Ambiente.<\/p>\n\n\n\n<p>O diretor do Primaves, Luizandro Ferrari, destacou a relev\u00e2ncia da medida para o futuro da institui\u00e7\u00e3o. \u201cAgradecemos imensamente ao prefeito Pedro Almeida e a toda a sua gest\u00e3o por reconhecer o trabalho que realizamos h\u00e1 21 anos. Este processo de doa\u00e7\u00e3o estava parado h\u00e1 11 anos e, com o apoio do vereador Rafael Colussi, voltou a tramitar. Estamos em processo de transforma\u00e7\u00e3o em zool\u00f3gico, o \u00fanico da regi\u00e3o, o que amplia nossa responsabilidade com o meio ambiente. Tamb\u00e9m seguimos fortalecendo parcerias, como a que temos com o Projeto Escola de Sustentabilidade da Secretaria de Meio Ambiente, permitindo que estudantes da rede municipal realizem visitas gratuitas. Assim, al\u00e9m de acolher animais, cumprimos nossa miss\u00e3o de educar e conscientizar sobre a import\u00e2ncia de respeitar a vida\u201d, afirmou.<\/p>\n\n\n\n<p>Tamb\u00e9m participaram do ato o promotor Paulo Cirne, o diretor do Convidas, Nestore Codenotti, vereadores e secret\u00e1rios municipais.<\/p>\n\n\n\n<p>Ap\u00f3s a regulariza\u00e7\u00e3o documental, a doa\u00e7\u00e3o definitiva foi aprovada por lei e consolidada agora com a assinatura da escritura. A legisla\u00e7\u00e3o estabelece que o im\u00f3vel ser\u00e1 utilizado exclusivamente para as atividades de pesquisa, conserva\u00e7\u00e3o e bem-estar da fauna silvestre, al\u00e9m de garantir a visita\u00e7\u00e3o gratuita de alunos e professores da rede municipal de ensino.<\/p>\n\n\n\n<p>Criado em 2004, o Convidas mant\u00e9m o Primaves como um centro especializado no acolhimento de animais silvestres e tamb\u00e9m como espa\u00e7o educativo. Com a oficializa\u00e7\u00e3o da doa\u00e7\u00e3o, a entidade passa a ter ainda mais respaldo para ampliar suas a\u00e7\u00f5es de conserva\u00e7\u00e3o e fortalecer a consci\u00eancia ambiental em Passo Fundo.<\/p>\n","protected":false},"excerpt":{"rendered":"<p>A Prefeitura de Passo Fundo formalizou, nesta ter\u00e7a-feira (23), a assinatura da escritura da \u00e1rea onde est\u00e1 instalado o Centro de Acolhimento de Primatas e Aves (Primaves). Com a medida, o espa\u00e7o [&hellip;]<\/p>\n","protected":false},"author":24,"featured_media":2810,"comment_status":"closed","ping_status":"closed","sticky":false,"template":"","format":"standard","meta":{"footnotes":""},"categories":[1],"tags":[],"class_list":["post-2809","post","type-post","status-publish","format-standard","has-post-thumbnail","hentry","category-sem-categoria"],"yoast_head":"<!-- This site is optimized with the Yoast SEO plugin v23.8 - https:\/\/yoast.com\/wordpress\/plugins\/seo\/ -->\n<title>Prefeitura oficializa doa\u00e7\u00e3o de \u00e1rea \u00e0 Convidas - Secretaria de Obras<\/title>\n<meta name=\"robots\" content=\"index, follow, max-snippet:-1, max-image-preview:large, max-video-preview:-1\" \/>\n<link rel=\"canonical\" href=\"https:\/\/www.pmpf.rs.gov.br\/secretaria-de-obras\/2025\/09\/24\/prefeitura-oficializa-doacao-de-area-a-convidas\/\" \/>\n<meta property=\"og:locale\" content=\"pt_BR\" \/>\n<meta property=\"og:type\" content=\"article\" \/>\n<meta property=\"og:title\" content=\"Prefeitura oficializa doa\u00e7\u00e3o de \u00e1rea \u00e0 Convidas - Secretaria de Obras\" \/>\n<meta property=\"og:description\" content=\"A Prefeitura de Passo Fundo formalizou, nesta ter\u00e7a-feira (23), a assinatura da escritura da \u00e1rea onde est\u00e1 instalado o Centro de Acolhimento de Primatas e Aves (Primaves). Com a medida, o espa\u00e7o [&hellip;]\" \/>\n<meta property=\"og:url\" content=\"https:\/\/www.pmpf.rs.gov.br\/secretaria-de-obras\/2025\/09\/24\/prefeitura-oficializa-doacao-de-area-a-convidas\/\" \/>\n<meta property=\"og:site_name\" content=\"Secretaria de Obras\" \/>\n<meta property=\"article:published_time\" content=\"2025-09-24T13:48:54+00:00\" \/>\n<meta property=\"article:modified_time\" content=\"2025-09-24T13:48:56+00:00\" \/>\n<meta name=\"author\" content=\"lilicrivello\" \/>\n<meta name=\"twitter:card\" content=\"summary_large_image\" \/>\n<meta name=\"twitter:label1\" content=\"Escrito por\" \/>\n\t<meta name=\"twitter:data1\" content=\"lilicrivello\" \/>\n\t<meta name=\"twitter:label2\" content=\"Est. tempo de leitura\" \/>\n\t<meta name=\"twitter:data2\" content=\"3 minutos\" \/>\n<script type=\"application\/ld+json\" class=\"yoast-schema-graph\">{\"@context\":\"https:\/\/schema.org\",\"@graph\":[{\"@type\":\"WebPage\",\"@id\":\"https:\/\/www.pmpf.rs.gov.br\/secretaria-de-obras\/2025\/09\/24\/prefeitura-oficializa-doacao-de-area-a-convidas\/\",\"url\":\"https:\/\/www.pmpf.rs.gov.br\/secretaria-de-obras\/2025\/09\/24\/prefeitura-oficializa-doacao-de-area-a-convidas\/\",\"name\":\"Prefeitura oficializa doa\u00e7\u00e3o de \u00e1rea \u00e0 Convidas - Secretaria de Obras\",\"isPartOf\":{\"@id\":\"https:\/\/www.pmpf.rs.gov.br\/secretaria-de-obras\/#website\"},\"primaryImageOfPage\":{\"@id\":\"https:\/\/www.pmpf.rs.gov.br\/secretaria-de-obras\/2025\/09\/24\/prefeitura-oficializa-doacao-de-area-a-convidas\/#primaryimage\"},\"image\":{\"@id\":\"https:\/\/www.pmpf.rs.gov.br\/secretaria-de-obras\/2025\/09\/24\/prefeitura-oficializa-doacao-de-area-a-convidas\/#primaryimage\"},\"thumbnailUrl\":\"https:\/\/www.pmpf.rs.gov.br\/secretaria-de-obras\/wp-content\/uploads\/sites\/49\/2025\/09\/WhatsApp-Image-2025-09-23-at-14.35.34.jpeg\",\"datePublished\":\"2025-09-24T13:48:54+00:00\",\"dateModified\":\"2025-09-24T13:48:56+00:00\",\"author\":{\"@id\":\"https:\/\/www.pmpf.rs.gov.br\/secretaria-de-obras\/#\/schema\/person\/6e93b0ab2174b69f691ac4f278ba2d0a\"},\"breadcrumb\":{\"@id\":\"https:\/\/www.pmpf.rs.gov.br\/secretaria-de-obras\/2025\/09\/24\/prefeitura-oficializa-doacao-de-area-a-convidas\/#breadcrumb\"},\"inLanguage\":\"pt-BR\",\"potentialAction\":[{\"@type\":\"ReadAction\",\"target\":[\"https:\/\/www.pmpf.rs.gov.br\/secretaria-de-obras\/2025\/09\/24\/prefeitura-oficializa-doacao-de-area-a-convidas\/\"]}]},{\"@type\":\"ImageObject\",\"inLanguage\":\"pt-BR\",\"@id\":\"https:\/\/www.pmpf.rs.gov.br\/secretaria-de-obras\/2025\/09\/24\/prefeitura-oficializa-doacao-de-area-a-convidas\/#primaryimage\",\"url\":\"https:\/\/www.pmpf.rs.gov.br\/secretaria-de-obras\/wp-content\/uploads\/sites\/49\/2025\/09\/WhatsApp-Image-2025-09-23-at-14.35.34.jpeg\",\"contentUrl\":\"https:\/\/www.pmpf.rs.gov.br\/secretaria-de-obras\/wp-content\/uploads\/sites\/49\/2025\/09\/WhatsApp-Image-2025-09-23-at-14.35.34.jpeg\",\"width\":837,\"height\":641},{\"@type\":\"BreadcrumbList\",\"@id\":\"https:\/\/www.pmpf.rs.gov.br\/secretaria-de-obras\/2025\/09\/24\/prefeitura-oficializa-doacao-de-area-a-convidas\/#breadcrumb\",\"itemListElement\":[{\"@type\":\"ListItem\",\"position\":1,\"name\":\"In\u00edcio\",\"item\":\"https:\/\/www.pmpf.rs.gov.br\/secretaria-de-obras\/\"},{\"@type\":\"ListItem\",\"position\":2,\"name\":\"Prefeitura oficializa doa\u00e7\u00e3o de \u00e1rea \u00e0 Convidas\"}]},{\"@type\":\"WebSite\",\"@id\":\"https:\/\/www.pmpf.rs.gov.br\/secretaria-de-obras\/#website\",\"url\":\"https:\/\/www.pmpf.rs.gov.br\/secretaria-de-obras\/\",\"name\":\"Secretaria de Obras\",\"description\":\"S\u00f3 mais um site Prefeitura de Passo Fundo\",\"potentialAction\":[{\"@type\":\"SearchAction\",\"target\":{\"@type\":\"EntryPoint\",\"urlTemplate\":\"https:\/\/www.pmpf.rs.gov.br\/secretaria-de-obras\/?s={search_term_string}\"},\"query-input\":{\"@type\":\"PropertyValueSpecification\",\"valueRequired\":true,\"valueName\":\"search_term_string\"}}],\"inLanguage\":\"pt-BR\"},{\"@type\":\"Person\",\"@id\":\"https:\/\/www.pmpf.rs.gov.br\/secretaria-de-obras\/#\/schema\/person\/6e93b0ab2174b69f691ac4f278ba2d0a\",\"name\":\"lilicrivello\",\"image\":{\"@type\":\"ImageObject\",\"inLanguage\":\"pt-BR\",\"@id\":\"https:\/\/www.pmpf.rs.gov.br\/secretaria-de-obras\/#\/schema\/person\/image\/\",\"url\":\"https:\/\/secure.gravatar.com\/avatar\/0b546b667388f8edb7b67d70a57b5e46?s=96&d=mm&r=g\",\"contentUrl\":\"https:\/\/secure.gravatar.com\/avatar\/0b546b667388f8edb7b67d70a57b5e46?s=96&d=mm&r=g\",\"caption\":\"lilicrivello\"},\"url\":\"https:\/\/www.pmpf.rs.gov.br\/secretaria-de-obras\/author\/lilicrivello\/\"}]}<\/script>\n<!-- \/ Yoast SEO plugin. -->","yoast_head_json":{"title":"Prefeitura oficializa doa\u00e7\u00e3o de \u00e1rea \u00e0 Convidas - Secretaria de Obras","robots":{"index":"index","follow":"follow","max-snippet":"max-snippet:-1","max-image-preview":"max-image-preview:large","max-video-preview":"max-video-preview:-1"},"canonical":"https:\/\/www.pmpf.rs.gov.br\/secretaria-de-obras\/2025\/09\/24\/prefeitura-oficializa-doacao-de-area-a-convidas\/","og_locale":"pt_BR","og_type":"article","og_title":"Prefeitura oficializa doa\u00e7\u00e3o de \u00e1rea \u00e0 Convidas - Secretaria de Obras","og_description":"A Prefeitura de Passo Fundo formalizou, nesta ter\u00e7a-feira (23), a assinatura da escritura da \u00e1rea onde est\u00e1 instalado o Centro de Acolhimento de Primatas e Aves (Primaves). Com a medida, o espa\u00e7o [&hellip;]","og_url":"https:\/\/www.pmpf.rs.gov.br\/secretaria-de-obras\/2025\/09\/24\/prefeitura-oficializa-doacao-de-area-a-convidas\/","og_site_name":"Secretaria de Obras","article_published_time":"2025-09-24T13:48:54+00:00","article_modified_time":"2025-09-24T13:48:56+00:00","author":"lilicrivello","twitter_card":"summary_large_image","twitter_misc":{"Escrito por":"lilicrivello","Est. tempo de leitura":"3 minutos"},"schema":{"@context":"https:\/\/schema.org","@graph":[{"@type":"WebPage","@id":"https:\/\/www.pmpf.rs.gov.br\/secretaria-de-obras\/2025\/09\/24\/prefeitura-oficializa-doacao-de-area-a-convidas\/","url":"https:\/\/www.pmpf.rs.gov.br\/secretaria-de-obras\/2025\/09\/24\/prefeitura-oficializa-doacao-de-area-a-convidas\/","name":"Prefeitura oficializa doa\u00e7\u00e3o de \u00e1rea \u00e0 Convidas - Secretaria de Obras","isPartOf":{"@id":"https:\/\/www.pmpf.rs.gov.br\/secretaria-de-obras\/#website"},"primaryImageOfPage":{"@id":"https:\/\/www.pmpf.rs.gov.br\/secretaria-de-obras\/2025\/09\/24\/prefeitura-oficializa-doacao-de-area-a-convidas\/#primaryimage"},"image":{"@id":"https:\/\/www.pmpf.rs.gov.br\/secretaria-de-obras\/2025\/09\/24\/prefeitura-oficializa-doacao-de-area-a-convidas\/#primaryimage"},"thumbnailUrl":"https:\/\/www.pmpf.rs.gov.br\/secretaria-de-obras\/wp-content\/uploads\/sites\/49\/2025\/09\/WhatsApp-Image-2025-09-23-at-14.35.34.jpeg","datePublished":"2025-09-24T13:48:54+00:00","dateModified":"2025-09-24T13:48:56+00:00","author":{"@id":"https:\/\/www.pmpf.rs.gov.br\/secretaria-de-obras\/#\/schema\/person\/6e93b0ab2174b69f691ac4f278ba2d0a"},"breadcrumb":{"@id":"https:\/\/www.pmpf.rs.gov.br\/secretaria-de-obras\/2025\/09\/24\/prefeitura-oficializa-doacao-de-area-a-convidas\/#breadcrumb"},"inLanguage":"pt-BR","potentialAction":[{"@type":"ReadAction","target":["https:\/\/www.pmpf.rs.gov.br\/secretaria-de-obras\/2025\/09\/24\/prefeitura-oficializa-doacao-de-area-a-convidas\/"]}]},{"@type":"ImageObject","inLanguage":"pt-BR","@id":"https:\/\/www.pmpf.rs.gov.br\/secretaria-de-obras\/2025\/09\/24\/prefeitura-oficializa-doacao-de-area-a-convidas\/#primaryimage","url":"https:\/\/www.pmpf.rs.gov.br\/secretaria-de-obras\/wp-content\/uploads\/sites\/49\/2025\/09\/WhatsApp-Image-2025-09-23-at-14.35.34.jpeg","contentUrl":"https:\/\/www.pmpf.rs.gov.br\/secretaria-de-obras\/wp-content\/uploads\/sites\/49\/2025\/09\/WhatsApp-Image-2025-09-23-at-14.35.34.jpeg","width":837,"height":641},{"@type":"BreadcrumbList","@id":"https:\/\/www.pmpf.rs.gov.br\/secretaria-de-obras\/2025\/09\/24\/prefeitura-oficializa-doacao-de-area-a-convidas\/#breadcrumb","itemListElement":[{"@type":"ListItem","position":1,"name":"In\u00edcio","item":"https:\/\/www.pmpf.rs.gov.br\/secretaria-de-obras\/"},{"@type":"ListItem","position":2,"name":"Prefeitura oficializa doa\u00e7\u00e3o de \u00e1rea \u00e0 Convidas"}]},{"@type":"WebSite","@id":"https:\/\/www.pmpf.rs.gov.br\/secretaria-de-obras\/#website","url":"https:\/\/www.pmpf.rs.gov.br\/secretaria-de-obras\/","name":"Secretaria de Obras","description":"S\u00f3 mais um site Prefeitura de Passo Fundo","potentialAction":[{"@type":"SearchAction","target":{"@type":"EntryPoint","urlTemplate":"https:\/\/www.pmpf.rs.gov.br\/secretaria-de-obras\/?s={search_term_string}"},"query-input":{"@type":"PropertyValueSpecification","valueRequired":true,"valueName":"search_term_string"}}],"inLanguage":"pt-BR"},{"@type":"Person","@id":"https:\/\/www.pmpf.rs.gov.br\/secretaria-de-obras\/#\/schema\/person\/6e93b0ab2174b69f691ac4f278ba2d0a","name":"lilicrivello","image":{"@type":"ImageObject","inLanguage":"pt-BR","@id":"https:\/\/www.pmpf.rs.gov.br\/secretaria-de-obras\/#\/schema\/person\/image\/","url":"https:\/\/secure.gravatar.com\/avatar\/0b546b667388f8edb7b67d70a57b5e46?s=96&d=mm&r=g","contentUrl":"https:\/\/secure.gravatar.com\/avatar\/0b546b667388f8edb7b67d70a57b5e46?s=96&d=mm&r=g","caption":"lilicrivello"},"url":"https:\/\/www.pmpf.rs.gov.br\/secretaria-de-obras\/author\/lilicrivello\/"}]}},"_links":{"self":[{"href":"https:\/\/www.pmpf.rs.gov.br\/secretaria-de-obras\/wp-json\/wp\/v2\/posts\/2809"}],"collection":[{"href":"https:\/\/www.pmpf.rs.gov.br\/secretaria-de-obras\/wp-json\/wp\/v2\/posts"}],"about":[{"href":"https:\/\/www.pmpf.rs.gov.br\/secretaria-de-obras\/wp-json\/wp\/v2\/types\/post"}],"author":[{"embeddable":true,"href":"https:\/\/www.pmpf.rs.gov.br\/secretaria-de-obras\/wp-json\/wp\/v2\/users\/24"}],"replies":[{"embeddable":true,"href":"https:\/\/www.pmpf.rs.gov.br\/secretaria-de-obras\/wp-json\/wp\/v2\/comments?post=2809"}],"version-history":[{"count":1,"href":"https:\/\/www.pmpf.rs.gov.br\/secretaria-de-obras\/wp-json\/wp\/v2\/posts\/2809\/revisions"}],"predecessor-version":[{"id":2811,"href":"https:\/\/www.pmpf.rs.gov.br\/secretaria-de-obras\/wp-json\/wp\/v2\/posts\/2809\/revisions\/2811"}],"wp:featuredmedia":[{"embeddable":true,"href":"https:\/\/www.pmpf.rs.gov.br\/secretaria-de-obras\/wp-json\/wp\/v2\/media\/2810"}],"wp:attachment":[{"href":"https:\/\/www.pmpf.rs.gov.br\/secretaria-de-obras\/wp-json\/wp\/v2\/media?parent=2809"}],"wp:term":[{"taxonomy":"category","embeddable":true,"href":"https:\/\/www.pmpf.rs.gov.br\/secretaria-de-obras\/wp-json\/wp\/v2\/categories?post=2809"},{"taxonomy":"post_tag","embeddable":true,"href":"https:\/\/www.pmpf.rs.gov.br\/secretaria-de-obras\/wp-json\/wp\/v2\/tags?post=2809"}],"curies":[{"name":"wp","href":"https:\/\/api.w.org\/{rel}","templated":true}]}}