{"id":2802,"date":"2025-09-17T09:54:23","date_gmt":"2025-09-17T12:54:23","guid":{"rendered":"https:\/\/www.pmpf.rs.gov.br\/secretaria-de-obras\/?p=2802"},"modified":"2025-09-17T09:54:31","modified_gmt":"2025-09-17T12:54:31","slug":"programa-minha-rua-com-asfalto-avanca-com-obras","status":"publish","type":"post","link":"https:\/\/www.pmpf.rs.gov.br\/secretaria-de-obras\/2025\/09\/17\/programa-minha-rua-com-asfalto-avanca-com-obras\/","title":{"rendered":"Programa \u201cMinha Rua com Asfalto\u201d avan\u00e7a com obras"},"content":{"rendered":"\n<p><\/p>\n\n\n\n<p>A Prefeitura de Passo Fundo segue com os trabalhos da 5\u00aa edi\u00e7\u00e3o do programa \u201cMinha Rua com Asfalto\u201d, que j\u00e1 atingiu 10% de execu\u00e7\u00e3o do cronograma previsto. A meta \u00e9 pavimentar 120 quadras em 25 bairros do munic\u00edpio.<\/p>\n\n\n\n<p>Nesta semana, a Secretaria Municipal de Obras (SMO) concluiu as melhorias no bairro Lucas Ara\u00fajo, onde nove quadras receberam pavimenta\u00e7\u00e3o. A \u00faltima via finalizada foi a Rua Padre Guedes, entre as ruas Mato Grosso e Minas Gerais.<\/p>\n\n\n\n<p>\u201cConclu\u00edmos as obras no Lucas Ara\u00fajo, que eram uma demanda antiga da comunidade. Agora, seguimos com as interven\u00e7\u00f5es no bairro Integra\u00e7\u00e3o, dando continuidade ao cronograma do programa\u201d, afirmou o secret\u00e1rio de Obras, Rubens Astolfi.<\/p>\n\n\n\n<p>No bairro Integra\u00e7\u00e3o, as equipes da SMO j\u00e1 iniciaram os trabalhos de base e canaliza\u00e7\u00e3o na Rua Coronel Bicaco, etapa que antecede a aplica\u00e7\u00e3o da camada asf\u00e1ltica.<\/p>\n\n\n\n<p>Cronograma de a\u00e7\u00f5es previstas at\u00e9 sexta-feira (19):<\/p>\n\n\n\n<ul class=\"wp-block-list\">\n<li>Conclus\u00e3o da sinaliza\u00e7\u00e3o vi\u00e1ria na Avenida Presidente Vargas, incluindo pintura da ciclovia.<\/li>\n\n\n\n<li>Obras de canaliza\u00e7\u00e3o na Rua Arno Pini (Distrito Invernadinha) e Rua C\u00edntia de Oliveira (bairro S\u00e3o Crist\u00f3v\u00e3o).<\/li>\n\n\n\n<li>Opera\u00e7\u00e3o tapa-buracos em vias da Vila Lu\u00edza.<\/li>\n\n\n\n<li>Continuidade das obras no Trevo da RS-324, com drenagem e terraplenagem.<\/li>\n<\/ul>\n","protected":false},"excerpt":{"rendered":"<p>A\u00e7\u00f5es no bairro Lucas Ara\u00fajo foram conclu\u00eddas; servi\u00e7os iniciam no bairro Integra\u00e7\u00e3o<\/p>\n","protected":false},"author":24,"featured_media":2803,"comment_status":"closed","ping_status":"closed","sticky":false,"template":"","format":"standard","meta":{"footnotes":""},"categories":[1],"tags":[],"class_list":["post-2802","post","type-post","status-publish","format-standard","has-post-thumbnail","hentry","category-sem-categoria"],"yoast_head":"<!-- This site is optimized with the Yoast SEO plugin v23.8 - https:\/\/yoast.com\/wordpress\/plugins\/seo\/ -->\n<title>Programa \u201cMinha Rua com Asfalto\u201d avan\u00e7a com obras - Secretaria de Obras<\/title>\n<meta name=\"robots\" content=\"index, follow, max-snippet:-1, max-image-preview:large, max-video-preview:-1\" \/>\n<link rel=\"canonical\" href=\"https:\/\/www.pmpf.rs.gov.br\/secretaria-de-obras\/2025\/09\/17\/programa-minha-rua-com-asfalto-avanca-com-obras\/\" \/>\n<meta property=\"og:locale\" content=\"pt_BR\" \/>\n<meta property=\"og:type\" content=\"article\" \/>\n<meta property=\"og:title\" content=\"Programa \u201cMinha Rua com Asfalto\u201d avan\u00e7a com obras - Secretaria de Obras\" \/>\n<meta property=\"og:description\" content=\"A\u00e7\u00f5es no bairro Lucas Ara\u00fajo foram conclu\u00eddas; servi\u00e7os iniciam no bairro Integra\u00e7\u00e3o\" \/>\n<meta property=\"og:url\" content=\"https:\/\/www.pmpf.rs.gov.br\/secretaria-de-obras\/2025\/09\/17\/programa-minha-rua-com-asfalto-avanca-com-obras\/\" \/>\n<meta property=\"og:site_name\" content=\"Secretaria de Obras\" \/>\n<meta property=\"article:published_time\" content=\"2025-09-17T12:54:23+00:00\" \/>\n<meta property=\"article:modified_time\" content=\"2025-09-17T12:54:31+00:00\" \/>\n<meta name=\"author\" content=\"lilicrivello\" \/>\n<meta name=\"twitter:card\" content=\"summary_large_image\" \/>\n<meta name=\"twitter:label1\" content=\"Escrito por\" \/>\n\t<meta name=\"twitter:data1\" content=\"lilicrivello\" \/>\n\t<meta name=\"twitter:label2\" content=\"Est. tempo de leitura\" \/>\n\t<meta name=\"twitter:data2\" content=\"1 minuto\" \/>\n<script type=\"application\/ld+json\" class=\"yoast-schema-graph\">{\"@context\":\"https:\/\/schema.org\",\"@graph\":[{\"@type\":\"WebPage\",\"@id\":\"https:\/\/www.pmpf.rs.gov.br\/secretaria-de-obras\/2025\/09\/17\/programa-minha-rua-com-asfalto-avanca-com-obras\/\",\"url\":\"https:\/\/www.pmpf.rs.gov.br\/secretaria-de-obras\/2025\/09\/17\/programa-minha-rua-com-asfalto-avanca-com-obras\/\",\"name\":\"Programa \u201cMinha Rua com Asfalto\u201d avan\u00e7a com obras - Secretaria de Obras\",\"isPartOf\":{\"@id\":\"https:\/\/www.pmpf.rs.gov.br\/secretaria-de-obras\/#website\"},\"primaryImageOfPage\":{\"@id\":\"https:\/\/www.pmpf.rs.gov.br\/secretaria-de-obras\/2025\/09\/17\/programa-minha-rua-com-asfalto-avanca-com-obras\/#primaryimage\"},\"image\":{\"@id\":\"https:\/\/www.pmpf.rs.gov.br\/secretaria-de-obras\/2025\/09\/17\/programa-minha-rua-com-asfalto-avanca-com-obras\/#primaryimage\"},\"thumbnailUrl\":\"https:\/\/www.pmpf.rs.gov.br\/secretaria-de-obras\/wp-content\/uploads\/sites\/49\/2025\/09\/WhatsApp-Image-2025-09-17-at-09.06.55.jpeg\",\"datePublished\":\"2025-09-17T12:54:23+00:00\",\"dateModified\":\"2025-09-17T12:54:31+00:00\",\"author\":{\"@id\":\"https:\/\/www.pmpf.rs.gov.br\/secretaria-de-obras\/#\/schema\/person\/6e93b0ab2174b69f691ac4f278ba2d0a\"},\"breadcrumb\":{\"@id\":\"https:\/\/www.pmpf.rs.gov.br\/secretaria-de-obras\/2025\/09\/17\/programa-minha-rua-com-asfalto-avanca-com-obras\/#breadcrumb\"},\"inLanguage\":\"pt-BR\",\"potentialAction\":[{\"@type\":\"ReadAction\",\"target\":[\"https:\/\/www.pmpf.rs.gov.br\/secretaria-de-obras\/2025\/09\/17\/programa-minha-rua-com-asfalto-avanca-com-obras\/\"]}]},{\"@type\":\"ImageObject\",\"inLanguage\":\"pt-BR\",\"@id\":\"https:\/\/www.pmpf.rs.gov.br\/secretaria-de-obras\/2025\/09\/17\/programa-minha-rua-com-asfalto-avanca-com-obras\/#primaryimage\",\"url\":\"https:\/\/www.pmpf.rs.gov.br\/secretaria-de-obras\/wp-content\/uploads\/sites\/49\/2025\/09\/WhatsApp-Image-2025-09-17-at-09.06.55.jpeg\",\"contentUrl\":\"https:\/\/www.pmpf.rs.gov.br\/secretaria-de-obras\/wp-content\/uploads\/sites\/49\/2025\/09\/WhatsApp-Image-2025-09-17-at-09.06.55.jpeg\",\"width\":720,\"height\":1280},{\"@type\":\"BreadcrumbList\",\"@id\":\"https:\/\/www.pmpf.rs.gov.br\/secretaria-de-obras\/2025\/09\/17\/programa-minha-rua-com-asfalto-avanca-com-obras\/#breadcrumb\",\"itemListElement\":[{\"@type\":\"ListItem\",\"position\":1,\"name\":\"In\u00edcio\",\"item\":\"https:\/\/www.pmpf.rs.gov.br\/secretaria-de-obras\/\"},{\"@type\":\"ListItem\",\"position\":2,\"name\":\"Programa \u201cMinha Rua com Asfalto\u201d avan\u00e7a com obras\"}]},{\"@type\":\"WebSite\",\"@id\":\"https:\/\/www.pmpf.rs.gov.br\/secretaria-de-obras\/#website\",\"url\":\"https:\/\/www.pmpf.rs.gov.br\/secretaria-de-obras\/\",\"name\":\"Secretaria de Obras\",\"description\":\"S\u00f3 mais um site Prefeitura de Passo Fundo\",\"potentialAction\":[{\"@type\":\"SearchAction\",\"target\":{\"@type\":\"EntryPoint\",\"urlTemplate\":\"https:\/\/www.pmpf.rs.gov.br\/secretaria-de-obras\/?s={search_term_string}\"},\"query-input\":{\"@type\":\"PropertyValueSpecification\",\"valueRequired\":true,\"valueName\":\"search_term_string\"}}],\"inLanguage\":\"pt-BR\"},{\"@type\":\"Person\",\"@id\":\"https:\/\/www.pmpf.rs.gov.br\/secretaria-de-obras\/#\/schema\/person\/6e93b0ab2174b69f691ac4f278ba2d0a\",\"name\":\"lilicrivello\",\"image\":{\"@type\":\"ImageObject\",\"inLanguage\":\"pt-BR\",\"@id\":\"https:\/\/www.pmpf.rs.gov.br\/secretaria-de-obras\/#\/schema\/person\/image\/\",\"url\":\"https:\/\/secure.gravatar.com\/avatar\/0b546b667388f8edb7b67d70a57b5e46?s=96&d=mm&r=g\",\"contentUrl\":\"https:\/\/secure.gravatar.com\/avatar\/0b546b667388f8edb7b67d70a57b5e46?s=96&d=mm&r=g\",\"caption\":\"lilicrivello\"},\"url\":\"https:\/\/www.pmpf.rs.gov.br\/secretaria-de-obras\/author\/lilicrivello\/\"}]}<\/script>\n<!-- \/ Yoast SEO plugin. -->","yoast_head_json":{"title":"Programa \u201cMinha Rua com Asfalto\u201d avan\u00e7a com obras - Secretaria de Obras","robots":{"index":"index","follow":"follow","max-snippet":"max-snippet:-1","max-image-preview":"max-image-preview:large","max-video-preview":"max-video-preview:-1"},"canonical":"https:\/\/www.pmpf.rs.gov.br\/secretaria-de-obras\/2025\/09\/17\/programa-minha-rua-com-asfalto-avanca-com-obras\/","og_locale":"pt_BR","og_type":"article","og_title":"Programa \u201cMinha Rua com Asfalto\u201d avan\u00e7a com obras - Secretaria de Obras","og_description":"A\u00e7\u00f5es no bairro Lucas Ara\u00fajo foram conclu\u00eddas; servi\u00e7os iniciam no bairro Integra\u00e7\u00e3o","og_url":"https:\/\/www.pmpf.rs.gov.br\/secretaria-de-obras\/2025\/09\/17\/programa-minha-rua-com-asfalto-avanca-com-obras\/","og_site_name":"Secretaria de Obras","article_published_time":"2025-09-17T12:54:23+00:00","article_modified_time":"2025-09-17T12:54:31+00:00","author":"lilicrivello","twitter_card":"summary_large_image","twitter_misc":{"Escrito por":"lilicrivello","Est. tempo de leitura":"1 minuto"},"schema":{"@context":"https:\/\/schema.org","@graph":[{"@type":"WebPage","@id":"https:\/\/www.pmpf.rs.gov.br\/secretaria-de-obras\/2025\/09\/17\/programa-minha-rua-com-asfalto-avanca-com-obras\/","url":"https:\/\/www.pmpf.rs.gov.br\/secretaria-de-obras\/2025\/09\/17\/programa-minha-rua-com-asfalto-avanca-com-obras\/","name":"Programa \u201cMinha Rua com Asfalto\u201d avan\u00e7a com obras - Secretaria de Obras","isPartOf":{"@id":"https:\/\/www.pmpf.rs.gov.br\/secretaria-de-obras\/#website"},"primaryImageOfPage":{"@id":"https:\/\/www.pmpf.rs.gov.br\/secretaria-de-obras\/2025\/09\/17\/programa-minha-rua-com-asfalto-avanca-com-obras\/#primaryimage"},"image":{"@id":"https:\/\/www.pmpf.rs.gov.br\/secretaria-de-obras\/2025\/09\/17\/programa-minha-rua-com-asfalto-avanca-com-obras\/#primaryimage"},"thumbnailUrl":"https:\/\/www.pmpf.rs.gov.br\/secretaria-de-obras\/wp-content\/uploads\/sites\/49\/2025\/09\/WhatsApp-Image-2025-09-17-at-09.06.55.jpeg","datePublished":"2025-09-17T12:54:23+00:00","dateModified":"2025-09-17T12:54:31+00:00","author":{"@id":"https:\/\/www.pmpf.rs.gov.br\/secretaria-de-obras\/#\/schema\/person\/6e93b0ab2174b69f691ac4f278ba2d0a"},"breadcrumb":{"@id":"https:\/\/www.pmpf.rs.gov.br\/secretaria-de-obras\/2025\/09\/17\/programa-minha-rua-com-asfalto-avanca-com-obras\/#breadcrumb"},"inLanguage":"pt-BR","potentialAction":[{"@type":"ReadAction","target":["https:\/\/www.pmpf.rs.gov.br\/secretaria-de-obras\/2025\/09\/17\/programa-minha-rua-com-asfalto-avanca-com-obras\/"]}]},{"@type":"ImageObject","inLanguage":"pt-BR","@id":"https:\/\/www.pmpf.rs.gov.br\/secretaria-de-obras\/2025\/09\/17\/programa-minha-rua-com-asfalto-avanca-com-obras\/#primaryimage","url":"https:\/\/www.pmpf.rs.gov.br\/secretaria-de-obras\/wp-content\/uploads\/sites\/49\/2025\/09\/WhatsApp-Image-2025-09-17-at-09.06.55.jpeg","contentUrl":"https:\/\/www.pmpf.rs.gov.br\/secretaria-de-obras\/wp-content\/uploads\/sites\/49\/2025\/09\/WhatsApp-Image-2025-09-17-at-09.06.55.jpeg","width":720,"height":1280},{"@type":"BreadcrumbList","@id":"https:\/\/www.pmpf.rs.gov.br\/secretaria-de-obras\/2025\/09\/17\/programa-minha-rua-com-asfalto-avanca-com-obras\/#breadcrumb","itemListElement":[{"@type":"ListItem","position":1,"name":"In\u00edcio","item":"https:\/\/www.pmpf.rs.gov.br\/secretaria-de-obras\/"},{"@type":"ListItem","position":2,"name":"Programa \u201cMinha Rua com Asfalto\u201d avan\u00e7a com obras"}]},{"@type":"WebSite","@id":"https:\/\/www.pmpf.rs.gov.br\/secretaria-de-obras\/#website","url":"https:\/\/www.pmpf.rs.gov.br\/secretaria-de-obras\/","name":"Secretaria de Obras","description":"S\u00f3 mais um site Prefeitura de Passo Fundo","potentialAction":[{"@type":"SearchAction","target":{"@type":"EntryPoint","urlTemplate":"https:\/\/www.pmpf.rs.gov.br\/secretaria-de-obras\/?s={search_term_string}"},"query-input":{"@type":"PropertyValueSpecification","valueRequired":true,"valueName":"search_term_string"}}],"inLanguage":"pt-BR"},{"@type":"Person","@id":"https:\/\/www.pmpf.rs.gov.br\/secretaria-de-obras\/#\/schema\/person\/6e93b0ab2174b69f691ac4f278ba2d0a","name":"lilicrivello","image":{"@type":"ImageObject","inLanguage":"pt-BR","@id":"https:\/\/www.pmpf.rs.gov.br\/secretaria-de-obras\/#\/schema\/person\/image\/","url":"https:\/\/secure.gravatar.com\/avatar\/0b546b667388f8edb7b67d70a57b5e46?s=96&d=mm&r=g","contentUrl":"https:\/\/secure.gravatar.com\/avatar\/0b546b667388f8edb7b67d70a57b5e46?s=96&d=mm&r=g","caption":"lilicrivello"},"url":"https:\/\/www.pmpf.rs.gov.br\/secretaria-de-obras\/author\/lilicrivello\/"}]}},"_links":{"self":[{"href":"https:\/\/www.pmpf.rs.gov.br\/secretaria-de-obras\/wp-json\/wp\/v2\/posts\/2802"}],"collection":[{"href":"https:\/\/www.pmpf.rs.gov.br\/secretaria-de-obras\/wp-json\/wp\/v2\/posts"}],"about":[{"href":"https:\/\/www.pmpf.rs.gov.br\/secretaria-de-obras\/wp-json\/wp\/v2\/types\/post"}],"author":[{"embeddable":true,"href":"https:\/\/www.pmpf.rs.gov.br\/secretaria-de-obras\/wp-json\/wp\/v2\/users\/24"}],"replies":[{"embeddable":true,"href":"https:\/\/www.pmpf.rs.gov.br\/secretaria-de-obras\/wp-json\/wp\/v2\/comments?post=2802"}],"version-history":[{"count":1,"href":"https:\/\/www.pmpf.rs.gov.br\/secretaria-de-obras\/wp-json\/wp\/v2\/posts\/2802\/revisions"}],"predecessor-version":[{"id":2804,"href":"https:\/\/www.pmpf.rs.gov.br\/secretaria-de-obras\/wp-json\/wp\/v2\/posts\/2802\/revisions\/2804"}],"wp:featuredmedia":[{"embeddable":true,"href":"https:\/\/www.pmpf.rs.gov.br\/secretaria-de-obras\/wp-json\/wp\/v2\/media\/2803"}],"wp:attachment":[{"href":"https:\/\/www.pmpf.rs.gov.br\/secretaria-de-obras\/wp-json\/wp\/v2\/media?parent=2802"}],"wp:term":[{"taxonomy":"category","embeddable":true,"href":"https:\/\/www.pmpf.rs.gov.br\/secretaria-de-obras\/wp-json\/wp\/v2\/categories?post=2802"},{"taxonomy":"post_tag","embeddable":true,"href":"https:\/\/www.pmpf.rs.gov.br\/secretaria-de-obras\/wp-json\/wp\/v2\/tags?post=2802"}],"curies":[{"name":"wp","href":"https:\/\/api.w.org\/{rel}","templated":true}]}}