{"id":2780,"date":"2025-08-25T14:25:44","date_gmt":"2025-08-25T17:25:44","guid":{"rendered":"https:\/\/www.pmpf.rs.gov.br\/secretaria-de-obras\/?p=2780"},"modified":"2025-08-25T14:38:02","modified_gmt":"2025-08-25T17:38:02","slug":"prefeitura-intensifica-obras-e-servicos-urbanos-em-diversos-bairros-de-passo-fundo","status":"publish","type":"post","link":"https:\/\/www.pmpf.rs.gov.br\/secretaria-de-obras\/2025\/08\/25\/prefeitura-intensifica-obras-e-servicos-urbanos-em-diversos-bairros-de-passo-fundo\/","title":{"rendered":"Prefeitura intensifica obras e servi\u00e7os urbanos em diversos bairros de Passo Fundo"},"content":{"rendered":"\n<p>Frentes de trabalho envolvem pavimenta\u00e7\u00e3o, limpeza, manuten\u00e7\u00e3o e melhorias na infraestrutura.<\/p>\n\n\n\n<p>A Prefeitura de Passo Fundo iniciou a semana com uma s\u00e9rie de a\u00e7\u00f5es de infraestrutura, limpeza e manuten\u00e7\u00e3o de espa\u00e7os p\u00fablicos. As atividades est\u00e3o sendo realizadas pelas equipes da Secretaria de Obras (SMO) e da Secretaria de  Servi\u00e7os Gerais (SSG), conforme o cronograma semanal, em diferentes bairros da cidade.<\/p>\n\n\n\n<p><strong>Infraestrutura e pavimenta\u00e7\u00e3o<\/strong><\/p>\n\n\n\n<ul class=\"wp-block-list\">\n<li>O programa Minha Rua com Asfalto avan\u00e7a com a base e pavimenta\u00e7\u00e3o das ruas Padre Valentim e Mato Grosso, no bairro Lucas Ara\u00fajo.<\/li>\n\n\n\n<li>Equipes executam consertos de canaliza\u00e7\u00e3o e limpeza de bocas de lobo nos bairros Petr\u00f3polis, Santa Maria e Integra\u00e7\u00e3o.<\/li>\n\n\n\n<li>A opera\u00e7\u00e3o tapa-buracos acontece na Vila Bom Jesus.<\/li>\n\n\n\n<li>A revitaliza\u00e7\u00e3o da Avenida Presidente Vargas est\u00e1 na fase final da primeira etapa, com a conclus\u00e3o da sinaliza\u00e7\u00e3o.<\/li>\n<\/ul>\n\n\n\n<p><strong>Limpeza e zeladoria urbana<\/strong><\/p>\n\n\n\n<ul class=\"wp-block-list\">\n<li>Ro\u00e7adas em diversos pontos: bairros Edmundo Trein (Cohab I), Independente, Nen\u00ea Graeff, Le\u00e3o XIII, Dona J\u00falia e Costa Verde.<\/li>\n\n\n\n<li>Recolhimento de entulhos com maquin\u00e1rio nos bairros S\u00e3o Luiz Gonzaga, Vila Ricci e Santa Maria II.<\/li>\n\n\n\n<li>O ECOponto M\u00f3vel est\u00e1 dispon\u00edvel no bairro S\u00e3o Luiz Gonzaga.<\/li>\n\n\n\n<li>Mutir\u00e3o de limpeza em andamento na Rua Duque de Caxias, Avenida Brasil e Rua Capit\u00e3o Eleut\u00e9rio.<\/li>\n<\/ul>\n\n\n\n<p><strong>Manuten\u00e7\u00e3o urbana e espa\u00e7os p\u00fablicos<\/strong><\/p>\n\n\n\n<ul class=\"wp-block-list\">\n<li>Manuten\u00e7\u00e3o da ilumina\u00e7\u00e3o p\u00fablica em mais de 12 bairros, incluindo Umb\u00fa, Vera Cruz, Valinhos, Jardim Am\u00e9rica, Lucas Ara\u00fajo e Vila Popular.<\/li>\n\n\n\n<li>Manuten\u00e7\u00e3o e pintura de espa\u00e7os do programa Viva Pra\u00e7a, instala\u00e7\u00e3o de papeleiras em ruas centrais, conserto de cal\u00e7adas e pintura das jardineiras do Parque Linear da Avenida Brasil.<\/li>\n\n\n\n<li>Equipes de jardinagem realizam limpeza e poda de vegeta\u00e7\u00e3o nas floreiras da Avenida Brasil (entre Benjamin Constant e Bento Gon\u00e7alves), na General Canabarro e no Parque da Gare.<\/li>\n\n\n\n<li>Pintura e sinaliza\u00e7\u00e3o vi\u00e1ria na Rua \u00c1lvares Cabral (bairro Petr\u00f3polis) e na Vila Lu\u00edza.<\/li>\n\n\n\n<li>Servi\u00e7os de poda de \u00e1rvores na Avenida Brasil (Boqueir\u00e3o) e na Pra\u00e7a Tamandar\u00e9.<\/li>\n<\/ul>\n\n\n\n<p>As a\u00e7\u00f5es seguem at\u00e9 sexta-feira (29) e atendem tamb\u00e9m demandas da popula\u00e7\u00e3o, registradas por meio do aplicativo Cidad\u00e3o Online &#8211; Passo Fundo, dispon\u00edvel no <a href=\"https:\/\/play.google.com\/store\/apps\/details?id=br.inf.thema.appCidadao_passoFundo\" target=\"_blank\" rel=\"noreferrer noopener\">Play Store<\/a> e<a href=\"https:\/\/apps.apple.com\/br\/app\/cidad%C3%A3o-online-passo-fundo\/id1599069439?platform=iphone\" target=\"_blank\" rel=\"noreferrer noopener\"> App Store<\/a>.<\/p>\n","protected":false},"excerpt":{"rendered":"<p>Frentes de trabalho envolvem pavimenta\u00e7\u00e3o, limpeza, manuten\u00e7\u00e3o e melhorias na infraestrutura.<\/p>\n","protected":false},"author":4,"featured_media":2782,"comment_status":"closed","ping_status":"closed","sticky":false,"template":"","format":"standard","meta":{"footnotes":""},"categories":[5],"tags":[25],"class_list":["post-2780","post","type-post","status-publish","format-standard","has-post-thumbnail","hentry","category-minha-rua-com-asfalto","tag-obras"],"yoast_head":"<!-- This site is optimized with the Yoast SEO plugin v23.8 - https:\/\/yoast.com\/wordpress\/plugins\/seo\/ -->\n<title>Prefeitura intensifica obras e servi\u00e7os urbanos em diversos bairros de Passo Fundo - Secretaria de Obras<\/title>\n<meta name=\"robots\" content=\"index, follow, max-snippet:-1, max-image-preview:large, max-video-preview:-1\" \/>\n<link rel=\"canonical\" href=\"https:\/\/www.pmpf.rs.gov.br\/secretaria-de-obras\/2025\/08\/25\/prefeitura-intensifica-obras-e-servicos-urbanos-em-diversos-bairros-de-passo-fundo\/\" \/>\n<meta property=\"og:locale\" content=\"pt_BR\" \/>\n<meta property=\"og:type\" content=\"article\" \/>\n<meta property=\"og:title\" content=\"Prefeitura intensifica obras e servi\u00e7os urbanos em diversos bairros de Passo Fundo - Secretaria de Obras\" \/>\n<meta property=\"og:description\" content=\"Frentes de trabalho envolvem pavimenta\u00e7\u00e3o, limpeza, manuten\u00e7\u00e3o e melhorias na infraestrutura.\" \/>\n<meta property=\"og:url\" content=\"https:\/\/www.pmpf.rs.gov.br\/secretaria-de-obras\/2025\/08\/25\/prefeitura-intensifica-obras-e-servicos-urbanos-em-diversos-bairros-de-passo-fundo\/\" \/>\n<meta property=\"og:site_name\" content=\"Secretaria de Obras\" \/>\n<meta property=\"article:published_time\" content=\"2025-08-25T17:25:44+00:00\" \/>\n<meta property=\"article:modified_time\" content=\"2025-08-25T17:38:02+00:00\" \/>\n<meta property=\"og:image\" content=\"https:\/\/www.pmpf.rs.gov.br\/secretaria-de-obras\/wp-content\/uploads\/sites\/49\/2025\/08\/obra-25082025.webp\" \/>\n\t<meta property=\"og:image:width\" content=\"600\" \/>\n\t<meta property=\"og:image:height\" content=\"400\" \/>\n\t<meta property=\"og:image:type\" content=\"image\/webp\" \/>\n<meta name=\"author\" content=\"cristianem\" \/>\n<meta name=\"twitter:card\" content=\"summary_large_image\" \/>\n<meta name=\"twitter:label1\" content=\"Escrito por\" \/>\n\t<meta name=\"twitter:data1\" content=\"cristianem\" \/>\n\t<meta name=\"twitter:label2\" content=\"Est. tempo de leitura\" \/>\n\t<meta name=\"twitter:data2\" content=\"2 minutos\" \/>\n<script type=\"application\/ld+json\" class=\"yoast-schema-graph\">{\"@context\":\"https:\/\/schema.org\",\"@graph\":[{\"@type\":\"WebPage\",\"@id\":\"https:\/\/www.pmpf.rs.gov.br\/secretaria-de-obras\/2025\/08\/25\/prefeitura-intensifica-obras-e-servicos-urbanos-em-diversos-bairros-de-passo-fundo\/\",\"url\":\"https:\/\/www.pmpf.rs.gov.br\/secretaria-de-obras\/2025\/08\/25\/prefeitura-intensifica-obras-e-servicos-urbanos-em-diversos-bairros-de-passo-fundo\/\",\"name\":\"Prefeitura intensifica obras e servi\u00e7os urbanos em diversos bairros de Passo Fundo - Secretaria de Obras\",\"isPartOf\":{\"@id\":\"https:\/\/www.pmpf.rs.gov.br\/secretaria-de-obras\/#website\"},\"primaryImageOfPage\":{\"@id\":\"https:\/\/www.pmpf.rs.gov.br\/secretaria-de-obras\/2025\/08\/25\/prefeitura-intensifica-obras-e-servicos-urbanos-em-diversos-bairros-de-passo-fundo\/#primaryimage\"},\"image\":{\"@id\":\"https:\/\/www.pmpf.rs.gov.br\/secretaria-de-obras\/2025\/08\/25\/prefeitura-intensifica-obras-e-servicos-urbanos-em-diversos-bairros-de-passo-fundo\/#primaryimage\"},\"thumbnailUrl\":\"https:\/\/www.pmpf.rs.gov.br\/secretaria-de-obras\/wp-content\/uploads\/sites\/49\/2025\/08\/obra-25082025.webp\",\"datePublished\":\"2025-08-25T17:25:44+00:00\",\"dateModified\":\"2025-08-25T17:38:02+00:00\",\"author\":{\"@id\":\"https:\/\/www.pmpf.rs.gov.br\/secretaria-de-obras\/#\/schema\/person\/7546f09893e4b6bb3b2692a8a4132462\"},\"breadcrumb\":{\"@id\":\"https:\/\/www.pmpf.rs.gov.br\/secretaria-de-obras\/2025\/08\/25\/prefeitura-intensifica-obras-e-servicos-urbanos-em-diversos-bairros-de-passo-fundo\/#breadcrumb\"},\"inLanguage\":\"pt-BR\",\"potentialAction\":[{\"@type\":\"ReadAction\",\"target\":[\"https:\/\/www.pmpf.rs.gov.br\/secretaria-de-obras\/2025\/08\/25\/prefeitura-intensifica-obras-e-servicos-urbanos-em-diversos-bairros-de-passo-fundo\/\"]}]},{\"@type\":\"ImageObject\",\"inLanguage\":\"pt-BR\",\"@id\":\"https:\/\/www.pmpf.rs.gov.br\/secretaria-de-obras\/2025\/08\/25\/prefeitura-intensifica-obras-e-servicos-urbanos-em-diversos-bairros-de-passo-fundo\/#primaryimage\",\"url\":\"https:\/\/www.pmpf.rs.gov.br\/secretaria-de-obras\/wp-content\/uploads\/sites\/49\/2025\/08\/obra-25082025.webp\",\"contentUrl\":\"https:\/\/www.pmpf.rs.gov.br\/secretaria-de-obras\/wp-content\/uploads\/sites\/49\/2025\/08\/obra-25082025.webp\",\"width\":600,\"height\":400},{\"@type\":\"BreadcrumbList\",\"@id\":\"https:\/\/www.pmpf.rs.gov.br\/secretaria-de-obras\/2025\/08\/25\/prefeitura-intensifica-obras-e-servicos-urbanos-em-diversos-bairros-de-passo-fundo\/#breadcrumb\",\"itemListElement\":[{\"@type\":\"ListItem\",\"position\":1,\"name\":\"In\u00edcio\",\"item\":\"https:\/\/www.pmpf.rs.gov.br\/secretaria-de-obras\/\"},{\"@type\":\"ListItem\",\"position\":2,\"name\":\"Prefeitura intensifica obras e servi\u00e7os urbanos em diversos bairros de Passo Fundo\"}]},{\"@type\":\"WebSite\",\"@id\":\"https:\/\/www.pmpf.rs.gov.br\/secretaria-de-obras\/#website\",\"url\":\"https:\/\/www.pmpf.rs.gov.br\/secretaria-de-obras\/\",\"name\":\"Secretaria de Obras\",\"description\":\"S\u00f3 mais um site Prefeitura de Passo Fundo\",\"potentialAction\":[{\"@type\":\"SearchAction\",\"target\":{\"@type\":\"EntryPoint\",\"urlTemplate\":\"https:\/\/www.pmpf.rs.gov.br\/secretaria-de-obras\/?s={search_term_string}\"},\"query-input\":{\"@type\":\"PropertyValueSpecification\",\"valueRequired\":true,\"valueName\":\"search_term_string\"}}],\"inLanguage\":\"pt-BR\"},{\"@type\":\"Person\",\"@id\":\"https:\/\/www.pmpf.rs.gov.br\/secretaria-de-obras\/#\/schema\/person\/7546f09893e4b6bb3b2692a8a4132462\",\"name\":\"cristianem\",\"image\":{\"@type\":\"ImageObject\",\"inLanguage\":\"pt-BR\",\"@id\":\"https:\/\/www.pmpf.rs.gov.br\/secretaria-de-obras\/#\/schema\/person\/image\/\",\"url\":\"https:\/\/secure.gravatar.com\/avatar\/66d52b92d6080d2743ba29b3cdbdf293?s=96&d=mm&r=g\",\"contentUrl\":\"https:\/\/secure.gravatar.com\/avatar\/66d52b92d6080d2743ba29b3cdbdf293?s=96&d=mm&r=g\",\"caption\":\"cristianem\"},\"url\":\"https:\/\/www.pmpf.rs.gov.br\/secretaria-de-obras\/author\/cristianem\/\"}]}<\/script>\n<!-- \/ Yoast SEO plugin. -->","yoast_head_json":{"title":"Prefeitura intensifica obras e servi\u00e7os urbanos em diversos bairros de Passo Fundo - Secretaria de Obras","robots":{"index":"index","follow":"follow","max-snippet":"max-snippet:-1","max-image-preview":"max-image-preview:large","max-video-preview":"max-video-preview:-1"},"canonical":"https:\/\/www.pmpf.rs.gov.br\/secretaria-de-obras\/2025\/08\/25\/prefeitura-intensifica-obras-e-servicos-urbanos-em-diversos-bairros-de-passo-fundo\/","og_locale":"pt_BR","og_type":"article","og_title":"Prefeitura intensifica obras e servi\u00e7os urbanos em diversos bairros de Passo Fundo - Secretaria de Obras","og_description":"Frentes de trabalho envolvem pavimenta\u00e7\u00e3o, limpeza, manuten\u00e7\u00e3o e melhorias na infraestrutura.","og_url":"https:\/\/www.pmpf.rs.gov.br\/secretaria-de-obras\/2025\/08\/25\/prefeitura-intensifica-obras-e-servicos-urbanos-em-diversos-bairros-de-passo-fundo\/","og_site_name":"Secretaria de Obras","article_published_time":"2025-08-25T17:25:44+00:00","article_modified_time":"2025-08-25T17:38:02+00:00","og_image":[{"width":600,"height":400,"url":"https:\/\/www.pmpf.rs.gov.br\/secretaria-de-obras\/wp-content\/uploads\/sites\/49\/2025\/08\/obra-25082025.webp","type":"image\/webp"}],"author":"cristianem","twitter_card":"summary_large_image","twitter_misc":{"Escrito por":"cristianem","Est. tempo de leitura":"2 minutos"},"schema":{"@context":"https:\/\/schema.org","@graph":[{"@type":"WebPage","@id":"https:\/\/www.pmpf.rs.gov.br\/secretaria-de-obras\/2025\/08\/25\/prefeitura-intensifica-obras-e-servicos-urbanos-em-diversos-bairros-de-passo-fundo\/","url":"https:\/\/www.pmpf.rs.gov.br\/secretaria-de-obras\/2025\/08\/25\/prefeitura-intensifica-obras-e-servicos-urbanos-em-diversos-bairros-de-passo-fundo\/","name":"Prefeitura intensifica obras e servi\u00e7os urbanos em diversos bairros de Passo Fundo - Secretaria de Obras","isPartOf":{"@id":"https:\/\/www.pmpf.rs.gov.br\/secretaria-de-obras\/#website"},"primaryImageOfPage":{"@id":"https:\/\/www.pmpf.rs.gov.br\/secretaria-de-obras\/2025\/08\/25\/prefeitura-intensifica-obras-e-servicos-urbanos-em-diversos-bairros-de-passo-fundo\/#primaryimage"},"image":{"@id":"https:\/\/www.pmpf.rs.gov.br\/secretaria-de-obras\/2025\/08\/25\/prefeitura-intensifica-obras-e-servicos-urbanos-em-diversos-bairros-de-passo-fundo\/#primaryimage"},"thumbnailUrl":"https:\/\/www.pmpf.rs.gov.br\/secretaria-de-obras\/wp-content\/uploads\/sites\/49\/2025\/08\/obra-25082025.webp","datePublished":"2025-08-25T17:25:44+00:00","dateModified":"2025-08-25T17:38:02+00:00","author":{"@id":"https:\/\/www.pmpf.rs.gov.br\/secretaria-de-obras\/#\/schema\/person\/7546f09893e4b6bb3b2692a8a4132462"},"breadcrumb":{"@id":"https:\/\/www.pmpf.rs.gov.br\/secretaria-de-obras\/2025\/08\/25\/prefeitura-intensifica-obras-e-servicos-urbanos-em-diversos-bairros-de-passo-fundo\/#breadcrumb"},"inLanguage":"pt-BR","potentialAction":[{"@type":"ReadAction","target":["https:\/\/www.pmpf.rs.gov.br\/secretaria-de-obras\/2025\/08\/25\/prefeitura-intensifica-obras-e-servicos-urbanos-em-diversos-bairros-de-passo-fundo\/"]}]},{"@type":"ImageObject","inLanguage":"pt-BR","@id":"https:\/\/www.pmpf.rs.gov.br\/secretaria-de-obras\/2025\/08\/25\/prefeitura-intensifica-obras-e-servicos-urbanos-em-diversos-bairros-de-passo-fundo\/#primaryimage","url":"https:\/\/www.pmpf.rs.gov.br\/secretaria-de-obras\/wp-content\/uploads\/sites\/49\/2025\/08\/obra-25082025.webp","contentUrl":"https:\/\/www.pmpf.rs.gov.br\/secretaria-de-obras\/wp-content\/uploads\/sites\/49\/2025\/08\/obra-25082025.webp","width":600,"height":400},{"@type":"BreadcrumbList","@id":"https:\/\/www.pmpf.rs.gov.br\/secretaria-de-obras\/2025\/08\/25\/prefeitura-intensifica-obras-e-servicos-urbanos-em-diversos-bairros-de-passo-fundo\/#breadcrumb","itemListElement":[{"@type":"ListItem","position":1,"name":"In\u00edcio","item":"https:\/\/www.pmpf.rs.gov.br\/secretaria-de-obras\/"},{"@type":"ListItem","position":2,"name":"Prefeitura intensifica obras e servi\u00e7os urbanos em diversos bairros de Passo Fundo"}]},{"@type":"WebSite","@id":"https:\/\/www.pmpf.rs.gov.br\/secretaria-de-obras\/#website","url":"https:\/\/www.pmpf.rs.gov.br\/secretaria-de-obras\/","name":"Secretaria de Obras","description":"S\u00f3 mais um site Prefeitura de Passo Fundo","potentialAction":[{"@type":"SearchAction","target":{"@type":"EntryPoint","urlTemplate":"https:\/\/www.pmpf.rs.gov.br\/secretaria-de-obras\/?s={search_term_string}"},"query-input":{"@type":"PropertyValueSpecification","valueRequired":true,"valueName":"search_term_string"}}],"inLanguage":"pt-BR"},{"@type":"Person","@id":"https:\/\/www.pmpf.rs.gov.br\/secretaria-de-obras\/#\/schema\/person\/7546f09893e4b6bb3b2692a8a4132462","name":"cristianem","image":{"@type":"ImageObject","inLanguage":"pt-BR","@id":"https:\/\/www.pmpf.rs.gov.br\/secretaria-de-obras\/#\/schema\/person\/image\/","url":"https:\/\/secure.gravatar.com\/avatar\/66d52b92d6080d2743ba29b3cdbdf293?s=96&d=mm&r=g","contentUrl":"https:\/\/secure.gravatar.com\/avatar\/66d52b92d6080d2743ba29b3cdbdf293?s=96&d=mm&r=g","caption":"cristianem"},"url":"https:\/\/www.pmpf.rs.gov.br\/secretaria-de-obras\/author\/cristianem\/"}]}},"_links":{"self":[{"href":"https:\/\/www.pmpf.rs.gov.br\/secretaria-de-obras\/wp-json\/wp\/v2\/posts\/2780"}],"collection":[{"href":"https:\/\/www.pmpf.rs.gov.br\/secretaria-de-obras\/wp-json\/wp\/v2\/posts"}],"about":[{"href":"https:\/\/www.pmpf.rs.gov.br\/secretaria-de-obras\/wp-json\/wp\/v2\/types\/post"}],"author":[{"embeddable":true,"href":"https:\/\/www.pmpf.rs.gov.br\/secretaria-de-obras\/wp-json\/wp\/v2\/users\/4"}],"replies":[{"embeddable":true,"href":"https:\/\/www.pmpf.rs.gov.br\/secretaria-de-obras\/wp-json\/wp\/v2\/comments?post=2780"}],"version-history":[{"count":3,"href":"https:\/\/www.pmpf.rs.gov.br\/secretaria-de-obras\/wp-json\/wp\/v2\/posts\/2780\/revisions"}],"predecessor-version":[{"id":2786,"href":"https:\/\/www.pmpf.rs.gov.br\/secretaria-de-obras\/wp-json\/wp\/v2\/posts\/2780\/revisions\/2786"}],"wp:featuredmedia":[{"embeddable":true,"href":"https:\/\/www.pmpf.rs.gov.br\/secretaria-de-obras\/wp-json\/wp\/v2\/media\/2782"}],"wp:attachment":[{"href":"https:\/\/www.pmpf.rs.gov.br\/secretaria-de-obras\/wp-json\/wp\/v2\/media?parent=2780"}],"wp:term":[{"taxonomy":"category","embeddable":true,"href":"https:\/\/www.pmpf.rs.gov.br\/secretaria-de-obras\/wp-json\/wp\/v2\/categories?post=2780"},{"taxonomy":"post_tag","embeddable":true,"href":"https:\/\/www.pmpf.rs.gov.br\/secretaria-de-obras\/wp-json\/wp\/v2\/tags?post=2780"}],"curies":[{"name":"wp","href":"https:\/\/api.w.org\/{rel}","templated":true}]}}