{"id":2234,"date":"2024-04-02T16:41:17","date_gmt":"2024-04-02T19:41:17","guid":{"rendered":"https:\/\/www.pmpf.rs.gov.br\/secretaria-de-obras\/?p=2234"},"modified":"2024-04-02T16:41:18","modified_gmt":"2024-04-02T19:41:18","slug":"prefeito-pedro-almeida-anuncia-obra-facil-pro-para-impulsionar-a-construcao-civil","status":"publish","type":"post","link":"https:\/\/www.pmpf.rs.gov.br\/secretaria-de-obras\/2024\/04\/02\/prefeito-pedro-almeida-anuncia-obra-facil-pro-para-impulsionar-a-construcao-civil\/","title":{"rendered":"Prefeito Pedro Almeida anuncia Obra F\u00e1cil Pro para impulsionar a constru\u00e7\u00e3o civil"},"content":{"rendered":"\n<p><\/p>\n\n\n\n<p><\/p>\n\n\n\n<p>Com o programa Obra F\u00e1cil, a Prefeitura desburocratizou, informatizou e facilitou a abertura e aprova\u00e7\u00e3o de projetos. Nesta ter\u00e7a-feira (2), em um encontro com o Sindicato das Ind\u00fastrias da Constru\u00e7\u00e3o e do Mobili\u00e1rio de Passo Fundo e Regi\u00e3o (Sinduscon), o prefeito Pedro Almeida assinou o decreto que cria a vers\u00e3o pro, ampliando a iniciativa, que era voltada somente ao segmento residencial, para atender tamb\u00e9m projetos comerciais e de grande porte.<\/p>\n\n\n\n<p><br>Em uma plataforma on-line, pelo site da Prefeitura, o respons\u00e1vel t\u00e9cnico pela obra poder\u00e1 fazer a abertura, o encaminhamento de documentos e o acompanhamento de processos, al\u00e9m de obter orienta\u00e7\u00f5es e a aprova\u00e7\u00e3o. \u201cEstamos dando aqui mais um grande passo para impulsionar ainda mais a constru\u00e7\u00e3o civil em Passo Fundo, que j\u00e1 \u00e9 o terceiro maior mercado imobili\u00e1rio do estado. Dentro de 30 dias, a plataforma do Obra F\u00e1cil Pro estar\u00e1 funcionando\u201d, enfatizou.<\/p>\n\n\n\n<p>O secret\u00e1rio de Obras, Rubens Astolfi, considerou que a digitaliza\u00e7\u00e3o torna os procedimentos mais \u00e1geis. \u201cDesde 2021, quase mil projetos residenciais j\u00e1 foram aprovados e, com a vers\u00e3o pro, ser\u00e1 poss\u00edvel acelerar os projetos maiores. \u00c9 um programa que desburocratiza, possibilita mais agilidade e transpar\u00eancia na an\u00e1lise de processos e uma maior intera\u00e7\u00e3o entre o engenheiro respons\u00e1vel e o analista t\u00e9cnico da Prefeitura\u201d, mencionou.<\/p>\n\n\n\n<p>O presidente do Sinduscon, Cristiano Basso, salientou a import\u00e2ncia da plataforma. \u201cAcredito que os arquitetos e engenheiros ficar\u00e3o muito satisfeitos. A nossa cidade merecia ter esta virada de p\u00e1gina para a constru\u00e7\u00e3o civil\u201d, pontuou.<\/p>\n","protected":false},"excerpt":{"rendered":"<p>A partir de uma plataforma on-line, ser\u00e1 poss\u00edvel abrir e receber a aprova\u00e7\u00e3o de projetos comerciais e de grande porte. Programa atende, desde 2021, os processos residenciais<\/p>\n","protected":false},"author":6,"featured_media":2235,"comment_status":"closed","ping_status":"closed","sticky":true,"template":"","format":"standard","meta":{"footnotes":""},"categories":[1],"tags":[],"class_list":["post-2234","post","type-post","status-publish","format-standard","has-post-thumbnail","hentry","category-sem-categoria"],"yoast_head":"<!-- This site is optimized with the Yoast SEO plugin v23.8 - https:\/\/yoast.com\/wordpress\/plugins\/seo\/ -->\n<title>Prefeito Pedro Almeida anuncia Obra F\u00e1cil Pro para impulsionar a constru\u00e7\u00e3o civil - Secretaria de Obras<\/title>\n<meta name=\"robots\" content=\"index, follow, max-snippet:-1, max-image-preview:large, max-video-preview:-1\" \/>\n<link rel=\"canonical\" href=\"https:\/\/www.pmpf.rs.gov.br\/secretaria-de-obras\/2024\/04\/02\/prefeito-pedro-almeida-anuncia-obra-facil-pro-para-impulsionar-a-construcao-civil\/\" \/>\n<meta property=\"og:locale\" content=\"pt_BR\" \/>\n<meta property=\"og:type\" content=\"article\" \/>\n<meta property=\"og:title\" content=\"Prefeito Pedro Almeida anuncia Obra F\u00e1cil Pro para impulsionar a constru\u00e7\u00e3o civil - Secretaria de Obras\" \/>\n<meta property=\"og:description\" content=\"A partir de uma plataforma on-line, ser\u00e1 poss\u00edvel abrir e receber a aprova\u00e7\u00e3o de projetos comerciais e de grande porte. Programa atende, desde 2021, os processos residenciais\" \/>\n<meta property=\"og:url\" content=\"https:\/\/www.pmpf.rs.gov.br\/secretaria-de-obras\/2024\/04\/02\/prefeito-pedro-almeida-anuncia-obra-facil-pro-para-impulsionar-a-construcao-civil\/\" \/>\n<meta property=\"og:site_name\" content=\"Secretaria de Obras\" \/>\n<meta property=\"article:published_time\" content=\"2024-04-02T19:41:17+00:00\" \/>\n<meta property=\"article:modified_time\" content=\"2024-04-02T19:41:18+00:00\" \/>\n<meta name=\"author\" content=\"andressazorzetto07\" \/>\n<meta name=\"twitter:card\" content=\"summary_large_image\" \/>\n<meta name=\"twitter:label1\" content=\"Escrito por\" \/>\n\t<meta name=\"twitter:data1\" content=\"andressazorzetto07\" \/>\n\t<meta name=\"twitter:label2\" content=\"Est. tempo de leitura\" \/>\n\t<meta name=\"twitter:data2\" content=\"1 minuto\" \/>\n<script type=\"application\/ld+json\" class=\"yoast-schema-graph\">{\"@context\":\"https:\/\/schema.org\",\"@graph\":[{\"@type\":\"WebPage\",\"@id\":\"https:\/\/www.pmpf.rs.gov.br\/secretaria-de-obras\/2024\/04\/02\/prefeito-pedro-almeida-anuncia-obra-facil-pro-para-impulsionar-a-construcao-civil\/\",\"url\":\"https:\/\/www.pmpf.rs.gov.br\/secretaria-de-obras\/2024\/04\/02\/prefeito-pedro-almeida-anuncia-obra-facil-pro-para-impulsionar-a-construcao-civil\/\",\"name\":\"Prefeito Pedro Almeida anuncia Obra F\u00e1cil Pro para impulsionar a constru\u00e7\u00e3o civil - Secretaria de Obras\",\"isPartOf\":{\"@id\":\"https:\/\/www.pmpf.rs.gov.br\/secretaria-de-obras\/#website\"},\"primaryImageOfPage\":{\"@id\":\"https:\/\/www.pmpf.rs.gov.br\/secretaria-de-obras\/2024\/04\/02\/prefeito-pedro-almeida-anuncia-obra-facil-pro-para-impulsionar-a-construcao-civil\/#primaryimage\"},\"image\":{\"@id\":\"https:\/\/www.pmpf.rs.gov.br\/secretaria-de-obras\/2024\/04\/02\/prefeito-pedro-almeida-anuncia-obra-facil-pro-para-impulsionar-a-construcao-civil\/#primaryimage\"},\"thumbnailUrl\":\"https:\/\/www.pmpf.rs.gov.br\/secretaria-de-obras\/wp-content\/uploads\/sites\/49\/2024\/04\/JHP03682-scaled.jpg\",\"datePublished\":\"2024-04-02T19:41:17+00:00\",\"dateModified\":\"2024-04-02T19:41:18+00:00\",\"author\":{\"@id\":\"https:\/\/www.pmpf.rs.gov.br\/secretaria-de-obras\/#\/schema\/person\/30ee1d1bd74da1469b01fcf086e43351\"},\"breadcrumb\":{\"@id\":\"https:\/\/www.pmpf.rs.gov.br\/secretaria-de-obras\/2024\/04\/02\/prefeito-pedro-almeida-anuncia-obra-facil-pro-para-impulsionar-a-construcao-civil\/#breadcrumb\"},\"inLanguage\":\"pt-BR\",\"potentialAction\":[{\"@type\":\"ReadAction\",\"target\":[\"https:\/\/www.pmpf.rs.gov.br\/secretaria-de-obras\/2024\/04\/02\/prefeito-pedro-almeida-anuncia-obra-facil-pro-para-impulsionar-a-construcao-civil\/\"]}]},{\"@type\":\"ImageObject\",\"inLanguage\":\"pt-BR\",\"@id\":\"https:\/\/www.pmpf.rs.gov.br\/secretaria-de-obras\/2024\/04\/02\/prefeito-pedro-almeida-anuncia-obra-facil-pro-para-impulsionar-a-construcao-civil\/#primaryimage\",\"url\":\"https:\/\/www.pmpf.rs.gov.br\/secretaria-de-obras\/wp-content\/uploads\/sites\/49\/2024\/04\/JHP03682-scaled.jpg\",\"contentUrl\":\"https:\/\/www.pmpf.rs.gov.br\/secretaria-de-obras\/wp-content\/uploads\/sites\/49\/2024\/04\/JHP03682-scaled.jpg\",\"width\":2560,\"height\":1707},{\"@type\":\"BreadcrumbList\",\"@id\":\"https:\/\/www.pmpf.rs.gov.br\/secretaria-de-obras\/2024\/04\/02\/prefeito-pedro-almeida-anuncia-obra-facil-pro-para-impulsionar-a-construcao-civil\/#breadcrumb\",\"itemListElement\":[{\"@type\":\"ListItem\",\"position\":1,\"name\":\"In\u00edcio\",\"item\":\"https:\/\/www.pmpf.rs.gov.br\/secretaria-de-obras\/\"},{\"@type\":\"ListItem\",\"position\":2,\"name\":\"Prefeito Pedro Almeida anuncia Obra F\u00e1cil Pro para impulsionar a constru\u00e7\u00e3o civil\"}]},{\"@type\":\"WebSite\",\"@id\":\"https:\/\/www.pmpf.rs.gov.br\/secretaria-de-obras\/#website\",\"url\":\"https:\/\/www.pmpf.rs.gov.br\/secretaria-de-obras\/\",\"name\":\"Secretaria de Obras\",\"description\":\"S\u00f3 mais um site Prefeitura de Passo Fundo\",\"potentialAction\":[{\"@type\":\"SearchAction\",\"target\":{\"@type\":\"EntryPoint\",\"urlTemplate\":\"https:\/\/www.pmpf.rs.gov.br\/secretaria-de-obras\/?s={search_term_string}\"},\"query-input\":{\"@type\":\"PropertyValueSpecification\",\"valueRequired\":true,\"valueName\":\"search_term_string\"}}],\"inLanguage\":\"pt-BR\"},{\"@type\":\"Person\",\"@id\":\"https:\/\/www.pmpf.rs.gov.br\/secretaria-de-obras\/#\/schema\/person\/30ee1d1bd74da1469b01fcf086e43351\",\"name\":\"andressazorzetto07\",\"image\":{\"@type\":\"ImageObject\",\"inLanguage\":\"pt-BR\",\"@id\":\"https:\/\/www.pmpf.rs.gov.br\/secretaria-de-obras\/#\/schema\/person\/image\/\",\"url\":\"https:\/\/secure.gravatar.com\/avatar\/14c5458ed79dc81da99a13b9ff5f9f19?s=96&d=mm&r=g\",\"contentUrl\":\"https:\/\/secure.gravatar.com\/avatar\/14c5458ed79dc81da99a13b9ff5f9f19?s=96&d=mm&r=g\",\"caption\":\"andressazorzetto07\"},\"url\":\"https:\/\/www.pmpf.rs.gov.br\/secretaria-de-obras\/author\/andressazorzetto07\/\"}]}<\/script>\n<!-- \/ Yoast SEO plugin. -->","yoast_head_json":{"title":"Prefeito Pedro Almeida anuncia Obra F\u00e1cil Pro para impulsionar a constru\u00e7\u00e3o civil - Secretaria de Obras","robots":{"index":"index","follow":"follow","max-snippet":"max-snippet:-1","max-image-preview":"max-image-preview:large","max-video-preview":"max-video-preview:-1"},"canonical":"https:\/\/www.pmpf.rs.gov.br\/secretaria-de-obras\/2024\/04\/02\/prefeito-pedro-almeida-anuncia-obra-facil-pro-para-impulsionar-a-construcao-civil\/","og_locale":"pt_BR","og_type":"article","og_title":"Prefeito Pedro Almeida anuncia Obra F\u00e1cil Pro para impulsionar a constru\u00e7\u00e3o civil - Secretaria de Obras","og_description":"A partir de uma plataforma on-line, ser\u00e1 poss\u00edvel abrir e receber a aprova\u00e7\u00e3o de projetos comerciais e de grande porte. Programa atende, desde 2021, os processos residenciais","og_url":"https:\/\/www.pmpf.rs.gov.br\/secretaria-de-obras\/2024\/04\/02\/prefeito-pedro-almeida-anuncia-obra-facil-pro-para-impulsionar-a-construcao-civil\/","og_site_name":"Secretaria de Obras","article_published_time":"2024-04-02T19:41:17+00:00","article_modified_time":"2024-04-02T19:41:18+00:00","author":"andressazorzetto07","twitter_card":"summary_large_image","twitter_misc":{"Escrito por":"andressazorzetto07","Est. tempo de leitura":"1 minuto"},"schema":{"@context":"https:\/\/schema.org","@graph":[{"@type":"WebPage","@id":"https:\/\/www.pmpf.rs.gov.br\/secretaria-de-obras\/2024\/04\/02\/prefeito-pedro-almeida-anuncia-obra-facil-pro-para-impulsionar-a-construcao-civil\/","url":"https:\/\/www.pmpf.rs.gov.br\/secretaria-de-obras\/2024\/04\/02\/prefeito-pedro-almeida-anuncia-obra-facil-pro-para-impulsionar-a-construcao-civil\/","name":"Prefeito Pedro Almeida anuncia Obra F\u00e1cil Pro para impulsionar a constru\u00e7\u00e3o civil - Secretaria de Obras","isPartOf":{"@id":"https:\/\/www.pmpf.rs.gov.br\/secretaria-de-obras\/#website"},"primaryImageOfPage":{"@id":"https:\/\/www.pmpf.rs.gov.br\/secretaria-de-obras\/2024\/04\/02\/prefeito-pedro-almeida-anuncia-obra-facil-pro-para-impulsionar-a-construcao-civil\/#primaryimage"},"image":{"@id":"https:\/\/www.pmpf.rs.gov.br\/secretaria-de-obras\/2024\/04\/02\/prefeito-pedro-almeida-anuncia-obra-facil-pro-para-impulsionar-a-construcao-civil\/#primaryimage"},"thumbnailUrl":"https:\/\/www.pmpf.rs.gov.br\/secretaria-de-obras\/wp-content\/uploads\/sites\/49\/2024\/04\/JHP03682-scaled.jpg","datePublished":"2024-04-02T19:41:17+00:00","dateModified":"2024-04-02T19:41:18+00:00","author":{"@id":"https:\/\/www.pmpf.rs.gov.br\/secretaria-de-obras\/#\/schema\/person\/30ee1d1bd74da1469b01fcf086e43351"},"breadcrumb":{"@id":"https:\/\/www.pmpf.rs.gov.br\/secretaria-de-obras\/2024\/04\/02\/prefeito-pedro-almeida-anuncia-obra-facil-pro-para-impulsionar-a-construcao-civil\/#breadcrumb"},"inLanguage":"pt-BR","potentialAction":[{"@type":"ReadAction","target":["https:\/\/www.pmpf.rs.gov.br\/secretaria-de-obras\/2024\/04\/02\/prefeito-pedro-almeida-anuncia-obra-facil-pro-para-impulsionar-a-construcao-civil\/"]}]},{"@type":"ImageObject","inLanguage":"pt-BR","@id":"https:\/\/www.pmpf.rs.gov.br\/secretaria-de-obras\/2024\/04\/02\/prefeito-pedro-almeida-anuncia-obra-facil-pro-para-impulsionar-a-construcao-civil\/#primaryimage","url":"https:\/\/www.pmpf.rs.gov.br\/secretaria-de-obras\/wp-content\/uploads\/sites\/49\/2024\/04\/JHP03682-scaled.jpg","contentUrl":"https:\/\/www.pmpf.rs.gov.br\/secretaria-de-obras\/wp-content\/uploads\/sites\/49\/2024\/04\/JHP03682-scaled.jpg","width":2560,"height":1707},{"@type":"BreadcrumbList","@id":"https:\/\/www.pmpf.rs.gov.br\/secretaria-de-obras\/2024\/04\/02\/prefeito-pedro-almeida-anuncia-obra-facil-pro-para-impulsionar-a-construcao-civil\/#breadcrumb","itemListElement":[{"@type":"ListItem","position":1,"name":"In\u00edcio","item":"https:\/\/www.pmpf.rs.gov.br\/secretaria-de-obras\/"},{"@type":"ListItem","position":2,"name":"Prefeito Pedro Almeida anuncia Obra F\u00e1cil Pro para impulsionar a constru\u00e7\u00e3o civil"}]},{"@type":"WebSite","@id":"https:\/\/www.pmpf.rs.gov.br\/secretaria-de-obras\/#website","url":"https:\/\/www.pmpf.rs.gov.br\/secretaria-de-obras\/","name":"Secretaria de Obras","description":"S\u00f3 mais um site Prefeitura de Passo Fundo","potentialAction":[{"@type":"SearchAction","target":{"@type":"EntryPoint","urlTemplate":"https:\/\/www.pmpf.rs.gov.br\/secretaria-de-obras\/?s={search_term_string}"},"query-input":{"@type":"PropertyValueSpecification","valueRequired":true,"valueName":"search_term_string"}}],"inLanguage":"pt-BR"},{"@type":"Person","@id":"https:\/\/www.pmpf.rs.gov.br\/secretaria-de-obras\/#\/schema\/person\/30ee1d1bd74da1469b01fcf086e43351","name":"andressazorzetto07","image":{"@type":"ImageObject","inLanguage":"pt-BR","@id":"https:\/\/www.pmpf.rs.gov.br\/secretaria-de-obras\/#\/schema\/person\/image\/","url":"https:\/\/secure.gravatar.com\/avatar\/14c5458ed79dc81da99a13b9ff5f9f19?s=96&d=mm&r=g","contentUrl":"https:\/\/secure.gravatar.com\/avatar\/14c5458ed79dc81da99a13b9ff5f9f19?s=96&d=mm&r=g","caption":"andressazorzetto07"},"url":"https:\/\/www.pmpf.rs.gov.br\/secretaria-de-obras\/author\/andressazorzetto07\/"}]}},"_links":{"self":[{"href":"https:\/\/www.pmpf.rs.gov.br\/secretaria-de-obras\/wp-json\/wp\/v2\/posts\/2234"}],"collection":[{"href":"https:\/\/www.pmpf.rs.gov.br\/secretaria-de-obras\/wp-json\/wp\/v2\/posts"}],"about":[{"href":"https:\/\/www.pmpf.rs.gov.br\/secretaria-de-obras\/wp-json\/wp\/v2\/types\/post"}],"author":[{"embeddable":true,"href":"https:\/\/www.pmpf.rs.gov.br\/secretaria-de-obras\/wp-json\/wp\/v2\/users\/6"}],"replies":[{"embeddable":true,"href":"https:\/\/www.pmpf.rs.gov.br\/secretaria-de-obras\/wp-json\/wp\/v2\/comments?post=2234"}],"version-history":[{"count":1,"href":"https:\/\/www.pmpf.rs.gov.br\/secretaria-de-obras\/wp-json\/wp\/v2\/posts\/2234\/revisions"}],"predecessor-version":[{"id":2236,"href":"https:\/\/www.pmpf.rs.gov.br\/secretaria-de-obras\/wp-json\/wp\/v2\/posts\/2234\/revisions\/2236"}],"wp:featuredmedia":[{"embeddable":true,"href":"https:\/\/www.pmpf.rs.gov.br\/secretaria-de-obras\/wp-json\/wp\/v2\/media\/2235"}],"wp:attachment":[{"href":"https:\/\/www.pmpf.rs.gov.br\/secretaria-de-obras\/wp-json\/wp\/v2\/media?parent=2234"}],"wp:term":[{"taxonomy":"category","embeddable":true,"href":"https:\/\/www.pmpf.rs.gov.br\/secretaria-de-obras\/wp-json\/wp\/v2\/categories?post=2234"},{"taxonomy":"post_tag","embeddable":true,"href":"https:\/\/www.pmpf.rs.gov.br\/secretaria-de-obras\/wp-json\/wp\/v2\/tags?post=2234"}],"curies":[{"name":"wp","href":"https:\/\/api.w.org\/{rel}","templated":true}]}}