{"id":2145,"date":"2024-01-12T17:33:51","date_gmt":"2024-01-12T20:33:51","guid":{"rendered":"https:\/\/www.pmpf.rs.gov.br\/secretaria-de-obras\/?p=2145"},"modified":"2024-01-12T17:33:52","modified_gmt":"2024-01-12T20:33:52","slug":"bairro-a-bairro-equipes-da-prefeitura-realizam-melhorias-na-regiao-do-bairro-sao-jose","status":"publish","type":"post","link":"https:\/\/www.pmpf.rs.gov.br\/secretaria-de-obras\/2024\/01\/12\/bairro-a-bairro-equipes-da-prefeitura-realizam-melhorias-na-regiao-do-bairro-sao-jose\/","title":{"rendered":"Bairro a Bairro: Equipes da Prefeitura realizam melhorias na regi\u00e3o do bairro S\u00e3o Jos\u00e9"},"content":{"rendered":"\n<p>A Prefeitura iniciou as obras de melhorias no bairro S\u00e3o Jos\u00e9 dentro do programa Bairro a Bairro, que acontece no s\u00e1bado (20). Neste evento integrado a regi\u00e3o ser\u00e1 contemplada com a\u00e7\u00f5es, servi\u00e7os e atividades que abrangem tamb\u00e9m os bairros Leonardo Ilha, Cana\u00e3 e Coronel Massot. Na manh\u00e3 desta sexta-feira, o Prefeito Pedro Almeida, acompanhado dos secret\u00e1rios envolvidos, foi conferir como est\u00e3o os preparativos para a atividade.<\/p>\n\n\n\n<p>Durante o Bairro a Bairro, a popula\u00e7\u00e3o tem acesso aos servi\u00e7os da Prefeitura, com a participa\u00e7\u00e3o de todas as secretarias do governo. \u201cNa visita de hoje, pude conversar as pessoas do bairro, ouvir as sugest\u00f5es, as ideias e trazer melhorias como a ilumina\u00e7\u00e3o em LED, a poda das \u00e1rvores, a limpeza do bairro que est\u00e1 se preparando para receber o nosso evento. Muitas melhorias est\u00e3o sendo feitas para que a gente tenha um grande Bairro a Bairro no dia 20\u201d, frisa o prefeito.<\/p>\n\n\n\n<p>De acordo com o secret\u00e1rio de Obras, Rubens Astolfi, est\u00e3o em andamento a\u00e7\u00f5es de melhorias e manuten\u00e7\u00e3o dos bairros. \u201cEstamos realizando melhorias na drenagem, limpeza de boca de lobo, opera\u00e7\u00f5es tapa-buraco de recupera\u00e7\u00e3o do asfalto, poda de \u00e1rvore, substitui\u00e7\u00e3o da ilumina\u00e7\u00e3o convencional por ilumina\u00e7\u00e3o em LED, limpeza, coloca\u00e7\u00e3o dos ecopontos do programa Cidade Limpa, programa Ponto de Qualidade, paradas de \u00f4nibus 100% restauradas, revitaliza\u00e7\u00e3o da sinaliza\u00e7\u00e3o vi\u00e1ria (horizontal e vertical) placas e pinturas, instala\u00e7\u00e3o de bancos e lixeiras em alguns pontos\u201d, detalha Astolfi.<\/p>\n\n\n\n<p>Conforme o secret\u00e1rio adjunto de Transportes e Servi\u00e7os Gerais, C\u00edcero Martins, os locais receber\u00e3o ainda outras a\u00e7\u00f5es para o evento na pr\u00f3xima semana. \u201cS\u00e3o trabalhos de ro\u00e7ada, capina, varri\u00e7\u00e3o. As paradas de \u00f4nibus est\u00e3o 100% restauradas, pintadas, com coloca\u00e7\u00e3o de bancos, todas concertadas, foram colocadas novas e reformadas as antigas, pintura de meio-fio, lombadas. Estamos finalizando agora a parte da pintura tamb\u00e9m do Bairro S\u00e3o Jos\u00e9 e indo para o Leonardo Ilha, Coronel Masso t e Cana\u00e3\u201d, pontua Martins.<\/p>\n\n\n\n<p>Esta edi\u00e7\u00e3o ter\u00e1 a\u00e7\u00f5es dos programas Cidade Limpa, Minha Rua com Asfalto, Viva a Pra\u00e7a, Caf\u00e9 com Emprego, Meu Bairro Meu Neg\u00f3cio, Escola das Profiss\u00f5es, \u00c9 o Bicho e demais servi\u00e7os de parceiros convidados e entidades dos bairros.<\/p>\n","protected":false},"excerpt":{"rendered":"<p>Evento integrado acontece no s\u00e1bado (20) e abrange tamb\u00e9m nos bairros Leonardo Ilha, Cana\u00e3 e Coronel Massot<\/p>\n","protected":false},"author":24,"featured_media":2146,"comment_status":"closed","ping_status":"closed","sticky":false,"template":"","format":"standard","meta":{"footnotes":""},"categories":[1],"tags":[],"class_list":["post-2145","post","type-post","status-publish","format-standard","has-post-thumbnail","hentry","category-sem-categoria"],"yoast_head":"<!-- This site is optimized with the Yoast SEO plugin v23.8 - https:\/\/yoast.com\/wordpress\/plugins\/seo\/ -->\n<title>Bairro a Bairro: Equipes da Prefeitura realizam melhorias na regi\u00e3o do bairro S\u00e3o Jos\u00e9 - Secretaria de Obras<\/title>\n<meta name=\"robots\" content=\"index, follow, max-snippet:-1, max-image-preview:large, max-video-preview:-1\" \/>\n<link rel=\"canonical\" href=\"https:\/\/www.pmpf.rs.gov.br\/secretaria-de-obras\/2024\/01\/12\/bairro-a-bairro-equipes-da-prefeitura-realizam-melhorias-na-regiao-do-bairro-sao-jose\/\" \/>\n<meta property=\"og:locale\" content=\"pt_BR\" \/>\n<meta property=\"og:type\" content=\"article\" \/>\n<meta property=\"og:title\" content=\"Bairro a Bairro: Equipes da Prefeitura realizam melhorias na regi\u00e3o do bairro S\u00e3o Jos\u00e9 - Secretaria de Obras\" \/>\n<meta property=\"og:description\" content=\"Evento integrado acontece no s\u00e1bado (20) e abrange tamb\u00e9m nos bairros Leonardo Ilha, Cana\u00e3 e Coronel Massot\" \/>\n<meta property=\"og:url\" content=\"https:\/\/www.pmpf.rs.gov.br\/secretaria-de-obras\/2024\/01\/12\/bairro-a-bairro-equipes-da-prefeitura-realizam-melhorias-na-regiao-do-bairro-sao-jose\/\" \/>\n<meta property=\"og:site_name\" content=\"Secretaria de Obras\" \/>\n<meta property=\"article:published_time\" content=\"2024-01-12T20:33:51+00:00\" \/>\n<meta property=\"article:modified_time\" content=\"2024-01-12T20:33:52+00:00\" \/>\n<meta name=\"author\" content=\"lilicrivello\" \/>\n<meta name=\"twitter:card\" content=\"summary_large_image\" \/>\n<meta name=\"twitter:label1\" content=\"Escrito por\" \/>\n\t<meta name=\"twitter:data1\" content=\"lilicrivello\" \/>\n\t<meta name=\"twitter:label2\" content=\"Est. tempo de leitura\" \/>\n\t<meta name=\"twitter:data2\" content=\"2 minutos\" \/>\n<script type=\"application\/ld+json\" class=\"yoast-schema-graph\">{\"@context\":\"https:\/\/schema.org\",\"@graph\":[{\"@type\":\"WebPage\",\"@id\":\"https:\/\/www.pmpf.rs.gov.br\/secretaria-de-obras\/2024\/01\/12\/bairro-a-bairro-equipes-da-prefeitura-realizam-melhorias-na-regiao-do-bairro-sao-jose\/\",\"url\":\"https:\/\/www.pmpf.rs.gov.br\/secretaria-de-obras\/2024\/01\/12\/bairro-a-bairro-equipes-da-prefeitura-realizam-melhorias-na-regiao-do-bairro-sao-jose\/\",\"name\":\"Bairro a Bairro: Equipes da Prefeitura realizam melhorias na regi\u00e3o do bairro S\u00e3o Jos\u00e9 - Secretaria de Obras\",\"isPartOf\":{\"@id\":\"https:\/\/www.pmpf.rs.gov.br\/secretaria-de-obras\/#website\"},\"primaryImageOfPage\":{\"@id\":\"https:\/\/www.pmpf.rs.gov.br\/secretaria-de-obras\/2024\/01\/12\/bairro-a-bairro-equipes-da-prefeitura-realizam-melhorias-na-regiao-do-bairro-sao-jose\/#primaryimage\"},\"image\":{\"@id\":\"https:\/\/www.pmpf.rs.gov.br\/secretaria-de-obras\/2024\/01\/12\/bairro-a-bairro-equipes-da-prefeitura-realizam-melhorias-na-regiao-do-bairro-sao-jose\/#primaryimage\"},\"thumbnailUrl\":\"https:\/\/www.pmpf.rs.gov.br\/secretaria-de-obras\/wp-content\/uploads\/sites\/49\/2024\/01\/MSF02006-scaled.jpg\",\"datePublished\":\"2024-01-12T20:33:51+00:00\",\"dateModified\":\"2024-01-12T20:33:52+00:00\",\"author\":{\"@id\":\"https:\/\/www.pmpf.rs.gov.br\/secretaria-de-obras\/#\/schema\/person\/6e93b0ab2174b69f691ac4f278ba2d0a\"},\"breadcrumb\":{\"@id\":\"https:\/\/www.pmpf.rs.gov.br\/secretaria-de-obras\/2024\/01\/12\/bairro-a-bairro-equipes-da-prefeitura-realizam-melhorias-na-regiao-do-bairro-sao-jose\/#breadcrumb\"},\"inLanguage\":\"pt-BR\",\"potentialAction\":[{\"@type\":\"ReadAction\",\"target\":[\"https:\/\/www.pmpf.rs.gov.br\/secretaria-de-obras\/2024\/01\/12\/bairro-a-bairro-equipes-da-prefeitura-realizam-melhorias-na-regiao-do-bairro-sao-jose\/\"]}]},{\"@type\":\"ImageObject\",\"inLanguage\":\"pt-BR\",\"@id\":\"https:\/\/www.pmpf.rs.gov.br\/secretaria-de-obras\/2024\/01\/12\/bairro-a-bairro-equipes-da-prefeitura-realizam-melhorias-na-regiao-do-bairro-sao-jose\/#primaryimage\",\"url\":\"https:\/\/www.pmpf.rs.gov.br\/secretaria-de-obras\/wp-content\/uploads\/sites\/49\/2024\/01\/MSF02006-scaled.jpg\",\"contentUrl\":\"https:\/\/www.pmpf.rs.gov.br\/secretaria-de-obras\/wp-content\/uploads\/sites\/49\/2024\/01\/MSF02006-scaled.jpg\",\"width\":1707,\"height\":2560},{\"@type\":\"BreadcrumbList\",\"@id\":\"https:\/\/www.pmpf.rs.gov.br\/secretaria-de-obras\/2024\/01\/12\/bairro-a-bairro-equipes-da-prefeitura-realizam-melhorias-na-regiao-do-bairro-sao-jose\/#breadcrumb\",\"itemListElement\":[{\"@type\":\"ListItem\",\"position\":1,\"name\":\"In\u00edcio\",\"item\":\"https:\/\/www.pmpf.rs.gov.br\/secretaria-de-obras\/\"},{\"@type\":\"ListItem\",\"position\":2,\"name\":\"Bairro a Bairro: Equipes da Prefeitura realizam melhorias na regi\u00e3o do bairro S\u00e3o Jos\u00e9\"}]},{\"@type\":\"WebSite\",\"@id\":\"https:\/\/www.pmpf.rs.gov.br\/secretaria-de-obras\/#website\",\"url\":\"https:\/\/www.pmpf.rs.gov.br\/secretaria-de-obras\/\",\"name\":\"Secretaria de Obras\",\"description\":\"S\u00f3 mais um site Prefeitura de Passo Fundo\",\"potentialAction\":[{\"@type\":\"SearchAction\",\"target\":{\"@type\":\"EntryPoint\",\"urlTemplate\":\"https:\/\/www.pmpf.rs.gov.br\/secretaria-de-obras\/?s={search_term_string}\"},\"query-input\":{\"@type\":\"PropertyValueSpecification\",\"valueRequired\":true,\"valueName\":\"search_term_string\"}}],\"inLanguage\":\"pt-BR\"},{\"@type\":\"Person\",\"@id\":\"https:\/\/www.pmpf.rs.gov.br\/secretaria-de-obras\/#\/schema\/person\/6e93b0ab2174b69f691ac4f278ba2d0a\",\"name\":\"lilicrivello\",\"image\":{\"@type\":\"ImageObject\",\"inLanguage\":\"pt-BR\",\"@id\":\"https:\/\/www.pmpf.rs.gov.br\/secretaria-de-obras\/#\/schema\/person\/image\/\",\"url\":\"https:\/\/secure.gravatar.com\/avatar\/0b546b667388f8edb7b67d70a57b5e46?s=96&d=mm&r=g\",\"contentUrl\":\"https:\/\/secure.gravatar.com\/avatar\/0b546b667388f8edb7b67d70a57b5e46?s=96&d=mm&r=g\",\"caption\":\"lilicrivello\"},\"url\":\"https:\/\/www.pmpf.rs.gov.br\/secretaria-de-obras\/author\/lilicrivello\/\"}]}<\/script>\n<!-- \/ Yoast SEO plugin. -->","yoast_head_json":{"title":"Bairro a Bairro: Equipes da Prefeitura realizam melhorias na regi\u00e3o do bairro S\u00e3o Jos\u00e9 - Secretaria de Obras","robots":{"index":"index","follow":"follow","max-snippet":"max-snippet:-1","max-image-preview":"max-image-preview:large","max-video-preview":"max-video-preview:-1"},"canonical":"https:\/\/www.pmpf.rs.gov.br\/secretaria-de-obras\/2024\/01\/12\/bairro-a-bairro-equipes-da-prefeitura-realizam-melhorias-na-regiao-do-bairro-sao-jose\/","og_locale":"pt_BR","og_type":"article","og_title":"Bairro a Bairro: Equipes da Prefeitura realizam melhorias na regi\u00e3o do bairro S\u00e3o Jos\u00e9 - Secretaria de Obras","og_description":"Evento integrado acontece no s\u00e1bado (20) e abrange tamb\u00e9m nos bairros Leonardo Ilha, Cana\u00e3 e Coronel Massot","og_url":"https:\/\/www.pmpf.rs.gov.br\/secretaria-de-obras\/2024\/01\/12\/bairro-a-bairro-equipes-da-prefeitura-realizam-melhorias-na-regiao-do-bairro-sao-jose\/","og_site_name":"Secretaria de Obras","article_published_time":"2024-01-12T20:33:51+00:00","article_modified_time":"2024-01-12T20:33:52+00:00","author":"lilicrivello","twitter_card":"summary_large_image","twitter_misc":{"Escrito por":"lilicrivello","Est. tempo de leitura":"2 minutos"},"schema":{"@context":"https:\/\/schema.org","@graph":[{"@type":"WebPage","@id":"https:\/\/www.pmpf.rs.gov.br\/secretaria-de-obras\/2024\/01\/12\/bairro-a-bairro-equipes-da-prefeitura-realizam-melhorias-na-regiao-do-bairro-sao-jose\/","url":"https:\/\/www.pmpf.rs.gov.br\/secretaria-de-obras\/2024\/01\/12\/bairro-a-bairro-equipes-da-prefeitura-realizam-melhorias-na-regiao-do-bairro-sao-jose\/","name":"Bairro a Bairro: Equipes da Prefeitura realizam melhorias na regi\u00e3o do bairro S\u00e3o Jos\u00e9 - Secretaria de Obras","isPartOf":{"@id":"https:\/\/www.pmpf.rs.gov.br\/secretaria-de-obras\/#website"},"primaryImageOfPage":{"@id":"https:\/\/www.pmpf.rs.gov.br\/secretaria-de-obras\/2024\/01\/12\/bairro-a-bairro-equipes-da-prefeitura-realizam-melhorias-na-regiao-do-bairro-sao-jose\/#primaryimage"},"image":{"@id":"https:\/\/www.pmpf.rs.gov.br\/secretaria-de-obras\/2024\/01\/12\/bairro-a-bairro-equipes-da-prefeitura-realizam-melhorias-na-regiao-do-bairro-sao-jose\/#primaryimage"},"thumbnailUrl":"https:\/\/www.pmpf.rs.gov.br\/secretaria-de-obras\/wp-content\/uploads\/sites\/49\/2024\/01\/MSF02006-scaled.jpg","datePublished":"2024-01-12T20:33:51+00:00","dateModified":"2024-01-12T20:33:52+00:00","author":{"@id":"https:\/\/www.pmpf.rs.gov.br\/secretaria-de-obras\/#\/schema\/person\/6e93b0ab2174b69f691ac4f278ba2d0a"},"breadcrumb":{"@id":"https:\/\/www.pmpf.rs.gov.br\/secretaria-de-obras\/2024\/01\/12\/bairro-a-bairro-equipes-da-prefeitura-realizam-melhorias-na-regiao-do-bairro-sao-jose\/#breadcrumb"},"inLanguage":"pt-BR","potentialAction":[{"@type":"ReadAction","target":["https:\/\/www.pmpf.rs.gov.br\/secretaria-de-obras\/2024\/01\/12\/bairro-a-bairro-equipes-da-prefeitura-realizam-melhorias-na-regiao-do-bairro-sao-jose\/"]}]},{"@type":"ImageObject","inLanguage":"pt-BR","@id":"https:\/\/www.pmpf.rs.gov.br\/secretaria-de-obras\/2024\/01\/12\/bairro-a-bairro-equipes-da-prefeitura-realizam-melhorias-na-regiao-do-bairro-sao-jose\/#primaryimage","url":"https:\/\/www.pmpf.rs.gov.br\/secretaria-de-obras\/wp-content\/uploads\/sites\/49\/2024\/01\/MSF02006-scaled.jpg","contentUrl":"https:\/\/www.pmpf.rs.gov.br\/secretaria-de-obras\/wp-content\/uploads\/sites\/49\/2024\/01\/MSF02006-scaled.jpg","width":1707,"height":2560},{"@type":"BreadcrumbList","@id":"https:\/\/www.pmpf.rs.gov.br\/secretaria-de-obras\/2024\/01\/12\/bairro-a-bairro-equipes-da-prefeitura-realizam-melhorias-na-regiao-do-bairro-sao-jose\/#breadcrumb","itemListElement":[{"@type":"ListItem","position":1,"name":"In\u00edcio","item":"https:\/\/www.pmpf.rs.gov.br\/secretaria-de-obras\/"},{"@type":"ListItem","position":2,"name":"Bairro a Bairro: Equipes da Prefeitura realizam melhorias na regi\u00e3o do bairro S\u00e3o Jos\u00e9"}]},{"@type":"WebSite","@id":"https:\/\/www.pmpf.rs.gov.br\/secretaria-de-obras\/#website","url":"https:\/\/www.pmpf.rs.gov.br\/secretaria-de-obras\/","name":"Secretaria de Obras","description":"S\u00f3 mais um site Prefeitura de Passo Fundo","potentialAction":[{"@type":"SearchAction","target":{"@type":"EntryPoint","urlTemplate":"https:\/\/www.pmpf.rs.gov.br\/secretaria-de-obras\/?s={search_term_string}"},"query-input":{"@type":"PropertyValueSpecification","valueRequired":true,"valueName":"search_term_string"}}],"inLanguage":"pt-BR"},{"@type":"Person","@id":"https:\/\/www.pmpf.rs.gov.br\/secretaria-de-obras\/#\/schema\/person\/6e93b0ab2174b69f691ac4f278ba2d0a","name":"lilicrivello","image":{"@type":"ImageObject","inLanguage":"pt-BR","@id":"https:\/\/www.pmpf.rs.gov.br\/secretaria-de-obras\/#\/schema\/person\/image\/","url":"https:\/\/secure.gravatar.com\/avatar\/0b546b667388f8edb7b67d70a57b5e46?s=96&d=mm&r=g","contentUrl":"https:\/\/secure.gravatar.com\/avatar\/0b546b667388f8edb7b67d70a57b5e46?s=96&d=mm&r=g","caption":"lilicrivello"},"url":"https:\/\/www.pmpf.rs.gov.br\/secretaria-de-obras\/author\/lilicrivello\/"}]}},"_links":{"self":[{"href":"https:\/\/www.pmpf.rs.gov.br\/secretaria-de-obras\/wp-json\/wp\/v2\/posts\/2145"}],"collection":[{"href":"https:\/\/www.pmpf.rs.gov.br\/secretaria-de-obras\/wp-json\/wp\/v2\/posts"}],"about":[{"href":"https:\/\/www.pmpf.rs.gov.br\/secretaria-de-obras\/wp-json\/wp\/v2\/types\/post"}],"author":[{"embeddable":true,"href":"https:\/\/www.pmpf.rs.gov.br\/secretaria-de-obras\/wp-json\/wp\/v2\/users\/24"}],"replies":[{"embeddable":true,"href":"https:\/\/www.pmpf.rs.gov.br\/secretaria-de-obras\/wp-json\/wp\/v2\/comments?post=2145"}],"version-history":[{"count":1,"href":"https:\/\/www.pmpf.rs.gov.br\/secretaria-de-obras\/wp-json\/wp\/v2\/posts\/2145\/revisions"}],"predecessor-version":[{"id":2147,"href":"https:\/\/www.pmpf.rs.gov.br\/secretaria-de-obras\/wp-json\/wp\/v2\/posts\/2145\/revisions\/2147"}],"wp:featuredmedia":[{"embeddable":true,"href":"https:\/\/www.pmpf.rs.gov.br\/secretaria-de-obras\/wp-json\/wp\/v2\/media\/2146"}],"wp:attachment":[{"href":"https:\/\/www.pmpf.rs.gov.br\/secretaria-de-obras\/wp-json\/wp\/v2\/media?parent=2145"}],"wp:term":[{"taxonomy":"category","embeddable":true,"href":"https:\/\/www.pmpf.rs.gov.br\/secretaria-de-obras\/wp-json\/wp\/v2\/categories?post=2145"},{"taxonomy":"post_tag","embeddable":true,"href":"https:\/\/www.pmpf.rs.gov.br\/secretaria-de-obras\/wp-json\/wp\/v2\/tags?post=2145"}],"curies":[{"name":"wp","href":"https:\/\/api.w.org\/{rel}","templated":true}]}}