{"id":2139,"date":"2023-12-13T15:35:12","date_gmt":"2023-12-13T18:35:12","guid":{"rendered":"https:\/\/www.pmpf.rs.gov.br\/secretaria-de-obras\/?p=2139"},"modified":"2023-12-13T15:35:13","modified_gmt":"2023-12-13T18:35:13","slug":"avancam-obras-da-prefeitura-na-presidente-vargas","status":"publish","type":"post","link":"https:\/\/www.pmpf.rs.gov.br\/secretaria-de-obras\/2023\/12\/13\/avancam-obras-da-prefeitura-na-presidente-vargas\/","title":{"rendered":"Avan\u00e7am obras da Prefeitura na Presidente Vargas"},"content":{"rendered":"\n<p>Uma das principais obras de infraestrutura da Prefeitura de Passo Fundo, a revitaliza\u00e7\u00e3o da Avenida Presidente Vargas est\u00e1 avan\u00e7ando com diferentes servi\u00e7os. O projeto prev\u00ea a nova pavimenta\u00e7\u00e3o asf\u00e1ltica, refor\u00e7o na drenagem, ilumina\u00e7\u00e3o em LED, paisagismo, sinaliza\u00e7\u00e3o vi\u00e1ria e pontos de \u00f4nibus em concreto. Tamb\u00e9m contar\u00e1 com o alargamento do canteiro central, sem comprometer o fluxo de ve\u00edculos, continuando com duas pistas em cada lado, ciclovia e caminh\u00f3dromo.<\/p>\n\n\n\n<p>Nesta semana, a ilumina\u00e7\u00e3o p\u00fablica em LED foi finalizada, no trecho entre o trevo do Ricci e a Rua Valentim Grazziotin. A empresa respons\u00e1vel tamb\u00e9m est\u00e1 executando a concretagem do caminh\u00f3dromo e da ciclovia e realizando o plantio da grama. As equipes est\u00e3o trabalhando, ainda, na coloca\u00e7\u00e3o da pavimenta\u00e7\u00e3o asf\u00e1ltica na pista de rolamento que havia sido fresada.<\/p>\n\n\n\n<p>\u201cEstamos aproveitando o clima e os dias secos para asfaltar a pista, inclusive trabalhando \u00e0 noite para acelerar o processo do novo asfalto\u201d, disse Rubens Astolfi, secret\u00e1rio de Obras. Conforme ele, a revitaliza\u00e7\u00e3o da Avenida Presidente Vargas tem o objetivo de melhorar a mobilidade urbana na regi\u00e3o da S\u00e3o Crist\u00f3v\u00e3o e fazer a padroniza\u00e7\u00e3o das pistas. \u201cA avenida continuar\u00e1 tendo as duas pistas de rolamento de cada lado com os canteiros centrais, como sempre teve, e os estacionamentos permanecem onde j\u00e1 existem, sem mudan\u00e7as nestes itens\u201d, concluiu Rubens.<\/p>\n\n\n\n<p>A previs\u00e3o \u00e9 de que at\u00e9 o final deste ano seja conclu\u00eddo esse trecho contratado da primeira fase de melhorias da Avenida. \u201cA continuidade e conclus\u00e3o passam pelas condi\u00e7\u00f5es clim\u00e1ticas favor\u00e1veis para finalizar a obra\u201d, destacou o secret\u00e1rio Astolfi, que ainda ressaltou que a avenida contar\u00e1 com arboriza\u00e7\u00e3o. \u201cEssa ser\u00e1 uma outra etapa e deve ser concretizada no pr\u00f3ximo ano\u201d, observou.<\/p>\n","protected":false},"excerpt":{"rendered":"<p>Avenida j\u00e1 conta com ilumina\u00e7\u00e3o em LED e caminh\u00f3dromo. Est\u00e1 sendo executado o asfalto no trecho da primeira fase<\/p>\n","protected":false},"author":24,"featured_media":2140,"comment_status":"closed","ping_status":"closed","sticky":false,"template":"","format":"standard","meta":{"footnotes":""},"categories":[1],"tags":[],"class_list":["post-2139","post","type-post","status-publish","format-standard","has-post-thumbnail","hentry","category-sem-categoria"],"yoast_head":"<!-- This site is optimized with the Yoast SEO plugin v23.8 - https:\/\/yoast.com\/wordpress\/plugins\/seo\/ -->\n<title>Avan\u00e7am obras da Prefeitura na Presidente Vargas - Secretaria de Obras<\/title>\n<meta name=\"robots\" content=\"index, follow, max-snippet:-1, max-image-preview:large, max-video-preview:-1\" \/>\n<link rel=\"canonical\" href=\"https:\/\/www.pmpf.rs.gov.br\/secretaria-de-obras\/2023\/12\/13\/avancam-obras-da-prefeitura-na-presidente-vargas\/\" \/>\n<meta property=\"og:locale\" content=\"pt_BR\" \/>\n<meta property=\"og:type\" content=\"article\" \/>\n<meta property=\"og:title\" content=\"Avan\u00e7am obras da Prefeitura na Presidente Vargas - Secretaria de Obras\" \/>\n<meta property=\"og:description\" content=\"Avenida j\u00e1 conta com ilumina\u00e7\u00e3o em LED e caminh\u00f3dromo. Est\u00e1 sendo executado o asfalto no trecho da primeira fase\" \/>\n<meta property=\"og:url\" content=\"https:\/\/www.pmpf.rs.gov.br\/secretaria-de-obras\/2023\/12\/13\/avancam-obras-da-prefeitura-na-presidente-vargas\/\" \/>\n<meta property=\"og:site_name\" content=\"Secretaria de Obras\" \/>\n<meta property=\"article:published_time\" content=\"2023-12-13T18:35:12+00:00\" \/>\n<meta property=\"article:modified_time\" content=\"2023-12-13T18:35:13+00:00\" \/>\n<meta name=\"author\" content=\"lilicrivello\" \/>\n<meta name=\"twitter:card\" content=\"summary_large_image\" \/>\n<meta name=\"twitter:label1\" content=\"Escrito por\" \/>\n\t<meta name=\"twitter:data1\" content=\"lilicrivello\" \/>\n\t<meta name=\"twitter:label2\" content=\"Est. tempo de leitura\" \/>\n\t<meta name=\"twitter:data2\" content=\"2 minutos\" \/>\n<script type=\"application\/ld+json\" class=\"yoast-schema-graph\">{\"@context\":\"https:\/\/schema.org\",\"@graph\":[{\"@type\":\"WebPage\",\"@id\":\"https:\/\/www.pmpf.rs.gov.br\/secretaria-de-obras\/2023\/12\/13\/avancam-obras-da-prefeitura-na-presidente-vargas\/\",\"url\":\"https:\/\/www.pmpf.rs.gov.br\/secretaria-de-obras\/2023\/12\/13\/avancam-obras-da-prefeitura-na-presidente-vargas\/\",\"name\":\"Avan\u00e7am obras da Prefeitura na Presidente Vargas - Secretaria de Obras\",\"isPartOf\":{\"@id\":\"https:\/\/www.pmpf.rs.gov.br\/secretaria-de-obras\/#website\"},\"primaryImageOfPage\":{\"@id\":\"https:\/\/www.pmpf.rs.gov.br\/secretaria-de-obras\/2023\/12\/13\/avancam-obras-da-prefeitura-na-presidente-vargas\/#primaryimage\"},\"image\":{\"@id\":\"https:\/\/www.pmpf.rs.gov.br\/secretaria-de-obras\/2023\/12\/13\/avancam-obras-da-prefeitura-na-presidente-vargas\/#primaryimage\"},\"thumbnailUrl\":\"https:\/\/www.pmpf.rs.gov.br\/secretaria-de-obras\/wp-content\/uploads\/sites\/49\/2023\/12\/JHP00975-scaled.jpg\",\"datePublished\":\"2023-12-13T18:35:12+00:00\",\"dateModified\":\"2023-12-13T18:35:13+00:00\",\"author\":{\"@id\":\"https:\/\/www.pmpf.rs.gov.br\/secretaria-de-obras\/#\/schema\/person\/6e93b0ab2174b69f691ac4f278ba2d0a\"},\"breadcrumb\":{\"@id\":\"https:\/\/www.pmpf.rs.gov.br\/secretaria-de-obras\/2023\/12\/13\/avancam-obras-da-prefeitura-na-presidente-vargas\/#breadcrumb\"},\"inLanguage\":\"pt-BR\",\"potentialAction\":[{\"@type\":\"ReadAction\",\"target\":[\"https:\/\/www.pmpf.rs.gov.br\/secretaria-de-obras\/2023\/12\/13\/avancam-obras-da-prefeitura-na-presidente-vargas\/\"]}]},{\"@type\":\"ImageObject\",\"inLanguage\":\"pt-BR\",\"@id\":\"https:\/\/www.pmpf.rs.gov.br\/secretaria-de-obras\/2023\/12\/13\/avancam-obras-da-prefeitura-na-presidente-vargas\/#primaryimage\",\"url\":\"https:\/\/www.pmpf.rs.gov.br\/secretaria-de-obras\/wp-content\/uploads\/sites\/49\/2023\/12\/JHP00975-scaled.jpg\",\"contentUrl\":\"https:\/\/www.pmpf.rs.gov.br\/secretaria-de-obras\/wp-content\/uploads\/sites\/49\/2023\/12\/JHP00975-scaled.jpg\",\"width\":2560,\"height\":1707},{\"@type\":\"BreadcrumbList\",\"@id\":\"https:\/\/www.pmpf.rs.gov.br\/secretaria-de-obras\/2023\/12\/13\/avancam-obras-da-prefeitura-na-presidente-vargas\/#breadcrumb\",\"itemListElement\":[{\"@type\":\"ListItem\",\"position\":1,\"name\":\"In\u00edcio\",\"item\":\"https:\/\/www.pmpf.rs.gov.br\/secretaria-de-obras\/\"},{\"@type\":\"ListItem\",\"position\":2,\"name\":\"Avan\u00e7am obras da Prefeitura na Presidente Vargas\"}]},{\"@type\":\"WebSite\",\"@id\":\"https:\/\/www.pmpf.rs.gov.br\/secretaria-de-obras\/#website\",\"url\":\"https:\/\/www.pmpf.rs.gov.br\/secretaria-de-obras\/\",\"name\":\"Secretaria de Obras\",\"description\":\"S\u00f3 mais um site Prefeitura de Passo Fundo\",\"potentialAction\":[{\"@type\":\"SearchAction\",\"target\":{\"@type\":\"EntryPoint\",\"urlTemplate\":\"https:\/\/www.pmpf.rs.gov.br\/secretaria-de-obras\/?s={search_term_string}\"},\"query-input\":{\"@type\":\"PropertyValueSpecification\",\"valueRequired\":true,\"valueName\":\"search_term_string\"}}],\"inLanguage\":\"pt-BR\"},{\"@type\":\"Person\",\"@id\":\"https:\/\/www.pmpf.rs.gov.br\/secretaria-de-obras\/#\/schema\/person\/6e93b0ab2174b69f691ac4f278ba2d0a\",\"name\":\"lilicrivello\",\"image\":{\"@type\":\"ImageObject\",\"inLanguage\":\"pt-BR\",\"@id\":\"https:\/\/www.pmpf.rs.gov.br\/secretaria-de-obras\/#\/schema\/person\/image\/\",\"url\":\"https:\/\/secure.gravatar.com\/avatar\/0b546b667388f8edb7b67d70a57b5e46?s=96&d=mm&r=g\",\"contentUrl\":\"https:\/\/secure.gravatar.com\/avatar\/0b546b667388f8edb7b67d70a57b5e46?s=96&d=mm&r=g\",\"caption\":\"lilicrivello\"},\"url\":\"https:\/\/www.pmpf.rs.gov.br\/secretaria-de-obras\/author\/lilicrivello\/\"}]}<\/script>\n<!-- \/ Yoast SEO plugin. -->","yoast_head_json":{"title":"Avan\u00e7am obras da Prefeitura na Presidente Vargas - Secretaria de Obras","robots":{"index":"index","follow":"follow","max-snippet":"max-snippet:-1","max-image-preview":"max-image-preview:large","max-video-preview":"max-video-preview:-1"},"canonical":"https:\/\/www.pmpf.rs.gov.br\/secretaria-de-obras\/2023\/12\/13\/avancam-obras-da-prefeitura-na-presidente-vargas\/","og_locale":"pt_BR","og_type":"article","og_title":"Avan\u00e7am obras da Prefeitura na Presidente Vargas - Secretaria de Obras","og_description":"Avenida j\u00e1 conta com ilumina\u00e7\u00e3o em LED e caminh\u00f3dromo. Est\u00e1 sendo executado o asfalto no trecho da primeira fase","og_url":"https:\/\/www.pmpf.rs.gov.br\/secretaria-de-obras\/2023\/12\/13\/avancam-obras-da-prefeitura-na-presidente-vargas\/","og_site_name":"Secretaria de Obras","article_published_time":"2023-12-13T18:35:12+00:00","article_modified_time":"2023-12-13T18:35:13+00:00","author":"lilicrivello","twitter_card":"summary_large_image","twitter_misc":{"Escrito por":"lilicrivello","Est. tempo de leitura":"2 minutos"},"schema":{"@context":"https:\/\/schema.org","@graph":[{"@type":"WebPage","@id":"https:\/\/www.pmpf.rs.gov.br\/secretaria-de-obras\/2023\/12\/13\/avancam-obras-da-prefeitura-na-presidente-vargas\/","url":"https:\/\/www.pmpf.rs.gov.br\/secretaria-de-obras\/2023\/12\/13\/avancam-obras-da-prefeitura-na-presidente-vargas\/","name":"Avan\u00e7am obras da Prefeitura na Presidente Vargas - Secretaria de Obras","isPartOf":{"@id":"https:\/\/www.pmpf.rs.gov.br\/secretaria-de-obras\/#website"},"primaryImageOfPage":{"@id":"https:\/\/www.pmpf.rs.gov.br\/secretaria-de-obras\/2023\/12\/13\/avancam-obras-da-prefeitura-na-presidente-vargas\/#primaryimage"},"image":{"@id":"https:\/\/www.pmpf.rs.gov.br\/secretaria-de-obras\/2023\/12\/13\/avancam-obras-da-prefeitura-na-presidente-vargas\/#primaryimage"},"thumbnailUrl":"https:\/\/www.pmpf.rs.gov.br\/secretaria-de-obras\/wp-content\/uploads\/sites\/49\/2023\/12\/JHP00975-scaled.jpg","datePublished":"2023-12-13T18:35:12+00:00","dateModified":"2023-12-13T18:35:13+00:00","author":{"@id":"https:\/\/www.pmpf.rs.gov.br\/secretaria-de-obras\/#\/schema\/person\/6e93b0ab2174b69f691ac4f278ba2d0a"},"breadcrumb":{"@id":"https:\/\/www.pmpf.rs.gov.br\/secretaria-de-obras\/2023\/12\/13\/avancam-obras-da-prefeitura-na-presidente-vargas\/#breadcrumb"},"inLanguage":"pt-BR","potentialAction":[{"@type":"ReadAction","target":["https:\/\/www.pmpf.rs.gov.br\/secretaria-de-obras\/2023\/12\/13\/avancam-obras-da-prefeitura-na-presidente-vargas\/"]}]},{"@type":"ImageObject","inLanguage":"pt-BR","@id":"https:\/\/www.pmpf.rs.gov.br\/secretaria-de-obras\/2023\/12\/13\/avancam-obras-da-prefeitura-na-presidente-vargas\/#primaryimage","url":"https:\/\/www.pmpf.rs.gov.br\/secretaria-de-obras\/wp-content\/uploads\/sites\/49\/2023\/12\/JHP00975-scaled.jpg","contentUrl":"https:\/\/www.pmpf.rs.gov.br\/secretaria-de-obras\/wp-content\/uploads\/sites\/49\/2023\/12\/JHP00975-scaled.jpg","width":2560,"height":1707},{"@type":"BreadcrumbList","@id":"https:\/\/www.pmpf.rs.gov.br\/secretaria-de-obras\/2023\/12\/13\/avancam-obras-da-prefeitura-na-presidente-vargas\/#breadcrumb","itemListElement":[{"@type":"ListItem","position":1,"name":"In\u00edcio","item":"https:\/\/www.pmpf.rs.gov.br\/secretaria-de-obras\/"},{"@type":"ListItem","position":2,"name":"Avan\u00e7am obras da Prefeitura na Presidente Vargas"}]},{"@type":"WebSite","@id":"https:\/\/www.pmpf.rs.gov.br\/secretaria-de-obras\/#website","url":"https:\/\/www.pmpf.rs.gov.br\/secretaria-de-obras\/","name":"Secretaria de Obras","description":"S\u00f3 mais um site Prefeitura de Passo Fundo","potentialAction":[{"@type":"SearchAction","target":{"@type":"EntryPoint","urlTemplate":"https:\/\/www.pmpf.rs.gov.br\/secretaria-de-obras\/?s={search_term_string}"},"query-input":{"@type":"PropertyValueSpecification","valueRequired":true,"valueName":"search_term_string"}}],"inLanguage":"pt-BR"},{"@type":"Person","@id":"https:\/\/www.pmpf.rs.gov.br\/secretaria-de-obras\/#\/schema\/person\/6e93b0ab2174b69f691ac4f278ba2d0a","name":"lilicrivello","image":{"@type":"ImageObject","inLanguage":"pt-BR","@id":"https:\/\/www.pmpf.rs.gov.br\/secretaria-de-obras\/#\/schema\/person\/image\/","url":"https:\/\/secure.gravatar.com\/avatar\/0b546b667388f8edb7b67d70a57b5e46?s=96&d=mm&r=g","contentUrl":"https:\/\/secure.gravatar.com\/avatar\/0b546b667388f8edb7b67d70a57b5e46?s=96&d=mm&r=g","caption":"lilicrivello"},"url":"https:\/\/www.pmpf.rs.gov.br\/secretaria-de-obras\/author\/lilicrivello\/"}]}},"_links":{"self":[{"href":"https:\/\/www.pmpf.rs.gov.br\/secretaria-de-obras\/wp-json\/wp\/v2\/posts\/2139"}],"collection":[{"href":"https:\/\/www.pmpf.rs.gov.br\/secretaria-de-obras\/wp-json\/wp\/v2\/posts"}],"about":[{"href":"https:\/\/www.pmpf.rs.gov.br\/secretaria-de-obras\/wp-json\/wp\/v2\/types\/post"}],"author":[{"embeddable":true,"href":"https:\/\/www.pmpf.rs.gov.br\/secretaria-de-obras\/wp-json\/wp\/v2\/users\/24"}],"replies":[{"embeddable":true,"href":"https:\/\/www.pmpf.rs.gov.br\/secretaria-de-obras\/wp-json\/wp\/v2\/comments?post=2139"}],"version-history":[{"count":1,"href":"https:\/\/www.pmpf.rs.gov.br\/secretaria-de-obras\/wp-json\/wp\/v2\/posts\/2139\/revisions"}],"predecessor-version":[{"id":2141,"href":"https:\/\/www.pmpf.rs.gov.br\/secretaria-de-obras\/wp-json\/wp\/v2\/posts\/2139\/revisions\/2141"}],"wp:featuredmedia":[{"embeddable":true,"href":"https:\/\/www.pmpf.rs.gov.br\/secretaria-de-obras\/wp-json\/wp\/v2\/media\/2140"}],"wp:attachment":[{"href":"https:\/\/www.pmpf.rs.gov.br\/secretaria-de-obras\/wp-json\/wp\/v2\/media?parent=2139"}],"wp:term":[{"taxonomy":"category","embeddable":true,"href":"https:\/\/www.pmpf.rs.gov.br\/secretaria-de-obras\/wp-json\/wp\/v2\/categories?post=2139"},{"taxonomy":"post_tag","embeddable":true,"href":"https:\/\/www.pmpf.rs.gov.br\/secretaria-de-obras\/wp-json\/wp\/v2\/tags?post=2139"}],"curies":[{"name":"wp","href":"https:\/\/api.w.org\/{rel}","templated":true}]}}