{"id":2100,"date":"2023-10-04T11:19:21","date_gmt":"2023-10-04T14:19:21","guid":{"rendered":"https:\/\/www.pmpf.rs.gov.br\/secretaria-de-obras\/?p=2100"},"modified":"2025-09-24T14:22:14","modified_gmt":"2025-09-24T17:22:14","slug":"prefeitura-trabalha-em-diversas-frentes-para-minimizar-os-estragos-do-temporal","status":"publish","type":"post","link":"https:\/\/www.pmpf.rs.gov.br\/secretaria-de-obras\/2023\/10\/04\/prefeitura-trabalha-em-diversas-frentes-para-minimizar-os-estragos-do-temporal\/","title":{"rendered":"Prefeitura trabalha em diversas frentes para minimizar os estragos do temporal"},"content":{"rendered":"\n<p>A madrugada foi de muito trabalho para as equipes da Prefeitura de Passo Fundo, que est\u00e3o atendendo as ocorr\u00eancias provocadas pelas chuvas e prestando assist\u00eancia \u00e0s fam\u00edlias que precisam, em diferentes pontos da cidade. A Defesa Civil Municipal, recebeu diversas solicita\u00e7\u00f5es atendimentos durante a noite dessa ter\u00e7a-feira(3) e manh\u00e3 de quarta-feira (4), em virtude do temporal que atingiu o munic\u00edpio. A precipita\u00e7\u00e3o foi mais intensa em dois momentos, \u00e0s 1h30 e \u00e0s 5h. At\u00e9 as 9h desta quarta-feira, j\u00e1 choveu mais que a m\u00e9dia do m\u00eas, sendo registrado um volume de 150mm. O pr\u00f3ximo boletim com atualiza\u00e7\u00f5es ser\u00e1 divulgado ao fim do dia.<br><br>Conforme o prefeito Pedro Almeida, as equipes de diversas secretarias como Obras, Transportes e Servi\u00e7os Gerais, Assist\u00eancia Social e Seguran\u00e7a est\u00e3o trabalhando com intensidade para recuperar e minimizar os estragos e impactos provocados pela forte chuva registrada nesta madrugada. \u201cA madrugada foi de muito trabalho na nossa cidade para atender as fam\u00edlias atingidas em outros pontos, inclusive da cidade, onde n\u00e3o haviam acontecido ainda alagamentos. A previs\u00e3o de chuva era de 40mm e esta noite choveu mais de 150mm, ent\u00e3o realmente a cidade vem passando por volumes de chuva altos, assim em todo o Estado nunca antes visto na hist\u00f3ria. N\u00f3s precisamos agir rapidamente com as nossas equipes fazendo manuten\u00e7\u00e3o e limpeza, retirando \u00e1rvores que ca\u00edram e dando assist\u00eancia \u00e0s fam\u00edlias, principalmente nesse momento que elas passam por momentos t\u00e3o sens\u00edveis\u201d, frisa o prefeito.<br><br>De acordo com o levantamento da Defesa Civil Municipal, foram oito atendimentos de chamadas por alagamentos em resid\u00eancias, 12 desentupimentos de bocas de lobos e bueiros, um corte de \u00e1rvore para desobstru\u00e7\u00e3o de via. Al\u00e9m disto, as equipes da Defesa Civil realizaram visitas em seis pontos de alagamentos, sendo que os principais bairros atingidos foram, Vila Luiza, S\u00e3o Crist\u00f3v\u00e3o, Victor Issler, Berthier. A pavimenta\u00e7\u00e3o asf\u00e1ltica tamb\u00e9m sofreu grandes danos com excesso de umidade em algumas vias, resultando em buracos.<br>\u201cFizemos um trabalho preventivo que resolveu nos locais que foram alagados na outra chuva no in\u00edcio de setembro, por\u00e9m surgiram outros pontos alagamentos e temos de resolv\u00ea-los. As drenagens realizadas at\u00e9 o momento solucionaram e a \u00e1gua escoou rapidamente apesar do grande volume\u201d, declara Almeida.<br><br>A previs\u00e3o do tempo para a quinta-feira (5) \u00e9 de sol, por\u00e9m na sexta-feira (6) deve voltar a chover com progn\u00f3stico de mais 50mm de precipita\u00e7\u00e3o. As equipes das secretarias seguem nas ruas verificando os estragos. O munic\u00edpio possui dois locais para abrigar as pessoas atingidas. Caso haja a necessidade de acionar a Defesa Civil, ligar para 3311-1195 ou 153.<br><br><strong>Principais danos<br><\/strong>Ponte da Parob\u00e9 interditada por desmoronamento;<br>\u00c1rvores ca\u00eddas no Centro e Parque do Sol;<br>Telhados furados pelo granizo, sendo necess\u00e1ria a solicita\u00e7\u00e3o de lonas;<br>Bueiro entupido com lixo e folhas;<br>Uma pessoa acamada removida pelo Corpo de Bombeiros;<br>Rio Passo Fundo e Arroio Santo Ant\u00f4nio transbordaram em pontos isolados.<br><br><strong>Atendimento suspenso<br><\/strong>A Estrat\u00e9gia de Sa\u00fade da Fam\u00edlia 1\u00ba Centen\u00e1rio e o Ambulat\u00f3rio de Especialidades suspenderam o atendimento nesta quarta-feira (4), devido a problemas causados pelas fortes chuvas ocorridas na madrugada. A comunidade deve procurar outras unidades de sa\u00fade, para receber atendimento neste dia. Informa\u00e7\u00f5es atualizadas sobre o funcionamento das unidades de atendimentos podem ser obtidas com a Secretaria de Sa\u00fade no telefone (54) 3316-1000.<\/p>\n\n\n\n<p><\/p>\n","protected":false},"excerpt":{"rendered":"<p>At\u00e9 as 9h desta quarta-feira, j\u00e1 choveu mais que a m\u00e9dia do m\u00eas, sendo registrado um volume de 150mm<\/p>\n","protected":false},"author":24,"featured_media":2101,"comment_status":"closed","ping_status":"closed","sticky":true,"template":"","format":"standard","meta":{"footnotes":""},"categories":[1],"tags":[],"class_list":["post-2100","post","type-post","status-publish","format-standard","has-post-thumbnail","hentry","category-sem-categoria"],"yoast_head":"<!-- This site is optimized with the Yoast SEO plugin v23.8 - https:\/\/yoast.com\/wordpress\/plugins\/seo\/ -->\n<title>Prefeitura trabalha em diversas frentes para minimizar os estragos do temporal - Secretaria de Obras<\/title>\n<meta name=\"robots\" content=\"index, follow, max-snippet:-1, max-image-preview:large, max-video-preview:-1\" \/>\n<link rel=\"canonical\" href=\"https:\/\/www.pmpf.rs.gov.br\/secretaria-de-obras\/2023\/10\/04\/prefeitura-trabalha-em-diversas-frentes-para-minimizar-os-estragos-do-temporal\/\" \/>\n<meta property=\"og:locale\" content=\"pt_BR\" \/>\n<meta property=\"og:type\" content=\"article\" \/>\n<meta property=\"og:title\" content=\"Prefeitura trabalha em diversas frentes para minimizar os estragos do temporal - Secretaria de Obras\" \/>\n<meta property=\"og:description\" content=\"At\u00e9 as 9h desta quarta-feira, j\u00e1 choveu mais que a m\u00e9dia do m\u00eas, sendo registrado um volume de 150mm\" \/>\n<meta property=\"og:url\" content=\"https:\/\/www.pmpf.rs.gov.br\/secretaria-de-obras\/2023\/10\/04\/prefeitura-trabalha-em-diversas-frentes-para-minimizar-os-estragos-do-temporal\/\" \/>\n<meta property=\"og:site_name\" content=\"Secretaria de Obras\" \/>\n<meta property=\"article:published_time\" content=\"2023-10-04T14:19:21+00:00\" \/>\n<meta property=\"article:modified_time\" content=\"2025-09-24T17:22:14+00:00\" \/>\n<meta property=\"og:image\" content=\"https:\/\/www.pmpf.rs.gov.br\/secretaria-de-obras\/wp-content\/uploads\/sites\/49\/2023\/10\/chuva-scaled.jpeg\" \/>\n\t<meta property=\"og:image:width\" content=\"2560\" \/>\n\t<meta property=\"og:image:height\" content=\"1707\" \/>\n\t<meta property=\"og:image:type\" content=\"image\/jpeg\" \/>\n<meta name=\"author\" content=\"lilicrivello\" \/>\n<meta name=\"twitter:card\" content=\"summary_large_image\" \/>\n<meta name=\"twitter:label1\" content=\"Escrito por\" \/>\n\t<meta name=\"twitter:data1\" content=\"lilicrivello\" \/>\n\t<meta name=\"twitter:label2\" content=\"Est. tempo de leitura\" \/>\n\t<meta name=\"twitter:data2\" content=\"3 minutos\" \/>\n<script type=\"application\/ld+json\" class=\"yoast-schema-graph\">{\"@context\":\"https:\/\/schema.org\",\"@graph\":[{\"@type\":\"WebPage\",\"@id\":\"https:\/\/www.pmpf.rs.gov.br\/secretaria-de-obras\/2023\/10\/04\/prefeitura-trabalha-em-diversas-frentes-para-minimizar-os-estragos-do-temporal\/\",\"url\":\"https:\/\/www.pmpf.rs.gov.br\/secretaria-de-obras\/2023\/10\/04\/prefeitura-trabalha-em-diversas-frentes-para-minimizar-os-estragos-do-temporal\/\",\"name\":\"Prefeitura trabalha em diversas frentes para minimizar os estragos do temporal - Secretaria de Obras\",\"isPartOf\":{\"@id\":\"https:\/\/www.pmpf.rs.gov.br\/secretaria-de-obras\/#website\"},\"primaryImageOfPage\":{\"@id\":\"https:\/\/www.pmpf.rs.gov.br\/secretaria-de-obras\/2023\/10\/04\/prefeitura-trabalha-em-diversas-frentes-para-minimizar-os-estragos-do-temporal\/#primaryimage\"},\"image\":{\"@id\":\"https:\/\/www.pmpf.rs.gov.br\/secretaria-de-obras\/2023\/10\/04\/prefeitura-trabalha-em-diversas-frentes-para-minimizar-os-estragos-do-temporal\/#primaryimage\"},\"thumbnailUrl\":\"https:\/\/www.pmpf.rs.gov.br\/secretaria-de-obras\/wp-content\/uploads\/sites\/49\/2023\/10\/chuva-scaled.jpeg\",\"datePublished\":\"2023-10-04T14:19:21+00:00\",\"dateModified\":\"2025-09-24T17:22:14+00:00\",\"author\":{\"@id\":\"https:\/\/www.pmpf.rs.gov.br\/secretaria-de-obras\/#\/schema\/person\/6e93b0ab2174b69f691ac4f278ba2d0a\"},\"breadcrumb\":{\"@id\":\"https:\/\/www.pmpf.rs.gov.br\/secretaria-de-obras\/2023\/10\/04\/prefeitura-trabalha-em-diversas-frentes-para-minimizar-os-estragos-do-temporal\/#breadcrumb\"},\"inLanguage\":\"pt-BR\",\"potentialAction\":[{\"@type\":\"ReadAction\",\"target\":[\"https:\/\/www.pmpf.rs.gov.br\/secretaria-de-obras\/2023\/10\/04\/prefeitura-trabalha-em-diversas-frentes-para-minimizar-os-estragos-do-temporal\/\"]}]},{\"@type\":\"ImageObject\",\"inLanguage\":\"pt-BR\",\"@id\":\"https:\/\/www.pmpf.rs.gov.br\/secretaria-de-obras\/2023\/10\/04\/prefeitura-trabalha-em-diversas-frentes-para-minimizar-os-estragos-do-temporal\/#primaryimage\",\"url\":\"https:\/\/www.pmpf.rs.gov.br\/secretaria-de-obras\/wp-content\/uploads\/sites\/49\/2023\/10\/chuva-scaled.jpeg\",\"contentUrl\":\"https:\/\/www.pmpf.rs.gov.br\/secretaria-de-obras\/wp-content\/uploads\/sites\/49\/2023\/10\/chuva-scaled.jpeg\",\"width\":2560,\"height\":1707},{\"@type\":\"BreadcrumbList\",\"@id\":\"https:\/\/www.pmpf.rs.gov.br\/secretaria-de-obras\/2023\/10\/04\/prefeitura-trabalha-em-diversas-frentes-para-minimizar-os-estragos-do-temporal\/#breadcrumb\",\"itemListElement\":[{\"@type\":\"ListItem\",\"position\":1,\"name\":\"In\u00edcio\",\"item\":\"https:\/\/www.pmpf.rs.gov.br\/secretaria-de-obras\/\"},{\"@type\":\"ListItem\",\"position\":2,\"name\":\"Prefeitura trabalha em diversas frentes para minimizar os estragos do temporal\"}]},{\"@type\":\"WebSite\",\"@id\":\"https:\/\/www.pmpf.rs.gov.br\/secretaria-de-obras\/#website\",\"url\":\"https:\/\/www.pmpf.rs.gov.br\/secretaria-de-obras\/\",\"name\":\"Secretaria de Obras\",\"description\":\"S\u00f3 mais um site Prefeitura de Passo Fundo\",\"potentialAction\":[{\"@type\":\"SearchAction\",\"target\":{\"@type\":\"EntryPoint\",\"urlTemplate\":\"https:\/\/www.pmpf.rs.gov.br\/secretaria-de-obras\/?s={search_term_string}\"},\"query-input\":{\"@type\":\"PropertyValueSpecification\",\"valueRequired\":true,\"valueName\":\"search_term_string\"}}],\"inLanguage\":\"pt-BR\"},{\"@type\":\"Person\",\"@id\":\"https:\/\/www.pmpf.rs.gov.br\/secretaria-de-obras\/#\/schema\/person\/6e93b0ab2174b69f691ac4f278ba2d0a\",\"name\":\"lilicrivello\",\"image\":{\"@type\":\"ImageObject\",\"inLanguage\":\"pt-BR\",\"@id\":\"https:\/\/www.pmpf.rs.gov.br\/secretaria-de-obras\/#\/schema\/person\/image\/\",\"url\":\"https:\/\/secure.gravatar.com\/avatar\/0b546b667388f8edb7b67d70a57b5e46?s=96&d=mm&r=g\",\"contentUrl\":\"https:\/\/secure.gravatar.com\/avatar\/0b546b667388f8edb7b67d70a57b5e46?s=96&d=mm&r=g\",\"caption\":\"lilicrivello\"},\"url\":\"https:\/\/www.pmpf.rs.gov.br\/secretaria-de-obras\/author\/lilicrivello\/\"}]}<\/script>\n<!-- \/ Yoast SEO plugin. -->","yoast_head_json":{"title":"Prefeitura trabalha em diversas frentes para minimizar os estragos do temporal - Secretaria de Obras","robots":{"index":"index","follow":"follow","max-snippet":"max-snippet:-1","max-image-preview":"max-image-preview:large","max-video-preview":"max-video-preview:-1"},"canonical":"https:\/\/www.pmpf.rs.gov.br\/secretaria-de-obras\/2023\/10\/04\/prefeitura-trabalha-em-diversas-frentes-para-minimizar-os-estragos-do-temporal\/","og_locale":"pt_BR","og_type":"article","og_title":"Prefeitura trabalha em diversas frentes para minimizar os estragos do temporal - Secretaria de Obras","og_description":"At\u00e9 as 9h desta quarta-feira, j\u00e1 choveu mais que a m\u00e9dia do m\u00eas, sendo registrado um volume de 150mm","og_url":"https:\/\/www.pmpf.rs.gov.br\/secretaria-de-obras\/2023\/10\/04\/prefeitura-trabalha-em-diversas-frentes-para-minimizar-os-estragos-do-temporal\/","og_site_name":"Secretaria de Obras","article_published_time":"2023-10-04T14:19:21+00:00","article_modified_time":"2025-09-24T17:22:14+00:00","og_image":[{"width":2560,"height":1707,"url":"https:\/\/www.pmpf.rs.gov.br\/secretaria-de-obras\/wp-content\/uploads\/sites\/49\/2023\/10\/chuva-scaled.jpeg","type":"image\/jpeg"}],"author":"lilicrivello","twitter_card":"summary_large_image","twitter_misc":{"Escrito por":"lilicrivello","Est. tempo de leitura":"3 minutos"},"schema":{"@context":"https:\/\/schema.org","@graph":[{"@type":"WebPage","@id":"https:\/\/www.pmpf.rs.gov.br\/secretaria-de-obras\/2023\/10\/04\/prefeitura-trabalha-em-diversas-frentes-para-minimizar-os-estragos-do-temporal\/","url":"https:\/\/www.pmpf.rs.gov.br\/secretaria-de-obras\/2023\/10\/04\/prefeitura-trabalha-em-diversas-frentes-para-minimizar-os-estragos-do-temporal\/","name":"Prefeitura trabalha em diversas frentes para minimizar os estragos do temporal - Secretaria de Obras","isPartOf":{"@id":"https:\/\/www.pmpf.rs.gov.br\/secretaria-de-obras\/#website"},"primaryImageOfPage":{"@id":"https:\/\/www.pmpf.rs.gov.br\/secretaria-de-obras\/2023\/10\/04\/prefeitura-trabalha-em-diversas-frentes-para-minimizar-os-estragos-do-temporal\/#primaryimage"},"image":{"@id":"https:\/\/www.pmpf.rs.gov.br\/secretaria-de-obras\/2023\/10\/04\/prefeitura-trabalha-em-diversas-frentes-para-minimizar-os-estragos-do-temporal\/#primaryimage"},"thumbnailUrl":"https:\/\/www.pmpf.rs.gov.br\/secretaria-de-obras\/wp-content\/uploads\/sites\/49\/2023\/10\/chuva-scaled.jpeg","datePublished":"2023-10-04T14:19:21+00:00","dateModified":"2025-09-24T17:22:14+00:00","author":{"@id":"https:\/\/www.pmpf.rs.gov.br\/secretaria-de-obras\/#\/schema\/person\/6e93b0ab2174b69f691ac4f278ba2d0a"},"breadcrumb":{"@id":"https:\/\/www.pmpf.rs.gov.br\/secretaria-de-obras\/2023\/10\/04\/prefeitura-trabalha-em-diversas-frentes-para-minimizar-os-estragos-do-temporal\/#breadcrumb"},"inLanguage":"pt-BR","potentialAction":[{"@type":"ReadAction","target":["https:\/\/www.pmpf.rs.gov.br\/secretaria-de-obras\/2023\/10\/04\/prefeitura-trabalha-em-diversas-frentes-para-minimizar-os-estragos-do-temporal\/"]}]},{"@type":"ImageObject","inLanguage":"pt-BR","@id":"https:\/\/www.pmpf.rs.gov.br\/secretaria-de-obras\/2023\/10\/04\/prefeitura-trabalha-em-diversas-frentes-para-minimizar-os-estragos-do-temporal\/#primaryimage","url":"https:\/\/www.pmpf.rs.gov.br\/secretaria-de-obras\/wp-content\/uploads\/sites\/49\/2023\/10\/chuva-scaled.jpeg","contentUrl":"https:\/\/www.pmpf.rs.gov.br\/secretaria-de-obras\/wp-content\/uploads\/sites\/49\/2023\/10\/chuva-scaled.jpeg","width":2560,"height":1707},{"@type":"BreadcrumbList","@id":"https:\/\/www.pmpf.rs.gov.br\/secretaria-de-obras\/2023\/10\/04\/prefeitura-trabalha-em-diversas-frentes-para-minimizar-os-estragos-do-temporal\/#breadcrumb","itemListElement":[{"@type":"ListItem","position":1,"name":"In\u00edcio","item":"https:\/\/www.pmpf.rs.gov.br\/secretaria-de-obras\/"},{"@type":"ListItem","position":2,"name":"Prefeitura trabalha em diversas frentes para minimizar os estragos do temporal"}]},{"@type":"WebSite","@id":"https:\/\/www.pmpf.rs.gov.br\/secretaria-de-obras\/#website","url":"https:\/\/www.pmpf.rs.gov.br\/secretaria-de-obras\/","name":"Secretaria de Obras","description":"S\u00f3 mais um site Prefeitura de Passo Fundo","potentialAction":[{"@type":"SearchAction","target":{"@type":"EntryPoint","urlTemplate":"https:\/\/www.pmpf.rs.gov.br\/secretaria-de-obras\/?s={search_term_string}"},"query-input":{"@type":"PropertyValueSpecification","valueRequired":true,"valueName":"search_term_string"}}],"inLanguage":"pt-BR"},{"@type":"Person","@id":"https:\/\/www.pmpf.rs.gov.br\/secretaria-de-obras\/#\/schema\/person\/6e93b0ab2174b69f691ac4f278ba2d0a","name":"lilicrivello","image":{"@type":"ImageObject","inLanguage":"pt-BR","@id":"https:\/\/www.pmpf.rs.gov.br\/secretaria-de-obras\/#\/schema\/person\/image\/","url":"https:\/\/secure.gravatar.com\/avatar\/0b546b667388f8edb7b67d70a57b5e46?s=96&d=mm&r=g","contentUrl":"https:\/\/secure.gravatar.com\/avatar\/0b546b667388f8edb7b67d70a57b5e46?s=96&d=mm&r=g","caption":"lilicrivello"},"url":"https:\/\/www.pmpf.rs.gov.br\/secretaria-de-obras\/author\/lilicrivello\/"}]}},"_links":{"self":[{"href":"https:\/\/www.pmpf.rs.gov.br\/secretaria-de-obras\/wp-json\/wp\/v2\/posts\/2100"}],"collection":[{"href":"https:\/\/www.pmpf.rs.gov.br\/secretaria-de-obras\/wp-json\/wp\/v2\/posts"}],"about":[{"href":"https:\/\/www.pmpf.rs.gov.br\/secretaria-de-obras\/wp-json\/wp\/v2\/types\/post"}],"author":[{"embeddable":true,"href":"https:\/\/www.pmpf.rs.gov.br\/secretaria-de-obras\/wp-json\/wp\/v2\/users\/24"}],"replies":[{"embeddable":true,"href":"https:\/\/www.pmpf.rs.gov.br\/secretaria-de-obras\/wp-json\/wp\/v2\/comments?post=2100"}],"version-history":[{"count":2,"href":"https:\/\/www.pmpf.rs.gov.br\/secretaria-de-obras\/wp-json\/wp\/v2\/posts\/2100\/revisions"}],"predecessor-version":[{"id":2812,"href":"https:\/\/www.pmpf.rs.gov.br\/secretaria-de-obras\/wp-json\/wp\/v2\/posts\/2100\/revisions\/2812"}],"wp:featuredmedia":[{"embeddable":true,"href":"https:\/\/www.pmpf.rs.gov.br\/secretaria-de-obras\/wp-json\/wp\/v2\/media\/2101"}],"wp:attachment":[{"href":"https:\/\/www.pmpf.rs.gov.br\/secretaria-de-obras\/wp-json\/wp\/v2\/media?parent=2100"}],"wp:term":[{"taxonomy":"category","embeddable":true,"href":"https:\/\/www.pmpf.rs.gov.br\/secretaria-de-obras\/wp-json\/wp\/v2\/categories?post=2100"},{"taxonomy":"post_tag","embeddable":true,"href":"https:\/\/www.pmpf.rs.gov.br\/secretaria-de-obras\/wp-json\/wp\/v2\/tags?post=2100"}],"curies":[{"name":"wp","href":"https:\/\/api.w.org\/{rel}","templated":true}]}}