{"id":2089,"date":"2023-09-22T14:11:28","date_gmt":"2023-09-22T17:11:28","guid":{"rendered":"https:\/\/www.pmpf.rs.gov.br\/secretaria-de-obras\/?p=2089"},"modified":"2023-09-22T14:11:33","modified_gmt":"2023-09-22T17:11:33","slug":"prefeitura-anuncia-melhorias-na-ocupacao-pinheirinho-toledo","status":"publish","type":"post","link":"https:\/\/www.pmpf.rs.gov.br\/secretaria-de-obras\/2023\/09\/22\/prefeitura-anuncia-melhorias-na-ocupacao-pinheirinho-toledo\/","title":{"rendered":"Prefeitura anuncia melhorias na ocupa\u00e7\u00e3o Pinheirinho Toledo"},"content":{"rendered":"\n<p><\/p>\n\n\n\n<p>Em visita \u00e0 Ocupa\u00e7\u00e3o Pinheirinho Toledo, no Bairro Petr\u00f3polis, nesta sexta-feira (23), o prefeito Pedro Almeida confirmou a realiza\u00e7\u00e3o de obras que v\u00e3o melhorar as condi\u00e7\u00f5es de moradia para as mais de 100 fam\u00edlias que residem no local. A Prefeitura far\u00e1 o empedramento das ruas e instalar\u00e1 tubos de concreto para o escoamento da \u00e1gua pluvial.<\/p>\n\n\n\n<p>\u201cA ocupa\u00e7\u00e3o Pinheirinho Toledo est\u00e1 situada em \u00e1rea concedida pela Uni\u00e3o \u00e0 iniciativa privada, e o Munic\u00edpio busca, desde o m\u00eas de julho, em decorr\u00eancia das previs\u00f5es de chuvas, fazer interven\u00e7\u00f5es de infraestrutura no local, atentando \u00e0 seguran\u00e7a dessa comunidade. Conseguimos, junto \u00e0 Justi\u00e7a Federal, tornar isso poss\u00edvel\u201d, disse o prefeito.<\/p>\n\n\n\n<p>O presidente da Pinheirinho Toledo, \u00c2ngelo Rodrigo dos Santos de Oliveira, classificou as interven\u00e7\u00f5es como emergenciais aos moradores. \u201cPrecisamos desta aten\u00e7\u00e3o do poder p\u00fablico. N\u00e3o queremos passar por alagamentos\u201d, enfatizou.<\/p>\n\n\n\n<p>O secret\u00e1rio de Habita\u00e7\u00e3o, Paulo Caletti, considerou que a maior preocupa\u00e7\u00e3o do Munic\u00edpio \u00e9 com a seguran\u00e7a da comunidade. \u201cEstamos fazendo essas interven\u00e7\u00f5es para preservar a vida dessas pessoas, independentemente da situa\u00e7\u00e3o fundi\u00e1ria da \u00e1rea. T\u00ednhamos previs\u00f5es e passamos por eventos clim\u00e1ticos que trouxeram preju\u00edzos para muitas fam\u00edlias. Nos preocupamos, primeiramente, com a vida e, depois, com a quest\u00e3o fundi\u00e1ria\u201d, mencionou.<\/p>\n\n\n\n<p>De acordo com o secret\u00e1rio de Obras, Rubens Astolfi, uma equipe da Prefeitura trabalhar\u00e1 no local j\u00e1 neste s\u00e1bado (23). \u201cMuitas obras est\u00e3o acontecendo na cidade e, agora, uma comunidade que precisa muito receber\u00e1 melhorias, que far\u00e3o a diferen\u00e7a, sobretudo, em dias como esse, de chuva. A previs\u00e3o \u00e9 que as melhorias sejam conclu\u00eddas em um m\u00eas\u201d, acrescentou.<\/p>\n\n\n\n<p><\/p>\n\n\n\n<p><strong>Entenda o caso<br><\/strong>As interven\u00e7\u00f5es foram requeridas pelo Munic\u00edpio \u00e0 Justi\u00e7a Federal, uma vez que tinham sido solicitadas, no m\u00eas de julho, \u00e0 empresa Rumo, que tem a concess\u00e3o da \u00e1rea pela Uni\u00e3o e pronunciou ser contr\u00e1ria. Ao fazer o pedido, o Munic\u00edpio enfatizou os preju\u00edzos causados pelas chuvas aos moradores, dificultando a passagem, inclusive, de ve\u00edculos de socorro e de seguran\u00e7a p\u00fablica.<\/p>\n\n\n\n<p>A Comiss\u00e3o de Direitos Humanos de Passo Fundo (CDHPF) da C\u00e2mara de Vereadores acompanha o processo e pediu a aprecia\u00e7\u00e3o urgente da solicita\u00e7\u00e3o, independentemente da manifesta\u00e7\u00e3o da empresa e do Departamento Nacional de Infraestrutura e Tr\u00e2nsito (Dnit), considerando o risco de novos alagamentos no local em fun\u00e7\u00e3o das chuvas.<\/p>\n\n\n\n<p>A autoriza\u00e7\u00e3o judicial foi emitida em setembro, depois das inunda\u00e7\u00f5es registradas na cidade e no estado. A Justi\u00e7a Federal entendeu que, embora o direito de perman\u00eancia no local seja indefinido, as interven\u00e7\u00f5es s\u00e3o fundamentais para a prote\u00e7\u00e3o das pessoas que ocupam a \u00e1rea.<\/p>\n","protected":false},"excerpt":{"rendered":"<p>O Munic\u00edpio conseguiu autoriza\u00e7\u00e3o judicial para fazer o empedramento das ruas e a instala\u00e7\u00e3o de tubos de concreto para o escoamento da \u00e1gua das chuvas<\/p>\n","protected":false},"author":6,"featured_media":0,"comment_status":"closed","ping_status":"closed","sticky":true,"template":"","format":"standard","meta":{"footnotes":""},"categories":[1],"tags":[],"class_list":["post-2089","post","type-post","status-publish","format-standard","hentry","category-sem-categoria"],"yoast_head":"<!-- This site is optimized with the Yoast SEO plugin v23.8 - https:\/\/yoast.com\/wordpress\/plugins\/seo\/ -->\n<title>Prefeitura anuncia melhorias na ocupa\u00e7\u00e3o Pinheirinho Toledo - Secretaria de Obras<\/title>\n<meta name=\"robots\" content=\"index, follow, max-snippet:-1, max-image-preview:large, max-video-preview:-1\" \/>\n<link rel=\"canonical\" href=\"https:\/\/www.pmpf.rs.gov.br\/secretaria-de-obras\/2023\/09\/22\/prefeitura-anuncia-melhorias-na-ocupacao-pinheirinho-toledo\/\" \/>\n<meta property=\"og:locale\" content=\"pt_BR\" \/>\n<meta property=\"og:type\" content=\"article\" \/>\n<meta property=\"og:title\" content=\"Prefeitura anuncia melhorias na ocupa\u00e7\u00e3o Pinheirinho Toledo - Secretaria de Obras\" \/>\n<meta property=\"og:description\" content=\"O Munic\u00edpio conseguiu autoriza\u00e7\u00e3o judicial para fazer o empedramento das ruas e a instala\u00e7\u00e3o de tubos de concreto para o escoamento da \u00e1gua das chuvas\" \/>\n<meta property=\"og:url\" content=\"https:\/\/www.pmpf.rs.gov.br\/secretaria-de-obras\/2023\/09\/22\/prefeitura-anuncia-melhorias-na-ocupacao-pinheirinho-toledo\/\" \/>\n<meta property=\"og:site_name\" content=\"Secretaria de Obras\" \/>\n<meta property=\"article:published_time\" content=\"2023-09-22T17:11:28+00:00\" \/>\n<meta property=\"article:modified_time\" content=\"2023-09-22T17:11:33+00:00\" \/>\n<meta name=\"author\" content=\"andressazorzetto07\" \/>\n<meta name=\"twitter:card\" content=\"summary_large_image\" \/>\n<meta name=\"twitter:label1\" content=\"Escrito por\" \/>\n\t<meta name=\"twitter:data1\" content=\"andressazorzetto07\" \/>\n\t<meta name=\"twitter:label2\" content=\"Est. tempo de leitura\" \/>\n\t<meta name=\"twitter:data2\" content=\"2 minutos\" \/>\n<script type=\"application\/ld+json\" class=\"yoast-schema-graph\">{\"@context\":\"https:\/\/schema.org\",\"@graph\":[{\"@type\":\"WebPage\",\"@id\":\"https:\/\/www.pmpf.rs.gov.br\/secretaria-de-obras\/2023\/09\/22\/prefeitura-anuncia-melhorias-na-ocupacao-pinheirinho-toledo\/\",\"url\":\"https:\/\/www.pmpf.rs.gov.br\/secretaria-de-obras\/2023\/09\/22\/prefeitura-anuncia-melhorias-na-ocupacao-pinheirinho-toledo\/\",\"name\":\"Prefeitura anuncia melhorias na ocupa\u00e7\u00e3o Pinheirinho Toledo - Secretaria de Obras\",\"isPartOf\":{\"@id\":\"https:\/\/www.pmpf.rs.gov.br\/secretaria-de-obras\/#website\"},\"datePublished\":\"2023-09-22T17:11:28+00:00\",\"dateModified\":\"2023-09-22T17:11:33+00:00\",\"author\":{\"@id\":\"https:\/\/www.pmpf.rs.gov.br\/secretaria-de-obras\/#\/schema\/person\/30ee1d1bd74da1469b01fcf086e43351\"},\"breadcrumb\":{\"@id\":\"https:\/\/www.pmpf.rs.gov.br\/secretaria-de-obras\/2023\/09\/22\/prefeitura-anuncia-melhorias-na-ocupacao-pinheirinho-toledo\/#breadcrumb\"},\"inLanguage\":\"pt-BR\",\"potentialAction\":[{\"@type\":\"ReadAction\",\"target\":[\"https:\/\/www.pmpf.rs.gov.br\/secretaria-de-obras\/2023\/09\/22\/prefeitura-anuncia-melhorias-na-ocupacao-pinheirinho-toledo\/\"]}]},{\"@type\":\"BreadcrumbList\",\"@id\":\"https:\/\/www.pmpf.rs.gov.br\/secretaria-de-obras\/2023\/09\/22\/prefeitura-anuncia-melhorias-na-ocupacao-pinheirinho-toledo\/#breadcrumb\",\"itemListElement\":[{\"@type\":\"ListItem\",\"position\":1,\"name\":\"In\u00edcio\",\"item\":\"https:\/\/www.pmpf.rs.gov.br\/secretaria-de-obras\/\"},{\"@type\":\"ListItem\",\"position\":2,\"name\":\"Prefeitura anuncia melhorias na ocupa\u00e7\u00e3o Pinheirinho Toledo\"}]},{\"@type\":\"WebSite\",\"@id\":\"https:\/\/www.pmpf.rs.gov.br\/secretaria-de-obras\/#website\",\"url\":\"https:\/\/www.pmpf.rs.gov.br\/secretaria-de-obras\/\",\"name\":\"Secretaria de Obras\",\"description\":\"S\u00f3 mais um site Prefeitura de Passo Fundo\",\"potentialAction\":[{\"@type\":\"SearchAction\",\"target\":{\"@type\":\"EntryPoint\",\"urlTemplate\":\"https:\/\/www.pmpf.rs.gov.br\/secretaria-de-obras\/?s={search_term_string}\"},\"query-input\":{\"@type\":\"PropertyValueSpecification\",\"valueRequired\":true,\"valueName\":\"search_term_string\"}}],\"inLanguage\":\"pt-BR\"},{\"@type\":\"Person\",\"@id\":\"https:\/\/www.pmpf.rs.gov.br\/secretaria-de-obras\/#\/schema\/person\/30ee1d1bd74da1469b01fcf086e43351\",\"name\":\"andressazorzetto07\",\"image\":{\"@type\":\"ImageObject\",\"inLanguage\":\"pt-BR\",\"@id\":\"https:\/\/www.pmpf.rs.gov.br\/secretaria-de-obras\/#\/schema\/person\/image\/\",\"url\":\"https:\/\/secure.gravatar.com\/avatar\/14c5458ed79dc81da99a13b9ff5f9f19?s=96&d=mm&r=g\",\"contentUrl\":\"https:\/\/secure.gravatar.com\/avatar\/14c5458ed79dc81da99a13b9ff5f9f19?s=96&d=mm&r=g\",\"caption\":\"andressazorzetto07\"},\"url\":\"https:\/\/www.pmpf.rs.gov.br\/secretaria-de-obras\/author\/andressazorzetto07\/\"}]}<\/script>\n<!-- \/ Yoast SEO plugin. -->","yoast_head_json":{"title":"Prefeitura anuncia melhorias na ocupa\u00e7\u00e3o Pinheirinho Toledo - Secretaria de Obras","robots":{"index":"index","follow":"follow","max-snippet":"max-snippet:-1","max-image-preview":"max-image-preview:large","max-video-preview":"max-video-preview:-1"},"canonical":"https:\/\/www.pmpf.rs.gov.br\/secretaria-de-obras\/2023\/09\/22\/prefeitura-anuncia-melhorias-na-ocupacao-pinheirinho-toledo\/","og_locale":"pt_BR","og_type":"article","og_title":"Prefeitura anuncia melhorias na ocupa\u00e7\u00e3o Pinheirinho Toledo - Secretaria de Obras","og_description":"O Munic\u00edpio conseguiu autoriza\u00e7\u00e3o judicial para fazer o empedramento das ruas e a instala\u00e7\u00e3o de tubos de concreto para o escoamento da \u00e1gua das chuvas","og_url":"https:\/\/www.pmpf.rs.gov.br\/secretaria-de-obras\/2023\/09\/22\/prefeitura-anuncia-melhorias-na-ocupacao-pinheirinho-toledo\/","og_site_name":"Secretaria de Obras","article_published_time":"2023-09-22T17:11:28+00:00","article_modified_time":"2023-09-22T17:11:33+00:00","author":"andressazorzetto07","twitter_card":"summary_large_image","twitter_misc":{"Escrito por":"andressazorzetto07","Est. tempo de leitura":"2 minutos"},"schema":{"@context":"https:\/\/schema.org","@graph":[{"@type":"WebPage","@id":"https:\/\/www.pmpf.rs.gov.br\/secretaria-de-obras\/2023\/09\/22\/prefeitura-anuncia-melhorias-na-ocupacao-pinheirinho-toledo\/","url":"https:\/\/www.pmpf.rs.gov.br\/secretaria-de-obras\/2023\/09\/22\/prefeitura-anuncia-melhorias-na-ocupacao-pinheirinho-toledo\/","name":"Prefeitura anuncia melhorias na ocupa\u00e7\u00e3o Pinheirinho Toledo - Secretaria de Obras","isPartOf":{"@id":"https:\/\/www.pmpf.rs.gov.br\/secretaria-de-obras\/#website"},"datePublished":"2023-09-22T17:11:28+00:00","dateModified":"2023-09-22T17:11:33+00:00","author":{"@id":"https:\/\/www.pmpf.rs.gov.br\/secretaria-de-obras\/#\/schema\/person\/30ee1d1bd74da1469b01fcf086e43351"},"breadcrumb":{"@id":"https:\/\/www.pmpf.rs.gov.br\/secretaria-de-obras\/2023\/09\/22\/prefeitura-anuncia-melhorias-na-ocupacao-pinheirinho-toledo\/#breadcrumb"},"inLanguage":"pt-BR","potentialAction":[{"@type":"ReadAction","target":["https:\/\/www.pmpf.rs.gov.br\/secretaria-de-obras\/2023\/09\/22\/prefeitura-anuncia-melhorias-na-ocupacao-pinheirinho-toledo\/"]}]},{"@type":"BreadcrumbList","@id":"https:\/\/www.pmpf.rs.gov.br\/secretaria-de-obras\/2023\/09\/22\/prefeitura-anuncia-melhorias-na-ocupacao-pinheirinho-toledo\/#breadcrumb","itemListElement":[{"@type":"ListItem","position":1,"name":"In\u00edcio","item":"https:\/\/www.pmpf.rs.gov.br\/secretaria-de-obras\/"},{"@type":"ListItem","position":2,"name":"Prefeitura anuncia melhorias na ocupa\u00e7\u00e3o Pinheirinho Toledo"}]},{"@type":"WebSite","@id":"https:\/\/www.pmpf.rs.gov.br\/secretaria-de-obras\/#website","url":"https:\/\/www.pmpf.rs.gov.br\/secretaria-de-obras\/","name":"Secretaria de Obras","description":"S\u00f3 mais um site Prefeitura de Passo Fundo","potentialAction":[{"@type":"SearchAction","target":{"@type":"EntryPoint","urlTemplate":"https:\/\/www.pmpf.rs.gov.br\/secretaria-de-obras\/?s={search_term_string}"},"query-input":{"@type":"PropertyValueSpecification","valueRequired":true,"valueName":"search_term_string"}}],"inLanguage":"pt-BR"},{"@type":"Person","@id":"https:\/\/www.pmpf.rs.gov.br\/secretaria-de-obras\/#\/schema\/person\/30ee1d1bd74da1469b01fcf086e43351","name":"andressazorzetto07","image":{"@type":"ImageObject","inLanguage":"pt-BR","@id":"https:\/\/www.pmpf.rs.gov.br\/secretaria-de-obras\/#\/schema\/person\/image\/","url":"https:\/\/secure.gravatar.com\/avatar\/14c5458ed79dc81da99a13b9ff5f9f19?s=96&d=mm&r=g","contentUrl":"https:\/\/secure.gravatar.com\/avatar\/14c5458ed79dc81da99a13b9ff5f9f19?s=96&d=mm&r=g","caption":"andressazorzetto07"},"url":"https:\/\/www.pmpf.rs.gov.br\/secretaria-de-obras\/author\/andressazorzetto07\/"}]}},"_links":{"self":[{"href":"https:\/\/www.pmpf.rs.gov.br\/secretaria-de-obras\/wp-json\/wp\/v2\/posts\/2089"}],"collection":[{"href":"https:\/\/www.pmpf.rs.gov.br\/secretaria-de-obras\/wp-json\/wp\/v2\/posts"}],"about":[{"href":"https:\/\/www.pmpf.rs.gov.br\/secretaria-de-obras\/wp-json\/wp\/v2\/types\/post"}],"author":[{"embeddable":true,"href":"https:\/\/www.pmpf.rs.gov.br\/secretaria-de-obras\/wp-json\/wp\/v2\/users\/6"}],"replies":[{"embeddable":true,"href":"https:\/\/www.pmpf.rs.gov.br\/secretaria-de-obras\/wp-json\/wp\/v2\/comments?post=2089"}],"version-history":[{"count":1,"href":"https:\/\/www.pmpf.rs.gov.br\/secretaria-de-obras\/wp-json\/wp\/v2\/posts\/2089\/revisions"}],"predecessor-version":[{"id":2090,"href":"https:\/\/www.pmpf.rs.gov.br\/secretaria-de-obras\/wp-json\/wp\/v2\/posts\/2089\/revisions\/2090"}],"wp:attachment":[{"href":"https:\/\/www.pmpf.rs.gov.br\/secretaria-de-obras\/wp-json\/wp\/v2\/media?parent=2089"}],"wp:term":[{"taxonomy":"category","embeddable":true,"href":"https:\/\/www.pmpf.rs.gov.br\/secretaria-de-obras\/wp-json\/wp\/v2\/categories?post=2089"},{"taxonomy":"post_tag","embeddable":true,"href":"https:\/\/www.pmpf.rs.gov.br\/secretaria-de-obras\/wp-json\/wp\/v2\/tags?post=2089"}],"curies":[{"name":"wp","href":"https:\/\/api.w.org\/{rel}","templated":true}]}}