{"id":2082,"date":"2023-08-29T09:37:52","date_gmt":"2023-08-29T12:37:52","guid":{"rendered":"https:\/\/www.pmpf.rs.gov.br\/secretaria-de-obras\/?p=2082"},"modified":"2023-08-29T09:38:03","modified_gmt":"2023-08-29T12:38:03","slug":"prefeitura-segue-com-obras-do-pacote-de-melhorias-em-ruas-centrais-da-cidade","status":"publish","type":"post","link":"https:\/\/www.pmpf.rs.gov.br\/secretaria-de-obras\/2023\/08\/29\/prefeitura-segue-com-obras-do-pacote-de-melhorias-em-ruas-centrais-da-cidade\/","title":{"rendered":"Prefeitura segue com obras do pacote de melhorias em ruas centrais da cidade"},"content":{"rendered":"\n<p><br>Anunciada pelo prefeito Pedro Almeida, a revitaliza\u00e7\u00e3o de 12 ruas estrat\u00e9gicas para a mobilidade urbana da cidade de Passo Fundo, nos bairros e o Centro, segue em ritmo acelerado. Os servi\u00e7os incluem o asfaltamento, sinaliza\u00e7\u00e3o, refor\u00e7os na drenagem e ilumina\u00e7\u00e3o em LED em cerca de 18 quil\u00f4metros de ruas e 178 quadras em Passo Fundo.<\/p>\n\n\n\n<p>\u201cA popula\u00e7\u00e3o j\u00e1 pode sentir a diferen\u00e7a, qualidade e seguran\u00e7a que as obras est\u00e3o proporcionando nos locais onde j\u00e1 foram executadas, como na Rua Bento Gon\u00e7alves, Senador Pinheiro, Jo\u00e3o de C\u00e9saro e Lava P\u00e9s. Esse pacote de obras abrange ruas que precisam da revitaliza\u00e7\u00e3o para suportar o fluxo de ve\u00edculos e garantir uma maior seguran\u00e7a a todos os usu\u00e1rios\u201d, disse o prefeito Pedro Almeida.<\/p>\n\n\n\n<p>Na \u00faltima semana, foram iniciados os servi\u00e7os de pavimenta\u00e7\u00e3o asf\u00e1ltica na Rua Capit\u00e3o Eleut\u00e9rio, que receber\u00e1 os servi\u00e7os do bairro Cidade Nova at\u00e9 o Centro, compreendendo o trecho entre a Rua General Canabarro e a Rua Dona Eliza (toda extens\u00e3o da via), totalizando 19 quadras. Nesta ter\u00e7a-feira (29), a empresa respons\u00e1vel opera entre as ruas Nascimento Vargas e Dona Eliza, no Bairro F\u00e1tima.<\/p>\n\n\n\n<p>\u201cNossas equipes j\u00e1 realizaram a revis\u00e3o da drenagem pluvial, assim como a CORSAN fez a manuten\u00e7\u00e3o das suas redes. Pedimos a aten\u00e7\u00e3o dos moradores desses locais e dos motoristas que necessitam transitar por essas vias, procurando outros acessos. Vamos contar tamb\u00e9m com o clima para poder agilizar os servi\u00e7os e diminuir o tempo de fechamento e obras na via\u201d, destacou o secret\u00e1rio de Obras, Rubens Astolfi.<\/p>\n\n\n\n<p><strong>Obras da Rua Uruguai<br><\/strong>Tamb\u00e9m segue a pavimenta\u00e7\u00e3o asf\u00e1ltica da rua Uruguai, no trecho que compreende a quadra onde est\u00e1 localizado o IOT com a rua Mascarenhas, no Boqueir\u00e3o. Conforme a empresa respons\u00e1vel, essa fase de servi\u00e7os dever\u00e1 ser finalizada nesta ter\u00e7a-feira (29) e, depois disso, ser\u00e1 feita a pintura da sinaliza\u00e7\u00e3o de tr\u00e2nsito.<\/p>\n","protected":false},"excerpt":{"rendered":"<p>Obras tem o objetivo de garantir a qualidade da via e a seguran\u00e7a de motoristas e pedestres<\/p>\n","protected":false},"author":6,"featured_media":2083,"comment_status":"closed","ping_status":"closed","sticky":true,"template":"","format":"standard","meta":{"footnotes":""},"categories":[1],"tags":[],"class_list":["post-2082","post","type-post","status-publish","format-standard","has-post-thumbnail","hentry","category-sem-categoria"],"yoast_head":"<!-- This site is optimized with the Yoast SEO plugin v23.8 - https:\/\/yoast.com\/wordpress\/plugins\/seo\/ -->\n<title>Prefeitura segue com obras do pacote de melhorias em ruas centrais da cidade - Secretaria de Obras<\/title>\n<meta name=\"robots\" content=\"index, follow, max-snippet:-1, max-image-preview:large, max-video-preview:-1\" \/>\n<link rel=\"canonical\" href=\"https:\/\/www.pmpf.rs.gov.br\/secretaria-de-obras\/2023\/08\/29\/prefeitura-segue-com-obras-do-pacote-de-melhorias-em-ruas-centrais-da-cidade\/\" \/>\n<meta property=\"og:locale\" content=\"pt_BR\" \/>\n<meta property=\"og:type\" content=\"article\" \/>\n<meta property=\"og:title\" content=\"Prefeitura segue com obras do pacote de melhorias em ruas centrais da cidade - Secretaria de Obras\" \/>\n<meta property=\"og:description\" content=\"Obras tem o objetivo de garantir a qualidade da via e a seguran\u00e7a de motoristas e pedestres\" \/>\n<meta property=\"og:url\" content=\"https:\/\/www.pmpf.rs.gov.br\/secretaria-de-obras\/2023\/08\/29\/prefeitura-segue-com-obras-do-pacote-de-melhorias-em-ruas-centrais-da-cidade\/\" \/>\n<meta property=\"og:site_name\" content=\"Secretaria de Obras\" \/>\n<meta property=\"article:published_time\" content=\"2023-08-29T12:37:52+00:00\" \/>\n<meta property=\"article:modified_time\" content=\"2023-08-29T12:38:03+00:00\" \/>\n<meta name=\"author\" content=\"andressazorzetto07\" \/>\n<meta name=\"twitter:card\" content=\"summary_large_image\" \/>\n<meta name=\"twitter:label1\" content=\"Escrito por\" \/>\n\t<meta name=\"twitter:data1\" content=\"andressazorzetto07\" \/>\n\t<meta name=\"twitter:label2\" content=\"Est. tempo de leitura\" \/>\n\t<meta name=\"twitter:data2\" content=\"2 minutos\" \/>\n<script type=\"application\/ld+json\" class=\"yoast-schema-graph\">{\"@context\":\"https:\/\/schema.org\",\"@graph\":[{\"@type\":\"WebPage\",\"@id\":\"https:\/\/www.pmpf.rs.gov.br\/secretaria-de-obras\/2023\/08\/29\/prefeitura-segue-com-obras-do-pacote-de-melhorias-em-ruas-centrais-da-cidade\/\",\"url\":\"https:\/\/www.pmpf.rs.gov.br\/secretaria-de-obras\/2023\/08\/29\/prefeitura-segue-com-obras-do-pacote-de-melhorias-em-ruas-centrais-da-cidade\/\",\"name\":\"Prefeitura segue com obras do pacote de melhorias em ruas centrais da cidade - Secretaria de Obras\",\"isPartOf\":{\"@id\":\"https:\/\/www.pmpf.rs.gov.br\/secretaria-de-obras\/#website\"},\"primaryImageOfPage\":{\"@id\":\"https:\/\/www.pmpf.rs.gov.br\/secretaria-de-obras\/2023\/08\/29\/prefeitura-segue-com-obras-do-pacote-de-melhorias-em-ruas-centrais-da-cidade\/#primaryimage\"},\"image\":{\"@id\":\"https:\/\/www.pmpf.rs.gov.br\/secretaria-de-obras\/2023\/08\/29\/prefeitura-segue-com-obras-do-pacote-de-melhorias-em-ruas-centrais-da-cidade\/#primaryimage\"},\"thumbnailUrl\":\"https:\/\/www.pmpf.rs.gov.br\/secretaria-de-obras\/wp-content\/uploads\/sites\/49\/2023\/08\/obras-capitao-eleuterio.jpg\",\"datePublished\":\"2023-08-29T12:37:52+00:00\",\"dateModified\":\"2023-08-29T12:38:03+00:00\",\"author\":{\"@id\":\"https:\/\/www.pmpf.rs.gov.br\/secretaria-de-obras\/#\/schema\/person\/30ee1d1bd74da1469b01fcf086e43351\"},\"breadcrumb\":{\"@id\":\"https:\/\/www.pmpf.rs.gov.br\/secretaria-de-obras\/2023\/08\/29\/prefeitura-segue-com-obras-do-pacote-de-melhorias-em-ruas-centrais-da-cidade\/#breadcrumb\"},\"inLanguage\":\"pt-BR\",\"potentialAction\":[{\"@type\":\"ReadAction\",\"target\":[\"https:\/\/www.pmpf.rs.gov.br\/secretaria-de-obras\/2023\/08\/29\/prefeitura-segue-com-obras-do-pacote-de-melhorias-em-ruas-centrais-da-cidade\/\"]}]},{\"@type\":\"ImageObject\",\"inLanguage\":\"pt-BR\",\"@id\":\"https:\/\/www.pmpf.rs.gov.br\/secretaria-de-obras\/2023\/08\/29\/prefeitura-segue-com-obras-do-pacote-de-melhorias-em-ruas-centrais-da-cidade\/#primaryimage\",\"url\":\"https:\/\/www.pmpf.rs.gov.br\/secretaria-de-obras\/wp-content\/uploads\/sites\/49\/2023\/08\/obras-capitao-eleuterio.jpg\",\"contentUrl\":\"https:\/\/www.pmpf.rs.gov.br\/secretaria-de-obras\/wp-content\/uploads\/sites\/49\/2023\/08\/obras-capitao-eleuterio.jpg\",\"width\":1600,\"height\":1200},{\"@type\":\"BreadcrumbList\",\"@id\":\"https:\/\/www.pmpf.rs.gov.br\/secretaria-de-obras\/2023\/08\/29\/prefeitura-segue-com-obras-do-pacote-de-melhorias-em-ruas-centrais-da-cidade\/#breadcrumb\",\"itemListElement\":[{\"@type\":\"ListItem\",\"position\":1,\"name\":\"In\u00edcio\",\"item\":\"https:\/\/www.pmpf.rs.gov.br\/secretaria-de-obras\/\"},{\"@type\":\"ListItem\",\"position\":2,\"name\":\"Prefeitura segue com obras do pacote de melhorias em ruas centrais da cidade\"}]},{\"@type\":\"WebSite\",\"@id\":\"https:\/\/www.pmpf.rs.gov.br\/secretaria-de-obras\/#website\",\"url\":\"https:\/\/www.pmpf.rs.gov.br\/secretaria-de-obras\/\",\"name\":\"Secretaria de Obras\",\"description\":\"S\u00f3 mais um site Prefeitura de Passo Fundo\",\"potentialAction\":[{\"@type\":\"SearchAction\",\"target\":{\"@type\":\"EntryPoint\",\"urlTemplate\":\"https:\/\/www.pmpf.rs.gov.br\/secretaria-de-obras\/?s={search_term_string}\"},\"query-input\":{\"@type\":\"PropertyValueSpecification\",\"valueRequired\":true,\"valueName\":\"search_term_string\"}}],\"inLanguage\":\"pt-BR\"},{\"@type\":\"Person\",\"@id\":\"https:\/\/www.pmpf.rs.gov.br\/secretaria-de-obras\/#\/schema\/person\/30ee1d1bd74da1469b01fcf086e43351\",\"name\":\"andressazorzetto07\",\"image\":{\"@type\":\"ImageObject\",\"inLanguage\":\"pt-BR\",\"@id\":\"https:\/\/www.pmpf.rs.gov.br\/secretaria-de-obras\/#\/schema\/person\/image\/\",\"url\":\"https:\/\/secure.gravatar.com\/avatar\/14c5458ed79dc81da99a13b9ff5f9f19?s=96&d=mm&r=g\",\"contentUrl\":\"https:\/\/secure.gravatar.com\/avatar\/14c5458ed79dc81da99a13b9ff5f9f19?s=96&d=mm&r=g\",\"caption\":\"andressazorzetto07\"},\"url\":\"https:\/\/www.pmpf.rs.gov.br\/secretaria-de-obras\/author\/andressazorzetto07\/\"}]}<\/script>\n<!-- \/ Yoast SEO plugin. -->","yoast_head_json":{"title":"Prefeitura segue com obras do pacote de melhorias em ruas centrais da cidade - Secretaria de Obras","robots":{"index":"index","follow":"follow","max-snippet":"max-snippet:-1","max-image-preview":"max-image-preview:large","max-video-preview":"max-video-preview:-1"},"canonical":"https:\/\/www.pmpf.rs.gov.br\/secretaria-de-obras\/2023\/08\/29\/prefeitura-segue-com-obras-do-pacote-de-melhorias-em-ruas-centrais-da-cidade\/","og_locale":"pt_BR","og_type":"article","og_title":"Prefeitura segue com obras do pacote de melhorias em ruas centrais da cidade - Secretaria de Obras","og_description":"Obras tem o objetivo de garantir a qualidade da via e a seguran\u00e7a de motoristas e pedestres","og_url":"https:\/\/www.pmpf.rs.gov.br\/secretaria-de-obras\/2023\/08\/29\/prefeitura-segue-com-obras-do-pacote-de-melhorias-em-ruas-centrais-da-cidade\/","og_site_name":"Secretaria de Obras","article_published_time":"2023-08-29T12:37:52+00:00","article_modified_time":"2023-08-29T12:38:03+00:00","author":"andressazorzetto07","twitter_card":"summary_large_image","twitter_misc":{"Escrito por":"andressazorzetto07","Est. tempo de leitura":"2 minutos"},"schema":{"@context":"https:\/\/schema.org","@graph":[{"@type":"WebPage","@id":"https:\/\/www.pmpf.rs.gov.br\/secretaria-de-obras\/2023\/08\/29\/prefeitura-segue-com-obras-do-pacote-de-melhorias-em-ruas-centrais-da-cidade\/","url":"https:\/\/www.pmpf.rs.gov.br\/secretaria-de-obras\/2023\/08\/29\/prefeitura-segue-com-obras-do-pacote-de-melhorias-em-ruas-centrais-da-cidade\/","name":"Prefeitura segue com obras do pacote de melhorias em ruas centrais da cidade - Secretaria de Obras","isPartOf":{"@id":"https:\/\/www.pmpf.rs.gov.br\/secretaria-de-obras\/#website"},"primaryImageOfPage":{"@id":"https:\/\/www.pmpf.rs.gov.br\/secretaria-de-obras\/2023\/08\/29\/prefeitura-segue-com-obras-do-pacote-de-melhorias-em-ruas-centrais-da-cidade\/#primaryimage"},"image":{"@id":"https:\/\/www.pmpf.rs.gov.br\/secretaria-de-obras\/2023\/08\/29\/prefeitura-segue-com-obras-do-pacote-de-melhorias-em-ruas-centrais-da-cidade\/#primaryimage"},"thumbnailUrl":"https:\/\/www.pmpf.rs.gov.br\/secretaria-de-obras\/wp-content\/uploads\/sites\/49\/2023\/08\/obras-capitao-eleuterio.jpg","datePublished":"2023-08-29T12:37:52+00:00","dateModified":"2023-08-29T12:38:03+00:00","author":{"@id":"https:\/\/www.pmpf.rs.gov.br\/secretaria-de-obras\/#\/schema\/person\/30ee1d1bd74da1469b01fcf086e43351"},"breadcrumb":{"@id":"https:\/\/www.pmpf.rs.gov.br\/secretaria-de-obras\/2023\/08\/29\/prefeitura-segue-com-obras-do-pacote-de-melhorias-em-ruas-centrais-da-cidade\/#breadcrumb"},"inLanguage":"pt-BR","potentialAction":[{"@type":"ReadAction","target":["https:\/\/www.pmpf.rs.gov.br\/secretaria-de-obras\/2023\/08\/29\/prefeitura-segue-com-obras-do-pacote-de-melhorias-em-ruas-centrais-da-cidade\/"]}]},{"@type":"ImageObject","inLanguage":"pt-BR","@id":"https:\/\/www.pmpf.rs.gov.br\/secretaria-de-obras\/2023\/08\/29\/prefeitura-segue-com-obras-do-pacote-de-melhorias-em-ruas-centrais-da-cidade\/#primaryimage","url":"https:\/\/www.pmpf.rs.gov.br\/secretaria-de-obras\/wp-content\/uploads\/sites\/49\/2023\/08\/obras-capitao-eleuterio.jpg","contentUrl":"https:\/\/www.pmpf.rs.gov.br\/secretaria-de-obras\/wp-content\/uploads\/sites\/49\/2023\/08\/obras-capitao-eleuterio.jpg","width":1600,"height":1200},{"@type":"BreadcrumbList","@id":"https:\/\/www.pmpf.rs.gov.br\/secretaria-de-obras\/2023\/08\/29\/prefeitura-segue-com-obras-do-pacote-de-melhorias-em-ruas-centrais-da-cidade\/#breadcrumb","itemListElement":[{"@type":"ListItem","position":1,"name":"In\u00edcio","item":"https:\/\/www.pmpf.rs.gov.br\/secretaria-de-obras\/"},{"@type":"ListItem","position":2,"name":"Prefeitura segue com obras do pacote de melhorias em ruas centrais da cidade"}]},{"@type":"WebSite","@id":"https:\/\/www.pmpf.rs.gov.br\/secretaria-de-obras\/#website","url":"https:\/\/www.pmpf.rs.gov.br\/secretaria-de-obras\/","name":"Secretaria de Obras","description":"S\u00f3 mais um site Prefeitura de Passo Fundo","potentialAction":[{"@type":"SearchAction","target":{"@type":"EntryPoint","urlTemplate":"https:\/\/www.pmpf.rs.gov.br\/secretaria-de-obras\/?s={search_term_string}"},"query-input":{"@type":"PropertyValueSpecification","valueRequired":true,"valueName":"search_term_string"}}],"inLanguage":"pt-BR"},{"@type":"Person","@id":"https:\/\/www.pmpf.rs.gov.br\/secretaria-de-obras\/#\/schema\/person\/30ee1d1bd74da1469b01fcf086e43351","name":"andressazorzetto07","image":{"@type":"ImageObject","inLanguage":"pt-BR","@id":"https:\/\/www.pmpf.rs.gov.br\/secretaria-de-obras\/#\/schema\/person\/image\/","url":"https:\/\/secure.gravatar.com\/avatar\/14c5458ed79dc81da99a13b9ff5f9f19?s=96&d=mm&r=g","contentUrl":"https:\/\/secure.gravatar.com\/avatar\/14c5458ed79dc81da99a13b9ff5f9f19?s=96&d=mm&r=g","caption":"andressazorzetto07"},"url":"https:\/\/www.pmpf.rs.gov.br\/secretaria-de-obras\/author\/andressazorzetto07\/"}]}},"_links":{"self":[{"href":"https:\/\/www.pmpf.rs.gov.br\/secretaria-de-obras\/wp-json\/wp\/v2\/posts\/2082"}],"collection":[{"href":"https:\/\/www.pmpf.rs.gov.br\/secretaria-de-obras\/wp-json\/wp\/v2\/posts"}],"about":[{"href":"https:\/\/www.pmpf.rs.gov.br\/secretaria-de-obras\/wp-json\/wp\/v2\/types\/post"}],"author":[{"embeddable":true,"href":"https:\/\/www.pmpf.rs.gov.br\/secretaria-de-obras\/wp-json\/wp\/v2\/users\/6"}],"replies":[{"embeddable":true,"href":"https:\/\/www.pmpf.rs.gov.br\/secretaria-de-obras\/wp-json\/wp\/v2\/comments?post=2082"}],"version-history":[{"count":1,"href":"https:\/\/www.pmpf.rs.gov.br\/secretaria-de-obras\/wp-json\/wp\/v2\/posts\/2082\/revisions"}],"predecessor-version":[{"id":2084,"href":"https:\/\/www.pmpf.rs.gov.br\/secretaria-de-obras\/wp-json\/wp\/v2\/posts\/2082\/revisions\/2084"}],"wp:featuredmedia":[{"embeddable":true,"href":"https:\/\/www.pmpf.rs.gov.br\/secretaria-de-obras\/wp-json\/wp\/v2\/media\/2083"}],"wp:attachment":[{"href":"https:\/\/www.pmpf.rs.gov.br\/secretaria-de-obras\/wp-json\/wp\/v2\/media?parent=2082"}],"wp:term":[{"taxonomy":"category","embeddable":true,"href":"https:\/\/www.pmpf.rs.gov.br\/secretaria-de-obras\/wp-json\/wp\/v2\/categories?post=2082"},{"taxonomy":"post_tag","embeddable":true,"href":"https:\/\/www.pmpf.rs.gov.br\/secretaria-de-obras\/wp-json\/wp\/v2\/tags?post=2082"}],"curies":[{"name":"wp","href":"https:\/\/api.w.org\/{rel}","templated":true}]}}