{"id":2079,"date":"2023-08-18T14:40:51","date_gmt":"2023-08-18T17:40:51","guid":{"rendered":"https:\/\/www.pmpf.rs.gov.br\/secretaria-de-obras\/?p=2079"},"modified":"2023-08-18T14:41:01","modified_gmt":"2023-08-18T17:41:01","slug":"prefeitura-inicia-obras-da-quarta-edicao-do-minha-rua-com-asfalto","status":"publish","type":"post","link":"https:\/\/www.pmpf.rs.gov.br\/secretaria-de-obras\/2023\/08\/18\/prefeitura-inicia-obras-da-quarta-edicao-do-minha-rua-com-asfalto\/","title":{"rendered":"Prefeitura inicia obras da quarta edi\u00e7\u00e3o do &#8220;Minha Rua com Asfalto&#8221;"},"content":{"rendered":"\n<p><br>Com mais de 15 mil votos computados nas quatro edi\u00e7\u00f5es do programa Minha Rua com Asfalto, a Prefeitura de Passo Fundo consolida a a\u00e7\u00e3o como uma importante ferramenta de participa\u00e7\u00e3o popular.<\/p>\n\n\n\n<p>Conforme o prefeito Pedro Almeida, a participa\u00e7\u00e3o da comunidade atrav\u00e9s dos votos no processo de escolha das ruas que receber\u00e3o melhorias, valoriza e fortalece a a\u00e7\u00e3o. &#8220;Nosso programa deu oportunidade para as pessoas votarem nas ruas que necessitam de infraestrutura em seu bairro, al\u00e9m de aproximar a comunidade da administra\u00e7\u00e3o municipal&#8221; destacou o prefeito.<\/p>\n\n\n\n<p>Nesta semana, a Secretaria de Obras finalizou o pavimento asf\u00e1ltico na Rua Gaspar Egon Stangler, no bairro Jos\u00e9 Alexandre Zacchia, dentro da prepara\u00e7\u00e3o para o Bairro a Bairro deste s\u00e1bado, dia 19.<\/p>\n\n\n\n<p><strong>Quarta edi\u00e7\u00e3o do programa<br><\/strong><br>Os servi\u00e7os de asfalto da quarta edi\u00e7\u00e3o do Minha Rua com Asfalto iniciaram nesta semana com as melhorias de base e prepara\u00e7\u00e3o da rua Jo\u00e3o Catapan, no interior, no trecho entre o CTG Tropel de Caudilhos at\u00e9 o Pesque Pague do Alem\u00e3o, totalizando um quil\u00f4metro em mais de seis quadras. \u201cCome\u00e7amos a nova edi\u00e7\u00e3o na rua mais votada com cerca de 750 votos, um local que precisava dessa interven\u00e7\u00e3o e trar\u00e1 mais qualidade no tr\u00e2nsito para quem acessa nosso interior. Uma obra importante de um quil\u00f4metro que atender\u00e1 muitas fam\u00edlias dessa parte da cidade\u201d, disse o secret\u00e1rio de Obras, Rubens Astolfi.<\/p>\n\n\n\n<p>A quarta edi\u00e7\u00e3o do programa Minha Rua com Asfalto incluir\u00e1 o asfaltamento de mais 120 quadras em 20 bairros e a consulta on-line contou com a participa\u00e7\u00e3o de 4,6 mil pessoas que escolheram as ruas pr\u00e9-selecionadas pela Prefeitura, e tamb\u00e9m uma de livre escolha.<\/p>\n\n\n\n<p><strong>Foto: Michel Sanderi<\/strong><\/p>\n","protected":false},"excerpt":{"rendered":"<p>Os servi\u00e7os de asfalto da quarta edi\u00e7\u00e3o do Minha Rua com Asfalto iniciaram nesta semana com as melhorias de base e prepara\u00e7\u00e3o da rua Jo\u00e3o Catapan<\/p>\n","protected":false},"author":6,"featured_media":2080,"comment_status":"closed","ping_status":"closed","sticky":true,"template":"","format":"standard","meta":{"footnotes":""},"categories":[1],"tags":[],"class_list":["post-2079","post","type-post","status-publish","format-standard","has-post-thumbnail","hentry","category-sem-categoria"],"yoast_head":"<!-- This site is optimized with the Yoast SEO plugin v23.8 - https:\/\/yoast.com\/wordpress\/plugins\/seo\/ -->\n<title>Prefeitura inicia obras da quarta edi\u00e7\u00e3o do &quot;Minha Rua com Asfalto&quot; - Secretaria de Obras<\/title>\n<meta name=\"robots\" content=\"index, follow, max-snippet:-1, max-image-preview:large, max-video-preview:-1\" \/>\n<link rel=\"canonical\" href=\"https:\/\/www.pmpf.rs.gov.br\/secretaria-de-obras\/2023\/08\/18\/prefeitura-inicia-obras-da-quarta-edicao-do-minha-rua-com-asfalto\/\" \/>\n<meta property=\"og:locale\" content=\"pt_BR\" \/>\n<meta property=\"og:type\" content=\"article\" \/>\n<meta property=\"og:title\" content=\"Prefeitura inicia obras da quarta edi\u00e7\u00e3o do &quot;Minha Rua com Asfalto&quot; - Secretaria de Obras\" \/>\n<meta property=\"og:description\" content=\"Os servi\u00e7os de asfalto da quarta edi\u00e7\u00e3o do Minha Rua com Asfalto iniciaram nesta semana com as melhorias de base e prepara\u00e7\u00e3o da rua Jo\u00e3o Catapan\" \/>\n<meta property=\"og:url\" content=\"https:\/\/www.pmpf.rs.gov.br\/secretaria-de-obras\/2023\/08\/18\/prefeitura-inicia-obras-da-quarta-edicao-do-minha-rua-com-asfalto\/\" \/>\n<meta property=\"og:site_name\" content=\"Secretaria de Obras\" \/>\n<meta property=\"article:published_time\" content=\"2023-08-18T17:40:51+00:00\" \/>\n<meta property=\"article:modified_time\" content=\"2023-08-18T17:41:01+00:00\" \/>\n<meta name=\"author\" content=\"andressazorzetto07\" \/>\n<meta name=\"twitter:card\" content=\"summary_large_image\" \/>\n<meta name=\"twitter:label1\" content=\"Escrito por\" \/>\n\t<meta name=\"twitter:data1\" content=\"andressazorzetto07\" \/>\n\t<meta name=\"twitter:label2\" content=\"Est. tempo de leitura\" \/>\n\t<meta name=\"twitter:data2\" content=\"1 minuto\" \/>\n<script type=\"application\/ld+json\" class=\"yoast-schema-graph\">{\"@context\":\"https:\/\/schema.org\",\"@graph\":[{\"@type\":\"WebPage\",\"@id\":\"https:\/\/www.pmpf.rs.gov.br\/secretaria-de-obras\/2023\/08\/18\/prefeitura-inicia-obras-da-quarta-edicao-do-minha-rua-com-asfalto\/\",\"url\":\"https:\/\/www.pmpf.rs.gov.br\/secretaria-de-obras\/2023\/08\/18\/prefeitura-inicia-obras-da-quarta-edicao-do-minha-rua-com-asfalto\/\",\"name\":\"Prefeitura inicia obras da quarta edi\u00e7\u00e3o do \\\"Minha Rua com Asfalto\\\" - Secretaria de Obras\",\"isPartOf\":{\"@id\":\"https:\/\/www.pmpf.rs.gov.br\/secretaria-de-obras\/#website\"},\"primaryImageOfPage\":{\"@id\":\"https:\/\/www.pmpf.rs.gov.br\/secretaria-de-obras\/2023\/08\/18\/prefeitura-inicia-obras-da-quarta-edicao-do-minha-rua-com-asfalto\/#primaryimage\"},\"image\":{\"@id\":\"https:\/\/www.pmpf.rs.gov.br\/secretaria-de-obras\/2023\/08\/18\/prefeitura-inicia-obras-da-quarta-edicao-do-minha-rua-com-asfalto\/#primaryimage\"},\"thumbnailUrl\":\"https:\/\/www.pmpf.rs.gov.br\/secretaria-de-obras\/wp-content\/uploads\/sites\/49\/2023\/08\/MSF05312-scaled.jpg\",\"datePublished\":\"2023-08-18T17:40:51+00:00\",\"dateModified\":\"2023-08-18T17:41:01+00:00\",\"author\":{\"@id\":\"https:\/\/www.pmpf.rs.gov.br\/secretaria-de-obras\/#\/schema\/person\/30ee1d1bd74da1469b01fcf086e43351\"},\"breadcrumb\":{\"@id\":\"https:\/\/www.pmpf.rs.gov.br\/secretaria-de-obras\/2023\/08\/18\/prefeitura-inicia-obras-da-quarta-edicao-do-minha-rua-com-asfalto\/#breadcrumb\"},\"inLanguage\":\"pt-BR\",\"potentialAction\":[{\"@type\":\"ReadAction\",\"target\":[\"https:\/\/www.pmpf.rs.gov.br\/secretaria-de-obras\/2023\/08\/18\/prefeitura-inicia-obras-da-quarta-edicao-do-minha-rua-com-asfalto\/\"]}]},{\"@type\":\"ImageObject\",\"inLanguage\":\"pt-BR\",\"@id\":\"https:\/\/www.pmpf.rs.gov.br\/secretaria-de-obras\/2023\/08\/18\/prefeitura-inicia-obras-da-quarta-edicao-do-minha-rua-com-asfalto\/#primaryimage\",\"url\":\"https:\/\/www.pmpf.rs.gov.br\/secretaria-de-obras\/wp-content\/uploads\/sites\/49\/2023\/08\/MSF05312-scaled.jpg\",\"contentUrl\":\"https:\/\/www.pmpf.rs.gov.br\/secretaria-de-obras\/wp-content\/uploads\/sites\/49\/2023\/08\/MSF05312-scaled.jpg\",\"width\":2560,\"height\":1707},{\"@type\":\"BreadcrumbList\",\"@id\":\"https:\/\/www.pmpf.rs.gov.br\/secretaria-de-obras\/2023\/08\/18\/prefeitura-inicia-obras-da-quarta-edicao-do-minha-rua-com-asfalto\/#breadcrumb\",\"itemListElement\":[{\"@type\":\"ListItem\",\"position\":1,\"name\":\"In\u00edcio\",\"item\":\"https:\/\/www.pmpf.rs.gov.br\/secretaria-de-obras\/\"},{\"@type\":\"ListItem\",\"position\":2,\"name\":\"Prefeitura inicia obras da quarta edi\u00e7\u00e3o do &#8220;Minha Rua com Asfalto&#8221;\"}]},{\"@type\":\"WebSite\",\"@id\":\"https:\/\/www.pmpf.rs.gov.br\/secretaria-de-obras\/#website\",\"url\":\"https:\/\/www.pmpf.rs.gov.br\/secretaria-de-obras\/\",\"name\":\"Secretaria de Obras\",\"description\":\"S\u00f3 mais um site Prefeitura de Passo Fundo\",\"potentialAction\":[{\"@type\":\"SearchAction\",\"target\":{\"@type\":\"EntryPoint\",\"urlTemplate\":\"https:\/\/www.pmpf.rs.gov.br\/secretaria-de-obras\/?s={search_term_string}\"},\"query-input\":{\"@type\":\"PropertyValueSpecification\",\"valueRequired\":true,\"valueName\":\"search_term_string\"}}],\"inLanguage\":\"pt-BR\"},{\"@type\":\"Person\",\"@id\":\"https:\/\/www.pmpf.rs.gov.br\/secretaria-de-obras\/#\/schema\/person\/30ee1d1bd74da1469b01fcf086e43351\",\"name\":\"andressazorzetto07\",\"image\":{\"@type\":\"ImageObject\",\"inLanguage\":\"pt-BR\",\"@id\":\"https:\/\/www.pmpf.rs.gov.br\/secretaria-de-obras\/#\/schema\/person\/image\/\",\"url\":\"https:\/\/secure.gravatar.com\/avatar\/14c5458ed79dc81da99a13b9ff5f9f19?s=96&d=mm&r=g\",\"contentUrl\":\"https:\/\/secure.gravatar.com\/avatar\/14c5458ed79dc81da99a13b9ff5f9f19?s=96&d=mm&r=g\",\"caption\":\"andressazorzetto07\"},\"url\":\"https:\/\/www.pmpf.rs.gov.br\/secretaria-de-obras\/author\/andressazorzetto07\/\"}]}<\/script>\n<!-- \/ Yoast SEO plugin. -->","yoast_head_json":{"title":"Prefeitura inicia obras da quarta edi\u00e7\u00e3o do \"Minha Rua com Asfalto\" - Secretaria de Obras","robots":{"index":"index","follow":"follow","max-snippet":"max-snippet:-1","max-image-preview":"max-image-preview:large","max-video-preview":"max-video-preview:-1"},"canonical":"https:\/\/www.pmpf.rs.gov.br\/secretaria-de-obras\/2023\/08\/18\/prefeitura-inicia-obras-da-quarta-edicao-do-minha-rua-com-asfalto\/","og_locale":"pt_BR","og_type":"article","og_title":"Prefeitura inicia obras da quarta edi\u00e7\u00e3o do \"Minha Rua com Asfalto\" - Secretaria de Obras","og_description":"Os servi\u00e7os de asfalto da quarta edi\u00e7\u00e3o do Minha Rua com Asfalto iniciaram nesta semana com as melhorias de base e prepara\u00e7\u00e3o da rua Jo\u00e3o Catapan","og_url":"https:\/\/www.pmpf.rs.gov.br\/secretaria-de-obras\/2023\/08\/18\/prefeitura-inicia-obras-da-quarta-edicao-do-minha-rua-com-asfalto\/","og_site_name":"Secretaria de Obras","article_published_time":"2023-08-18T17:40:51+00:00","article_modified_time":"2023-08-18T17:41:01+00:00","author":"andressazorzetto07","twitter_card":"summary_large_image","twitter_misc":{"Escrito por":"andressazorzetto07","Est. tempo de leitura":"1 minuto"},"schema":{"@context":"https:\/\/schema.org","@graph":[{"@type":"WebPage","@id":"https:\/\/www.pmpf.rs.gov.br\/secretaria-de-obras\/2023\/08\/18\/prefeitura-inicia-obras-da-quarta-edicao-do-minha-rua-com-asfalto\/","url":"https:\/\/www.pmpf.rs.gov.br\/secretaria-de-obras\/2023\/08\/18\/prefeitura-inicia-obras-da-quarta-edicao-do-minha-rua-com-asfalto\/","name":"Prefeitura inicia obras da quarta edi\u00e7\u00e3o do \"Minha Rua com Asfalto\" - Secretaria de Obras","isPartOf":{"@id":"https:\/\/www.pmpf.rs.gov.br\/secretaria-de-obras\/#website"},"primaryImageOfPage":{"@id":"https:\/\/www.pmpf.rs.gov.br\/secretaria-de-obras\/2023\/08\/18\/prefeitura-inicia-obras-da-quarta-edicao-do-minha-rua-com-asfalto\/#primaryimage"},"image":{"@id":"https:\/\/www.pmpf.rs.gov.br\/secretaria-de-obras\/2023\/08\/18\/prefeitura-inicia-obras-da-quarta-edicao-do-minha-rua-com-asfalto\/#primaryimage"},"thumbnailUrl":"https:\/\/www.pmpf.rs.gov.br\/secretaria-de-obras\/wp-content\/uploads\/sites\/49\/2023\/08\/MSF05312-scaled.jpg","datePublished":"2023-08-18T17:40:51+00:00","dateModified":"2023-08-18T17:41:01+00:00","author":{"@id":"https:\/\/www.pmpf.rs.gov.br\/secretaria-de-obras\/#\/schema\/person\/30ee1d1bd74da1469b01fcf086e43351"},"breadcrumb":{"@id":"https:\/\/www.pmpf.rs.gov.br\/secretaria-de-obras\/2023\/08\/18\/prefeitura-inicia-obras-da-quarta-edicao-do-minha-rua-com-asfalto\/#breadcrumb"},"inLanguage":"pt-BR","potentialAction":[{"@type":"ReadAction","target":["https:\/\/www.pmpf.rs.gov.br\/secretaria-de-obras\/2023\/08\/18\/prefeitura-inicia-obras-da-quarta-edicao-do-minha-rua-com-asfalto\/"]}]},{"@type":"ImageObject","inLanguage":"pt-BR","@id":"https:\/\/www.pmpf.rs.gov.br\/secretaria-de-obras\/2023\/08\/18\/prefeitura-inicia-obras-da-quarta-edicao-do-minha-rua-com-asfalto\/#primaryimage","url":"https:\/\/www.pmpf.rs.gov.br\/secretaria-de-obras\/wp-content\/uploads\/sites\/49\/2023\/08\/MSF05312-scaled.jpg","contentUrl":"https:\/\/www.pmpf.rs.gov.br\/secretaria-de-obras\/wp-content\/uploads\/sites\/49\/2023\/08\/MSF05312-scaled.jpg","width":2560,"height":1707},{"@type":"BreadcrumbList","@id":"https:\/\/www.pmpf.rs.gov.br\/secretaria-de-obras\/2023\/08\/18\/prefeitura-inicia-obras-da-quarta-edicao-do-minha-rua-com-asfalto\/#breadcrumb","itemListElement":[{"@type":"ListItem","position":1,"name":"In\u00edcio","item":"https:\/\/www.pmpf.rs.gov.br\/secretaria-de-obras\/"},{"@type":"ListItem","position":2,"name":"Prefeitura inicia obras da quarta edi\u00e7\u00e3o do &#8220;Minha Rua com Asfalto&#8221;"}]},{"@type":"WebSite","@id":"https:\/\/www.pmpf.rs.gov.br\/secretaria-de-obras\/#website","url":"https:\/\/www.pmpf.rs.gov.br\/secretaria-de-obras\/","name":"Secretaria de Obras","description":"S\u00f3 mais um site Prefeitura de Passo Fundo","potentialAction":[{"@type":"SearchAction","target":{"@type":"EntryPoint","urlTemplate":"https:\/\/www.pmpf.rs.gov.br\/secretaria-de-obras\/?s={search_term_string}"},"query-input":{"@type":"PropertyValueSpecification","valueRequired":true,"valueName":"search_term_string"}}],"inLanguage":"pt-BR"},{"@type":"Person","@id":"https:\/\/www.pmpf.rs.gov.br\/secretaria-de-obras\/#\/schema\/person\/30ee1d1bd74da1469b01fcf086e43351","name":"andressazorzetto07","image":{"@type":"ImageObject","inLanguage":"pt-BR","@id":"https:\/\/www.pmpf.rs.gov.br\/secretaria-de-obras\/#\/schema\/person\/image\/","url":"https:\/\/secure.gravatar.com\/avatar\/14c5458ed79dc81da99a13b9ff5f9f19?s=96&d=mm&r=g","contentUrl":"https:\/\/secure.gravatar.com\/avatar\/14c5458ed79dc81da99a13b9ff5f9f19?s=96&d=mm&r=g","caption":"andressazorzetto07"},"url":"https:\/\/www.pmpf.rs.gov.br\/secretaria-de-obras\/author\/andressazorzetto07\/"}]}},"_links":{"self":[{"href":"https:\/\/www.pmpf.rs.gov.br\/secretaria-de-obras\/wp-json\/wp\/v2\/posts\/2079"}],"collection":[{"href":"https:\/\/www.pmpf.rs.gov.br\/secretaria-de-obras\/wp-json\/wp\/v2\/posts"}],"about":[{"href":"https:\/\/www.pmpf.rs.gov.br\/secretaria-de-obras\/wp-json\/wp\/v2\/types\/post"}],"author":[{"embeddable":true,"href":"https:\/\/www.pmpf.rs.gov.br\/secretaria-de-obras\/wp-json\/wp\/v2\/users\/6"}],"replies":[{"embeddable":true,"href":"https:\/\/www.pmpf.rs.gov.br\/secretaria-de-obras\/wp-json\/wp\/v2\/comments?post=2079"}],"version-history":[{"count":1,"href":"https:\/\/www.pmpf.rs.gov.br\/secretaria-de-obras\/wp-json\/wp\/v2\/posts\/2079\/revisions"}],"predecessor-version":[{"id":2081,"href":"https:\/\/www.pmpf.rs.gov.br\/secretaria-de-obras\/wp-json\/wp\/v2\/posts\/2079\/revisions\/2081"}],"wp:featuredmedia":[{"embeddable":true,"href":"https:\/\/www.pmpf.rs.gov.br\/secretaria-de-obras\/wp-json\/wp\/v2\/media\/2080"}],"wp:attachment":[{"href":"https:\/\/www.pmpf.rs.gov.br\/secretaria-de-obras\/wp-json\/wp\/v2\/media?parent=2079"}],"wp:term":[{"taxonomy":"category","embeddable":true,"href":"https:\/\/www.pmpf.rs.gov.br\/secretaria-de-obras\/wp-json\/wp\/v2\/categories?post=2079"},{"taxonomy":"post_tag","embeddable":true,"href":"https:\/\/www.pmpf.rs.gov.br\/secretaria-de-obras\/wp-json\/wp\/v2\/tags?post=2079"}],"curies":[{"name":"wp","href":"https:\/\/api.w.org\/{rel}","templated":true}]}}