{"id":2070,"date":"2023-08-10T15:51:03","date_gmt":"2023-08-10T18:51:03","guid":{"rendered":"https:\/\/www.pmpf.rs.gov.br\/secretaria-de-obras\/?p=2070"},"modified":"2023-08-10T15:51:05","modified_gmt":"2023-08-10T18:51:05","slug":"avenida-scarpellini-ghezzi-recebe-pavimentacao-com-blocos-intertravados","status":"publish","type":"post","link":"https:\/\/www.pmpf.rs.gov.br\/secretaria-de-obras\/2023\/08\/10\/avenida-scarpellini-ghezzi-recebe-pavimentacao-com-blocos-intertravados\/","title":{"rendered":"Avenida Scarpellini Ghezzi recebe pavimenta\u00e7\u00e3o com blocos intertravados"},"content":{"rendered":"\n<p><br>A Avenida Scarpellini Ghezzi est\u00e1 recebendo a pavimenta\u00e7\u00e3o com blocos intertravados em 500 metros, no trecho entre as ruas da S\u00e9 e Daltro Filho. A obra de revitaliza\u00e7\u00e3o feita pela Prefeitura, que abranger\u00e1 um total de cinco quil\u00f4metros, respeita as caracter\u00edsticas ambientais da regi\u00e3o, onde est\u00e1 situado o Bosque Lucas Ara\u00fajo.<\/p>\n\n\n\n<p>Conforme o secret\u00e1rio de Obras e engenheiro ambiental Rubens Astolfi, a escolha pelo paver observa, principalmente, os fatores de drenagem e sustentabilidade, al\u00e9m da vida \u00fatil do material. \u201cO Bosque Lucas Ara\u00fajo tem uma grande import\u00e2ncia para Passo Fundo devido ao seu bioma. A obra \u00e9 necess\u00e1ria para qualificar a infraestrutura da regi\u00e3o, que \u00e9 de liga\u00e7\u00e3o entre v\u00e1rios bairros. Ao mesmo tempo, levamos em considera\u00e7\u00e3o as caracter\u00edsticas ambientais para a constru\u00e7\u00e3o do projeto\u201d, pontuou.<\/p>\n\n\n\n<p>A revitaliza\u00e7\u00e3o da Avenida Scarpellini Ghezzi acontecer\u00e1 em dois quil\u00f4metros, entre a Avenida Presidente Vargas e a Rua Jo\u00e3o Biazus com nova pavimenta\u00e7\u00e3o, refor\u00e7o na drenagem, ilumina\u00e7\u00e3o em LED e ciclovia. Na mesma licita\u00e7\u00e3o, foram inseridas as ruas Guilherme Kurtz, S\u00e3o Pedro, Coronel Miranda e Mascarenhas, totalizando os cinco quil\u00f4metros de obras.<\/p>\n\n\n\n<p>Ao falar sobre a obra, o prefeito Pedro Almeida considerou que a qualifica\u00e7\u00e3o da infraestrutura da via \u00e9 necess\u00e1ria para o dia a dia da cidade, uma vez que ela complementa o anel vi\u00e1rio, e era uma reivindica\u00e7\u00e3o da comunidade. \u201cA obra \u00e9 fundamental para auxiliar o tr\u00e2nsito. A revitaliza\u00e7\u00e3o acontece tamb\u00e9m com um olhar para o Bosque Lucas Ara\u00fajo como um patrim\u00f4nio da cidade a fim de que ele seja ainda mais valorizado\u201d, disse.<\/p>\n\n\n\n<p>As mudan\u00e7as contribuir\u00e3o com o fluxo de ve\u00edculos que vem desde o Bairro Boqueir\u00e3o at\u00e9 a Presidente Vargas, que tamb\u00e9m est\u00e1 em obras, como salientou Astolfi. \u201cEstamos mantendo o cronograma de obras previsto e 20% das interven\u00e7\u00f5es foram executadas. A empresa respons\u00e1vel trabalha, neste momento, na coloca\u00e7\u00e3o do paver e no meio-fio\u201d, afirmou, destacando que a conclus\u00e3o dever\u00e1 acontecer no segundo semestre de 2024.<\/p>\n\n\n\n<p>Al\u00e9m do piso com blocos intertravados, um dos principais pontos do projeto \u00e9 a ciclovia de dois quil\u00f4metros, que ser\u00e1 ligada \u00e0 da Avenida Presidente Vargas, que est\u00e1 inclu\u00edda no projeto para a via e ter\u00e1 cinco quil\u00f4metros. \u201cSer\u00e1 mais uma op\u00e7\u00e3o de modal de transporte e lazer para o bairro, inteiramente dentro do canteiro central para garantir a seguran\u00e7a dos usu\u00e1rios. A ciclovia, certamente, trar\u00e1 uma melhoria significativa na qualidade de vida dos moradores\u201d, mencionou Astolfi.<\/p>\n\n\n\n<p>O prefeito Pedro Almeida esteve no local para acompanhar o primeiro dia de obras. Para ele, a qualifica\u00e7\u00e3o da infraestrutura da via \u00e9 necess\u00e1ria para o dia a dia da cidade, uma vez que ela complementa o anel vi\u00e1rio. \u201cA obra \u00e9 fundamental para auxiliar o tr\u00e2nsito. A revitaliza\u00e7\u00e3o acontecer\u00e1 tamb\u00e9m com um olhar para o Bosque Lucas Ara\u00fajo como um patrim\u00f4nio da cidade a fim de que ele seja ainda mais valorizado\u201d, disse.<\/p>\n\n\n\n<p><\/p>\n\n\n\n<p><strong>Foto: Michel Sanderi<\/strong><\/p>\n","protected":false},"excerpt":{"rendered":"<p>Obra da Prefeitura qualificar\u00e1 a infraestrutura da regi\u00e3o, respeitando as caracter\u00edsticas ambientais do Bosque Lucas Ara\u00fajo<\/p>\n","protected":false},"author":6,"featured_media":2071,"comment_status":"closed","ping_status":"closed","sticky":true,"template":"","format":"standard","meta":{"footnotes":""},"categories":[1],"tags":[],"class_list":["post-2070","post","type-post","status-publish","format-standard","has-post-thumbnail","hentry","category-sem-categoria"],"yoast_head":"<!-- This site is optimized with the Yoast SEO plugin v23.8 - https:\/\/yoast.com\/wordpress\/plugins\/seo\/ -->\n<title>Avenida Scarpellini Ghezzi recebe pavimenta\u00e7\u00e3o com blocos intertravados - Secretaria de Obras<\/title>\n<meta name=\"robots\" content=\"index, follow, max-snippet:-1, max-image-preview:large, max-video-preview:-1\" \/>\n<link rel=\"canonical\" href=\"https:\/\/www.pmpf.rs.gov.br\/secretaria-de-obras\/2023\/08\/10\/avenida-scarpellini-ghezzi-recebe-pavimentacao-com-blocos-intertravados\/\" \/>\n<meta property=\"og:locale\" content=\"pt_BR\" \/>\n<meta property=\"og:type\" content=\"article\" \/>\n<meta property=\"og:title\" content=\"Avenida Scarpellini Ghezzi recebe pavimenta\u00e7\u00e3o com blocos intertravados - Secretaria de Obras\" \/>\n<meta property=\"og:description\" content=\"Obra da Prefeitura qualificar\u00e1 a infraestrutura da regi\u00e3o, respeitando as caracter\u00edsticas ambientais do Bosque Lucas Ara\u00fajo\" \/>\n<meta property=\"og:url\" content=\"https:\/\/www.pmpf.rs.gov.br\/secretaria-de-obras\/2023\/08\/10\/avenida-scarpellini-ghezzi-recebe-pavimentacao-com-blocos-intertravados\/\" \/>\n<meta property=\"og:site_name\" content=\"Secretaria de Obras\" \/>\n<meta property=\"article:published_time\" content=\"2023-08-10T18:51:03+00:00\" \/>\n<meta property=\"article:modified_time\" content=\"2023-08-10T18:51:05+00:00\" \/>\n<meta name=\"author\" content=\"andressazorzetto07\" \/>\n<meta name=\"twitter:card\" content=\"summary_large_image\" \/>\n<meta name=\"twitter:label1\" content=\"Escrito por\" \/>\n\t<meta name=\"twitter:data1\" content=\"andressazorzetto07\" \/>\n\t<meta name=\"twitter:label2\" content=\"Est. tempo de leitura\" \/>\n\t<meta name=\"twitter:data2\" content=\"3 minutos\" \/>\n<script type=\"application\/ld+json\" class=\"yoast-schema-graph\">{\"@context\":\"https:\/\/schema.org\",\"@graph\":[{\"@type\":\"WebPage\",\"@id\":\"https:\/\/www.pmpf.rs.gov.br\/secretaria-de-obras\/2023\/08\/10\/avenida-scarpellini-ghezzi-recebe-pavimentacao-com-blocos-intertravados\/\",\"url\":\"https:\/\/www.pmpf.rs.gov.br\/secretaria-de-obras\/2023\/08\/10\/avenida-scarpellini-ghezzi-recebe-pavimentacao-com-blocos-intertravados\/\",\"name\":\"Avenida Scarpellini Ghezzi recebe pavimenta\u00e7\u00e3o com blocos intertravados - Secretaria de Obras\",\"isPartOf\":{\"@id\":\"https:\/\/www.pmpf.rs.gov.br\/secretaria-de-obras\/#website\"},\"primaryImageOfPage\":{\"@id\":\"https:\/\/www.pmpf.rs.gov.br\/secretaria-de-obras\/2023\/08\/10\/avenida-scarpellini-ghezzi-recebe-pavimentacao-com-blocos-intertravados\/#primaryimage\"},\"image\":{\"@id\":\"https:\/\/www.pmpf.rs.gov.br\/secretaria-de-obras\/2023\/08\/10\/avenida-scarpellini-ghezzi-recebe-pavimentacao-com-blocos-intertravados\/#primaryimage\"},\"thumbnailUrl\":\"https:\/\/www.pmpf.rs.gov.br\/secretaria-de-obras\/wp-content\/uploads\/sites\/49\/2023\/08\/scarpellini.jpg\",\"datePublished\":\"2023-08-10T18:51:03+00:00\",\"dateModified\":\"2023-08-10T18:51:05+00:00\",\"author\":{\"@id\":\"https:\/\/www.pmpf.rs.gov.br\/secretaria-de-obras\/#\/schema\/person\/30ee1d1bd74da1469b01fcf086e43351\"},\"breadcrumb\":{\"@id\":\"https:\/\/www.pmpf.rs.gov.br\/secretaria-de-obras\/2023\/08\/10\/avenida-scarpellini-ghezzi-recebe-pavimentacao-com-blocos-intertravados\/#breadcrumb\"},\"inLanguage\":\"pt-BR\",\"potentialAction\":[{\"@type\":\"ReadAction\",\"target\":[\"https:\/\/www.pmpf.rs.gov.br\/secretaria-de-obras\/2023\/08\/10\/avenida-scarpellini-ghezzi-recebe-pavimentacao-com-blocos-intertravados\/\"]}]},{\"@type\":\"ImageObject\",\"inLanguage\":\"pt-BR\",\"@id\":\"https:\/\/www.pmpf.rs.gov.br\/secretaria-de-obras\/2023\/08\/10\/avenida-scarpellini-ghezzi-recebe-pavimentacao-com-blocos-intertravados\/#primaryimage\",\"url\":\"https:\/\/www.pmpf.rs.gov.br\/secretaria-de-obras\/wp-content\/uploads\/sites\/49\/2023\/08\/scarpellini.jpg\",\"contentUrl\":\"https:\/\/www.pmpf.rs.gov.br\/secretaria-de-obras\/wp-content\/uploads\/sites\/49\/2023\/08\/scarpellini.jpg\",\"width\":1600,\"height\":1066},{\"@type\":\"BreadcrumbList\",\"@id\":\"https:\/\/www.pmpf.rs.gov.br\/secretaria-de-obras\/2023\/08\/10\/avenida-scarpellini-ghezzi-recebe-pavimentacao-com-blocos-intertravados\/#breadcrumb\",\"itemListElement\":[{\"@type\":\"ListItem\",\"position\":1,\"name\":\"In\u00edcio\",\"item\":\"https:\/\/www.pmpf.rs.gov.br\/secretaria-de-obras\/\"},{\"@type\":\"ListItem\",\"position\":2,\"name\":\"Avenida Scarpellini Ghezzi recebe pavimenta\u00e7\u00e3o com blocos intertravados\"}]},{\"@type\":\"WebSite\",\"@id\":\"https:\/\/www.pmpf.rs.gov.br\/secretaria-de-obras\/#website\",\"url\":\"https:\/\/www.pmpf.rs.gov.br\/secretaria-de-obras\/\",\"name\":\"Secretaria de Obras\",\"description\":\"S\u00f3 mais um site Prefeitura de Passo Fundo\",\"potentialAction\":[{\"@type\":\"SearchAction\",\"target\":{\"@type\":\"EntryPoint\",\"urlTemplate\":\"https:\/\/www.pmpf.rs.gov.br\/secretaria-de-obras\/?s={search_term_string}\"},\"query-input\":{\"@type\":\"PropertyValueSpecification\",\"valueRequired\":true,\"valueName\":\"search_term_string\"}}],\"inLanguage\":\"pt-BR\"},{\"@type\":\"Person\",\"@id\":\"https:\/\/www.pmpf.rs.gov.br\/secretaria-de-obras\/#\/schema\/person\/30ee1d1bd74da1469b01fcf086e43351\",\"name\":\"andressazorzetto07\",\"image\":{\"@type\":\"ImageObject\",\"inLanguage\":\"pt-BR\",\"@id\":\"https:\/\/www.pmpf.rs.gov.br\/secretaria-de-obras\/#\/schema\/person\/image\/\",\"url\":\"https:\/\/secure.gravatar.com\/avatar\/14c5458ed79dc81da99a13b9ff5f9f19?s=96&d=mm&r=g\",\"contentUrl\":\"https:\/\/secure.gravatar.com\/avatar\/14c5458ed79dc81da99a13b9ff5f9f19?s=96&d=mm&r=g\",\"caption\":\"andressazorzetto07\"},\"url\":\"https:\/\/www.pmpf.rs.gov.br\/secretaria-de-obras\/author\/andressazorzetto07\/\"}]}<\/script>\n<!-- \/ Yoast SEO plugin. -->","yoast_head_json":{"title":"Avenida Scarpellini Ghezzi recebe pavimenta\u00e7\u00e3o com blocos intertravados - Secretaria de Obras","robots":{"index":"index","follow":"follow","max-snippet":"max-snippet:-1","max-image-preview":"max-image-preview:large","max-video-preview":"max-video-preview:-1"},"canonical":"https:\/\/www.pmpf.rs.gov.br\/secretaria-de-obras\/2023\/08\/10\/avenida-scarpellini-ghezzi-recebe-pavimentacao-com-blocos-intertravados\/","og_locale":"pt_BR","og_type":"article","og_title":"Avenida Scarpellini Ghezzi recebe pavimenta\u00e7\u00e3o com blocos intertravados - Secretaria de Obras","og_description":"Obra da Prefeitura qualificar\u00e1 a infraestrutura da regi\u00e3o, respeitando as caracter\u00edsticas ambientais do Bosque Lucas Ara\u00fajo","og_url":"https:\/\/www.pmpf.rs.gov.br\/secretaria-de-obras\/2023\/08\/10\/avenida-scarpellini-ghezzi-recebe-pavimentacao-com-blocos-intertravados\/","og_site_name":"Secretaria de Obras","article_published_time":"2023-08-10T18:51:03+00:00","article_modified_time":"2023-08-10T18:51:05+00:00","author":"andressazorzetto07","twitter_card":"summary_large_image","twitter_misc":{"Escrito por":"andressazorzetto07","Est. tempo de leitura":"3 minutos"},"schema":{"@context":"https:\/\/schema.org","@graph":[{"@type":"WebPage","@id":"https:\/\/www.pmpf.rs.gov.br\/secretaria-de-obras\/2023\/08\/10\/avenida-scarpellini-ghezzi-recebe-pavimentacao-com-blocos-intertravados\/","url":"https:\/\/www.pmpf.rs.gov.br\/secretaria-de-obras\/2023\/08\/10\/avenida-scarpellini-ghezzi-recebe-pavimentacao-com-blocos-intertravados\/","name":"Avenida Scarpellini Ghezzi recebe pavimenta\u00e7\u00e3o com blocos intertravados - Secretaria de Obras","isPartOf":{"@id":"https:\/\/www.pmpf.rs.gov.br\/secretaria-de-obras\/#website"},"primaryImageOfPage":{"@id":"https:\/\/www.pmpf.rs.gov.br\/secretaria-de-obras\/2023\/08\/10\/avenida-scarpellini-ghezzi-recebe-pavimentacao-com-blocos-intertravados\/#primaryimage"},"image":{"@id":"https:\/\/www.pmpf.rs.gov.br\/secretaria-de-obras\/2023\/08\/10\/avenida-scarpellini-ghezzi-recebe-pavimentacao-com-blocos-intertravados\/#primaryimage"},"thumbnailUrl":"https:\/\/www.pmpf.rs.gov.br\/secretaria-de-obras\/wp-content\/uploads\/sites\/49\/2023\/08\/scarpellini.jpg","datePublished":"2023-08-10T18:51:03+00:00","dateModified":"2023-08-10T18:51:05+00:00","author":{"@id":"https:\/\/www.pmpf.rs.gov.br\/secretaria-de-obras\/#\/schema\/person\/30ee1d1bd74da1469b01fcf086e43351"},"breadcrumb":{"@id":"https:\/\/www.pmpf.rs.gov.br\/secretaria-de-obras\/2023\/08\/10\/avenida-scarpellini-ghezzi-recebe-pavimentacao-com-blocos-intertravados\/#breadcrumb"},"inLanguage":"pt-BR","potentialAction":[{"@type":"ReadAction","target":["https:\/\/www.pmpf.rs.gov.br\/secretaria-de-obras\/2023\/08\/10\/avenida-scarpellini-ghezzi-recebe-pavimentacao-com-blocos-intertravados\/"]}]},{"@type":"ImageObject","inLanguage":"pt-BR","@id":"https:\/\/www.pmpf.rs.gov.br\/secretaria-de-obras\/2023\/08\/10\/avenida-scarpellini-ghezzi-recebe-pavimentacao-com-blocos-intertravados\/#primaryimage","url":"https:\/\/www.pmpf.rs.gov.br\/secretaria-de-obras\/wp-content\/uploads\/sites\/49\/2023\/08\/scarpellini.jpg","contentUrl":"https:\/\/www.pmpf.rs.gov.br\/secretaria-de-obras\/wp-content\/uploads\/sites\/49\/2023\/08\/scarpellini.jpg","width":1600,"height":1066},{"@type":"BreadcrumbList","@id":"https:\/\/www.pmpf.rs.gov.br\/secretaria-de-obras\/2023\/08\/10\/avenida-scarpellini-ghezzi-recebe-pavimentacao-com-blocos-intertravados\/#breadcrumb","itemListElement":[{"@type":"ListItem","position":1,"name":"In\u00edcio","item":"https:\/\/www.pmpf.rs.gov.br\/secretaria-de-obras\/"},{"@type":"ListItem","position":2,"name":"Avenida Scarpellini Ghezzi recebe pavimenta\u00e7\u00e3o com blocos intertravados"}]},{"@type":"WebSite","@id":"https:\/\/www.pmpf.rs.gov.br\/secretaria-de-obras\/#website","url":"https:\/\/www.pmpf.rs.gov.br\/secretaria-de-obras\/","name":"Secretaria de Obras","description":"S\u00f3 mais um site Prefeitura de Passo Fundo","potentialAction":[{"@type":"SearchAction","target":{"@type":"EntryPoint","urlTemplate":"https:\/\/www.pmpf.rs.gov.br\/secretaria-de-obras\/?s={search_term_string}"},"query-input":{"@type":"PropertyValueSpecification","valueRequired":true,"valueName":"search_term_string"}}],"inLanguage":"pt-BR"},{"@type":"Person","@id":"https:\/\/www.pmpf.rs.gov.br\/secretaria-de-obras\/#\/schema\/person\/30ee1d1bd74da1469b01fcf086e43351","name":"andressazorzetto07","image":{"@type":"ImageObject","inLanguage":"pt-BR","@id":"https:\/\/www.pmpf.rs.gov.br\/secretaria-de-obras\/#\/schema\/person\/image\/","url":"https:\/\/secure.gravatar.com\/avatar\/14c5458ed79dc81da99a13b9ff5f9f19?s=96&d=mm&r=g","contentUrl":"https:\/\/secure.gravatar.com\/avatar\/14c5458ed79dc81da99a13b9ff5f9f19?s=96&d=mm&r=g","caption":"andressazorzetto07"},"url":"https:\/\/www.pmpf.rs.gov.br\/secretaria-de-obras\/author\/andressazorzetto07\/"}]}},"_links":{"self":[{"href":"https:\/\/www.pmpf.rs.gov.br\/secretaria-de-obras\/wp-json\/wp\/v2\/posts\/2070"}],"collection":[{"href":"https:\/\/www.pmpf.rs.gov.br\/secretaria-de-obras\/wp-json\/wp\/v2\/posts"}],"about":[{"href":"https:\/\/www.pmpf.rs.gov.br\/secretaria-de-obras\/wp-json\/wp\/v2\/types\/post"}],"author":[{"embeddable":true,"href":"https:\/\/www.pmpf.rs.gov.br\/secretaria-de-obras\/wp-json\/wp\/v2\/users\/6"}],"replies":[{"embeddable":true,"href":"https:\/\/www.pmpf.rs.gov.br\/secretaria-de-obras\/wp-json\/wp\/v2\/comments?post=2070"}],"version-history":[{"count":1,"href":"https:\/\/www.pmpf.rs.gov.br\/secretaria-de-obras\/wp-json\/wp\/v2\/posts\/2070\/revisions"}],"predecessor-version":[{"id":2072,"href":"https:\/\/www.pmpf.rs.gov.br\/secretaria-de-obras\/wp-json\/wp\/v2\/posts\/2070\/revisions\/2072"}],"wp:featuredmedia":[{"embeddable":true,"href":"https:\/\/www.pmpf.rs.gov.br\/secretaria-de-obras\/wp-json\/wp\/v2\/media\/2071"}],"wp:attachment":[{"href":"https:\/\/www.pmpf.rs.gov.br\/secretaria-de-obras\/wp-json\/wp\/v2\/media?parent=2070"}],"wp:term":[{"taxonomy":"category","embeddable":true,"href":"https:\/\/www.pmpf.rs.gov.br\/secretaria-de-obras\/wp-json\/wp\/v2\/categories?post=2070"},{"taxonomy":"post_tag","embeddable":true,"href":"https:\/\/www.pmpf.rs.gov.br\/secretaria-de-obras\/wp-json\/wp\/v2\/tags?post=2070"}],"curies":[{"name":"wp","href":"https:\/\/api.w.org\/{rel}","templated":true}]}}