{"id":2061,"date":"2023-07-24T13:44:54","date_gmt":"2023-07-24T16:44:54","guid":{"rendered":"https:\/\/www.pmpf.rs.gov.br\/secretaria-de-obras\/?p=2061"},"modified":"2023-07-24T13:44:58","modified_gmt":"2023-07-24T16:44:58","slug":"prefeitura-da-sequencia-a-obras-de-recuperacao-de-ruas-estrategicas-para-o-transito","status":"publish","type":"post","link":"https:\/\/www.pmpf.rs.gov.br\/secretaria-de-obras\/2023\/07\/24\/prefeitura-da-sequencia-a-obras-de-recuperacao-de-ruas-estrategicas-para-o-transito\/","title":{"rendered":"Prefeitura d\u00e1 sequ\u00eancia a obras de recupera\u00e7\u00e3o de ruas estrat\u00e9gicas para o tr\u00e2nsito"},"content":{"rendered":"\n<p><\/p>\n\n\n\n<p><\/p>\n\n\n\n<p>Passo Fundo est\u00e1 passando por uma s\u00e9rie de obras de infraestrutura, no Centro, nos bairros e no interior. Al\u00e9m da revitaliza\u00e7\u00e3o das avenidas Presidente Vargas, Scarpellini Ghezzi e da Arauc\u00e1ria, na Rosel\u00e2ndia, do asfaltamento do principal acesso ao distrito de Bom Recreio e do programa Minha Rua com Asfalto, a Prefeitura est\u00e1 trabalhando na recupera\u00e7\u00e3o de 12 vias estrat\u00e9gicas para o tr\u00e2nsito. Este projeto est\u00e1 em andamento com dois pacotes, incluindo o asfaltamento, sinaliza\u00e7\u00e3o, refor\u00e7os na drenagem e ilumina\u00e7\u00e3o em LED de 18 quil\u00f4metros e 178 quadras.<br><br>A recupera\u00e7\u00e3o destas 12 vias foi dividida em dois pacotes, executados simultaneamente. O pacote 1 abrange 96 quadras, entre o Centro e os bairros Annes, Boqueir\u00e3o e Vera Cruz, contemplando as ruas Uruguai, Paissandu, Teixeira Soares, Moacir da Motta Fortes, Gelson Ribeiro e Avenida Rio Grande. J\u00e1 o pacote 2 totaliza mais 82 quadras, nos bairros F\u00e1tima, Victor Issler, Cidade Nova, Annes, Rodrigues e Cruzeiro, nas ruas Bento Gon\u00e7alves, Fagundes dos Reis, Capit\u00e3o Eleut\u00e9rio, Lava P\u00e9s, Senador Pinheiro e Jo\u00e3o de Cesaro.<\/p>\n\n\n\n<p>Conforme o secret\u00e1rio de Obras, Rubens Astolfi, o novo asfalto j\u00e1 foi colocado nas ruas Gelson Ribeiro, Teixeira Soares, Jo\u00e3o de Cesaro e Senador Pinheiro. \u201cJ\u00e1 conclu\u00edmos estas quatro vias. Posteriormente, com a indica\u00e7\u00e3o da empresa respons\u00e1vel, elas passar\u00e3o pelo processo de sinaliza\u00e7\u00e3o horizontal, que ser\u00e1 feito pela Secretaria de Seguran\u00e7a\u201d, enfatiza.<\/p>\n\n\n\n<p>Neste momento, \u00e9 realizado o asfaltamento da Rua Bento Gon\u00e7alves. Al\u00e9m disso, a Avenida Rio Grande recebe as interven\u00e7\u00f5es no sistema de drenagem, etapa anterior \u00e0s obras de asfalto. \u201cAs interven\u00e7\u00f5es envolvem toda a qualifica\u00e7\u00e3o das vias e s\u00e3o feitas de forma paralela, em v\u00e1rios pontos da cidade, a fim de que sejam conclu\u00eddas o mais rapidamente poss\u00edvel\u201d, considera Astolfi.<\/p>\n\n\n\n<p>A Secretaria Municipal de Seguran\u00e7a destaca que \u00e9 importante que os motoristas redobrem a aten\u00e7\u00e3o ao passarem pelos trechos em obras. A sinaliza\u00e7\u00e3o dos pontos que passam por interven\u00e7\u00f5es \u00e9 feita pela empresa respons\u00e1vel.<\/p>\n\n\n\n<p><\/p>\n\n\n\n<p><strong>Obras que qualificam a infraestrutura e o tr\u00e2nsito<\/strong><\/p>\n\n\n\n<p>Estes dois pacotes de revitaliza\u00e7\u00e3o de ruas foram anunciados pelo prefeito Pedro Almeida em maio e dever\u00e3o ser conclu\u00eddos no primeiro semestre de 2024. Em coletiva de imprensa, ele afirmou que, dentro de um planejamento de obras que acontecem em toda a cidade, a Prefeitura pretende melhorar ruas que registram intenso fluxo de ve\u00edculos diariamente. \u201cS\u00e3o obras que qualificar\u00e3o vias muito importantes para a mobilidade urbana da cidade e que precisam da revitaliza\u00e7\u00e3o para suportar o fluxo de ve\u00edculos e garantir uma maior seguran\u00e7a a todos os usu\u00e1rios. Este projeto foi estudado e constru\u00eddo pelas secretarias de Obras e Planejamento, junto com o setor de Mobilidade Urbana, e visa trazer melhorias para o tr\u00e2nsito\u201d, destacou.<\/p>\n","protected":false},"excerpt":{"rendered":"<p>Projeto em execu\u00e7\u00e3o contempla 12 vias. Destas, a Gelson Ribeiro, Teixeira Soares, Jo\u00e3o de Cesaro e Senador Pinheiro j\u00e1 receberam o novo asfalto e passar\u00e3o pela etapa de sinaliza\u00e7\u00e3o. Equipes trabalham no asfaltamento da Rua Bento Gon\u00e7alves e na drenagem da Avenida Rio Grande<\/p>\n","protected":false},"author":6,"featured_media":2062,"comment_status":"closed","ping_status":"closed","sticky":true,"template":"","format":"standard","meta":{"footnotes":""},"categories":[1],"tags":[],"class_list":["post-2061","post","type-post","status-publish","format-standard","has-post-thumbnail","hentry","category-sem-categoria"],"yoast_head":"<!-- This site is optimized with the Yoast SEO plugin v23.8 - https:\/\/yoast.com\/wordpress\/plugins\/seo\/ -->\n<title>Prefeitura d\u00e1 sequ\u00eancia a obras de recupera\u00e7\u00e3o de ruas estrat\u00e9gicas para o tr\u00e2nsito - Secretaria de Obras<\/title>\n<meta name=\"robots\" content=\"index, follow, max-snippet:-1, max-image-preview:large, max-video-preview:-1\" \/>\n<link rel=\"canonical\" href=\"https:\/\/www.pmpf.rs.gov.br\/secretaria-de-obras\/2023\/07\/24\/prefeitura-da-sequencia-a-obras-de-recuperacao-de-ruas-estrategicas-para-o-transito\/\" \/>\n<meta property=\"og:locale\" content=\"pt_BR\" \/>\n<meta property=\"og:type\" content=\"article\" \/>\n<meta property=\"og:title\" content=\"Prefeitura d\u00e1 sequ\u00eancia a obras de recupera\u00e7\u00e3o de ruas estrat\u00e9gicas para o tr\u00e2nsito - Secretaria de Obras\" \/>\n<meta property=\"og:description\" content=\"Projeto em execu\u00e7\u00e3o contempla 12 vias. Destas, a Gelson Ribeiro, Teixeira Soares, Jo\u00e3o de Cesaro e Senador Pinheiro j\u00e1 receberam o novo asfalto e passar\u00e3o pela etapa de sinaliza\u00e7\u00e3o. Equipes trabalham no asfaltamento da Rua Bento Gon\u00e7alves e na drenagem da Avenida Rio Grande\" \/>\n<meta property=\"og:url\" content=\"https:\/\/www.pmpf.rs.gov.br\/secretaria-de-obras\/2023\/07\/24\/prefeitura-da-sequencia-a-obras-de-recuperacao-de-ruas-estrategicas-para-o-transito\/\" \/>\n<meta property=\"og:site_name\" content=\"Secretaria de Obras\" \/>\n<meta property=\"article:published_time\" content=\"2023-07-24T16:44:54+00:00\" \/>\n<meta property=\"article:modified_time\" content=\"2023-07-24T16:44:58+00:00\" \/>\n<meta name=\"author\" content=\"andressazorzetto07\" \/>\n<meta name=\"twitter:card\" content=\"summary_large_image\" \/>\n<meta name=\"twitter:label1\" content=\"Escrito por\" \/>\n\t<meta name=\"twitter:data1\" content=\"andressazorzetto07\" \/>\n\t<meta name=\"twitter:label2\" content=\"Est. tempo de leitura\" \/>\n\t<meta name=\"twitter:data2\" content=\"2 minutos\" \/>\n<script type=\"application\/ld+json\" class=\"yoast-schema-graph\">{\"@context\":\"https:\/\/schema.org\",\"@graph\":[{\"@type\":\"WebPage\",\"@id\":\"https:\/\/www.pmpf.rs.gov.br\/secretaria-de-obras\/2023\/07\/24\/prefeitura-da-sequencia-a-obras-de-recuperacao-de-ruas-estrategicas-para-o-transito\/\",\"url\":\"https:\/\/www.pmpf.rs.gov.br\/secretaria-de-obras\/2023\/07\/24\/prefeitura-da-sequencia-a-obras-de-recuperacao-de-ruas-estrategicas-para-o-transito\/\",\"name\":\"Prefeitura d\u00e1 sequ\u00eancia a obras de recupera\u00e7\u00e3o de ruas estrat\u00e9gicas para o tr\u00e2nsito - Secretaria de Obras\",\"isPartOf\":{\"@id\":\"https:\/\/www.pmpf.rs.gov.br\/secretaria-de-obras\/#website\"},\"primaryImageOfPage\":{\"@id\":\"https:\/\/www.pmpf.rs.gov.br\/secretaria-de-obras\/2023\/07\/24\/prefeitura-da-sequencia-a-obras-de-recuperacao-de-ruas-estrategicas-para-o-transito\/#primaryimage\"},\"image\":{\"@id\":\"https:\/\/www.pmpf.rs.gov.br\/secretaria-de-obras\/2023\/07\/24\/prefeitura-da-sequencia-a-obras-de-recuperacao-de-ruas-estrategicas-para-o-transito\/#primaryimage\"},\"thumbnailUrl\":\"https:\/\/www.pmpf.rs.gov.br\/secretaria-de-obras\/wp-content\/uploads\/sites\/49\/2023\/07\/MSF03333-scaled.jpg\",\"datePublished\":\"2023-07-24T16:44:54+00:00\",\"dateModified\":\"2023-07-24T16:44:58+00:00\",\"author\":{\"@id\":\"https:\/\/www.pmpf.rs.gov.br\/secretaria-de-obras\/#\/schema\/person\/30ee1d1bd74da1469b01fcf086e43351\"},\"breadcrumb\":{\"@id\":\"https:\/\/www.pmpf.rs.gov.br\/secretaria-de-obras\/2023\/07\/24\/prefeitura-da-sequencia-a-obras-de-recuperacao-de-ruas-estrategicas-para-o-transito\/#breadcrumb\"},\"inLanguage\":\"pt-BR\",\"potentialAction\":[{\"@type\":\"ReadAction\",\"target\":[\"https:\/\/www.pmpf.rs.gov.br\/secretaria-de-obras\/2023\/07\/24\/prefeitura-da-sequencia-a-obras-de-recuperacao-de-ruas-estrategicas-para-o-transito\/\"]}]},{\"@type\":\"ImageObject\",\"inLanguage\":\"pt-BR\",\"@id\":\"https:\/\/www.pmpf.rs.gov.br\/secretaria-de-obras\/2023\/07\/24\/prefeitura-da-sequencia-a-obras-de-recuperacao-de-ruas-estrategicas-para-o-transito\/#primaryimage\",\"url\":\"https:\/\/www.pmpf.rs.gov.br\/secretaria-de-obras\/wp-content\/uploads\/sites\/49\/2023\/07\/MSF03333-scaled.jpg\",\"contentUrl\":\"https:\/\/www.pmpf.rs.gov.br\/secretaria-de-obras\/wp-content\/uploads\/sites\/49\/2023\/07\/MSF03333-scaled.jpg\",\"width\":2560,\"height\":1707},{\"@type\":\"BreadcrumbList\",\"@id\":\"https:\/\/www.pmpf.rs.gov.br\/secretaria-de-obras\/2023\/07\/24\/prefeitura-da-sequencia-a-obras-de-recuperacao-de-ruas-estrategicas-para-o-transito\/#breadcrumb\",\"itemListElement\":[{\"@type\":\"ListItem\",\"position\":1,\"name\":\"In\u00edcio\",\"item\":\"https:\/\/www.pmpf.rs.gov.br\/secretaria-de-obras\/\"},{\"@type\":\"ListItem\",\"position\":2,\"name\":\"Prefeitura d\u00e1 sequ\u00eancia a obras de recupera\u00e7\u00e3o de ruas estrat\u00e9gicas para o tr\u00e2nsito\"}]},{\"@type\":\"WebSite\",\"@id\":\"https:\/\/www.pmpf.rs.gov.br\/secretaria-de-obras\/#website\",\"url\":\"https:\/\/www.pmpf.rs.gov.br\/secretaria-de-obras\/\",\"name\":\"Secretaria de Obras\",\"description\":\"S\u00f3 mais um site Prefeitura de Passo Fundo\",\"potentialAction\":[{\"@type\":\"SearchAction\",\"target\":{\"@type\":\"EntryPoint\",\"urlTemplate\":\"https:\/\/www.pmpf.rs.gov.br\/secretaria-de-obras\/?s={search_term_string}\"},\"query-input\":{\"@type\":\"PropertyValueSpecification\",\"valueRequired\":true,\"valueName\":\"search_term_string\"}}],\"inLanguage\":\"pt-BR\"},{\"@type\":\"Person\",\"@id\":\"https:\/\/www.pmpf.rs.gov.br\/secretaria-de-obras\/#\/schema\/person\/30ee1d1bd74da1469b01fcf086e43351\",\"name\":\"andressazorzetto07\",\"image\":{\"@type\":\"ImageObject\",\"inLanguage\":\"pt-BR\",\"@id\":\"https:\/\/www.pmpf.rs.gov.br\/secretaria-de-obras\/#\/schema\/person\/image\/\",\"url\":\"https:\/\/secure.gravatar.com\/avatar\/14c5458ed79dc81da99a13b9ff5f9f19?s=96&d=mm&r=g\",\"contentUrl\":\"https:\/\/secure.gravatar.com\/avatar\/14c5458ed79dc81da99a13b9ff5f9f19?s=96&d=mm&r=g\",\"caption\":\"andressazorzetto07\"},\"url\":\"https:\/\/www.pmpf.rs.gov.br\/secretaria-de-obras\/author\/andressazorzetto07\/\"}]}<\/script>\n<!-- \/ Yoast SEO plugin. -->","yoast_head_json":{"title":"Prefeitura d\u00e1 sequ\u00eancia a obras de recupera\u00e7\u00e3o de ruas estrat\u00e9gicas para o tr\u00e2nsito - Secretaria de Obras","robots":{"index":"index","follow":"follow","max-snippet":"max-snippet:-1","max-image-preview":"max-image-preview:large","max-video-preview":"max-video-preview:-1"},"canonical":"https:\/\/www.pmpf.rs.gov.br\/secretaria-de-obras\/2023\/07\/24\/prefeitura-da-sequencia-a-obras-de-recuperacao-de-ruas-estrategicas-para-o-transito\/","og_locale":"pt_BR","og_type":"article","og_title":"Prefeitura d\u00e1 sequ\u00eancia a obras de recupera\u00e7\u00e3o de ruas estrat\u00e9gicas para o tr\u00e2nsito - Secretaria de Obras","og_description":"Projeto em execu\u00e7\u00e3o contempla 12 vias. Destas, a Gelson Ribeiro, Teixeira Soares, Jo\u00e3o de Cesaro e Senador Pinheiro j\u00e1 receberam o novo asfalto e passar\u00e3o pela etapa de sinaliza\u00e7\u00e3o. Equipes trabalham no asfaltamento da Rua Bento Gon\u00e7alves e na drenagem da Avenida Rio Grande","og_url":"https:\/\/www.pmpf.rs.gov.br\/secretaria-de-obras\/2023\/07\/24\/prefeitura-da-sequencia-a-obras-de-recuperacao-de-ruas-estrategicas-para-o-transito\/","og_site_name":"Secretaria de Obras","article_published_time":"2023-07-24T16:44:54+00:00","article_modified_time":"2023-07-24T16:44:58+00:00","author":"andressazorzetto07","twitter_card":"summary_large_image","twitter_misc":{"Escrito por":"andressazorzetto07","Est. tempo de leitura":"2 minutos"},"schema":{"@context":"https:\/\/schema.org","@graph":[{"@type":"WebPage","@id":"https:\/\/www.pmpf.rs.gov.br\/secretaria-de-obras\/2023\/07\/24\/prefeitura-da-sequencia-a-obras-de-recuperacao-de-ruas-estrategicas-para-o-transito\/","url":"https:\/\/www.pmpf.rs.gov.br\/secretaria-de-obras\/2023\/07\/24\/prefeitura-da-sequencia-a-obras-de-recuperacao-de-ruas-estrategicas-para-o-transito\/","name":"Prefeitura d\u00e1 sequ\u00eancia a obras de recupera\u00e7\u00e3o de ruas estrat\u00e9gicas para o tr\u00e2nsito - Secretaria de Obras","isPartOf":{"@id":"https:\/\/www.pmpf.rs.gov.br\/secretaria-de-obras\/#website"},"primaryImageOfPage":{"@id":"https:\/\/www.pmpf.rs.gov.br\/secretaria-de-obras\/2023\/07\/24\/prefeitura-da-sequencia-a-obras-de-recuperacao-de-ruas-estrategicas-para-o-transito\/#primaryimage"},"image":{"@id":"https:\/\/www.pmpf.rs.gov.br\/secretaria-de-obras\/2023\/07\/24\/prefeitura-da-sequencia-a-obras-de-recuperacao-de-ruas-estrategicas-para-o-transito\/#primaryimage"},"thumbnailUrl":"https:\/\/www.pmpf.rs.gov.br\/secretaria-de-obras\/wp-content\/uploads\/sites\/49\/2023\/07\/MSF03333-scaled.jpg","datePublished":"2023-07-24T16:44:54+00:00","dateModified":"2023-07-24T16:44:58+00:00","author":{"@id":"https:\/\/www.pmpf.rs.gov.br\/secretaria-de-obras\/#\/schema\/person\/30ee1d1bd74da1469b01fcf086e43351"},"breadcrumb":{"@id":"https:\/\/www.pmpf.rs.gov.br\/secretaria-de-obras\/2023\/07\/24\/prefeitura-da-sequencia-a-obras-de-recuperacao-de-ruas-estrategicas-para-o-transito\/#breadcrumb"},"inLanguage":"pt-BR","potentialAction":[{"@type":"ReadAction","target":["https:\/\/www.pmpf.rs.gov.br\/secretaria-de-obras\/2023\/07\/24\/prefeitura-da-sequencia-a-obras-de-recuperacao-de-ruas-estrategicas-para-o-transito\/"]}]},{"@type":"ImageObject","inLanguage":"pt-BR","@id":"https:\/\/www.pmpf.rs.gov.br\/secretaria-de-obras\/2023\/07\/24\/prefeitura-da-sequencia-a-obras-de-recuperacao-de-ruas-estrategicas-para-o-transito\/#primaryimage","url":"https:\/\/www.pmpf.rs.gov.br\/secretaria-de-obras\/wp-content\/uploads\/sites\/49\/2023\/07\/MSF03333-scaled.jpg","contentUrl":"https:\/\/www.pmpf.rs.gov.br\/secretaria-de-obras\/wp-content\/uploads\/sites\/49\/2023\/07\/MSF03333-scaled.jpg","width":2560,"height":1707},{"@type":"BreadcrumbList","@id":"https:\/\/www.pmpf.rs.gov.br\/secretaria-de-obras\/2023\/07\/24\/prefeitura-da-sequencia-a-obras-de-recuperacao-de-ruas-estrategicas-para-o-transito\/#breadcrumb","itemListElement":[{"@type":"ListItem","position":1,"name":"In\u00edcio","item":"https:\/\/www.pmpf.rs.gov.br\/secretaria-de-obras\/"},{"@type":"ListItem","position":2,"name":"Prefeitura d\u00e1 sequ\u00eancia a obras de recupera\u00e7\u00e3o de ruas estrat\u00e9gicas para o tr\u00e2nsito"}]},{"@type":"WebSite","@id":"https:\/\/www.pmpf.rs.gov.br\/secretaria-de-obras\/#website","url":"https:\/\/www.pmpf.rs.gov.br\/secretaria-de-obras\/","name":"Secretaria de Obras","description":"S\u00f3 mais um site Prefeitura de Passo Fundo","potentialAction":[{"@type":"SearchAction","target":{"@type":"EntryPoint","urlTemplate":"https:\/\/www.pmpf.rs.gov.br\/secretaria-de-obras\/?s={search_term_string}"},"query-input":{"@type":"PropertyValueSpecification","valueRequired":true,"valueName":"search_term_string"}}],"inLanguage":"pt-BR"},{"@type":"Person","@id":"https:\/\/www.pmpf.rs.gov.br\/secretaria-de-obras\/#\/schema\/person\/30ee1d1bd74da1469b01fcf086e43351","name":"andressazorzetto07","image":{"@type":"ImageObject","inLanguage":"pt-BR","@id":"https:\/\/www.pmpf.rs.gov.br\/secretaria-de-obras\/#\/schema\/person\/image\/","url":"https:\/\/secure.gravatar.com\/avatar\/14c5458ed79dc81da99a13b9ff5f9f19?s=96&d=mm&r=g","contentUrl":"https:\/\/secure.gravatar.com\/avatar\/14c5458ed79dc81da99a13b9ff5f9f19?s=96&d=mm&r=g","caption":"andressazorzetto07"},"url":"https:\/\/www.pmpf.rs.gov.br\/secretaria-de-obras\/author\/andressazorzetto07\/"}]}},"_links":{"self":[{"href":"https:\/\/www.pmpf.rs.gov.br\/secretaria-de-obras\/wp-json\/wp\/v2\/posts\/2061"}],"collection":[{"href":"https:\/\/www.pmpf.rs.gov.br\/secretaria-de-obras\/wp-json\/wp\/v2\/posts"}],"about":[{"href":"https:\/\/www.pmpf.rs.gov.br\/secretaria-de-obras\/wp-json\/wp\/v2\/types\/post"}],"author":[{"embeddable":true,"href":"https:\/\/www.pmpf.rs.gov.br\/secretaria-de-obras\/wp-json\/wp\/v2\/users\/6"}],"replies":[{"embeddable":true,"href":"https:\/\/www.pmpf.rs.gov.br\/secretaria-de-obras\/wp-json\/wp\/v2\/comments?post=2061"}],"version-history":[{"count":1,"href":"https:\/\/www.pmpf.rs.gov.br\/secretaria-de-obras\/wp-json\/wp\/v2\/posts\/2061\/revisions"}],"predecessor-version":[{"id":2063,"href":"https:\/\/www.pmpf.rs.gov.br\/secretaria-de-obras\/wp-json\/wp\/v2\/posts\/2061\/revisions\/2063"}],"wp:featuredmedia":[{"embeddable":true,"href":"https:\/\/www.pmpf.rs.gov.br\/secretaria-de-obras\/wp-json\/wp\/v2\/media\/2062"}],"wp:attachment":[{"href":"https:\/\/www.pmpf.rs.gov.br\/secretaria-de-obras\/wp-json\/wp\/v2\/media?parent=2061"}],"wp:term":[{"taxonomy":"category","embeddable":true,"href":"https:\/\/www.pmpf.rs.gov.br\/secretaria-de-obras\/wp-json\/wp\/v2\/categories?post=2061"},{"taxonomy":"post_tag","embeddable":true,"href":"https:\/\/www.pmpf.rs.gov.br\/secretaria-de-obras\/wp-json\/wp\/v2\/tags?post=2061"}],"curies":[{"name":"wp","href":"https:\/\/api.w.org\/{rel}","templated":true}]}}