{"id":2050,"date":"2023-07-03T17:07:24","date_gmt":"2023-07-03T20:07:24","guid":{"rendered":"https:\/\/www.pmpf.rs.gov.br\/secretaria-de-obras\/?p=2050"},"modified":"2023-07-03T17:07:25","modified_gmt":"2023-07-03T20:07:25","slug":"prefeitura-da-andamento-a-obras-de-infraestrutura-e-transito","status":"publish","type":"post","link":"https:\/\/www.pmpf.rs.gov.br\/secretaria-de-obras\/2023\/07\/03\/prefeitura-da-andamento-a-obras-de-infraestrutura-e-transito\/","title":{"rendered":"Prefeitura d\u00e1 andamento a obras de infraestrutura e tr\u00e2nsito"},"content":{"rendered":"\n<p><\/p>\n\n\n\n<p><\/p>\n\n\n\n<p>Passo Fundo est\u00e1 passando por uma s\u00e9rie de obras de infraestrutura, no Centro, nos bairros e no interior. Al\u00e9m da revitaliza\u00e7\u00e3o das avenidas Presidente Vargas, Scarpellini Ghezzi e das Arauc\u00e1rias, na Rosel\u00e2ndia, do asfaltamento do principal acesso ao distrito de Bom Recreio e do programa Minha Rua com Asfalto, a Prefeitura est\u00e1 trabalhando na recupera\u00e7\u00e3o de 12 vias estrat\u00e9gicas para o tr\u00e2nsito. Este projeto est\u00e1 em andamento com dois pacotes, incluindo o asfaltamento, sinaliza\u00e7\u00e3o, refor\u00e7os na drenagem e ilumina\u00e7\u00e3o em LED de 18 quil\u00f4metros e 178 quadras.<\/p>\n\n\n\n<p>As obras come\u00e7aram pelo pacote 1, que abrange seis ruas: Uruguai, Paissandu, Teixeira Soares, Moacir da Motta Fortes, Gelson Ribeiro e Avenida Rio Grande. Este bloco contempla 96 quadras, entre o Centro e os bairros Annes, Boqueir\u00e3o e Vera Cruz.<\/p>\n\n\n\n<p>De acordo com o secret\u00e1rio de Obras, Rubens Astolfi, a empresa respons\u00e1vel est\u00e1 operando na regi\u00e3o do Bairro Vera Cruz. \u201cO pacote 1 est\u00e1 com obras na Avenida Rio Grande e na Rua Gelson Ribeiro. A empresa est\u00e1 trabalhando no refor\u00e7o das paradas de \u00f4nibus, interven\u00e7\u00f5es na drenagem e remo\u00e7\u00e3o do asfalto velho com o servi\u00e7o de fresagem\u201d, pontuou.<\/p>\n\n\n\n<p>No fim de semana, tamb\u00e9m foi iniciado o pacote 2, totalizando mais 82 quadras, dos bairros F\u00e1tima, Victor Issler, Cidade Nova, Annes, Rodrigues e Cruzeiro, nas seguintes ruas: Bento Gon\u00e7alves, Fagundes dos Reis, Capit\u00e3o Eleut\u00e9rio, Lava P\u00e9s, Senador Pinheiro e Jo\u00e3o de Cesaro. \u201cO pacote 2 est\u00e1 em obras j\u00e1 com o asfalto na Rua Senador Pinheiro, entre os bairros Cruzeiro e Rodrigues. A empresa concluiu a primeira camada e come\u00e7ar\u00e1 a segunda nesta semana. Nesta segunda-feira, tamb\u00e9m iniciamos as obras na Rua Jo\u00e3o de Cesaro\u201d, destacou Rubens.<\/p>\n\n\n\n<p>Estes dois pacotes foram anunciados pelo prefeito Pedro Almeida em maio. Em coletiva de imprensa, ele afirmou que, dentro de um planejamento de obras que acontecem em toda a cidade, a Prefeitura pretende melhorar ruas que registram intenso fluxo de ve\u00edculos diariamente. \u201cS\u00e3o obras que qualificar\u00e3o vias muito importantes para a mobilidade urbana da cidade e que precisam da revitaliza\u00e7\u00e3o para suportar o fluxo de ve\u00edculos e garantir uma maior seguran\u00e7a a todos os usu\u00e1rios. Este projeto foi estudado e constru\u00eddo pelas secretarias de Obras e Planejamento, junto com o setor de Mobilidade Urbana, e visa trazer melhorias para o tr\u00e2nsito\u201d, destacou.<\/p>\n\n\n\n<p>O projeto dever\u00e1 ser conclu\u00eddo em um prazo de um ano. O objetivo \u00e9 que, enquanto estiverem sendo realizados, os trabalhos provoquem a menor interfer\u00eancia poss\u00edvel no dia a dia da cidade. As altera\u00e7\u00f5es necess\u00e1rias para o andamento ir\u00e3o sendo informadas pela Prefeitura.<\/p>\n\n\n\n<p><\/p>\n\n\n\n<p><strong>Ruas que integram o projeto<\/strong><br><\/p>\n\n\n\n<p>Pacote 1<\/p>\n\n\n\n<p>1. Rua Uruguai<br>Bairro Annes ao Bairro Boqueir\u00e3o<br>Trecho entre a Rua Manoel Portela e a Rua Mascarenhas<br>Extens\u00e3o de 3,06 km, totalizando 30 quadras<\/p>\n\n\n\n<p>2. Rua Paissandu<br>Bairro Boqueir\u00e3o ao Bairro Annes<br>Trecho entre a Rua Diogo de Oliveira e a Rua Fid\u00eancio Fransiosi<br>Extens\u00e3o de 3,22 km, totalizando 33 quadras<\/p>\n\n\n\n<p>3. Avenida Moacir da Motta Fortes<br>Bairro Vera Cruz<br>Trecho entre a Rua Sananduva e a Rua Soledade (toda extens\u00e3o da via)<br>Extens\u00e3o de 0,54 km, totalizando 5 quadras<\/p>\n\n\n\n<p>4. Avenida Rio Grande<br>Bairro Vera Cruz<br>Trecho entre a Rua Soledade e a Rua Gelson Ribeiro (toda extens\u00e3o da via)<br>Extens\u00e3o de 0,87 km, totalizando 9 quadras<\/p>\n\n\n\n<p>5. Rua Gelson Ribeiro<br>Bairro 1\u00ba Centen\u00e1rio<br>Trecho entre a Avenida Rio Grande e o trevo da BR 285 (toda extens\u00e3o da via)<br>Extens\u00e3o de 0,78 km, totalizando 7 quadras<\/p>\n\n\n\n<p>6. Rua Teixeira Soares<br>Centro<br>Trecho entre a Avenida Brasil e a Rua Sananduva<br>Extens\u00e3o de 1,25 km, totalizando 12 quadras<\/p>\n\n\n\n<p>Total do Pacote 1: Extens\u00e3o de 9,72 km e 96 quadras<\/p>\n\n\n\n<p><\/p>\n\n\n\n<p>Pacote 2<\/p>\n\n\n\n<p>1. Rua Bento Gon\u00e7alves<br>Vila F\u00e1tima ao Centro<br>Trecho entre a Rua Dona Eliza e a Rua General Canabarro (toda extens\u00e3o da via)<br>Extens\u00e3o de 1,98 km, totalizando 19 quadras<\/p>\n\n\n\n<p>2. Rua Fagundes dos Reis<br>Bairro Victor Issler ao Centro<br>Trecho entre a Avenida Petrobr\u00e1s e a Rua Eduardo de Brito<br>Extens\u00e3o de 1,16 km, totalizando 11 quadras<\/p>\n\n\n\n<p>3. Rua Capit\u00e3o Eleut\u00e9rio<br>Centro ao Bairro Cidade Nova<br>Trecho entre a Rua General Canabarro e a Rua Dona Eliza (toda extens\u00e3o da via)<br>Extens\u00e3o de 1,94 km, totalizando 19 quadras<\/p>\n\n\n\n<p>4. Rua Lava P\u00e9s<br>Bairro Annes ao Centro<br>Trecho entre a Rua Jacinto Vila Nova e a Avenida Sete de Setembro<br>Extens\u00e3o de 1,35 km, totalizando 14 quadras<\/p>\n\n\n\n<p>5. Rua Senador Pinheiro<br>Bairro Cruzeiro \u00e0 Vila Rodrigues<br>Trecho entre a Rua Parob\u00e9 e a Rua Dr. Vergueiro (toda extens\u00e3o da via)<br>Extens\u00e3o de 1,19 km, totalizando 12 quadras<\/p>\n\n\n\n<p>6. Rua Jo\u00e3o de Cesaro<br>Bairro Rodrigues<br>Trecho entre a Rua Independ\u00eancia e a Rua Senador Pinheiro (toda extens\u00e3o da via)<br>Extens\u00e3o de 0,65 km, totalizando 7 quadras<\/p>\n\n\n\n<p>Total do Pacote 2: Extens\u00e3o de 8,27 km 82 quadras<\/p>\n\n\n\n<p><strong>Foto: Michel Sanderi<\/strong><\/p>\n","protected":false},"excerpt":{"rendered":"<p>Al\u00e9m da revitaliza\u00e7\u00e3o das avenidas Presidente Vargas, Scarpellini Ghezzi e das Arauc\u00e1rias, na Rosel\u00e2ndia, do asfaltamento do principal acesso ao distrito de Bom Recreio e do programa Minha Rua com Asfalto, a Prefeitura est\u00e1 trabalhando na recupera\u00e7\u00e3o de 12 vias estrat\u00e9gicas para o tr\u00e2nsito<\/p>\n","protected":false},"author":6,"featured_media":0,"comment_status":"closed","ping_status":"closed","sticky":true,"template":"","format":"standard","meta":{"footnotes":""},"categories":[1],"tags":[],"class_list":["post-2050","post","type-post","status-publish","format-standard","hentry","category-sem-categoria"],"yoast_head":"<!-- This site is optimized with the Yoast SEO plugin v23.8 - https:\/\/yoast.com\/wordpress\/plugins\/seo\/ -->\n<title>Prefeitura d\u00e1 andamento a obras de infraestrutura e tr\u00e2nsito - Secretaria de Obras<\/title>\n<meta name=\"robots\" content=\"index, follow, max-snippet:-1, max-image-preview:large, max-video-preview:-1\" \/>\n<link rel=\"canonical\" href=\"https:\/\/www.pmpf.rs.gov.br\/secretaria-de-obras\/2023\/07\/03\/prefeitura-da-andamento-a-obras-de-infraestrutura-e-transito\/\" \/>\n<meta property=\"og:locale\" content=\"pt_BR\" \/>\n<meta property=\"og:type\" content=\"article\" \/>\n<meta property=\"og:title\" content=\"Prefeitura d\u00e1 andamento a obras de infraestrutura e tr\u00e2nsito - Secretaria de Obras\" \/>\n<meta property=\"og:description\" content=\"Al\u00e9m da revitaliza\u00e7\u00e3o das avenidas Presidente Vargas, Scarpellini Ghezzi e das Arauc\u00e1rias, na Rosel\u00e2ndia, do asfaltamento do principal acesso ao distrito de Bom Recreio e do programa Minha Rua com Asfalto, a Prefeitura est\u00e1 trabalhando na recupera\u00e7\u00e3o de 12 vias estrat\u00e9gicas para o tr\u00e2nsito\" \/>\n<meta property=\"og:url\" content=\"https:\/\/www.pmpf.rs.gov.br\/secretaria-de-obras\/2023\/07\/03\/prefeitura-da-andamento-a-obras-de-infraestrutura-e-transito\/\" \/>\n<meta property=\"og:site_name\" content=\"Secretaria de Obras\" \/>\n<meta property=\"article:published_time\" content=\"2023-07-03T20:07:24+00:00\" \/>\n<meta property=\"article:modified_time\" content=\"2023-07-03T20:07:25+00:00\" \/>\n<meta name=\"author\" content=\"andressazorzetto07\" \/>\n<meta name=\"twitter:card\" content=\"summary_large_image\" \/>\n<meta name=\"twitter:label1\" content=\"Escrito por\" \/>\n\t<meta name=\"twitter:data1\" content=\"andressazorzetto07\" \/>\n\t<meta name=\"twitter:label2\" content=\"Est. tempo de leitura\" \/>\n\t<meta name=\"twitter:data2\" content=\"4 minutos\" \/>\n<script type=\"application\/ld+json\" class=\"yoast-schema-graph\">{\"@context\":\"https:\/\/schema.org\",\"@graph\":[{\"@type\":\"WebPage\",\"@id\":\"https:\/\/www.pmpf.rs.gov.br\/secretaria-de-obras\/2023\/07\/03\/prefeitura-da-andamento-a-obras-de-infraestrutura-e-transito\/\",\"url\":\"https:\/\/www.pmpf.rs.gov.br\/secretaria-de-obras\/2023\/07\/03\/prefeitura-da-andamento-a-obras-de-infraestrutura-e-transito\/\",\"name\":\"Prefeitura d\u00e1 andamento a obras de infraestrutura e tr\u00e2nsito - Secretaria de Obras\",\"isPartOf\":{\"@id\":\"https:\/\/www.pmpf.rs.gov.br\/secretaria-de-obras\/#website\"},\"datePublished\":\"2023-07-03T20:07:24+00:00\",\"dateModified\":\"2023-07-03T20:07:25+00:00\",\"author\":{\"@id\":\"https:\/\/www.pmpf.rs.gov.br\/secretaria-de-obras\/#\/schema\/person\/30ee1d1bd74da1469b01fcf086e43351\"},\"breadcrumb\":{\"@id\":\"https:\/\/www.pmpf.rs.gov.br\/secretaria-de-obras\/2023\/07\/03\/prefeitura-da-andamento-a-obras-de-infraestrutura-e-transito\/#breadcrumb\"},\"inLanguage\":\"pt-BR\",\"potentialAction\":[{\"@type\":\"ReadAction\",\"target\":[\"https:\/\/www.pmpf.rs.gov.br\/secretaria-de-obras\/2023\/07\/03\/prefeitura-da-andamento-a-obras-de-infraestrutura-e-transito\/\"]}]},{\"@type\":\"BreadcrumbList\",\"@id\":\"https:\/\/www.pmpf.rs.gov.br\/secretaria-de-obras\/2023\/07\/03\/prefeitura-da-andamento-a-obras-de-infraestrutura-e-transito\/#breadcrumb\",\"itemListElement\":[{\"@type\":\"ListItem\",\"position\":1,\"name\":\"In\u00edcio\",\"item\":\"https:\/\/www.pmpf.rs.gov.br\/secretaria-de-obras\/\"},{\"@type\":\"ListItem\",\"position\":2,\"name\":\"Prefeitura d\u00e1 andamento a obras de infraestrutura e tr\u00e2nsito\"}]},{\"@type\":\"WebSite\",\"@id\":\"https:\/\/www.pmpf.rs.gov.br\/secretaria-de-obras\/#website\",\"url\":\"https:\/\/www.pmpf.rs.gov.br\/secretaria-de-obras\/\",\"name\":\"Secretaria de Obras\",\"description\":\"S\u00f3 mais um site Prefeitura de Passo Fundo\",\"potentialAction\":[{\"@type\":\"SearchAction\",\"target\":{\"@type\":\"EntryPoint\",\"urlTemplate\":\"https:\/\/www.pmpf.rs.gov.br\/secretaria-de-obras\/?s={search_term_string}\"},\"query-input\":{\"@type\":\"PropertyValueSpecification\",\"valueRequired\":true,\"valueName\":\"search_term_string\"}}],\"inLanguage\":\"pt-BR\"},{\"@type\":\"Person\",\"@id\":\"https:\/\/www.pmpf.rs.gov.br\/secretaria-de-obras\/#\/schema\/person\/30ee1d1bd74da1469b01fcf086e43351\",\"name\":\"andressazorzetto07\",\"image\":{\"@type\":\"ImageObject\",\"inLanguage\":\"pt-BR\",\"@id\":\"https:\/\/www.pmpf.rs.gov.br\/secretaria-de-obras\/#\/schema\/person\/image\/\",\"url\":\"https:\/\/secure.gravatar.com\/avatar\/14c5458ed79dc81da99a13b9ff5f9f19?s=96&d=mm&r=g\",\"contentUrl\":\"https:\/\/secure.gravatar.com\/avatar\/14c5458ed79dc81da99a13b9ff5f9f19?s=96&d=mm&r=g\",\"caption\":\"andressazorzetto07\"},\"url\":\"https:\/\/www.pmpf.rs.gov.br\/secretaria-de-obras\/author\/andressazorzetto07\/\"}]}<\/script>\n<!-- \/ Yoast SEO plugin. -->","yoast_head_json":{"title":"Prefeitura d\u00e1 andamento a obras de infraestrutura e tr\u00e2nsito - Secretaria de Obras","robots":{"index":"index","follow":"follow","max-snippet":"max-snippet:-1","max-image-preview":"max-image-preview:large","max-video-preview":"max-video-preview:-1"},"canonical":"https:\/\/www.pmpf.rs.gov.br\/secretaria-de-obras\/2023\/07\/03\/prefeitura-da-andamento-a-obras-de-infraestrutura-e-transito\/","og_locale":"pt_BR","og_type":"article","og_title":"Prefeitura d\u00e1 andamento a obras de infraestrutura e tr\u00e2nsito - Secretaria de Obras","og_description":"Al\u00e9m da revitaliza\u00e7\u00e3o das avenidas Presidente Vargas, Scarpellini Ghezzi e das Arauc\u00e1rias, na Rosel\u00e2ndia, do asfaltamento do principal acesso ao distrito de Bom Recreio e do programa Minha Rua com Asfalto, a Prefeitura est\u00e1 trabalhando na recupera\u00e7\u00e3o de 12 vias estrat\u00e9gicas para o tr\u00e2nsito","og_url":"https:\/\/www.pmpf.rs.gov.br\/secretaria-de-obras\/2023\/07\/03\/prefeitura-da-andamento-a-obras-de-infraestrutura-e-transito\/","og_site_name":"Secretaria de Obras","article_published_time":"2023-07-03T20:07:24+00:00","article_modified_time":"2023-07-03T20:07:25+00:00","author":"andressazorzetto07","twitter_card":"summary_large_image","twitter_misc":{"Escrito por":"andressazorzetto07","Est. tempo de leitura":"4 minutos"},"schema":{"@context":"https:\/\/schema.org","@graph":[{"@type":"WebPage","@id":"https:\/\/www.pmpf.rs.gov.br\/secretaria-de-obras\/2023\/07\/03\/prefeitura-da-andamento-a-obras-de-infraestrutura-e-transito\/","url":"https:\/\/www.pmpf.rs.gov.br\/secretaria-de-obras\/2023\/07\/03\/prefeitura-da-andamento-a-obras-de-infraestrutura-e-transito\/","name":"Prefeitura d\u00e1 andamento a obras de infraestrutura e tr\u00e2nsito - Secretaria de Obras","isPartOf":{"@id":"https:\/\/www.pmpf.rs.gov.br\/secretaria-de-obras\/#website"},"datePublished":"2023-07-03T20:07:24+00:00","dateModified":"2023-07-03T20:07:25+00:00","author":{"@id":"https:\/\/www.pmpf.rs.gov.br\/secretaria-de-obras\/#\/schema\/person\/30ee1d1bd74da1469b01fcf086e43351"},"breadcrumb":{"@id":"https:\/\/www.pmpf.rs.gov.br\/secretaria-de-obras\/2023\/07\/03\/prefeitura-da-andamento-a-obras-de-infraestrutura-e-transito\/#breadcrumb"},"inLanguage":"pt-BR","potentialAction":[{"@type":"ReadAction","target":["https:\/\/www.pmpf.rs.gov.br\/secretaria-de-obras\/2023\/07\/03\/prefeitura-da-andamento-a-obras-de-infraestrutura-e-transito\/"]}]},{"@type":"BreadcrumbList","@id":"https:\/\/www.pmpf.rs.gov.br\/secretaria-de-obras\/2023\/07\/03\/prefeitura-da-andamento-a-obras-de-infraestrutura-e-transito\/#breadcrumb","itemListElement":[{"@type":"ListItem","position":1,"name":"In\u00edcio","item":"https:\/\/www.pmpf.rs.gov.br\/secretaria-de-obras\/"},{"@type":"ListItem","position":2,"name":"Prefeitura d\u00e1 andamento a obras de infraestrutura e tr\u00e2nsito"}]},{"@type":"WebSite","@id":"https:\/\/www.pmpf.rs.gov.br\/secretaria-de-obras\/#website","url":"https:\/\/www.pmpf.rs.gov.br\/secretaria-de-obras\/","name":"Secretaria de Obras","description":"S\u00f3 mais um site Prefeitura de Passo Fundo","potentialAction":[{"@type":"SearchAction","target":{"@type":"EntryPoint","urlTemplate":"https:\/\/www.pmpf.rs.gov.br\/secretaria-de-obras\/?s={search_term_string}"},"query-input":{"@type":"PropertyValueSpecification","valueRequired":true,"valueName":"search_term_string"}}],"inLanguage":"pt-BR"},{"@type":"Person","@id":"https:\/\/www.pmpf.rs.gov.br\/secretaria-de-obras\/#\/schema\/person\/30ee1d1bd74da1469b01fcf086e43351","name":"andressazorzetto07","image":{"@type":"ImageObject","inLanguage":"pt-BR","@id":"https:\/\/www.pmpf.rs.gov.br\/secretaria-de-obras\/#\/schema\/person\/image\/","url":"https:\/\/secure.gravatar.com\/avatar\/14c5458ed79dc81da99a13b9ff5f9f19?s=96&d=mm&r=g","contentUrl":"https:\/\/secure.gravatar.com\/avatar\/14c5458ed79dc81da99a13b9ff5f9f19?s=96&d=mm&r=g","caption":"andressazorzetto07"},"url":"https:\/\/www.pmpf.rs.gov.br\/secretaria-de-obras\/author\/andressazorzetto07\/"}]}},"_links":{"self":[{"href":"https:\/\/www.pmpf.rs.gov.br\/secretaria-de-obras\/wp-json\/wp\/v2\/posts\/2050"}],"collection":[{"href":"https:\/\/www.pmpf.rs.gov.br\/secretaria-de-obras\/wp-json\/wp\/v2\/posts"}],"about":[{"href":"https:\/\/www.pmpf.rs.gov.br\/secretaria-de-obras\/wp-json\/wp\/v2\/types\/post"}],"author":[{"embeddable":true,"href":"https:\/\/www.pmpf.rs.gov.br\/secretaria-de-obras\/wp-json\/wp\/v2\/users\/6"}],"replies":[{"embeddable":true,"href":"https:\/\/www.pmpf.rs.gov.br\/secretaria-de-obras\/wp-json\/wp\/v2\/comments?post=2050"}],"version-history":[{"count":1,"href":"https:\/\/www.pmpf.rs.gov.br\/secretaria-de-obras\/wp-json\/wp\/v2\/posts\/2050\/revisions"}],"predecessor-version":[{"id":2051,"href":"https:\/\/www.pmpf.rs.gov.br\/secretaria-de-obras\/wp-json\/wp\/v2\/posts\/2050\/revisions\/2051"}],"wp:attachment":[{"href":"https:\/\/www.pmpf.rs.gov.br\/secretaria-de-obras\/wp-json\/wp\/v2\/media?parent=2050"}],"wp:term":[{"taxonomy":"category","embeddable":true,"href":"https:\/\/www.pmpf.rs.gov.br\/secretaria-de-obras\/wp-json\/wp\/v2\/categories?post=2050"},{"taxonomy":"post_tag","embeddable":true,"href":"https:\/\/www.pmpf.rs.gov.br\/secretaria-de-obras\/wp-json\/wp\/v2\/tags?post=2050"}],"curies":[{"name":"wp","href":"https:\/\/api.w.org\/{rel}","templated":true}]}}