{"id":2047,"date":"2023-06-30T14:44:54","date_gmt":"2023-06-30T17:44:54","guid":{"rendered":"https:\/\/www.pmpf.rs.gov.br\/secretaria-de-obras\/?p=2047"},"modified":"2023-06-30T14:44:57","modified_gmt":"2023-06-30T17:44:57","slug":"obra-de-revitalizacao-da-avenida-presidente-vargas-recebe-o-primeiro-asfalto","status":"publish","type":"post","link":"https:\/\/www.pmpf.rs.gov.br\/secretaria-de-obras\/2023\/06\/30\/obra-de-revitalizacao-da-avenida-presidente-vargas-recebe-o-primeiro-asfalto\/","title":{"rendered":"Obra de revitaliza\u00e7\u00e3o da Avenida Presidente Vargas recebe o primeiro asfalto"},"content":{"rendered":"\n<p><br><br>A Prefeitura de Passo Fundo iniciou, na quarta-feira (28), por meio da empresa respons\u00e1vel, a primeira etapa de coloca\u00e7\u00e3o da pavimenta\u00e7\u00e3o asf\u00e1ltica no trecho inicial da obra da Avenida Presidente Vargas, onde foi feito o alargamento da pista.<br><br>Conforme o secret\u00e1rio de Obras, Rubens Astolfi, \u00e9 a primeira camada de asfalto, executada no trecho entre o trevo do Ricci com a rua Clemente Tarrasconi com o novo alargamento feito na pista. \u201cDepois dessa primeira camada que estamos colocando, que \u00e9 realizar os servi\u00e7os no canteiro central, faremos outra aplica\u00e7\u00e3o de asfalto junto com a fresagem da parte da pista antiga, quando vamos retirar o asfalto velho e colocar o novo\u201d, disse Rubens Astolfi.<br><br>Tamb\u00e9m foi executado nesse mesmo trecho, mas do outro lado da pista, no sentido Centro\/Bairro, um muro de Gabi\u00e3o de 2 metros de altura para garantir a estabilidade do talude da Avenida Presidente Vargas, protegendo em caso de deslizamento de terra e a eros\u00e3o do talude ali existente. \u201cA fun\u00e7\u00e3o principal do muro de gabi\u00e3o \u00e9 fornecer suporte e estabilidade ao solo. Ele \u00e9 projetado para resistir \u00e0 press\u00e3o exercida pelo solo e, ao mesmo tempo, permitir a drenagem adequada da \u00e1gua\u201d, falou o secret\u00e1rio.<\/p>\n\n\n\n<p><br><strong>Cronograma e projeto da Obras da Avenida Presidente Vargas<\/strong><br>As obras envolvem nova pavimenta\u00e7\u00e3o, refor\u00e7o na drenagem, ilumina\u00e7\u00e3o em mais de 300 em LED, paisagismo, sinaliza\u00e7\u00e3o vi\u00e1ria e pontos de \u00f4nibus em concreto. Tamb\u00e9m contemplam o alargamento do canteiro central com a transforma\u00e7\u00e3o da ciclofaixa em uma ciclovia de 4,8 km entre a Avenida Sete de Setembro e o trevo do Ricci, e, entre as ruas Clementino Lu\u00eds Vieira e Claudino Toldo, a inclus\u00e3o do caminh\u00f3dromo.<br><br>O projeto foi desenvolvido pelas secretarias municipais de Obras, Planejamento e Seguran\u00e7a, com a participa\u00e7\u00e3o do F\u00f3rum de Mobilidade Urbana. A revitaliza\u00e7\u00e3o vai acontecer em etapas para reduzir ao m\u00e1ximo os impactos no tr\u00e2nsito.<\/p>\n\n\n\n<p><strong>Foto: Michel Sanderi<\/strong><\/p>\n","protected":false},"excerpt":{"rendered":"<p>Melhorias devem acontecer em 5,2 quil\u00f4metros da avenida<\/p>\n","protected":false},"author":6,"featured_media":2048,"comment_status":"closed","ping_status":"closed","sticky":true,"template":"","format":"standard","meta":{"footnotes":""},"categories":[1],"tags":[],"class_list":["post-2047","post","type-post","status-publish","format-standard","has-post-thumbnail","hentry","category-sem-categoria"],"yoast_head":"<!-- This site is optimized with the Yoast SEO plugin v23.8 - https:\/\/yoast.com\/wordpress\/plugins\/seo\/ -->\n<title>Obra de revitaliza\u00e7\u00e3o da Avenida Presidente Vargas recebe o primeiro asfalto - Secretaria de Obras<\/title>\n<meta name=\"robots\" content=\"index, follow, max-snippet:-1, max-image-preview:large, max-video-preview:-1\" \/>\n<link rel=\"canonical\" href=\"https:\/\/www.pmpf.rs.gov.br\/secretaria-de-obras\/2023\/06\/30\/obra-de-revitalizacao-da-avenida-presidente-vargas-recebe-o-primeiro-asfalto\/\" \/>\n<meta property=\"og:locale\" content=\"pt_BR\" \/>\n<meta property=\"og:type\" content=\"article\" \/>\n<meta property=\"og:title\" content=\"Obra de revitaliza\u00e7\u00e3o da Avenida Presidente Vargas recebe o primeiro asfalto - Secretaria de Obras\" \/>\n<meta property=\"og:description\" content=\"Melhorias devem acontecer em 5,2 quil\u00f4metros da avenida\" \/>\n<meta property=\"og:url\" content=\"https:\/\/www.pmpf.rs.gov.br\/secretaria-de-obras\/2023\/06\/30\/obra-de-revitalizacao-da-avenida-presidente-vargas-recebe-o-primeiro-asfalto\/\" \/>\n<meta property=\"og:site_name\" content=\"Secretaria de Obras\" \/>\n<meta property=\"article:published_time\" content=\"2023-06-30T17:44:54+00:00\" \/>\n<meta property=\"article:modified_time\" content=\"2023-06-30T17:44:57+00:00\" \/>\n<meta name=\"author\" content=\"andressazorzetto07\" \/>\n<meta name=\"twitter:card\" content=\"summary_large_image\" \/>\n<meta name=\"twitter:label1\" content=\"Escrito por\" \/>\n\t<meta name=\"twitter:data1\" content=\"andressazorzetto07\" \/>\n\t<meta name=\"twitter:label2\" content=\"Est. tempo de leitura\" \/>\n\t<meta name=\"twitter:data2\" content=\"2 minutos\" \/>\n<script type=\"application\/ld+json\" class=\"yoast-schema-graph\">{\"@context\":\"https:\/\/schema.org\",\"@graph\":[{\"@type\":\"WebPage\",\"@id\":\"https:\/\/www.pmpf.rs.gov.br\/secretaria-de-obras\/2023\/06\/30\/obra-de-revitalizacao-da-avenida-presidente-vargas-recebe-o-primeiro-asfalto\/\",\"url\":\"https:\/\/www.pmpf.rs.gov.br\/secretaria-de-obras\/2023\/06\/30\/obra-de-revitalizacao-da-avenida-presidente-vargas-recebe-o-primeiro-asfalto\/\",\"name\":\"Obra de revitaliza\u00e7\u00e3o da Avenida Presidente Vargas recebe o primeiro asfalto - Secretaria de Obras\",\"isPartOf\":{\"@id\":\"https:\/\/www.pmpf.rs.gov.br\/secretaria-de-obras\/#website\"},\"primaryImageOfPage\":{\"@id\":\"https:\/\/www.pmpf.rs.gov.br\/secretaria-de-obras\/2023\/06\/30\/obra-de-revitalizacao-da-avenida-presidente-vargas-recebe-o-primeiro-asfalto\/#primaryimage\"},\"image\":{\"@id\":\"https:\/\/www.pmpf.rs.gov.br\/secretaria-de-obras\/2023\/06\/30\/obra-de-revitalizacao-da-avenida-presidente-vargas-recebe-o-primeiro-asfalto\/#primaryimage\"},\"thumbnailUrl\":\"https:\/\/www.pmpf.rs.gov.br\/secretaria-de-obras\/wp-content\/uploads\/sites\/49\/2023\/06\/avenida-presidente-vargas.jpg\",\"datePublished\":\"2023-06-30T17:44:54+00:00\",\"dateModified\":\"2023-06-30T17:44:57+00:00\",\"author\":{\"@id\":\"https:\/\/www.pmpf.rs.gov.br\/secretaria-de-obras\/#\/schema\/person\/30ee1d1bd74da1469b01fcf086e43351\"},\"breadcrumb\":{\"@id\":\"https:\/\/www.pmpf.rs.gov.br\/secretaria-de-obras\/2023\/06\/30\/obra-de-revitalizacao-da-avenida-presidente-vargas-recebe-o-primeiro-asfalto\/#breadcrumb\"},\"inLanguage\":\"pt-BR\",\"potentialAction\":[{\"@type\":\"ReadAction\",\"target\":[\"https:\/\/www.pmpf.rs.gov.br\/secretaria-de-obras\/2023\/06\/30\/obra-de-revitalizacao-da-avenida-presidente-vargas-recebe-o-primeiro-asfalto\/\"]}]},{\"@type\":\"ImageObject\",\"inLanguage\":\"pt-BR\",\"@id\":\"https:\/\/www.pmpf.rs.gov.br\/secretaria-de-obras\/2023\/06\/30\/obra-de-revitalizacao-da-avenida-presidente-vargas-recebe-o-primeiro-asfalto\/#primaryimage\",\"url\":\"https:\/\/www.pmpf.rs.gov.br\/secretaria-de-obras\/wp-content\/uploads\/sites\/49\/2023\/06\/avenida-presidente-vargas.jpg\",\"contentUrl\":\"https:\/\/www.pmpf.rs.gov.br\/secretaria-de-obras\/wp-content\/uploads\/sites\/49\/2023\/06\/avenida-presidente-vargas.jpg\",\"width\":1600,\"height\":1066},{\"@type\":\"BreadcrumbList\",\"@id\":\"https:\/\/www.pmpf.rs.gov.br\/secretaria-de-obras\/2023\/06\/30\/obra-de-revitalizacao-da-avenida-presidente-vargas-recebe-o-primeiro-asfalto\/#breadcrumb\",\"itemListElement\":[{\"@type\":\"ListItem\",\"position\":1,\"name\":\"In\u00edcio\",\"item\":\"https:\/\/www.pmpf.rs.gov.br\/secretaria-de-obras\/\"},{\"@type\":\"ListItem\",\"position\":2,\"name\":\"Obra de revitaliza\u00e7\u00e3o da Avenida Presidente Vargas recebe o primeiro asfalto\"}]},{\"@type\":\"WebSite\",\"@id\":\"https:\/\/www.pmpf.rs.gov.br\/secretaria-de-obras\/#website\",\"url\":\"https:\/\/www.pmpf.rs.gov.br\/secretaria-de-obras\/\",\"name\":\"Secretaria de Obras\",\"description\":\"S\u00f3 mais um site Prefeitura de Passo Fundo\",\"potentialAction\":[{\"@type\":\"SearchAction\",\"target\":{\"@type\":\"EntryPoint\",\"urlTemplate\":\"https:\/\/www.pmpf.rs.gov.br\/secretaria-de-obras\/?s={search_term_string}\"},\"query-input\":{\"@type\":\"PropertyValueSpecification\",\"valueRequired\":true,\"valueName\":\"search_term_string\"}}],\"inLanguage\":\"pt-BR\"},{\"@type\":\"Person\",\"@id\":\"https:\/\/www.pmpf.rs.gov.br\/secretaria-de-obras\/#\/schema\/person\/30ee1d1bd74da1469b01fcf086e43351\",\"name\":\"andressazorzetto07\",\"image\":{\"@type\":\"ImageObject\",\"inLanguage\":\"pt-BR\",\"@id\":\"https:\/\/www.pmpf.rs.gov.br\/secretaria-de-obras\/#\/schema\/person\/image\/\",\"url\":\"https:\/\/secure.gravatar.com\/avatar\/14c5458ed79dc81da99a13b9ff5f9f19?s=96&d=mm&r=g\",\"contentUrl\":\"https:\/\/secure.gravatar.com\/avatar\/14c5458ed79dc81da99a13b9ff5f9f19?s=96&d=mm&r=g\",\"caption\":\"andressazorzetto07\"},\"url\":\"https:\/\/www.pmpf.rs.gov.br\/secretaria-de-obras\/author\/andressazorzetto07\/\"}]}<\/script>\n<!-- \/ Yoast SEO plugin. -->","yoast_head_json":{"title":"Obra de revitaliza\u00e7\u00e3o da Avenida Presidente Vargas recebe o primeiro asfalto - Secretaria de Obras","robots":{"index":"index","follow":"follow","max-snippet":"max-snippet:-1","max-image-preview":"max-image-preview:large","max-video-preview":"max-video-preview:-1"},"canonical":"https:\/\/www.pmpf.rs.gov.br\/secretaria-de-obras\/2023\/06\/30\/obra-de-revitalizacao-da-avenida-presidente-vargas-recebe-o-primeiro-asfalto\/","og_locale":"pt_BR","og_type":"article","og_title":"Obra de revitaliza\u00e7\u00e3o da Avenida Presidente Vargas recebe o primeiro asfalto - Secretaria de Obras","og_description":"Melhorias devem acontecer em 5,2 quil\u00f4metros da avenida","og_url":"https:\/\/www.pmpf.rs.gov.br\/secretaria-de-obras\/2023\/06\/30\/obra-de-revitalizacao-da-avenida-presidente-vargas-recebe-o-primeiro-asfalto\/","og_site_name":"Secretaria de Obras","article_published_time":"2023-06-30T17:44:54+00:00","article_modified_time":"2023-06-30T17:44:57+00:00","author":"andressazorzetto07","twitter_card":"summary_large_image","twitter_misc":{"Escrito por":"andressazorzetto07","Est. tempo de leitura":"2 minutos"},"schema":{"@context":"https:\/\/schema.org","@graph":[{"@type":"WebPage","@id":"https:\/\/www.pmpf.rs.gov.br\/secretaria-de-obras\/2023\/06\/30\/obra-de-revitalizacao-da-avenida-presidente-vargas-recebe-o-primeiro-asfalto\/","url":"https:\/\/www.pmpf.rs.gov.br\/secretaria-de-obras\/2023\/06\/30\/obra-de-revitalizacao-da-avenida-presidente-vargas-recebe-o-primeiro-asfalto\/","name":"Obra de revitaliza\u00e7\u00e3o da Avenida Presidente Vargas recebe o primeiro asfalto - Secretaria de Obras","isPartOf":{"@id":"https:\/\/www.pmpf.rs.gov.br\/secretaria-de-obras\/#website"},"primaryImageOfPage":{"@id":"https:\/\/www.pmpf.rs.gov.br\/secretaria-de-obras\/2023\/06\/30\/obra-de-revitalizacao-da-avenida-presidente-vargas-recebe-o-primeiro-asfalto\/#primaryimage"},"image":{"@id":"https:\/\/www.pmpf.rs.gov.br\/secretaria-de-obras\/2023\/06\/30\/obra-de-revitalizacao-da-avenida-presidente-vargas-recebe-o-primeiro-asfalto\/#primaryimage"},"thumbnailUrl":"https:\/\/www.pmpf.rs.gov.br\/secretaria-de-obras\/wp-content\/uploads\/sites\/49\/2023\/06\/avenida-presidente-vargas.jpg","datePublished":"2023-06-30T17:44:54+00:00","dateModified":"2023-06-30T17:44:57+00:00","author":{"@id":"https:\/\/www.pmpf.rs.gov.br\/secretaria-de-obras\/#\/schema\/person\/30ee1d1bd74da1469b01fcf086e43351"},"breadcrumb":{"@id":"https:\/\/www.pmpf.rs.gov.br\/secretaria-de-obras\/2023\/06\/30\/obra-de-revitalizacao-da-avenida-presidente-vargas-recebe-o-primeiro-asfalto\/#breadcrumb"},"inLanguage":"pt-BR","potentialAction":[{"@type":"ReadAction","target":["https:\/\/www.pmpf.rs.gov.br\/secretaria-de-obras\/2023\/06\/30\/obra-de-revitalizacao-da-avenida-presidente-vargas-recebe-o-primeiro-asfalto\/"]}]},{"@type":"ImageObject","inLanguage":"pt-BR","@id":"https:\/\/www.pmpf.rs.gov.br\/secretaria-de-obras\/2023\/06\/30\/obra-de-revitalizacao-da-avenida-presidente-vargas-recebe-o-primeiro-asfalto\/#primaryimage","url":"https:\/\/www.pmpf.rs.gov.br\/secretaria-de-obras\/wp-content\/uploads\/sites\/49\/2023\/06\/avenida-presidente-vargas.jpg","contentUrl":"https:\/\/www.pmpf.rs.gov.br\/secretaria-de-obras\/wp-content\/uploads\/sites\/49\/2023\/06\/avenida-presidente-vargas.jpg","width":1600,"height":1066},{"@type":"BreadcrumbList","@id":"https:\/\/www.pmpf.rs.gov.br\/secretaria-de-obras\/2023\/06\/30\/obra-de-revitalizacao-da-avenida-presidente-vargas-recebe-o-primeiro-asfalto\/#breadcrumb","itemListElement":[{"@type":"ListItem","position":1,"name":"In\u00edcio","item":"https:\/\/www.pmpf.rs.gov.br\/secretaria-de-obras\/"},{"@type":"ListItem","position":2,"name":"Obra de revitaliza\u00e7\u00e3o da Avenida Presidente Vargas recebe o primeiro asfalto"}]},{"@type":"WebSite","@id":"https:\/\/www.pmpf.rs.gov.br\/secretaria-de-obras\/#website","url":"https:\/\/www.pmpf.rs.gov.br\/secretaria-de-obras\/","name":"Secretaria de Obras","description":"S\u00f3 mais um site Prefeitura de Passo Fundo","potentialAction":[{"@type":"SearchAction","target":{"@type":"EntryPoint","urlTemplate":"https:\/\/www.pmpf.rs.gov.br\/secretaria-de-obras\/?s={search_term_string}"},"query-input":{"@type":"PropertyValueSpecification","valueRequired":true,"valueName":"search_term_string"}}],"inLanguage":"pt-BR"},{"@type":"Person","@id":"https:\/\/www.pmpf.rs.gov.br\/secretaria-de-obras\/#\/schema\/person\/30ee1d1bd74da1469b01fcf086e43351","name":"andressazorzetto07","image":{"@type":"ImageObject","inLanguage":"pt-BR","@id":"https:\/\/www.pmpf.rs.gov.br\/secretaria-de-obras\/#\/schema\/person\/image\/","url":"https:\/\/secure.gravatar.com\/avatar\/14c5458ed79dc81da99a13b9ff5f9f19?s=96&d=mm&r=g","contentUrl":"https:\/\/secure.gravatar.com\/avatar\/14c5458ed79dc81da99a13b9ff5f9f19?s=96&d=mm&r=g","caption":"andressazorzetto07"},"url":"https:\/\/www.pmpf.rs.gov.br\/secretaria-de-obras\/author\/andressazorzetto07\/"}]}},"_links":{"self":[{"href":"https:\/\/www.pmpf.rs.gov.br\/secretaria-de-obras\/wp-json\/wp\/v2\/posts\/2047"}],"collection":[{"href":"https:\/\/www.pmpf.rs.gov.br\/secretaria-de-obras\/wp-json\/wp\/v2\/posts"}],"about":[{"href":"https:\/\/www.pmpf.rs.gov.br\/secretaria-de-obras\/wp-json\/wp\/v2\/types\/post"}],"author":[{"embeddable":true,"href":"https:\/\/www.pmpf.rs.gov.br\/secretaria-de-obras\/wp-json\/wp\/v2\/users\/6"}],"replies":[{"embeddable":true,"href":"https:\/\/www.pmpf.rs.gov.br\/secretaria-de-obras\/wp-json\/wp\/v2\/comments?post=2047"}],"version-history":[{"count":1,"href":"https:\/\/www.pmpf.rs.gov.br\/secretaria-de-obras\/wp-json\/wp\/v2\/posts\/2047\/revisions"}],"predecessor-version":[{"id":2049,"href":"https:\/\/www.pmpf.rs.gov.br\/secretaria-de-obras\/wp-json\/wp\/v2\/posts\/2047\/revisions\/2049"}],"wp:featuredmedia":[{"embeddable":true,"href":"https:\/\/www.pmpf.rs.gov.br\/secretaria-de-obras\/wp-json\/wp\/v2\/media\/2048"}],"wp:attachment":[{"href":"https:\/\/www.pmpf.rs.gov.br\/secretaria-de-obras\/wp-json\/wp\/v2\/media?parent=2047"}],"wp:term":[{"taxonomy":"category","embeddable":true,"href":"https:\/\/www.pmpf.rs.gov.br\/secretaria-de-obras\/wp-json\/wp\/v2\/categories?post=2047"},{"taxonomy":"post_tag","embeddable":true,"href":"https:\/\/www.pmpf.rs.gov.br\/secretaria-de-obras\/wp-json\/wp\/v2\/tags?post=2047"}],"curies":[{"name":"wp","href":"https:\/\/api.w.org\/{rel}","templated":true}]}}