{"id":2044,"date":"2023-06-26T16:16:31","date_gmt":"2023-06-26T19:16:31","guid":{"rendered":"https:\/\/www.pmpf.rs.gov.br\/secretaria-de-obras\/?p=2044"},"modified":"2023-06-26T16:16:32","modified_gmt":"2023-06-26T19:16:32","slug":"prefeitura-realizara-o-programa-bairro-a-bairro-no-proximo-sabado","status":"publish","type":"post","link":"https:\/\/www.pmpf.rs.gov.br\/secretaria-de-obras\/2023\/06\/26\/prefeitura-realizara-o-programa-bairro-a-bairro-no-proximo-sabado\/","title":{"rendered":"Prefeitura realizar\u00e1 o programa Bairro a Bairro no pr\u00f3ximo s\u00e1bado"},"content":{"rendered":"\n<p><\/p>\n\n\n\n<p>A Prefeitura de Passo Fundo realizar\u00e1 no pr\u00f3ximo s\u00e1bado (01) mais uma edi\u00e7\u00e3o do programa Bairro a Bairro. O evento, que foi transferido devido \u00e0s condi\u00e7\u00f5es clim\u00e1ticas dos \u00faltimos dias, ser\u00e1 no bairro Planaltina das 9h \u00e0s 12h, em frente \u00e0 Unidade B\u00e1sica de Sa\u00fade (UBS) localizada na rua Professora Lucile Fragoso de Albuquerque.<\/p>\n\n\n\n<p>A quinta edi\u00e7\u00e3o do programa neste ano ser\u00e1 realizada em conjunto com os bairros Planaltina e Bom Jesus. Os moradores dos dois bairros e dos arredores est\u00e3o recebendo uma s\u00e9rie de servi\u00e7os e melhorias, como os executados pela Secretaria de Obras com pavimenta\u00e7\u00e3o asf\u00e1ltica em dez quadras de ruas, duas lombadas f\u00edsicas, canaliza\u00e7\u00e3o e limpeza de bocas de lobo em alguns pontos dos bairros. A Secretaria de Transportes e Servi\u00e7os Gerais realiza limpeza nos locais e manuten\u00e7\u00e3o na ilumina\u00e7\u00e3o p\u00fablica com troca de l\u00e2mpadas e tamb\u00e9m, em parceria com a Secretaria de Seguran\u00e7a P\u00fablica, pintura e coloca\u00e7\u00e3o de sinaliza\u00e7\u00e3o vi\u00e1ria.<\/p>\n\n\n\n<p>No Bairro a Bairro conjunto da Planaltina e Bom Jesus ser\u00e3o disponibilizados diversos servi\u00e7os da Prefeitura e de parceiros, como atendimentos em sa\u00fade, atra\u00e7\u00f5es art\u00edsticas e oficinas para a popula\u00e7\u00e3o. Haver\u00e1 a presen\u00e7a dos programas Caf\u00e9 com Emprego, Meu Bairro, Meu Neg\u00f3cio, \u00c9 o Bicho, Escola das Profiss\u00f5es com os cursos de Barbeiro, Est\u00e9tica Facial, Manicure e Cabeleireiro, CRAS Itinerante e Cad\u00danico, avalia\u00e7\u00f5es e orienta\u00e7\u00f5es f\u00edsicas. Ainda, avalia\u00e7\u00f5es odontol\u00f3gicas na unidade m\u00f3vel do programa Passo Fundo Sorri, Farm\u00e1cia M\u00f3vel e orienta\u00e7\u00f5es preventivas sobre dengue, entre outros servi\u00e7os.<\/p>\n\n\n\n<p>Neste ano, a Prefeitura de Passo Fundo mudou e ampliou o programa Bairro a Bairro, realizando tamb\u00e9m edi\u00e7\u00f5es tem\u00e1ticas, com servi\u00e7os de \u00e1reas espec\u00edficas, como aconteceu nos eventos da Sa\u00fade e de aten\u00e7\u00e3o aos idosos, no Parque da Gare. Al\u00e9m disso, foram feitas edi\u00e7\u00f5es no modelo tradicional nos bairros Ipiranga e Ricci.<\/p>\n\n\n\n<p><strong>Foto: Michel Sanderi<\/strong><\/p>\n","protected":false},"excerpt":{"rendered":"<p>Edi\u00e7\u00e3o ser\u00e1 na Planaltina em parceria com o bairro Bom Jesus<\/p>\n","protected":false},"author":6,"featured_media":2045,"comment_status":"closed","ping_status":"closed","sticky":true,"template":"","format":"standard","meta":{"footnotes":""},"categories":[1],"tags":[],"class_list":["post-2044","post","type-post","status-publish","format-standard","has-post-thumbnail","hentry","category-sem-categoria"],"yoast_head":"<!-- This site is optimized with the Yoast SEO plugin v23.8 - https:\/\/yoast.com\/wordpress\/plugins\/seo\/ -->\n<title>Prefeitura realizar\u00e1 o programa Bairro a Bairro no pr\u00f3ximo s\u00e1bado - Secretaria de Obras<\/title>\n<meta name=\"robots\" content=\"index, follow, max-snippet:-1, max-image-preview:large, max-video-preview:-1\" \/>\n<link rel=\"canonical\" href=\"https:\/\/www.pmpf.rs.gov.br\/secretaria-de-obras\/2023\/06\/26\/prefeitura-realizara-o-programa-bairro-a-bairro-no-proximo-sabado\/\" \/>\n<meta property=\"og:locale\" content=\"pt_BR\" \/>\n<meta property=\"og:type\" content=\"article\" \/>\n<meta property=\"og:title\" content=\"Prefeitura realizar\u00e1 o programa Bairro a Bairro no pr\u00f3ximo s\u00e1bado - Secretaria de Obras\" \/>\n<meta property=\"og:description\" content=\"Edi\u00e7\u00e3o ser\u00e1 na Planaltina em parceria com o bairro Bom Jesus\" \/>\n<meta property=\"og:url\" content=\"https:\/\/www.pmpf.rs.gov.br\/secretaria-de-obras\/2023\/06\/26\/prefeitura-realizara-o-programa-bairro-a-bairro-no-proximo-sabado\/\" \/>\n<meta property=\"og:site_name\" content=\"Secretaria de Obras\" \/>\n<meta property=\"article:published_time\" content=\"2023-06-26T19:16:31+00:00\" \/>\n<meta property=\"article:modified_time\" content=\"2023-06-26T19:16:32+00:00\" \/>\n<meta name=\"author\" content=\"andressazorzetto07\" \/>\n<meta name=\"twitter:card\" content=\"summary_large_image\" \/>\n<meta name=\"twitter:label1\" content=\"Escrito por\" \/>\n\t<meta name=\"twitter:data1\" content=\"andressazorzetto07\" \/>\n\t<meta name=\"twitter:label2\" content=\"Est. tempo de leitura\" \/>\n\t<meta name=\"twitter:data2\" content=\"2 minutos\" \/>\n<script type=\"application\/ld+json\" class=\"yoast-schema-graph\">{\"@context\":\"https:\/\/schema.org\",\"@graph\":[{\"@type\":\"WebPage\",\"@id\":\"https:\/\/www.pmpf.rs.gov.br\/secretaria-de-obras\/2023\/06\/26\/prefeitura-realizara-o-programa-bairro-a-bairro-no-proximo-sabado\/\",\"url\":\"https:\/\/www.pmpf.rs.gov.br\/secretaria-de-obras\/2023\/06\/26\/prefeitura-realizara-o-programa-bairro-a-bairro-no-proximo-sabado\/\",\"name\":\"Prefeitura realizar\u00e1 o programa Bairro a Bairro no pr\u00f3ximo s\u00e1bado - Secretaria de Obras\",\"isPartOf\":{\"@id\":\"https:\/\/www.pmpf.rs.gov.br\/secretaria-de-obras\/#website\"},\"primaryImageOfPage\":{\"@id\":\"https:\/\/www.pmpf.rs.gov.br\/secretaria-de-obras\/2023\/06\/26\/prefeitura-realizara-o-programa-bairro-a-bairro-no-proximo-sabado\/#primaryimage\"},\"image\":{\"@id\":\"https:\/\/www.pmpf.rs.gov.br\/secretaria-de-obras\/2023\/06\/26\/prefeitura-realizara-o-programa-bairro-a-bairro-no-proximo-sabado\/#primaryimage\"},\"thumbnailUrl\":\"https:\/\/www.pmpf.rs.gov.br\/secretaria-de-obras\/wp-content\/uploads\/sites\/49\/2023\/06\/MSF07315-scaled.jpg\",\"datePublished\":\"2023-06-26T19:16:31+00:00\",\"dateModified\":\"2023-06-26T19:16:32+00:00\",\"author\":{\"@id\":\"https:\/\/www.pmpf.rs.gov.br\/secretaria-de-obras\/#\/schema\/person\/30ee1d1bd74da1469b01fcf086e43351\"},\"breadcrumb\":{\"@id\":\"https:\/\/www.pmpf.rs.gov.br\/secretaria-de-obras\/2023\/06\/26\/prefeitura-realizara-o-programa-bairro-a-bairro-no-proximo-sabado\/#breadcrumb\"},\"inLanguage\":\"pt-BR\",\"potentialAction\":[{\"@type\":\"ReadAction\",\"target\":[\"https:\/\/www.pmpf.rs.gov.br\/secretaria-de-obras\/2023\/06\/26\/prefeitura-realizara-o-programa-bairro-a-bairro-no-proximo-sabado\/\"]}]},{\"@type\":\"ImageObject\",\"inLanguage\":\"pt-BR\",\"@id\":\"https:\/\/www.pmpf.rs.gov.br\/secretaria-de-obras\/2023\/06\/26\/prefeitura-realizara-o-programa-bairro-a-bairro-no-proximo-sabado\/#primaryimage\",\"url\":\"https:\/\/www.pmpf.rs.gov.br\/secretaria-de-obras\/wp-content\/uploads\/sites\/49\/2023\/06\/MSF07315-scaled.jpg\",\"contentUrl\":\"https:\/\/www.pmpf.rs.gov.br\/secretaria-de-obras\/wp-content\/uploads\/sites\/49\/2023\/06\/MSF07315-scaled.jpg\",\"width\":2560,\"height\":1707},{\"@type\":\"BreadcrumbList\",\"@id\":\"https:\/\/www.pmpf.rs.gov.br\/secretaria-de-obras\/2023\/06\/26\/prefeitura-realizara-o-programa-bairro-a-bairro-no-proximo-sabado\/#breadcrumb\",\"itemListElement\":[{\"@type\":\"ListItem\",\"position\":1,\"name\":\"In\u00edcio\",\"item\":\"https:\/\/www.pmpf.rs.gov.br\/secretaria-de-obras\/\"},{\"@type\":\"ListItem\",\"position\":2,\"name\":\"Prefeitura realizar\u00e1 o programa Bairro a Bairro no pr\u00f3ximo s\u00e1bado\"}]},{\"@type\":\"WebSite\",\"@id\":\"https:\/\/www.pmpf.rs.gov.br\/secretaria-de-obras\/#website\",\"url\":\"https:\/\/www.pmpf.rs.gov.br\/secretaria-de-obras\/\",\"name\":\"Secretaria de Obras\",\"description\":\"S\u00f3 mais um site Prefeitura de Passo Fundo\",\"potentialAction\":[{\"@type\":\"SearchAction\",\"target\":{\"@type\":\"EntryPoint\",\"urlTemplate\":\"https:\/\/www.pmpf.rs.gov.br\/secretaria-de-obras\/?s={search_term_string}\"},\"query-input\":{\"@type\":\"PropertyValueSpecification\",\"valueRequired\":true,\"valueName\":\"search_term_string\"}}],\"inLanguage\":\"pt-BR\"},{\"@type\":\"Person\",\"@id\":\"https:\/\/www.pmpf.rs.gov.br\/secretaria-de-obras\/#\/schema\/person\/30ee1d1bd74da1469b01fcf086e43351\",\"name\":\"andressazorzetto07\",\"image\":{\"@type\":\"ImageObject\",\"inLanguage\":\"pt-BR\",\"@id\":\"https:\/\/www.pmpf.rs.gov.br\/secretaria-de-obras\/#\/schema\/person\/image\/\",\"url\":\"https:\/\/secure.gravatar.com\/avatar\/14c5458ed79dc81da99a13b9ff5f9f19?s=96&d=mm&r=g\",\"contentUrl\":\"https:\/\/secure.gravatar.com\/avatar\/14c5458ed79dc81da99a13b9ff5f9f19?s=96&d=mm&r=g\",\"caption\":\"andressazorzetto07\"},\"url\":\"https:\/\/www.pmpf.rs.gov.br\/secretaria-de-obras\/author\/andressazorzetto07\/\"}]}<\/script>\n<!-- \/ Yoast SEO plugin. -->","yoast_head_json":{"title":"Prefeitura realizar\u00e1 o programa Bairro a Bairro no pr\u00f3ximo s\u00e1bado - Secretaria de Obras","robots":{"index":"index","follow":"follow","max-snippet":"max-snippet:-1","max-image-preview":"max-image-preview:large","max-video-preview":"max-video-preview:-1"},"canonical":"https:\/\/www.pmpf.rs.gov.br\/secretaria-de-obras\/2023\/06\/26\/prefeitura-realizara-o-programa-bairro-a-bairro-no-proximo-sabado\/","og_locale":"pt_BR","og_type":"article","og_title":"Prefeitura realizar\u00e1 o programa Bairro a Bairro no pr\u00f3ximo s\u00e1bado - Secretaria de Obras","og_description":"Edi\u00e7\u00e3o ser\u00e1 na Planaltina em parceria com o bairro Bom Jesus","og_url":"https:\/\/www.pmpf.rs.gov.br\/secretaria-de-obras\/2023\/06\/26\/prefeitura-realizara-o-programa-bairro-a-bairro-no-proximo-sabado\/","og_site_name":"Secretaria de Obras","article_published_time":"2023-06-26T19:16:31+00:00","article_modified_time":"2023-06-26T19:16:32+00:00","author":"andressazorzetto07","twitter_card":"summary_large_image","twitter_misc":{"Escrito por":"andressazorzetto07","Est. tempo de leitura":"2 minutos"},"schema":{"@context":"https:\/\/schema.org","@graph":[{"@type":"WebPage","@id":"https:\/\/www.pmpf.rs.gov.br\/secretaria-de-obras\/2023\/06\/26\/prefeitura-realizara-o-programa-bairro-a-bairro-no-proximo-sabado\/","url":"https:\/\/www.pmpf.rs.gov.br\/secretaria-de-obras\/2023\/06\/26\/prefeitura-realizara-o-programa-bairro-a-bairro-no-proximo-sabado\/","name":"Prefeitura realizar\u00e1 o programa Bairro a Bairro no pr\u00f3ximo s\u00e1bado - Secretaria de Obras","isPartOf":{"@id":"https:\/\/www.pmpf.rs.gov.br\/secretaria-de-obras\/#website"},"primaryImageOfPage":{"@id":"https:\/\/www.pmpf.rs.gov.br\/secretaria-de-obras\/2023\/06\/26\/prefeitura-realizara-o-programa-bairro-a-bairro-no-proximo-sabado\/#primaryimage"},"image":{"@id":"https:\/\/www.pmpf.rs.gov.br\/secretaria-de-obras\/2023\/06\/26\/prefeitura-realizara-o-programa-bairro-a-bairro-no-proximo-sabado\/#primaryimage"},"thumbnailUrl":"https:\/\/www.pmpf.rs.gov.br\/secretaria-de-obras\/wp-content\/uploads\/sites\/49\/2023\/06\/MSF07315-scaled.jpg","datePublished":"2023-06-26T19:16:31+00:00","dateModified":"2023-06-26T19:16:32+00:00","author":{"@id":"https:\/\/www.pmpf.rs.gov.br\/secretaria-de-obras\/#\/schema\/person\/30ee1d1bd74da1469b01fcf086e43351"},"breadcrumb":{"@id":"https:\/\/www.pmpf.rs.gov.br\/secretaria-de-obras\/2023\/06\/26\/prefeitura-realizara-o-programa-bairro-a-bairro-no-proximo-sabado\/#breadcrumb"},"inLanguage":"pt-BR","potentialAction":[{"@type":"ReadAction","target":["https:\/\/www.pmpf.rs.gov.br\/secretaria-de-obras\/2023\/06\/26\/prefeitura-realizara-o-programa-bairro-a-bairro-no-proximo-sabado\/"]}]},{"@type":"ImageObject","inLanguage":"pt-BR","@id":"https:\/\/www.pmpf.rs.gov.br\/secretaria-de-obras\/2023\/06\/26\/prefeitura-realizara-o-programa-bairro-a-bairro-no-proximo-sabado\/#primaryimage","url":"https:\/\/www.pmpf.rs.gov.br\/secretaria-de-obras\/wp-content\/uploads\/sites\/49\/2023\/06\/MSF07315-scaled.jpg","contentUrl":"https:\/\/www.pmpf.rs.gov.br\/secretaria-de-obras\/wp-content\/uploads\/sites\/49\/2023\/06\/MSF07315-scaled.jpg","width":2560,"height":1707},{"@type":"BreadcrumbList","@id":"https:\/\/www.pmpf.rs.gov.br\/secretaria-de-obras\/2023\/06\/26\/prefeitura-realizara-o-programa-bairro-a-bairro-no-proximo-sabado\/#breadcrumb","itemListElement":[{"@type":"ListItem","position":1,"name":"In\u00edcio","item":"https:\/\/www.pmpf.rs.gov.br\/secretaria-de-obras\/"},{"@type":"ListItem","position":2,"name":"Prefeitura realizar\u00e1 o programa Bairro a Bairro no pr\u00f3ximo s\u00e1bado"}]},{"@type":"WebSite","@id":"https:\/\/www.pmpf.rs.gov.br\/secretaria-de-obras\/#website","url":"https:\/\/www.pmpf.rs.gov.br\/secretaria-de-obras\/","name":"Secretaria de Obras","description":"S\u00f3 mais um site Prefeitura de Passo Fundo","potentialAction":[{"@type":"SearchAction","target":{"@type":"EntryPoint","urlTemplate":"https:\/\/www.pmpf.rs.gov.br\/secretaria-de-obras\/?s={search_term_string}"},"query-input":{"@type":"PropertyValueSpecification","valueRequired":true,"valueName":"search_term_string"}}],"inLanguage":"pt-BR"},{"@type":"Person","@id":"https:\/\/www.pmpf.rs.gov.br\/secretaria-de-obras\/#\/schema\/person\/30ee1d1bd74da1469b01fcf086e43351","name":"andressazorzetto07","image":{"@type":"ImageObject","inLanguage":"pt-BR","@id":"https:\/\/www.pmpf.rs.gov.br\/secretaria-de-obras\/#\/schema\/person\/image\/","url":"https:\/\/secure.gravatar.com\/avatar\/14c5458ed79dc81da99a13b9ff5f9f19?s=96&d=mm&r=g","contentUrl":"https:\/\/secure.gravatar.com\/avatar\/14c5458ed79dc81da99a13b9ff5f9f19?s=96&d=mm&r=g","caption":"andressazorzetto07"},"url":"https:\/\/www.pmpf.rs.gov.br\/secretaria-de-obras\/author\/andressazorzetto07\/"}]}},"_links":{"self":[{"href":"https:\/\/www.pmpf.rs.gov.br\/secretaria-de-obras\/wp-json\/wp\/v2\/posts\/2044"}],"collection":[{"href":"https:\/\/www.pmpf.rs.gov.br\/secretaria-de-obras\/wp-json\/wp\/v2\/posts"}],"about":[{"href":"https:\/\/www.pmpf.rs.gov.br\/secretaria-de-obras\/wp-json\/wp\/v2\/types\/post"}],"author":[{"embeddable":true,"href":"https:\/\/www.pmpf.rs.gov.br\/secretaria-de-obras\/wp-json\/wp\/v2\/users\/6"}],"replies":[{"embeddable":true,"href":"https:\/\/www.pmpf.rs.gov.br\/secretaria-de-obras\/wp-json\/wp\/v2\/comments?post=2044"}],"version-history":[{"count":1,"href":"https:\/\/www.pmpf.rs.gov.br\/secretaria-de-obras\/wp-json\/wp\/v2\/posts\/2044\/revisions"}],"predecessor-version":[{"id":2046,"href":"https:\/\/www.pmpf.rs.gov.br\/secretaria-de-obras\/wp-json\/wp\/v2\/posts\/2044\/revisions\/2046"}],"wp:featuredmedia":[{"embeddable":true,"href":"https:\/\/www.pmpf.rs.gov.br\/secretaria-de-obras\/wp-json\/wp\/v2\/media\/2045"}],"wp:attachment":[{"href":"https:\/\/www.pmpf.rs.gov.br\/secretaria-de-obras\/wp-json\/wp\/v2\/media?parent=2044"}],"wp:term":[{"taxonomy":"category","embeddable":true,"href":"https:\/\/www.pmpf.rs.gov.br\/secretaria-de-obras\/wp-json\/wp\/v2\/categories?post=2044"},{"taxonomy":"post_tag","embeddable":true,"href":"https:\/\/www.pmpf.rs.gov.br\/secretaria-de-obras\/wp-json\/wp\/v2\/tags?post=2044"}],"curies":[{"name":"wp","href":"https:\/\/api.w.org\/{rel}","templated":true}]}}