{"id":2038,"date":"2023-06-22T15:32:57","date_gmt":"2023-06-22T18:32:57","guid":{"rendered":"https:\/\/www.pmpf.rs.gov.br\/secretaria-de-obras\/?p=2038"},"modified":"2023-06-22T15:32:59","modified_gmt":"2023-06-22T18:32:59","slug":"prefeitura-inicia-asfaltamento-no-distrito-de-bom-recreio","status":"publish","type":"post","link":"https:\/\/www.pmpf.rs.gov.br\/secretaria-de-obras\/2023\/06\/22\/prefeitura-inicia-asfaltamento-no-distrito-de-bom-recreio\/","title":{"rendered":"Prefeitura inicia asfaltamento no Distrito de Bom Recreio"},"content":{"rendered":"\n<p><\/p>\n\n\n\n<p>A Prefeitura de Passo Fundo come\u00e7ou nesta quinta-feira (22), por meio da empresa respons\u00e1vel pela execu\u00e7\u00e3o do projeto, a pavimenta\u00e7\u00e3o asf\u00e1ltica de tr\u00eas quil\u00f4metros no acesso e estrada geral do distrito de Bom Recreio. A obra, que tem recursos do Programa Estadual \u201cPavimenta RS\u201d e contrapartida da Prefeitura, j\u00e1 tinha a parte de drenagem pluvial (canaliza\u00e7\u00e3o) e base finalizadas.<\/p>\n\n\n\n<p>Para o prefeito de Passo Fundo, Pedro Almeida, tamb\u00e9m \u00e9 uma meta da administra\u00e7\u00e3o municipal melhorar e qualificar o interior do munic\u00edpio, com estrutura e estradas melhores. \u201cTemos investido no interior de Passo Fundo, j\u00e1 avan\u00e7amos com a\u00e7\u00f5es em telefonia m\u00f3vel, que chega \u00e0 sua terceira fase de implanta\u00e7\u00e3o, manuten\u00e7\u00e3o permanente nas estradas e vamos seguir com a\u00e7\u00f5es para oferecer mais infraestrutura para as comunidades e produtores rurais com escoamento das produ\u00e7\u00f5es\u201d, afirmou. Ele destacou a import\u00e2ncia do agroneg\u00f3cio para o desenvolvimento de Passo Fundo.<\/p>\n\n\n\n<p>A pavimenta\u00e7\u00e3o asf\u00e1ltica do Bom recreio tem valor de R$ 5,5 milh\u00f5es e \u00e9 realizada a partir de projeto elaborado pela Secretaria Municipal de Agricultura e Desenvolvimento Rural (SMADER).<\/p>\n\n\n\n<p>Para o secret\u00e1rio de Agricultura e Desenvolvimento Rural, Cristiam Thans, a obra de asfalto ser\u00e1 muito importante para o desenvolvimento. \u201cConforme o cronograma, retomamos os servi\u00e7os de pavimenta\u00e7\u00e3o do acesso do Distrito de Bom Recreio, com a execu\u00e7\u00e3o da camada de asfalto. Al\u00e9m desse servi\u00e7o, a empresa dever\u00e1 dar continuidade \u00e0 constru\u00e7\u00e3o das cal\u00e7adas (passeio p\u00fablico) e rebaixamento dos meios-fios. A obra dever\u00e1 ser conclu\u00edda at\u00e9 o m\u00eas de setembro deste ano\u201d, falou Cristiam Thans.<\/p>\n\n\n\n<p>\u201cEssa obra est\u00e1 dentro das a\u00e7\u00f5es que o prefeito Pedro Almeida tem nos solicitado e se integra a outras a\u00e7\u00f5es realizadas no interior e que ser\u00e3o executadas dentro da quarta edi\u00e7\u00e3o do programa Minha Rua com Asfalto\u201d, destacou o secret\u00e1rio de Obras, Rubens Astolfi.<\/p>\n\n\n\n<p>A obra da estrada do distrito de Bom Recreio inclui ainda melhorias de meio-fio, passeio p\u00fablico e sinaliza\u00e7\u00e3o vertical e horizontal e deve ser conclu\u00edda neste segundo semestre de 2023, conforme o cronograma estabelecido com a empresa respons\u00e1vel.<\/p>\n","protected":false},"excerpt":{"rendered":"<p> A obra, que tem recursos do Programa Estadual \u201cPavimenta RS\u201d e contrapartida da Prefeitura, j\u00e1 tinha a parte de drenagem pluvial (canaliza\u00e7\u00e3o) e base finalizadas<\/p>\n","protected":false},"author":6,"featured_media":2039,"comment_status":"closed","ping_status":"closed","sticky":true,"template":"","format":"standard","meta":{"footnotes":""},"categories":[1],"tags":[],"class_list":["post-2038","post","type-post","status-publish","format-standard","has-post-thumbnail","hentry","category-sem-categoria"],"yoast_head":"<!-- This site is optimized with the Yoast SEO plugin v23.8 - https:\/\/yoast.com\/wordpress\/plugins\/seo\/ -->\n<title>Prefeitura inicia asfaltamento no Distrito de Bom Recreio - Secretaria de Obras<\/title>\n<meta name=\"robots\" content=\"index, follow, max-snippet:-1, max-image-preview:large, max-video-preview:-1\" \/>\n<link rel=\"canonical\" href=\"https:\/\/www.pmpf.rs.gov.br\/secretaria-de-obras\/2023\/06\/22\/prefeitura-inicia-asfaltamento-no-distrito-de-bom-recreio\/\" \/>\n<meta property=\"og:locale\" content=\"pt_BR\" \/>\n<meta property=\"og:type\" content=\"article\" \/>\n<meta property=\"og:title\" content=\"Prefeitura inicia asfaltamento no Distrito de Bom Recreio - Secretaria de Obras\" \/>\n<meta property=\"og:description\" content=\"A obra, que tem recursos do Programa Estadual \u201cPavimenta RS\u201d e contrapartida da Prefeitura, j\u00e1 tinha a parte de drenagem pluvial (canaliza\u00e7\u00e3o) e base finalizadas\" \/>\n<meta property=\"og:url\" content=\"https:\/\/www.pmpf.rs.gov.br\/secretaria-de-obras\/2023\/06\/22\/prefeitura-inicia-asfaltamento-no-distrito-de-bom-recreio\/\" \/>\n<meta property=\"og:site_name\" content=\"Secretaria de Obras\" \/>\n<meta property=\"article:published_time\" content=\"2023-06-22T18:32:57+00:00\" \/>\n<meta property=\"article:modified_time\" content=\"2023-06-22T18:32:59+00:00\" \/>\n<meta name=\"author\" content=\"andressazorzetto07\" \/>\n<meta name=\"twitter:card\" content=\"summary_large_image\" \/>\n<meta name=\"twitter:label1\" content=\"Escrito por\" \/>\n\t<meta name=\"twitter:data1\" content=\"andressazorzetto07\" \/>\n\t<meta name=\"twitter:label2\" content=\"Est. tempo de leitura\" \/>\n\t<meta name=\"twitter:data2\" content=\"2 minutos\" \/>\n<script type=\"application\/ld+json\" class=\"yoast-schema-graph\">{\"@context\":\"https:\/\/schema.org\",\"@graph\":[{\"@type\":\"WebPage\",\"@id\":\"https:\/\/www.pmpf.rs.gov.br\/secretaria-de-obras\/2023\/06\/22\/prefeitura-inicia-asfaltamento-no-distrito-de-bom-recreio\/\",\"url\":\"https:\/\/www.pmpf.rs.gov.br\/secretaria-de-obras\/2023\/06\/22\/prefeitura-inicia-asfaltamento-no-distrito-de-bom-recreio\/\",\"name\":\"Prefeitura inicia asfaltamento no Distrito de Bom Recreio - Secretaria de Obras\",\"isPartOf\":{\"@id\":\"https:\/\/www.pmpf.rs.gov.br\/secretaria-de-obras\/#website\"},\"primaryImageOfPage\":{\"@id\":\"https:\/\/www.pmpf.rs.gov.br\/secretaria-de-obras\/2023\/06\/22\/prefeitura-inicia-asfaltamento-no-distrito-de-bom-recreio\/#primaryimage\"},\"image\":{\"@id\":\"https:\/\/www.pmpf.rs.gov.br\/secretaria-de-obras\/2023\/06\/22\/prefeitura-inicia-asfaltamento-no-distrito-de-bom-recreio\/#primaryimage\"},\"thumbnailUrl\":\"https:\/\/www.pmpf.rs.gov.br\/secretaria-de-obras\/wp-content\/uploads\/sites\/49\/2023\/06\/asfaltamento-bom-recreio.jpeg\",\"datePublished\":\"2023-06-22T18:32:57+00:00\",\"dateModified\":\"2023-06-22T18:32:59+00:00\",\"author\":{\"@id\":\"https:\/\/www.pmpf.rs.gov.br\/secretaria-de-obras\/#\/schema\/person\/30ee1d1bd74da1469b01fcf086e43351\"},\"breadcrumb\":{\"@id\":\"https:\/\/www.pmpf.rs.gov.br\/secretaria-de-obras\/2023\/06\/22\/prefeitura-inicia-asfaltamento-no-distrito-de-bom-recreio\/#breadcrumb\"},\"inLanguage\":\"pt-BR\",\"potentialAction\":[{\"@type\":\"ReadAction\",\"target\":[\"https:\/\/www.pmpf.rs.gov.br\/secretaria-de-obras\/2023\/06\/22\/prefeitura-inicia-asfaltamento-no-distrito-de-bom-recreio\/\"]}]},{\"@type\":\"ImageObject\",\"inLanguage\":\"pt-BR\",\"@id\":\"https:\/\/www.pmpf.rs.gov.br\/secretaria-de-obras\/2023\/06\/22\/prefeitura-inicia-asfaltamento-no-distrito-de-bom-recreio\/#primaryimage\",\"url\":\"https:\/\/www.pmpf.rs.gov.br\/secretaria-de-obras\/wp-content\/uploads\/sites\/49\/2023\/06\/asfaltamento-bom-recreio.jpeg\",\"contentUrl\":\"https:\/\/www.pmpf.rs.gov.br\/secretaria-de-obras\/wp-content\/uploads\/sites\/49\/2023\/06\/asfaltamento-bom-recreio.jpeg\",\"width\":960,\"height\":1280},{\"@type\":\"BreadcrumbList\",\"@id\":\"https:\/\/www.pmpf.rs.gov.br\/secretaria-de-obras\/2023\/06\/22\/prefeitura-inicia-asfaltamento-no-distrito-de-bom-recreio\/#breadcrumb\",\"itemListElement\":[{\"@type\":\"ListItem\",\"position\":1,\"name\":\"In\u00edcio\",\"item\":\"https:\/\/www.pmpf.rs.gov.br\/secretaria-de-obras\/\"},{\"@type\":\"ListItem\",\"position\":2,\"name\":\"Prefeitura inicia asfaltamento no Distrito de Bom Recreio\"}]},{\"@type\":\"WebSite\",\"@id\":\"https:\/\/www.pmpf.rs.gov.br\/secretaria-de-obras\/#website\",\"url\":\"https:\/\/www.pmpf.rs.gov.br\/secretaria-de-obras\/\",\"name\":\"Secretaria de Obras\",\"description\":\"S\u00f3 mais um site Prefeitura de Passo Fundo\",\"potentialAction\":[{\"@type\":\"SearchAction\",\"target\":{\"@type\":\"EntryPoint\",\"urlTemplate\":\"https:\/\/www.pmpf.rs.gov.br\/secretaria-de-obras\/?s={search_term_string}\"},\"query-input\":{\"@type\":\"PropertyValueSpecification\",\"valueRequired\":true,\"valueName\":\"search_term_string\"}}],\"inLanguage\":\"pt-BR\"},{\"@type\":\"Person\",\"@id\":\"https:\/\/www.pmpf.rs.gov.br\/secretaria-de-obras\/#\/schema\/person\/30ee1d1bd74da1469b01fcf086e43351\",\"name\":\"andressazorzetto07\",\"image\":{\"@type\":\"ImageObject\",\"inLanguage\":\"pt-BR\",\"@id\":\"https:\/\/www.pmpf.rs.gov.br\/secretaria-de-obras\/#\/schema\/person\/image\/\",\"url\":\"https:\/\/secure.gravatar.com\/avatar\/14c5458ed79dc81da99a13b9ff5f9f19?s=96&d=mm&r=g\",\"contentUrl\":\"https:\/\/secure.gravatar.com\/avatar\/14c5458ed79dc81da99a13b9ff5f9f19?s=96&d=mm&r=g\",\"caption\":\"andressazorzetto07\"},\"url\":\"https:\/\/www.pmpf.rs.gov.br\/secretaria-de-obras\/author\/andressazorzetto07\/\"}]}<\/script>\n<!-- \/ Yoast SEO plugin. -->","yoast_head_json":{"title":"Prefeitura inicia asfaltamento no Distrito de Bom Recreio - Secretaria de Obras","robots":{"index":"index","follow":"follow","max-snippet":"max-snippet:-1","max-image-preview":"max-image-preview:large","max-video-preview":"max-video-preview:-1"},"canonical":"https:\/\/www.pmpf.rs.gov.br\/secretaria-de-obras\/2023\/06\/22\/prefeitura-inicia-asfaltamento-no-distrito-de-bom-recreio\/","og_locale":"pt_BR","og_type":"article","og_title":"Prefeitura inicia asfaltamento no Distrito de Bom Recreio - Secretaria de Obras","og_description":"A obra, que tem recursos do Programa Estadual \u201cPavimenta RS\u201d e contrapartida da Prefeitura, j\u00e1 tinha a parte de drenagem pluvial (canaliza\u00e7\u00e3o) e base finalizadas","og_url":"https:\/\/www.pmpf.rs.gov.br\/secretaria-de-obras\/2023\/06\/22\/prefeitura-inicia-asfaltamento-no-distrito-de-bom-recreio\/","og_site_name":"Secretaria de Obras","article_published_time":"2023-06-22T18:32:57+00:00","article_modified_time":"2023-06-22T18:32:59+00:00","author":"andressazorzetto07","twitter_card":"summary_large_image","twitter_misc":{"Escrito por":"andressazorzetto07","Est. tempo de leitura":"2 minutos"},"schema":{"@context":"https:\/\/schema.org","@graph":[{"@type":"WebPage","@id":"https:\/\/www.pmpf.rs.gov.br\/secretaria-de-obras\/2023\/06\/22\/prefeitura-inicia-asfaltamento-no-distrito-de-bom-recreio\/","url":"https:\/\/www.pmpf.rs.gov.br\/secretaria-de-obras\/2023\/06\/22\/prefeitura-inicia-asfaltamento-no-distrito-de-bom-recreio\/","name":"Prefeitura inicia asfaltamento no Distrito de Bom Recreio - Secretaria de Obras","isPartOf":{"@id":"https:\/\/www.pmpf.rs.gov.br\/secretaria-de-obras\/#website"},"primaryImageOfPage":{"@id":"https:\/\/www.pmpf.rs.gov.br\/secretaria-de-obras\/2023\/06\/22\/prefeitura-inicia-asfaltamento-no-distrito-de-bom-recreio\/#primaryimage"},"image":{"@id":"https:\/\/www.pmpf.rs.gov.br\/secretaria-de-obras\/2023\/06\/22\/prefeitura-inicia-asfaltamento-no-distrito-de-bom-recreio\/#primaryimage"},"thumbnailUrl":"https:\/\/www.pmpf.rs.gov.br\/secretaria-de-obras\/wp-content\/uploads\/sites\/49\/2023\/06\/asfaltamento-bom-recreio.jpeg","datePublished":"2023-06-22T18:32:57+00:00","dateModified":"2023-06-22T18:32:59+00:00","author":{"@id":"https:\/\/www.pmpf.rs.gov.br\/secretaria-de-obras\/#\/schema\/person\/30ee1d1bd74da1469b01fcf086e43351"},"breadcrumb":{"@id":"https:\/\/www.pmpf.rs.gov.br\/secretaria-de-obras\/2023\/06\/22\/prefeitura-inicia-asfaltamento-no-distrito-de-bom-recreio\/#breadcrumb"},"inLanguage":"pt-BR","potentialAction":[{"@type":"ReadAction","target":["https:\/\/www.pmpf.rs.gov.br\/secretaria-de-obras\/2023\/06\/22\/prefeitura-inicia-asfaltamento-no-distrito-de-bom-recreio\/"]}]},{"@type":"ImageObject","inLanguage":"pt-BR","@id":"https:\/\/www.pmpf.rs.gov.br\/secretaria-de-obras\/2023\/06\/22\/prefeitura-inicia-asfaltamento-no-distrito-de-bom-recreio\/#primaryimage","url":"https:\/\/www.pmpf.rs.gov.br\/secretaria-de-obras\/wp-content\/uploads\/sites\/49\/2023\/06\/asfaltamento-bom-recreio.jpeg","contentUrl":"https:\/\/www.pmpf.rs.gov.br\/secretaria-de-obras\/wp-content\/uploads\/sites\/49\/2023\/06\/asfaltamento-bom-recreio.jpeg","width":960,"height":1280},{"@type":"BreadcrumbList","@id":"https:\/\/www.pmpf.rs.gov.br\/secretaria-de-obras\/2023\/06\/22\/prefeitura-inicia-asfaltamento-no-distrito-de-bom-recreio\/#breadcrumb","itemListElement":[{"@type":"ListItem","position":1,"name":"In\u00edcio","item":"https:\/\/www.pmpf.rs.gov.br\/secretaria-de-obras\/"},{"@type":"ListItem","position":2,"name":"Prefeitura inicia asfaltamento no Distrito de Bom Recreio"}]},{"@type":"WebSite","@id":"https:\/\/www.pmpf.rs.gov.br\/secretaria-de-obras\/#website","url":"https:\/\/www.pmpf.rs.gov.br\/secretaria-de-obras\/","name":"Secretaria de Obras","description":"S\u00f3 mais um site Prefeitura de Passo Fundo","potentialAction":[{"@type":"SearchAction","target":{"@type":"EntryPoint","urlTemplate":"https:\/\/www.pmpf.rs.gov.br\/secretaria-de-obras\/?s={search_term_string}"},"query-input":{"@type":"PropertyValueSpecification","valueRequired":true,"valueName":"search_term_string"}}],"inLanguage":"pt-BR"},{"@type":"Person","@id":"https:\/\/www.pmpf.rs.gov.br\/secretaria-de-obras\/#\/schema\/person\/30ee1d1bd74da1469b01fcf086e43351","name":"andressazorzetto07","image":{"@type":"ImageObject","inLanguage":"pt-BR","@id":"https:\/\/www.pmpf.rs.gov.br\/secretaria-de-obras\/#\/schema\/person\/image\/","url":"https:\/\/secure.gravatar.com\/avatar\/14c5458ed79dc81da99a13b9ff5f9f19?s=96&d=mm&r=g","contentUrl":"https:\/\/secure.gravatar.com\/avatar\/14c5458ed79dc81da99a13b9ff5f9f19?s=96&d=mm&r=g","caption":"andressazorzetto07"},"url":"https:\/\/www.pmpf.rs.gov.br\/secretaria-de-obras\/author\/andressazorzetto07\/"}]}},"_links":{"self":[{"href":"https:\/\/www.pmpf.rs.gov.br\/secretaria-de-obras\/wp-json\/wp\/v2\/posts\/2038"}],"collection":[{"href":"https:\/\/www.pmpf.rs.gov.br\/secretaria-de-obras\/wp-json\/wp\/v2\/posts"}],"about":[{"href":"https:\/\/www.pmpf.rs.gov.br\/secretaria-de-obras\/wp-json\/wp\/v2\/types\/post"}],"author":[{"embeddable":true,"href":"https:\/\/www.pmpf.rs.gov.br\/secretaria-de-obras\/wp-json\/wp\/v2\/users\/6"}],"replies":[{"embeddable":true,"href":"https:\/\/www.pmpf.rs.gov.br\/secretaria-de-obras\/wp-json\/wp\/v2\/comments?post=2038"}],"version-history":[{"count":1,"href":"https:\/\/www.pmpf.rs.gov.br\/secretaria-de-obras\/wp-json\/wp\/v2\/posts\/2038\/revisions"}],"predecessor-version":[{"id":2040,"href":"https:\/\/www.pmpf.rs.gov.br\/secretaria-de-obras\/wp-json\/wp\/v2\/posts\/2038\/revisions\/2040"}],"wp:featuredmedia":[{"embeddable":true,"href":"https:\/\/www.pmpf.rs.gov.br\/secretaria-de-obras\/wp-json\/wp\/v2\/media\/2039"}],"wp:attachment":[{"href":"https:\/\/www.pmpf.rs.gov.br\/secretaria-de-obras\/wp-json\/wp\/v2\/media?parent=2038"}],"wp:term":[{"taxonomy":"category","embeddable":true,"href":"https:\/\/www.pmpf.rs.gov.br\/secretaria-de-obras\/wp-json\/wp\/v2\/categories?post=2038"},{"taxonomy":"post_tag","embeddable":true,"href":"https:\/\/www.pmpf.rs.gov.br\/secretaria-de-obras\/wp-json\/wp\/v2\/tags?post=2038"}],"curies":[{"name":"wp","href":"https:\/\/api.w.org\/{rel}","templated":true}]}}