{"id":1987,"date":"2023-05-16T08:45:33","date_gmt":"2023-05-16T11:45:33","guid":{"rendered":"https:\/\/www.pmpf.rs.gov.br\/secretaria-de-obras\/?p=1987"},"modified":"2023-05-16T08:45:33","modified_gmt":"2023-05-16T11:45:33","slug":"prefeitura-inicia-as-obras-de-revitalizacao-da-avenida-presidente-vargas","status":"publish","type":"post","link":"https:\/\/www.pmpf.rs.gov.br\/secretaria-de-obras\/2023\/05\/16\/prefeitura-inicia-as-obras-de-revitalizacao-da-avenida-presidente-vargas\/","title":{"rendered":"Prefeitura inicia as obras de revitaliza\u00e7\u00e3o da Avenida Presidente Vargas"},"content":{"rendered":"\n<p><\/p>\n\n\n\n<p><\/p>\n\n\n\n<p>Reivindicada por muitos anos, a grande obra da Avenida Presidente Vargas teve in\u00edcio nesta segunda-feira (15). A revitaliza\u00e7\u00e3o contemplar\u00e1 5,2 quil\u00f4metros, entre a Rua General Canabarro e o Trevo do Ricci, com nova pavimenta\u00e7\u00e3o, refor\u00e7o na drenagem, ilumina\u00e7\u00e3o em LED, paisagismo, sinaliza\u00e7\u00e3o vi\u00e1ria e pontos de \u00f4nibus em concreto. Tamb\u00e9m contar\u00e1 com o alargamento do canteiro central, ciclovia e caminh\u00f3dromo.<\/p>\n\n\n\n<p>Para o prefeito Pedro Almeida, essa \u00e9 mais uma obra de infraestrutura feita pela Prefeitura que impactar\u00e1 no cotidiano das pessoas. \u201cTemos certeza que essa obra era muito aguardada pela popula\u00e7\u00e3o, sobretudo, por quem utiliza a Presidente Vargas diariamente. A revitaliza\u00e7\u00e3o n\u00e3o otimizar\u00e1 apenas o tr\u00e2nsito, mas impactar\u00e1 em mais qualidade de vida, pois vamos atender a demandas levantadas pela comunidade\u201d, disse.<\/p>\n\n\n\n<p>O projeto foi desenvolvido pelas secretarias municipais de Obras, Planejamento e Seguran\u00e7a com a participa\u00e7\u00e3o do F\u00f3rum de Mobilidade Urbana. A revitaliza\u00e7\u00e3o vai acontecer em etapas para reduzir ao m\u00e1ximo os impactos no tr\u00e2nsito e tem prazo de 15 meses para conclus\u00e3o. As obras foram iniciadas no Trevo da Ricci e avan\u00e7ar\u00e3o em dire\u00e7\u00e3o ao Centro.<\/p>\n\n\n\n<p>Todos os dias, a Avenida Presidente Vargas concentra um intenso fluxo. Conforme o secret\u00e1rio de Seguran\u00e7a, Jo\u00e3o Darci Gon\u00e7alves, em frente ao Col\u00e9gio Cecy Leite Costa, considerando os dois sentidos, passam 24 mil ve\u00edculos. \u201cEsse n\u00famero \u00e9 semelhante ao da Avenida Brasil, na esquina com a Avenida Sete de Setembro, que \u00e9 trecho de passagem de 25 mil ve\u00edculos diariamente. A obra na Presidente Vargas ter\u00e1 interven\u00e7\u00f5es importantes em alguns cruzamentos, proporcionando mais seguran\u00e7a e dinamicidade aos usu\u00e1rios, como a implanta\u00e7\u00e3o de r\u00f3tulas e melhor sinaliza\u00e7\u00e3o com mais visibilidade\u201d, mencionou.<\/p>\n\n\n\n<p>O secret\u00e1rio de Obras, Rubens Astolfi, destaca que o asfalto ser\u00e1 refor\u00e7ado no local para comportar o tr\u00e2nsito. \u201cAs melhorias na pavimenta\u00e7\u00e3o foram projetadas a partir de um diagn\u00f3stico t\u00e9cnico baseado em ensaios de engenharia, que apontaram para tr\u00eas diferentes tipos de solu\u00e7\u00e3o para o trecho: refor\u00e7o estrutural no pavimento; trechos com fresagem e capa nova de asfalto; e pavimentos em concreto nas paradas de \u00f4nibus, como os da Avenida Brasil, para garantir a preserva\u00e7\u00e3o\u201d, mencionou.<\/p>\n\n\n\n<p>Al\u00e9m disso, uma das necessidades atuais da Presidente Vargas e que ser\u00e1 atendida \u00e9 a ciclovia. O espa\u00e7o ser\u00e1 anexado aos canteiros centrais logo no cruzamento com a Avenida Sete de Setembro e contar\u00e1 com caminh\u00f3dromo a partir das imedia\u00e7\u00f5es de acesso ao Bairro Planaltina. \u201cCom rela\u00e7\u00e3o \u00e0 ciclofaixa que existe atualmente, a nova ciclovia ter\u00e1 uma extens\u00e3o 3,3 quil\u00f4metros maior. A \u00e1rea receber\u00e1 ilumina\u00e7\u00e3o em led, que tamb\u00e9m ser\u00e1 posicionada para a via\u201d, pontuou Rubens.<\/p>\n\n\n\n<p>Conforme o secret\u00e1rio de Planejamento, Giezi Schneider, as obras beneficiar\u00e3o diretamente a popula\u00e7\u00e3o. \u201cS\u00e3o muitos elementos de ganho para todos. As melhorias na mobilidade, no tr\u00e2nsito, na ilumina\u00e7\u00e3o e no paisagismo promover\u00e3o mais qualidade e seguran\u00e7a para o fluxo e a passagem das pessoas\u201d, salientou.<\/p>\n\n\n\n<p><strong>Avenida Scarpellini Ghezzi<\/strong><\/p>\n\n\n\n<p>A Prefeitura deu in\u00edcio, na \u00faltima semana, \u00e0 revitaliza\u00e7\u00e3o da Avenida Scarpellini Ghezzi, que vai melhorar a mobilidade urbana entre os bairros Lucas Ara\u00fajo e S\u00e3o Crist\u00f3v\u00e3o. As interven\u00e7\u00f5es acontecer\u00e3o em dois quil\u00f4metros, entre a Avenida Presidente Vargas e a Rua Jo\u00e3o Biazus com nova pavimenta\u00e7\u00e3o, refor\u00e7o na drenagem, ilumina\u00e7\u00e3o em LED e ciclovia, respeitando as caracter\u00edsticas ambientais da regi\u00e3o.<\/p>\n\n\n\n<p>A elabora\u00e7\u00e3o do projeto contou com o envolvimento das secretarias de Obras, Planejamento, Seguran\u00e7a e Meio Ambiente. Conforme o secret\u00e1rio de Obras, Rubens Astolfi, uma das principais caracter\u00edsticas ser\u00e1 a pavimenta\u00e7\u00e3o com blocos intertravados em 500 metros da via, entre as ruas da S\u00e9 e Daltro Filho. \u201cQueremos garantir a preserva\u00e7\u00e3o das caracter\u00edsticas da regi\u00e3o. Por ser uma \u00e1rea ambiental, buscamos uma pavimenta\u00e7\u00e3o que fa\u00e7a a melhor drenagem da \u00e1gua da chuva e promova uma velocidade de tr\u00e2nsito reduzida\u201d, destacou.<\/p>\n\n\n\n<p>A previs\u00e3o para a conclus\u00e3o \u00e9 de um ano. Al\u00e9m da Scarpelini Ghezzi, foram inseridas na mesma licita\u00e7\u00e3o as ruas Guilherme Kurtz, S\u00e3o Pedro, Coronel Miranda e Mascarenhas, totalizando quase 5 quil\u00f4metros de obras nesta regi\u00e3o.<\/p>\n\n\n\n<p><strong>Obras de infraestrutura<\/strong><br>O ano de 2023 \u00e9 marcado por muitas obras de infraestrutura, que impactar\u00e3o na mobilidade urbana e no dia a dia da popula\u00e7\u00e3o.<\/p>\n\n\n\n<p><em><strong>Minha Rua com Asfalto<br><\/strong><\/em>Est\u00e1 aberta a vota\u00e7\u00e3o da quarta edi\u00e7\u00e3o do programa Minha Rua com Asfalto, que incluir\u00e1 o asfaltamento de mais 150 quadras, em 30 bairros. A consulta popular que vai auxiliar na defini\u00e7\u00e3o das ruas priorit\u00e1rias e do cronograma de obras seguir\u00e1 at\u00e9 o dia 15 de junho pelo site <a href=\"http:\/\/minharuacomasfalto.pmpf.rs.gov.br\/\">http:\/\/minharuacomasfalto.pmpf.rs.gov.br\/<\/a>. J\u00e1 foram computados mais de dois votos.<\/p>\n\n\n\n<p>A ideia de estruturar o cronograma de obras, que contempla a canaliza\u00e7\u00e3o e o asfaltamento das vias, com a participa\u00e7\u00e3o das pessoas amplia o envolvimento da comunidade na presta\u00e7\u00e3o do servi\u00e7o p\u00fablico. Durante a vota\u00e7\u00e3o, al\u00e9m de apontar para uma das ruas pr\u00e9-selecionadas pela Prefeitura, \u00e9 poss\u00edvel mencionar uma rua n\u00e3o inclu\u00edda na lista a fim de que ela tamb\u00e9m seja contemplada. As 15 ruas mais indicadas, com at\u00e9 cinco quadras e em \u00e1rea urbana, tamb\u00e9m ser\u00e3o asfaltadas.<\/p>\n\n\n\n<p>Conforme o secret\u00e1rio de Obras, Rubens Astolfi, as obras da quarta edi\u00e7\u00e3o ter\u00e3o in\u00edcio logo ap\u00f3s a conclus\u00e3o da terceira etapa do Minha Rua com Asfalto, que j\u00e1 est\u00e1 com 70% das obras executadas. \u201cPelo programa, mais de 350 quadras j\u00e1 receberam as obras, impactando diretamente no dia a dia dos moradores. Estamos na reta final das interven\u00e7\u00f5es nas ruas que fazem parte da terceira edi\u00e7\u00e3o. Assim que esta etapa for finalizada, a quarta ser\u00e1 iniciada\u201d, pontua.<\/p>\n\n\n\n<p><em><strong>Mais obras de asfalto<br><\/strong><\/em>Paralelamente a essas obras, a Prefeitura trabalha no asfaltamento de vias extensas da cidade que s\u00e3o estrat\u00e9gicas para o tr\u00e2nsito e a mobilidade urbana. Em mar\u00e7o, o prefeito anunciou dois pacotes de obras, que, a partir da contrata\u00e7\u00e3o de uma empresa via licita\u00e7\u00e3o, contemplar\u00e3o 12 ruas, totalizando 18 quil\u00f4metros e 178 quadras, com novo asfalto, sinaliza\u00e7\u00e3o e ilumina\u00e7\u00e3o em LED.<\/p>\n\n\n\n<p>O primeiro pacote abranger\u00e1 as ruas Uruguai, Paissandu, Gelson Ribeiro e Teixeira Soares, al\u00e9m das avenidas Moacir da Motta Fortes e Rio Grande. O segundo, as ruas Bento Gon\u00e7alves, Fagundes dos Reis, Capit\u00e3o Eleut\u00e9rio, Lava P\u00e9s, Senador Pinheiro e Jo\u00e3o de C\u00e9saro. Os processos licitat\u00f3rios est\u00e3o em andamento e as obras dever\u00e3o iniciar ainda neste primeiro semestre de 2023.<\/p>\n\n\n\n<p>Conforme o prefeito, este projeto \u00e9 estudado h\u00e1 mais de seis meses pelas secretarias de Obras e Planejamento, junto com o setor de Mobilidade Urbana. \u201cS\u00e3o obras que qualificar\u00e3o vias muito importantes para a mobilidade urbana da cidade, que ligam os bairros ao Centro e precisam da revitaliza\u00e7\u00e3o para suportar o fluxo de ve\u00edculos e garantir uma maior seguran\u00e7a a todos os usu\u00e1rios\u201d, menciona.<\/p>\n\n\n\n<p><strong>Foto: Michel Sanderi<\/strong><\/p>\n","protected":false},"excerpt":{"rendered":"<p>A revitaliza\u00e7\u00e3o contemplar\u00e1 5,2 quil\u00f4metros, entre a Rua General Canabarro e o Trevo do Ricci<\/p>\n","protected":false},"author":6,"featured_media":1988,"comment_status":"closed","ping_status":"closed","sticky":true,"template":"","format":"standard","meta":{"footnotes":""},"categories":[1],"tags":[],"class_list":["post-1987","post","type-post","status-publish","format-standard","has-post-thumbnail","hentry","category-sem-categoria"],"yoast_head":"<!-- This site is optimized with the Yoast SEO plugin v23.8 - https:\/\/yoast.com\/wordpress\/plugins\/seo\/ -->\n<title>Prefeitura inicia as obras de revitaliza\u00e7\u00e3o da Avenida Presidente Vargas - Secretaria de Obras<\/title>\n<meta name=\"robots\" content=\"index, follow, max-snippet:-1, max-image-preview:large, max-video-preview:-1\" \/>\n<link rel=\"canonical\" href=\"https:\/\/www.pmpf.rs.gov.br\/secretaria-de-obras\/2023\/05\/16\/prefeitura-inicia-as-obras-de-revitalizacao-da-avenida-presidente-vargas\/\" \/>\n<meta property=\"og:locale\" content=\"pt_BR\" \/>\n<meta property=\"og:type\" content=\"article\" \/>\n<meta property=\"og:title\" content=\"Prefeitura inicia as obras de revitaliza\u00e7\u00e3o da Avenida Presidente Vargas - Secretaria de Obras\" \/>\n<meta property=\"og:description\" content=\"A revitaliza\u00e7\u00e3o contemplar\u00e1 5,2 quil\u00f4metros, entre a Rua General Canabarro e o Trevo do Ricci\" \/>\n<meta property=\"og:url\" content=\"https:\/\/www.pmpf.rs.gov.br\/secretaria-de-obras\/2023\/05\/16\/prefeitura-inicia-as-obras-de-revitalizacao-da-avenida-presidente-vargas\/\" \/>\n<meta property=\"og:site_name\" content=\"Secretaria de Obras\" \/>\n<meta property=\"article:published_time\" content=\"2023-05-16T11:45:33+00:00\" \/>\n<meta name=\"author\" content=\"andressazorzetto07\" \/>\n<meta name=\"twitter:card\" content=\"summary_large_image\" \/>\n<meta name=\"twitter:label1\" content=\"Escrito por\" \/>\n\t<meta name=\"twitter:data1\" content=\"andressazorzetto07\" \/>\n\t<meta name=\"twitter:label2\" content=\"Est. tempo de leitura\" \/>\n\t<meta name=\"twitter:data2\" content=\"6 minutos\" \/>\n<script type=\"application\/ld+json\" class=\"yoast-schema-graph\">{\"@context\":\"https:\/\/schema.org\",\"@graph\":[{\"@type\":\"WebPage\",\"@id\":\"https:\/\/www.pmpf.rs.gov.br\/secretaria-de-obras\/2023\/05\/16\/prefeitura-inicia-as-obras-de-revitalizacao-da-avenida-presidente-vargas\/\",\"url\":\"https:\/\/www.pmpf.rs.gov.br\/secretaria-de-obras\/2023\/05\/16\/prefeitura-inicia-as-obras-de-revitalizacao-da-avenida-presidente-vargas\/\",\"name\":\"Prefeitura inicia as obras de revitaliza\u00e7\u00e3o da Avenida Presidente Vargas - Secretaria de Obras\",\"isPartOf\":{\"@id\":\"https:\/\/www.pmpf.rs.gov.br\/secretaria-de-obras\/#website\"},\"primaryImageOfPage\":{\"@id\":\"https:\/\/www.pmpf.rs.gov.br\/secretaria-de-obras\/2023\/05\/16\/prefeitura-inicia-as-obras-de-revitalizacao-da-avenida-presidente-vargas\/#primaryimage\"},\"image\":{\"@id\":\"https:\/\/www.pmpf.rs.gov.br\/secretaria-de-obras\/2023\/05\/16\/prefeitura-inicia-as-obras-de-revitalizacao-da-avenida-presidente-vargas\/#primaryimage\"},\"thumbnailUrl\":\"https:\/\/www.pmpf.rs.gov.br\/secretaria-de-obras\/wp-content\/uploads\/sites\/49\/2023\/05\/presidente-vargas.jpeg\",\"datePublished\":\"2023-05-16T11:45:33+00:00\",\"dateModified\":\"2023-05-16T11:45:33+00:00\",\"author\":{\"@id\":\"https:\/\/www.pmpf.rs.gov.br\/secretaria-de-obras\/#\/schema\/person\/30ee1d1bd74da1469b01fcf086e43351\"},\"breadcrumb\":{\"@id\":\"https:\/\/www.pmpf.rs.gov.br\/secretaria-de-obras\/2023\/05\/16\/prefeitura-inicia-as-obras-de-revitalizacao-da-avenida-presidente-vargas\/#breadcrumb\"},\"inLanguage\":\"pt-BR\",\"potentialAction\":[{\"@type\":\"ReadAction\",\"target\":[\"https:\/\/www.pmpf.rs.gov.br\/secretaria-de-obras\/2023\/05\/16\/prefeitura-inicia-as-obras-de-revitalizacao-da-avenida-presidente-vargas\/\"]}]},{\"@type\":\"ImageObject\",\"inLanguage\":\"pt-BR\",\"@id\":\"https:\/\/www.pmpf.rs.gov.br\/secretaria-de-obras\/2023\/05\/16\/prefeitura-inicia-as-obras-de-revitalizacao-da-avenida-presidente-vargas\/#primaryimage\",\"url\":\"https:\/\/www.pmpf.rs.gov.br\/secretaria-de-obras\/wp-content\/uploads\/sites\/49\/2023\/05\/presidente-vargas.jpeg\",\"contentUrl\":\"https:\/\/www.pmpf.rs.gov.br\/secretaria-de-obras\/wp-content\/uploads\/sites\/49\/2023\/05\/presidente-vargas.jpeg\",\"width\":1600,\"height\":1066},{\"@type\":\"BreadcrumbList\",\"@id\":\"https:\/\/www.pmpf.rs.gov.br\/secretaria-de-obras\/2023\/05\/16\/prefeitura-inicia-as-obras-de-revitalizacao-da-avenida-presidente-vargas\/#breadcrumb\",\"itemListElement\":[{\"@type\":\"ListItem\",\"position\":1,\"name\":\"In\u00edcio\",\"item\":\"https:\/\/www.pmpf.rs.gov.br\/secretaria-de-obras\/\"},{\"@type\":\"ListItem\",\"position\":2,\"name\":\"Prefeitura inicia as obras de revitaliza\u00e7\u00e3o da Avenida Presidente Vargas\"}]},{\"@type\":\"WebSite\",\"@id\":\"https:\/\/www.pmpf.rs.gov.br\/secretaria-de-obras\/#website\",\"url\":\"https:\/\/www.pmpf.rs.gov.br\/secretaria-de-obras\/\",\"name\":\"Secretaria de Obras\",\"description\":\"S\u00f3 mais um site Prefeitura de Passo Fundo\",\"potentialAction\":[{\"@type\":\"SearchAction\",\"target\":{\"@type\":\"EntryPoint\",\"urlTemplate\":\"https:\/\/www.pmpf.rs.gov.br\/secretaria-de-obras\/?s={search_term_string}\"},\"query-input\":{\"@type\":\"PropertyValueSpecification\",\"valueRequired\":true,\"valueName\":\"search_term_string\"}}],\"inLanguage\":\"pt-BR\"},{\"@type\":\"Person\",\"@id\":\"https:\/\/www.pmpf.rs.gov.br\/secretaria-de-obras\/#\/schema\/person\/30ee1d1bd74da1469b01fcf086e43351\",\"name\":\"andressazorzetto07\",\"image\":{\"@type\":\"ImageObject\",\"inLanguage\":\"pt-BR\",\"@id\":\"https:\/\/www.pmpf.rs.gov.br\/secretaria-de-obras\/#\/schema\/person\/image\/\",\"url\":\"https:\/\/secure.gravatar.com\/avatar\/14c5458ed79dc81da99a13b9ff5f9f19?s=96&d=mm&r=g\",\"contentUrl\":\"https:\/\/secure.gravatar.com\/avatar\/14c5458ed79dc81da99a13b9ff5f9f19?s=96&d=mm&r=g\",\"caption\":\"andressazorzetto07\"},\"url\":\"https:\/\/www.pmpf.rs.gov.br\/secretaria-de-obras\/author\/andressazorzetto07\/\"}]}<\/script>\n<!-- \/ Yoast SEO plugin. -->","yoast_head_json":{"title":"Prefeitura inicia as obras de revitaliza\u00e7\u00e3o da Avenida Presidente Vargas - Secretaria de Obras","robots":{"index":"index","follow":"follow","max-snippet":"max-snippet:-1","max-image-preview":"max-image-preview:large","max-video-preview":"max-video-preview:-1"},"canonical":"https:\/\/www.pmpf.rs.gov.br\/secretaria-de-obras\/2023\/05\/16\/prefeitura-inicia-as-obras-de-revitalizacao-da-avenida-presidente-vargas\/","og_locale":"pt_BR","og_type":"article","og_title":"Prefeitura inicia as obras de revitaliza\u00e7\u00e3o da Avenida Presidente Vargas - Secretaria de Obras","og_description":"A revitaliza\u00e7\u00e3o contemplar\u00e1 5,2 quil\u00f4metros, entre a Rua General Canabarro e o Trevo do Ricci","og_url":"https:\/\/www.pmpf.rs.gov.br\/secretaria-de-obras\/2023\/05\/16\/prefeitura-inicia-as-obras-de-revitalizacao-da-avenida-presidente-vargas\/","og_site_name":"Secretaria de Obras","article_published_time":"2023-05-16T11:45:33+00:00","author":"andressazorzetto07","twitter_card":"summary_large_image","twitter_misc":{"Escrito por":"andressazorzetto07","Est. tempo de leitura":"6 minutos"},"schema":{"@context":"https:\/\/schema.org","@graph":[{"@type":"WebPage","@id":"https:\/\/www.pmpf.rs.gov.br\/secretaria-de-obras\/2023\/05\/16\/prefeitura-inicia-as-obras-de-revitalizacao-da-avenida-presidente-vargas\/","url":"https:\/\/www.pmpf.rs.gov.br\/secretaria-de-obras\/2023\/05\/16\/prefeitura-inicia-as-obras-de-revitalizacao-da-avenida-presidente-vargas\/","name":"Prefeitura inicia as obras de revitaliza\u00e7\u00e3o da Avenida Presidente Vargas - Secretaria de Obras","isPartOf":{"@id":"https:\/\/www.pmpf.rs.gov.br\/secretaria-de-obras\/#website"},"primaryImageOfPage":{"@id":"https:\/\/www.pmpf.rs.gov.br\/secretaria-de-obras\/2023\/05\/16\/prefeitura-inicia-as-obras-de-revitalizacao-da-avenida-presidente-vargas\/#primaryimage"},"image":{"@id":"https:\/\/www.pmpf.rs.gov.br\/secretaria-de-obras\/2023\/05\/16\/prefeitura-inicia-as-obras-de-revitalizacao-da-avenida-presidente-vargas\/#primaryimage"},"thumbnailUrl":"https:\/\/www.pmpf.rs.gov.br\/secretaria-de-obras\/wp-content\/uploads\/sites\/49\/2023\/05\/presidente-vargas.jpeg","datePublished":"2023-05-16T11:45:33+00:00","dateModified":"2023-05-16T11:45:33+00:00","author":{"@id":"https:\/\/www.pmpf.rs.gov.br\/secretaria-de-obras\/#\/schema\/person\/30ee1d1bd74da1469b01fcf086e43351"},"breadcrumb":{"@id":"https:\/\/www.pmpf.rs.gov.br\/secretaria-de-obras\/2023\/05\/16\/prefeitura-inicia-as-obras-de-revitalizacao-da-avenida-presidente-vargas\/#breadcrumb"},"inLanguage":"pt-BR","potentialAction":[{"@type":"ReadAction","target":["https:\/\/www.pmpf.rs.gov.br\/secretaria-de-obras\/2023\/05\/16\/prefeitura-inicia-as-obras-de-revitalizacao-da-avenida-presidente-vargas\/"]}]},{"@type":"ImageObject","inLanguage":"pt-BR","@id":"https:\/\/www.pmpf.rs.gov.br\/secretaria-de-obras\/2023\/05\/16\/prefeitura-inicia-as-obras-de-revitalizacao-da-avenida-presidente-vargas\/#primaryimage","url":"https:\/\/www.pmpf.rs.gov.br\/secretaria-de-obras\/wp-content\/uploads\/sites\/49\/2023\/05\/presidente-vargas.jpeg","contentUrl":"https:\/\/www.pmpf.rs.gov.br\/secretaria-de-obras\/wp-content\/uploads\/sites\/49\/2023\/05\/presidente-vargas.jpeg","width":1600,"height":1066},{"@type":"BreadcrumbList","@id":"https:\/\/www.pmpf.rs.gov.br\/secretaria-de-obras\/2023\/05\/16\/prefeitura-inicia-as-obras-de-revitalizacao-da-avenida-presidente-vargas\/#breadcrumb","itemListElement":[{"@type":"ListItem","position":1,"name":"In\u00edcio","item":"https:\/\/www.pmpf.rs.gov.br\/secretaria-de-obras\/"},{"@type":"ListItem","position":2,"name":"Prefeitura inicia as obras de revitaliza\u00e7\u00e3o da Avenida Presidente Vargas"}]},{"@type":"WebSite","@id":"https:\/\/www.pmpf.rs.gov.br\/secretaria-de-obras\/#website","url":"https:\/\/www.pmpf.rs.gov.br\/secretaria-de-obras\/","name":"Secretaria de Obras","description":"S\u00f3 mais um site Prefeitura de Passo Fundo","potentialAction":[{"@type":"SearchAction","target":{"@type":"EntryPoint","urlTemplate":"https:\/\/www.pmpf.rs.gov.br\/secretaria-de-obras\/?s={search_term_string}"},"query-input":{"@type":"PropertyValueSpecification","valueRequired":true,"valueName":"search_term_string"}}],"inLanguage":"pt-BR"},{"@type":"Person","@id":"https:\/\/www.pmpf.rs.gov.br\/secretaria-de-obras\/#\/schema\/person\/30ee1d1bd74da1469b01fcf086e43351","name":"andressazorzetto07","image":{"@type":"ImageObject","inLanguage":"pt-BR","@id":"https:\/\/www.pmpf.rs.gov.br\/secretaria-de-obras\/#\/schema\/person\/image\/","url":"https:\/\/secure.gravatar.com\/avatar\/14c5458ed79dc81da99a13b9ff5f9f19?s=96&d=mm&r=g","contentUrl":"https:\/\/secure.gravatar.com\/avatar\/14c5458ed79dc81da99a13b9ff5f9f19?s=96&d=mm&r=g","caption":"andressazorzetto07"},"url":"https:\/\/www.pmpf.rs.gov.br\/secretaria-de-obras\/author\/andressazorzetto07\/"}]}},"_links":{"self":[{"href":"https:\/\/www.pmpf.rs.gov.br\/secretaria-de-obras\/wp-json\/wp\/v2\/posts\/1987"}],"collection":[{"href":"https:\/\/www.pmpf.rs.gov.br\/secretaria-de-obras\/wp-json\/wp\/v2\/posts"}],"about":[{"href":"https:\/\/www.pmpf.rs.gov.br\/secretaria-de-obras\/wp-json\/wp\/v2\/types\/post"}],"author":[{"embeddable":true,"href":"https:\/\/www.pmpf.rs.gov.br\/secretaria-de-obras\/wp-json\/wp\/v2\/users\/6"}],"replies":[{"embeddable":true,"href":"https:\/\/www.pmpf.rs.gov.br\/secretaria-de-obras\/wp-json\/wp\/v2\/comments?post=1987"}],"version-history":[{"count":1,"href":"https:\/\/www.pmpf.rs.gov.br\/secretaria-de-obras\/wp-json\/wp\/v2\/posts\/1987\/revisions"}],"predecessor-version":[{"id":1989,"href":"https:\/\/www.pmpf.rs.gov.br\/secretaria-de-obras\/wp-json\/wp\/v2\/posts\/1987\/revisions\/1989"}],"wp:featuredmedia":[{"embeddable":true,"href":"https:\/\/www.pmpf.rs.gov.br\/secretaria-de-obras\/wp-json\/wp\/v2\/media\/1988"}],"wp:attachment":[{"href":"https:\/\/www.pmpf.rs.gov.br\/secretaria-de-obras\/wp-json\/wp\/v2\/media?parent=1987"}],"wp:term":[{"taxonomy":"category","embeddable":true,"href":"https:\/\/www.pmpf.rs.gov.br\/secretaria-de-obras\/wp-json\/wp\/v2\/categories?post=1987"},{"taxonomy":"post_tag","embeddable":true,"href":"https:\/\/www.pmpf.rs.gov.br\/secretaria-de-obras\/wp-json\/wp\/v2\/tags?post=1987"}],"curies":[{"name":"wp","href":"https:\/\/api.w.org\/{rel}","templated":true}]}}