{"id":1974,"date":"2023-05-09T15:57:11","date_gmt":"2023-05-09T18:57:11","guid":{"rendered":"https:\/\/www.pmpf.rs.gov.br\/secretaria-de-obras\/?p=1974"},"modified":"2023-05-09T15:57:12","modified_gmt":"2023-05-09T18:57:12","slug":"prefeitura-da-inicio-as-obras-na-avenida-scarpellini-ghezzi","status":"publish","type":"post","link":"https:\/\/www.pmpf.rs.gov.br\/secretaria-de-obras\/2023\/05\/09\/prefeitura-da-inicio-as-obras-na-avenida-scarpellini-ghezzi\/","title":{"rendered":"Prefeitura d\u00e1 in\u00edcio \u00e0s obras na Avenida Scarpellini Ghezzi"},"content":{"rendered":"\n<p>A Prefeitura deu in\u00edcio, nesta ter\u00e7a-feira (9), \u00e0 grande obra de revitaliza\u00e7\u00e3o da Avenida Scarpellini Ghezzi, que vai melhorar a mobilidade urbana entre os bairros Lucas Ara\u00fajo e S\u00e3o Crist\u00f3v\u00e3o. As interven\u00e7\u00f5es acontecer\u00e3o em dois quil\u00f4metros, entre a Avenida Presidente Vargas e a Rua Jo\u00e3o Biazus com nova pavimenta\u00e7\u00e3o, refor\u00e7o na drenagem, ilumina\u00e7\u00e3o em LED e ciclovia, respeitando as caracter\u00edsticas ambientais da regi\u00e3o.<\/p>\n\n\n\n<p>O prefeito Pedro Almeida esteve no local para acompanhar o primeiro dia de obras. Para ele, a qualifica\u00e7\u00e3o da infraestrutura da via \u00e9 necess\u00e1ria para o dia a dia da cidade, uma vez que ela complementa o anel vi\u00e1rio. \u201cA obra \u00e9 fundamental para auxiliar o tr\u00e2nsito. A revitaliza\u00e7\u00e3o acontecer\u00e1 tamb\u00e9m com um olhar para o Bosque Lucas Ara\u00fajo como um patrim\u00f4nio da cidade a fim de que ele seja ainda mais valorizado\u201d, disse.<\/p>\n\n\n\n<p>A elabora\u00e7\u00e3o do projeto contou com o envolvimento das secretarias de Obras, Planejamento, Seguran\u00e7a e Meio Ambiente. Conforme o secret\u00e1rio de Obras, Rubens Astolfi, uma das principais caracter\u00edsticas ser\u00e1 a pavimenta\u00e7\u00e3o com blocos intertravados em 500 metros da via, entre as ruas da S\u00e9 e Daltro Filho. \u201cQueremos garantir a preserva\u00e7\u00e3o das caracter\u00edsticas da regi\u00e3o. Por ser uma \u00e1rea ambiental, buscamos uma pavimenta\u00e7\u00e3o que fa\u00e7a a melhor drenagem da \u00e1gua da chuva e promova uma velocidade de tr\u00e2nsito reduzida\u201d, destacou.<\/p>\n\n\n\n<p>Al\u00e9m disso, a ciclovia de dois quil\u00f4metros da Avenida Scarpelli Ghezzi ser\u00e1 ligada \u00e0 da Avenida Presidente Vargas, que est\u00e1 inclu\u00edda no projeto para a via e ter\u00e1 cinco quil\u00f4metros. \u201cSer\u00e1 mais uma op\u00e7\u00e3o de modal de transporte e lazer para o bairro, inteiramente dentro do canteiro central para garantir a seguran\u00e7a dos usu\u00e1rios. A ciclovia, certamente, trar\u00e1 uma melhoria significativa na qualidade de vida dos moradores\u201d, mencionou Astolfi.<\/p>\n\n\n\n<p>O presidente da Associa\u00e7\u00e3o de Moradores do Bosque Lucas Ara\u00fajo, Lu\u00eds Fernando da C\u00e2mara, que mora no local h\u00e1 20 anos, enfatizou a preocupa\u00e7\u00e3o do poder p\u00fablico com o bairro. \u201cIsso demonstra o quanto \u00e9 importante trazer a gest\u00e3o p\u00fablica para o bairro que \u00e9 um patrim\u00f4nio da comunidade de Passo Fundo\u201d, afirmou.<\/p>\n\n\n\n<p>A previs\u00e3o para a conclus\u00e3o \u00e9 de um ano. Al\u00e9m da Scarpelini Ghezzi, foram inseridas na mesma licita\u00e7\u00e3o as ruas Guilherme Kurtz, S\u00e3o Pedro, Coronel Miranda e Mascarenhas, totalizando quase 5 quil\u00f4metros de obras nesta regi\u00e3o.<\/p>\n\n\n\n<p><\/p>\n\n\n\n<p><strong>Obras de infraestrutura<\/strong><br>O ano de 2023 \u00e9 marcado por muitas obras de&nbsp;infraestrutura, que impactar\u00e3o na mobilidade urbana e no dia a dia da popula\u00e7\u00e3o.<br>Confira aqui o resumo:<\/p>\n\n\n\n<p><strong><em>Presidente Vargas<br><\/em><\/strong>Reivindicada por muitos anos, a revitaliza\u00e7\u00e3o da Avenida Presidente Vargas come\u00e7ar\u00e1 nos pr\u00f3ximos dias. A obra foi anunciada pelo prefeito Pedro Almeida e contemplar\u00e1 5,2 quil\u00f4metros, entre a Rua General Canabarro e o Trevo do Ricci, com nova pavimenta\u00e7\u00e3o, refor\u00e7o na drenagem, ilumina\u00e7\u00e3o em LED, paisagismo, sinaliza\u00e7\u00e3o vi\u00e1ria e pontos de \u00f4nibus em concreto. Tamb\u00e9m contar\u00e1 com o alargamento do canteiro central com a transforma\u00e7\u00e3o da ciclofaixa em uma ciclovia de 4,8 km, entre a Avenida Sete de Setembro e o trevo, e um caminh\u00f3dromo entre as ruas Clementino Lu\u00eds Vieira e Claudino Toldo.<\/p>\n\n\n\n<p>\u201cTemos certeza de que essa obra era muito aguardada pela popula\u00e7\u00e3o, sobretudo, por quem utiliza a Presidente Vargas diariamente. A revitaliza\u00e7\u00e3o n\u00e3o otimizar\u00e1 apenas o tr\u00e2nsito, mas impactar\u00e1 em mais qualidade de vida, pois vamos atender a demandas levantadas pela comunidade\u201d, disse o prefeito.<\/p>\n\n\n\n<p>O projeto foi desenvolvido pelas secretarias municipais de Obras, Planejamento e Seguran\u00e7a com a participa\u00e7\u00e3o do F\u00f3rum de Mobilidade Urbana. A revitaliza\u00e7\u00e3o vai acontecer em etapas para reduzir ao m\u00e1ximo os impactos no tr\u00e2nsito e tem prazo de 15 meses para conclus\u00e3o.<\/p>\n\n\n\n<p><strong><em>Minha Rua com Asfalto<br><\/em><\/strong>Est\u00e1 aberta a vota\u00e7\u00e3o da quarta edi\u00e7\u00e3o do programa Minha Rua com Asfalto, que incluir\u00e1 o asfaltamento de mais 150 quadras, em 30 bairros. A consulta popular que vai auxiliar na defini\u00e7\u00e3o das ruas priorit\u00e1rias e do cronograma de obras seguir\u00e1 at\u00e9 o dia 15 de junho pelo site http:\/\/minharuacomasfalto.pmpf.rs.gov.br\/.<\/p>\n\n\n\n<p>A ideia de estruturar o cronograma de obras, que contempla a canaliza\u00e7\u00e3o e o asfaltamento das vias, com a participa\u00e7\u00e3o das pessoas amplia o envolvimento da comunidade na presta\u00e7\u00e3o do servi\u00e7o p\u00fablico. Durante a vota\u00e7\u00e3o, al\u00e9m de apontar para uma das ruas pr\u00e9-selecionadas pela Prefeitura, \u00e9 poss\u00edvel mencionar uma rua n\u00e3o inclu\u00edda na lista a fim de que ela tamb\u00e9m seja contemplada. As 15 ruas mais indicadas, com at\u00e9 cinco quadras e em \u00e1rea urbana, tamb\u00e9m ser\u00e3o asfaltadas.<\/p>\n\n\n\n<p>Conforme o secret\u00e1rio de Obras, Rubens Astolfi, as obras da quarta edi\u00e7\u00e3o ter\u00e3o in\u00edcio logo ap\u00f3s a conclus\u00e3o da terceira etapa do Minha Rua com Asfalto, que j\u00e1 est\u00e1 com 70% das obras executadas. \u201cPelo programa, mais de 350 quadras j\u00e1 receberam as obras, impactando diretamente no dia a dia dos moradores. Estamos na reta final das interven\u00e7\u00f5es nas ruas que fazem parte da terceira edi\u00e7\u00e3o. Assim que esta etapa for finalizada, a quarta ser\u00e1 iniciada\u201d, pontua.<\/p>\n\n\n\n<p><strong><em>Mais obras de asfalto<br><\/em><\/strong>Paralelamente a essas obras, a Prefeitura trabalha no asfaltamento de vias extensas da cidade que s\u00e3o estrat\u00e9gicas para o tr\u00e2nsito e a mobilidade urbana. Em mar\u00e7o, o prefeito anunciou dois pacotes de obras, que, a partir da contrata\u00e7\u00e3o de uma empresa via licita\u00e7\u00e3o, contemplar\u00e3o 12 ruas, totalizando 18 quil\u00f4metros e 178 quadras, com novo asfalto, sinaliza\u00e7\u00e3o e ilumina\u00e7\u00e3o em LED.<\/p>\n\n\n\n<p>O primeiro pacote abranger\u00e1 as ruas Uruguai, Paissandu, Gelson Ribeiro e Teixeira Soares, al\u00e9m das avenidas Moacir da Motta Fortes e Rio Grande. O segundo, as ruas Bento Gon\u00e7alves, Fagundes dos Reis, Capit\u00e3o Eleut\u00e9rio, Lava P\u00e9s, Senador Pinheiro e Jo\u00e3o de C\u00e9saro. Os processos licitat\u00f3rios est\u00e3o em andamento e as obras dever\u00e3o iniciar ainda neste primeiro semestre de 2023.<\/p>\n\n\n\n<p>Conforme o prefeito, este projeto \u00e9 estudado h\u00e1 mais de seis meses pelas secretarias de Obras e Planejamento, junto com o setor de Mobilidade Urbana. \u201cS\u00e3o obras que qualificar\u00e3o vias muito importantes para a mobilidade urbana da cidade, que ligam os bairros ao Centro e precisam da revitaliza\u00e7\u00e3o para suportar o fluxo de ve\u00edculos e garantir uma maior seguran\u00e7a a todos os usu\u00e1rios\u201d, menciona.<\/p>\n\n\n\n<p><strong>Fotos: Michel Sanderi<\/strong><\/p>\n","protected":false},"excerpt":{"rendered":"<p>As interven\u00e7\u00f5es acontecer\u00e3o em dois quil\u00f4metros, entre a Avenida Presidente Vargas e a Rua Jo\u00e3o Biazus com nova pavimenta\u00e7\u00e3o, refor\u00e7o na drenagem, ilumina\u00e7\u00e3o em LED e ciclovia, respeitando as caracter\u00edsticas ambientais da regi\u00e3o. outras quatro ruas do entorno receber\u00e3o obras<\/p>\n","protected":false},"author":6,"featured_media":1975,"comment_status":"closed","ping_status":"closed","sticky":false,"template":"","format":"standard","meta":{"footnotes":""},"categories":[1],"tags":[],"class_list":["post-1974","post","type-post","status-publish","format-standard","has-post-thumbnail","hentry","category-sem-categoria"],"yoast_head":"<!-- This site is optimized with the Yoast SEO plugin v23.8 - https:\/\/yoast.com\/wordpress\/plugins\/seo\/ -->\n<title>Prefeitura d\u00e1 in\u00edcio \u00e0s obras na Avenida Scarpellini Ghezzi - Secretaria de Obras<\/title>\n<meta name=\"robots\" content=\"index, follow, max-snippet:-1, max-image-preview:large, max-video-preview:-1\" \/>\n<link rel=\"canonical\" href=\"https:\/\/www.pmpf.rs.gov.br\/secretaria-de-obras\/2023\/05\/09\/prefeitura-da-inicio-as-obras-na-avenida-scarpellini-ghezzi\/\" \/>\n<meta property=\"og:locale\" content=\"pt_BR\" \/>\n<meta property=\"og:type\" content=\"article\" \/>\n<meta property=\"og:title\" content=\"Prefeitura d\u00e1 in\u00edcio \u00e0s obras na Avenida Scarpellini Ghezzi - Secretaria de Obras\" \/>\n<meta property=\"og:description\" content=\"As interven\u00e7\u00f5es acontecer\u00e3o em dois quil\u00f4metros, entre a Avenida Presidente Vargas e a Rua Jo\u00e3o Biazus com nova pavimenta\u00e7\u00e3o, refor\u00e7o na drenagem, ilumina\u00e7\u00e3o em LED e ciclovia, respeitando as caracter\u00edsticas ambientais da regi\u00e3o. outras quatro ruas do entorno receber\u00e3o obras\" \/>\n<meta property=\"og:url\" content=\"https:\/\/www.pmpf.rs.gov.br\/secretaria-de-obras\/2023\/05\/09\/prefeitura-da-inicio-as-obras-na-avenida-scarpellini-ghezzi\/\" \/>\n<meta property=\"og:site_name\" content=\"Secretaria de Obras\" \/>\n<meta property=\"article:published_time\" content=\"2023-05-09T18:57:11+00:00\" \/>\n<meta property=\"article:modified_time\" content=\"2023-05-09T18:57:12+00:00\" \/>\n<meta name=\"author\" content=\"andressazorzetto07\" \/>\n<meta name=\"twitter:card\" content=\"summary_large_image\" \/>\n<meta name=\"twitter:label1\" content=\"Escrito por\" \/>\n\t<meta name=\"twitter:data1\" content=\"andressazorzetto07\" \/>\n\t<meta name=\"twitter:label2\" content=\"Est. tempo de leitura\" \/>\n\t<meta name=\"twitter:data2\" content=\"5 minutos\" \/>\n<script type=\"application\/ld+json\" class=\"yoast-schema-graph\">{\"@context\":\"https:\/\/schema.org\",\"@graph\":[{\"@type\":\"WebPage\",\"@id\":\"https:\/\/www.pmpf.rs.gov.br\/secretaria-de-obras\/2023\/05\/09\/prefeitura-da-inicio-as-obras-na-avenida-scarpellini-ghezzi\/\",\"url\":\"https:\/\/www.pmpf.rs.gov.br\/secretaria-de-obras\/2023\/05\/09\/prefeitura-da-inicio-as-obras-na-avenida-scarpellini-ghezzi\/\",\"name\":\"Prefeitura d\u00e1 in\u00edcio \u00e0s obras na Avenida Scarpellini Ghezzi - Secretaria de Obras\",\"isPartOf\":{\"@id\":\"https:\/\/www.pmpf.rs.gov.br\/secretaria-de-obras\/#website\"},\"primaryImageOfPage\":{\"@id\":\"https:\/\/www.pmpf.rs.gov.br\/secretaria-de-obras\/2023\/05\/09\/prefeitura-da-inicio-as-obras-na-avenida-scarpellini-ghezzi\/#primaryimage\"},\"image\":{\"@id\":\"https:\/\/www.pmpf.rs.gov.br\/secretaria-de-obras\/2023\/05\/09\/prefeitura-da-inicio-as-obras-na-avenida-scarpellini-ghezzi\/#primaryimage\"},\"thumbnailUrl\":\"https:\/\/www.pmpf.rs.gov.br\/secretaria-de-obras\/wp-content\/uploads\/sites\/49\/2023\/05\/scarpellini.jpeg\",\"datePublished\":\"2023-05-09T18:57:11+00:00\",\"dateModified\":\"2023-05-09T18:57:12+00:00\",\"author\":{\"@id\":\"https:\/\/www.pmpf.rs.gov.br\/secretaria-de-obras\/#\/schema\/person\/30ee1d1bd74da1469b01fcf086e43351\"},\"breadcrumb\":{\"@id\":\"https:\/\/www.pmpf.rs.gov.br\/secretaria-de-obras\/2023\/05\/09\/prefeitura-da-inicio-as-obras-na-avenida-scarpellini-ghezzi\/#breadcrumb\"},\"inLanguage\":\"pt-BR\",\"potentialAction\":[{\"@type\":\"ReadAction\",\"target\":[\"https:\/\/www.pmpf.rs.gov.br\/secretaria-de-obras\/2023\/05\/09\/prefeitura-da-inicio-as-obras-na-avenida-scarpellini-ghezzi\/\"]}]},{\"@type\":\"ImageObject\",\"inLanguage\":\"pt-BR\",\"@id\":\"https:\/\/www.pmpf.rs.gov.br\/secretaria-de-obras\/2023\/05\/09\/prefeitura-da-inicio-as-obras-na-avenida-scarpellini-ghezzi\/#primaryimage\",\"url\":\"https:\/\/www.pmpf.rs.gov.br\/secretaria-de-obras\/wp-content\/uploads\/sites\/49\/2023\/05\/scarpellini.jpeg\",\"contentUrl\":\"https:\/\/www.pmpf.rs.gov.br\/secretaria-de-obras\/wp-content\/uploads\/sites\/49\/2023\/05\/scarpellini.jpeg\",\"width\":1600,\"height\":1066},{\"@type\":\"BreadcrumbList\",\"@id\":\"https:\/\/www.pmpf.rs.gov.br\/secretaria-de-obras\/2023\/05\/09\/prefeitura-da-inicio-as-obras-na-avenida-scarpellini-ghezzi\/#breadcrumb\",\"itemListElement\":[{\"@type\":\"ListItem\",\"position\":1,\"name\":\"In\u00edcio\",\"item\":\"https:\/\/www.pmpf.rs.gov.br\/secretaria-de-obras\/\"},{\"@type\":\"ListItem\",\"position\":2,\"name\":\"Prefeitura d\u00e1 in\u00edcio \u00e0s obras na Avenida Scarpellini Ghezzi\"}]},{\"@type\":\"WebSite\",\"@id\":\"https:\/\/www.pmpf.rs.gov.br\/secretaria-de-obras\/#website\",\"url\":\"https:\/\/www.pmpf.rs.gov.br\/secretaria-de-obras\/\",\"name\":\"Secretaria de Obras\",\"description\":\"S\u00f3 mais um site Prefeitura de Passo Fundo\",\"potentialAction\":[{\"@type\":\"SearchAction\",\"target\":{\"@type\":\"EntryPoint\",\"urlTemplate\":\"https:\/\/www.pmpf.rs.gov.br\/secretaria-de-obras\/?s={search_term_string}\"},\"query-input\":{\"@type\":\"PropertyValueSpecification\",\"valueRequired\":true,\"valueName\":\"search_term_string\"}}],\"inLanguage\":\"pt-BR\"},{\"@type\":\"Person\",\"@id\":\"https:\/\/www.pmpf.rs.gov.br\/secretaria-de-obras\/#\/schema\/person\/30ee1d1bd74da1469b01fcf086e43351\",\"name\":\"andressazorzetto07\",\"image\":{\"@type\":\"ImageObject\",\"inLanguage\":\"pt-BR\",\"@id\":\"https:\/\/www.pmpf.rs.gov.br\/secretaria-de-obras\/#\/schema\/person\/image\/\",\"url\":\"https:\/\/secure.gravatar.com\/avatar\/14c5458ed79dc81da99a13b9ff5f9f19?s=96&d=mm&r=g\",\"contentUrl\":\"https:\/\/secure.gravatar.com\/avatar\/14c5458ed79dc81da99a13b9ff5f9f19?s=96&d=mm&r=g\",\"caption\":\"andressazorzetto07\"},\"url\":\"https:\/\/www.pmpf.rs.gov.br\/secretaria-de-obras\/author\/andressazorzetto07\/\"}]}<\/script>\n<!-- \/ Yoast SEO plugin. -->","yoast_head_json":{"title":"Prefeitura d\u00e1 in\u00edcio \u00e0s obras na Avenida Scarpellini Ghezzi - Secretaria de Obras","robots":{"index":"index","follow":"follow","max-snippet":"max-snippet:-1","max-image-preview":"max-image-preview:large","max-video-preview":"max-video-preview:-1"},"canonical":"https:\/\/www.pmpf.rs.gov.br\/secretaria-de-obras\/2023\/05\/09\/prefeitura-da-inicio-as-obras-na-avenida-scarpellini-ghezzi\/","og_locale":"pt_BR","og_type":"article","og_title":"Prefeitura d\u00e1 in\u00edcio \u00e0s obras na Avenida Scarpellini Ghezzi - Secretaria de Obras","og_description":"As interven\u00e7\u00f5es acontecer\u00e3o em dois quil\u00f4metros, entre a Avenida Presidente Vargas e a Rua Jo\u00e3o Biazus com nova pavimenta\u00e7\u00e3o, refor\u00e7o na drenagem, ilumina\u00e7\u00e3o em LED e ciclovia, respeitando as caracter\u00edsticas ambientais da regi\u00e3o. outras quatro ruas do entorno receber\u00e3o obras","og_url":"https:\/\/www.pmpf.rs.gov.br\/secretaria-de-obras\/2023\/05\/09\/prefeitura-da-inicio-as-obras-na-avenida-scarpellini-ghezzi\/","og_site_name":"Secretaria de Obras","article_published_time":"2023-05-09T18:57:11+00:00","article_modified_time":"2023-05-09T18:57:12+00:00","author":"andressazorzetto07","twitter_card":"summary_large_image","twitter_misc":{"Escrito por":"andressazorzetto07","Est. tempo de leitura":"5 minutos"},"schema":{"@context":"https:\/\/schema.org","@graph":[{"@type":"WebPage","@id":"https:\/\/www.pmpf.rs.gov.br\/secretaria-de-obras\/2023\/05\/09\/prefeitura-da-inicio-as-obras-na-avenida-scarpellini-ghezzi\/","url":"https:\/\/www.pmpf.rs.gov.br\/secretaria-de-obras\/2023\/05\/09\/prefeitura-da-inicio-as-obras-na-avenida-scarpellini-ghezzi\/","name":"Prefeitura d\u00e1 in\u00edcio \u00e0s obras na Avenida Scarpellini Ghezzi - Secretaria de Obras","isPartOf":{"@id":"https:\/\/www.pmpf.rs.gov.br\/secretaria-de-obras\/#website"},"primaryImageOfPage":{"@id":"https:\/\/www.pmpf.rs.gov.br\/secretaria-de-obras\/2023\/05\/09\/prefeitura-da-inicio-as-obras-na-avenida-scarpellini-ghezzi\/#primaryimage"},"image":{"@id":"https:\/\/www.pmpf.rs.gov.br\/secretaria-de-obras\/2023\/05\/09\/prefeitura-da-inicio-as-obras-na-avenida-scarpellini-ghezzi\/#primaryimage"},"thumbnailUrl":"https:\/\/www.pmpf.rs.gov.br\/secretaria-de-obras\/wp-content\/uploads\/sites\/49\/2023\/05\/scarpellini.jpeg","datePublished":"2023-05-09T18:57:11+00:00","dateModified":"2023-05-09T18:57:12+00:00","author":{"@id":"https:\/\/www.pmpf.rs.gov.br\/secretaria-de-obras\/#\/schema\/person\/30ee1d1bd74da1469b01fcf086e43351"},"breadcrumb":{"@id":"https:\/\/www.pmpf.rs.gov.br\/secretaria-de-obras\/2023\/05\/09\/prefeitura-da-inicio-as-obras-na-avenida-scarpellini-ghezzi\/#breadcrumb"},"inLanguage":"pt-BR","potentialAction":[{"@type":"ReadAction","target":["https:\/\/www.pmpf.rs.gov.br\/secretaria-de-obras\/2023\/05\/09\/prefeitura-da-inicio-as-obras-na-avenida-scarpellini-ghezzi\/"]}]},{"@type":"ImageObject","inLanguage":"pt-BR","@id":"https:\/\/www.pmpf.rs.gov.br\/secretaria-de-obras\/2023\/05\/09\/prefeitura-da-inicio-as-obras-na-avenida-scarpellini-ghezzi\/#primaryimage","url":"https:\/\/www.pmpf.rs.gov.br\/secretaria-de-obras\/wp-content\/uploads\/sites\/49\/2023\/05\/scarpellini.jpeg","contentUrl":"https:\/\/www.pmpf.rs.gov.br\/secretaria-de-obras\/wp-content\/uploads\/sites\/49\/2023\/05\/scarpellini.jpeg","width":1600,"height":1066},{"@type":"BreadcrumbList","@id":"https:\/\/www.pmpf.rs.gov.br\/secretaria-de-obras\/2023\/05\/09\/prefeitura-da-inicio-as-obras-na-avenida-scarpellini-ghezzi\/#breadcrumb","itemListElement":[{"@type":"ListItem","position":1,"name":"In\u00edcio","item":"https:\/\/www.pmpf.rs.gov.br\/secretaria-de-obras\/"},{"@type":"ListItem","position":2,"name":"Prefeitura d\u00e1 in\u00edcio \u00e0s obras na Avenida Scarpellini Ghezzi"}]},{"@type":"WebSite","@id":"https:\/\/www.pmpf.rs.gov.br\/secretaria-de-obras\/#website","url":"https:\/\/www.pmpf.rs.gov.br\/secretaria-de-obras\/","name":"Secretaria de Obras","description":"S\u00f3 mais um site Prefeitura de Passo Fundo","potentialAction":[{"@type":"SearchAction","target":{"@type":"EntryPoint","urlTemplate":"https:\/\/www.pmpf.rs.gov.br\/secretaria-de-obras\/?s={search_term_string}"},"query-input":{"@type":"PropertyValueSpecification","valueRequired":true,"valueName":"search_term_string"}}],"inLanguage":"pt-BR"},{"@type":"Person","@id":"https:\/\/www.pmpf.rs.gov.br\/secretaria-de-obras\/#\/schema\/person\/30ee1d1bd74da1469b01fcf086e43351","name":"andressazorzetto07","image":{"@type":"ImageObject","inLanguage":"pt-BR","@id":"https:\/\/www.pmpf.rs.gov.br\/secretaria-de-obras\/#\/schema\/person\/image\/","url":"https:\/\/secure.gravatar.com\/avatar\/14c5458ed79dc81da99a13b9ff5f9f19?s=96&d=mm&r=g","contentUrl":"https:\/\/secure.gravatar.com\/avatar\/14c5458ed79dc81da99a13b9ff5f9f19?s=96&d=mm&r=g","caption":"andressazorzetto07"},"url":"https:\/\/www.pmpf.rs.gov.br\/secretaria-de-obras\/author\/andressazorzetto07\/"}]}},"_links":{"self":[{"href":"https:\/\/www.pmpf.rs.gov.br\/secretaria-de-obras\/wp-json\/wp\/v2\/posts\/1974"}],"collection":[{"href":"https:\/\/www.pmpf.rs.gov.br\/secretaria-de-obras\/wp-json\/wp\/v2\/posts"}],"about":[{"href":"https:\/\/www.pmpf.rs.gov.br\/secretaria-de-obras\/wp-json\/wp\/v2\/types\/post"}],"author":[{"embeddable":true,"href":"https:\/\/www.pmpf.rs.gov.br\/secretaria-de-obras\/wp-json\/wp\/v2\/users\/6"}],"replies":[{"embeddable":true,"href":"https:\/\/www.pmpf.rs.gov.br\/secretaria-de-obras\/wp-json\/wp\/v2\/comments?post=1974"}],"version-history":[{"count":1,"href":"https:\/\/www.pmpf.rs.gov.br\/secretaria-de-obras\/wp-json\/wp\/v2\/posts\/1974\/revisions"}],"predecessor-version":[{"id":1976,"href":"https:\/\/www.pmpf.rs.gov.br\/secretaria-de-obras\/wp-json\/wp\/v2\/posts\/1974\/revisions\/1976"}],"wp:featuredmedia":[{"embeddable":true,"href":"https:\/\/www.pmpf.rs.gov.br\/secretaria-de-obras\/wp-json\/wp\/v2\/media\/1975"}],"wp:attachment":[{"href":"https:\/\/www.pmpf.rs.gov.br\/secretaria-de-obras\/wp-json\/wp\/v2\/media?parent=1974"}],"wp:term":[{"taxonomy":"category","embeddable":true,"href":"https:\/\/www.pmpf.rs.gov.br\/secretaria-de-obras\/wp-json\/wp\/v2\/categories?post=1974"},{"taxonomy":"post_tag","embeddable":true,"href":"https:\/\/www.pmpf.rs.gov.br\/secretaria-de-obras\/wp-json\/wp\/v2\/tags?post=1974"}],"curies":[{"name":"wp","href":"https:\/\/api.w.org\/{rel}","templated":true}]}}