{"id":1931,"date":"2023-04-03T15:58:28","date_gmt":"2023-04-03T18:58:28","guid":{"rendered":"https:\/\/www.pmpf.rs.gov.br\/secretaria-de-obras\/?p=1931"},"modified":"2023-04-03T16:26:03","modified_gmt":"2023-04-03T19:26:03","slug":"prefeitura-segue-com-intervencoes-nos-canteiros-da-avenida-brasil","status":"publish","type":"post","link":"https:\/\/www.pmpf.rs.gov.br\/secretaria-de-obras\/2023\/04\/03\/prefeitura-segue-com-intervencoes-nos-canteiros-da-avenida-brasil\/","title":{"rendered":"Prefeitura segue com interven\u00e7\u00f5es nos canteiros da Avenida Brasil"},"content":{"rendered":"\n<p><\/p>\n\n\n\n<p>Com as obras iniciadas recentemente, o Parque Linear da Avenida Brasil est\u00e1 transformando os primeiros canteiros na avenida principal da cidade. Conforme o projeto apresentado pela Prefeitura, as obras ser\u00e3o feitas em etapas, cada uma delas tendo a dura\u00e7\u00e3o aproximada de cinco meses.<\/p>\n\n\n\n<p>A primeira etapa abrange os canteiros que v\u00e3o da rua Capit\u00e3o Ara\u00fajo, onde funciona a feira ecol\u00f3gica aos s\u00e1bados, at\u00e9 o canteiro da rua 10 de abril nas proximidades da rua 07 de Agosto. Estes locais ser\u00e3o destinados a espa\u00e7os qualificados para feiras, esta\u00e7\u00e3o de bicicletas, espa\u00e7o para eventos e proje\u00e7\u00e3o de imagens (cinema), al\u00e9m da instala\u00e7\u00e3o de bancos, mesas, bebedouro e internet gratuita.<\/p>\n\n\n\n<p>Nessas primeiras a\u00e7\u00f5es foram retirados o piso antigo dos espa\u00e7os, os bancos e lixeiras existentes no local e feito o isolamento do canteiro para garantir a seguran\u00e7a das pessoas que circulam na \u00e1rea. A empresa respons\u00e1vel pelas obras realizou a terraplanagem, marca\u00e7\u00e3o dos canteiros e escava\u00e7\u00e3o do caminh\u00f3dromo, coloca\u00e7\u00e3o do meio-fio externo e infraestrutura. Nesta semana, iniciar\u00e1 a coloca\u00e7\u00e3o do piso de basalto nos dois canteiros onde acontece a obra.<\/p>\n\n\n\n<p>Projeto do Parque Linear<br>O Parque Linear da Avenida Brasil ter\u00e1 em cada canteiro um foco determinado para atividades f\u00edsicas, organiza\u00e7\u00e3o de feiras, realiza\u00e7\u00e3o de manifesta\u00e7\u00f5es culturais e art\u00edsticas e trabalho. A obra da Prefeitura de Passo Fundo acontecer\u00e1 entre as ruas Capit\u00e3o Ara\u00fajo at\u00e9 rua Livramento, no bairro Boqueir\u00e3o.<\/p>\n\n\n\n<p>O projeto abrange ainda canteiros dedicados \u00e0 educa\u00e7\u00e3o, conviv\u00eancia das crian\u00e7as e espa\u00e7o pet e prev\u00ea: separa\u00e7\u00e3o da ciclovia e do caminh\u00f3dromo para proporcionar mais seguran\u00e7a; novos equipamentos e mobili\u00e1rios; a revitaliza\u00e7\u00e3o dos passeios e meios-fios; preserva\u00e7\u00e3o das esp\u00e9cies vegetais com acr\u00e9scimo e a substitui\u00e7\u00e3o de \u00e1rvores; ilumina\u00e7\u00e3o e internet Wi-Fi.<\/p>\n","protected":false},"excerpt":{"rendered":"<p>O projeto do Parque Linear da Avenida Brasil prev\u00ea a revitaliza\u00e7\u00e3o de 10 canteiros<\/p>\n","protected":false},"author":6,"featured_media":1933,"comment_status":"closed","ping_status":"closed","sticky":true,"template":"","format":"standard","meta":{"footnotes":""},"categories":[1],"tags":[],"class_list":["post-1931","post","type-post","status-publish","format-standard","has-post-thumbnail","hentry","category-sem-categoria"],"yoast_head":"<!-- This site is optimized with the Yoast SEO plugin v23.8 - https:\/\/yoast.com\/wordpress\/plugins\/seo\/ -->\n<title>Prefeitura segue com interven\u00e7\u00f5es nos canteiros da Avenida Brasil - Secretaria de Obras<\/title>\n<meta name=\"robots\" content=\"index, follow, max-snippet:-1, max-image-preview:large, max-video-preview:-1\" \/>\n<link rel=\"canonical\" href=\"https:\/\/www.pmpf.rs.gov.br\/secretaria-de-obras\/2023\/04\/03\/prefeitura-segue-com-intervencoes-nos-canteiros-da-avenida-brasil\/\" \/>\n<meta property=\"og:locale\" content=\"pt_BR\" \/>\n<meta property=\"og:type\" content=\"article\" \/>\n<meta property=\"og:title\" content=\"Prefeitura segue com interven\u00e7\u00f5es nos canteiros da Avenida Brasil - Secretaria de Obras\" \/>\n<meta property=\"og:description\" content=\"O projeto do Parque Linear da Avenida Brasil prev\u00ea a revitaliza\u00e7\u00e3o de 10 canteiros\" \/>\n<meta property=\"og:url\" content=\"https:\/\/www.pmpf.rs.gov.br\/secretaria-de-obras\/2023\/04\/03\/prefeitura-segue-com-intervencoes-nos-canteiros-da-avenida-brasil\/\" \/>\n<meta property=\"og:site_name\" content=\"Secretaria de Obras\" \/>\n<meta property=\"article:published_time\" content=\"2023-04-03T18:58:28+00:00\" \/>\n<meta property=\"article:modified_time\" content=\"2023-04-03T19:26:03+00:00\" \/>\n<meta property=\"og:image\" content=\"https:\/\/www.pmpf.rs.gov.br\/secretaria-de-obras\/wp-content\/uploads\/sites\/49\/2023\/04\/avenida-brasil.jpeg\" \/>\n\t<meta property=\"og:image:width\" content=\"1600\" \/>\n\t<meta property=\"og:image:height\" content=\"1066\" \/>\n\t<meta property=\"og:image:type\" content=\"image\/jpeg\" \/>\n<meta name=\"author\" content=\"andressazorzetto07\" \/>\n<meta name=\"twitter:card\" content=\"summary_large_image\" \/>\n<meta name=\"twitter:label1\" content=\"Escrito por\" \/>\n\t<meta name=\"twitter:data1\" content=\"andressazorzetto07\" \/>\n\t<meta name=\"twitter:label2\" content=\"Est. tempo de leitura\" \/>\n\t<meta name=\"twitter:data2\" content=\"2 minutos\" \/>\n<script type=\"application\/ld+json\" class=\"yoast-schema-graph\">{\"@context\":\"https:\/\/schema.org\",\"@graph\":[{\"@type\":\"WebPage\",\"@id\":\"https:\/\/www.pmpf.rs.gov.br\/secretaria-de-obras\/2023\/04\/03\/prefeitura-segue-com-intervencoes-nos-canteiros-da-avenida-brasil\/\",\"url\":\"https:\/\/www.pmpf.rs.gov.br\/secretaria-de-obras\/2023\/04\/03\/prefeitura-segue-com-intervencoes-nos-canteiros-da-avenida-brasil\/\",\"name\":\"Prefeitura segue com interven\u00e7\u00f5es nos canteiros da Avenida Brasil - Secretaria de Obras\",\"isPartOf\":{\"@id\":\"https:\/\/www.pmpf.rs.gov.br\/secretaria-de-obras\/#website\"},\"primaryImageOfPage\":{\"@id\":\"https:\/\/www.pmpf.rs.gov.br\/secretaria-de-obras\/2023\/04\/03\/prefeitura-segue-com-intervencoes-nos-canteiros-da-avenida-brasil\/#primaryimage\"},\"image\":{\"@id\":\"https:\/\/www.pmpf.rs.gov.br\/secretaria-de-obras\/2023\/04\/03\/prefeitura-segue-com-intervencoes-nos-canteiros-da-avenida-brasil\/#primaryimage\"},\"thumbnailUrl\":\"https:\/\/www.pmpf.rs.gov.br\/secretaria-de-obras\/wp-content\/uploads\/sites\/49\/2023\/04\/avenida-brasil.jpeg\",\"datePublished\":\"2023-04-03T18:58:28+00:00\",\"dateModified\":\"2023-04-03T19:26:03+00:00\",\"author\":{\"@id\":\"https:\/\/www.pmpf.rs.gov.br\/secretaria-de-obras\/#\/schema\/person\/30ee1d1bd74da1469b01fcf086e43351\"},\"breadcrumb\":{\"@id\":\"https:\/\/www.pmpf.rs.gov.br\/secretaria-de-obras\/2023\/04\/03\/prefeitura-segue-com-intervencoes-nos-canteiros-da-avenida-brasil\/#breadcrumb\"},\"inLanguage\":\"pt-BR\",\"potentialAction\":[{\"@type\":\"ReadAction\",\"target\":[\"https:\/\/www.pmpf.rs.gov.br\/secretaria-de-obras\/2023\/04\/03\/prefeitura-segue-com-intervencoes-nos-canteiros-da-avenida-brasil\/\"]}]},{\"@type\":\"ImageObject\",\"inLanguage\":\"pt-BR\",\"@id\":\"https:\/\/www.pmpf.rs.gov.br\/secretaria-de-obras\/2023\/04\/03\/prefeitura-segue-com-intervencoes-nos-canteiros-da-avenida-brasil\/#primaryimage\",\"url\":\"https:\/\/www.pmpf.rs.gov.br\/secretaria-de-obras\/wp-content\/uploads\/sites\/49\/2023\/04\/avenida-brasil.jpeg\",\"contentUrl\":\"https:\/\/www.pmpf.rs.gov.br\/secretaria-de-obras\/wp-content\/uploads\/sites\/49\/2023\/04\/avenida-brasil.jpeg\",\"width\":1600,\"height\":1066},{\"@type\":\"BreadcrumbList\",\"@id\":\"https:\/\/www.pmpf.rs.gov.br\/secretaria-de-obras\/2023\/04\/03\/prefeitura-segue-com-intervencoes-nos-canteiros-da-avenida-brasil\/#breadcrumb\",\"itemListElement\":[{\"@type\":\"ListItem\",\"position\":1,\"name\":\"In\u00edcio\",\"item\":\"https:\/\/www.pmpf.rs.gov.br\/secretaria-de-obras\/\"},{\"@type\":\"ListItem\",\"position\":2,\"name\":\"Prefeitura segue com interven\u00e7\u00f5es nos canteiros da Avenida Brasil\"}]},{\"@type\":\"WebSite\",\"@id\":\"https:\/\/www.pmpf.rs.gov.br\/secretaria-de-obras\/#website\",\"url\":\"https:\/\/www.pmpf.rs.gov.br\/secretaria-de-obras\/\",\"name\":\"Secretaria de Obras\",\"description\":\"S\u00f3 mais um site Prefeitura de Passo Fundo\",\"potentialAction\":[{\"@type\":\"SearchAction\",\"target\":{\"@type\":\"EntryPoint\",\"urlTemplate\":\"https:\/\/www.pmpf.rs.gov.br\/secretaria-de-obras\/?s={search_term_string}\"},\"query-input\":{\"@type\":\"PropertyValueSpecification\",\"valueRequired\":true,\"valueName\":\"search_term_string\"}}],\"inLanguage\":\"pt-BR\"},{\"@type\":\"Person\",\"@id\":\"https:\/\/www.pmpf.rs.gov.br\/secretaria-de-obras\/#\/schema\/person\/30ee1d1bd74da1469b01fcf086e43351\",\"name\":\"andressazorzetto07\",\"image\":{\"@type\":\"ImageObject\",\"inLanguage\":\"pt-BR\",\"@id\":\"https:\/\/www.pmpf.rs.gov.br\/secretaria-de-obras\/#\/schema\/person\/image\/\",\"url\":\"https:\/\/secure.gravatar.com\/avatar\/14c5458ed79dc81da99a13b9ff5f9f19?s=96&d=mm&r=g\",\"contentUrl\":\"https:\/\/secure.gravatar.com\/avatar\/14c5458ed79dc81da99a13b9ff5f9f19?s=96&d=mm&r=g\",\"caption\":\"andressazorzetto07\"},\"url\":\"https:\/\/www.pmpf.rs.gov.br\/secretaria-de-obras\/author\/andressazorzetto07\/\"}]}<\/script>\n<!-- \/ Yoast SEO plugin. -->","yoast_head_json":{"title":"Prefeitura segue com interven\u00e7\u00f5es nos canteiros da Avenida Brasil - Secretaria de Obras","robots":{"index":"index","follow":"follow","max-snippet":"max-snippet:-1","max-image-preview":"max-image-preview:large","max-video-preview":"max-video-preview:-1"},"canonical":"https:\/\/www.pmpf.rs.gov.br\/secretaria-de-obras\/2023\/04\/03\/prefeitura-segue-com-intervencoes-nos-canteiros-da-avenida-brasil\/","og_locale":"pt_BR","og_type":"article","og_title":"Prefeitura segue com interven\u00e7\u00f5es nos canteiros da Avenida Brasil - Secretaria de Obras","og_description":"O projeto do Parque Linear da Avenida Brasil prev\u00ea a revitaliza\u00e7\u00e3o de 10 canteiros","og_url":"https:\/\/www.pmpf.rs.gov.br\/secretaria-de-obras\/2023\/04\/03\/prefeitura-segue-com-intervencoes-nos-canteiros-da-avenida-brasil\/","og_site_name":"Secretaria de Obras","article_published_time":"2023-04-03T18:58:28+00:00","article_modified_time":"2023-04-03T19:26:03+00:00","og_image":[{"width":1600,"height":1066,"url":"https:\/\/www.pmpf.rs.gov.br\/secretaria-de-obras\/wp-content\/uploads\/sites\/49\/2023\/04\/avenida-brasil.jpeg","type":"image\/jpeg"}],"author":"andressazorzetto07","twitter_card":"summary_large_image","twitter_misc":{"Escrito por":"andressazorzetto07","Est. tempo de leitura":"2 minutos"},"schema":{"@context":"https:\/\/schema.org","@graph":[{"@type":"WebPage","@id":"https:\/\/www.pmpf.rs.gov.br\/secretaria-de-obras\/2023\/04\/03\/prefeitura-segue-com-intervencoes-nos-canteiros-da-avenida-brasil\/","url":"https:\/\/www.pmpf.rs.gov.br\/secretaria-de-obras\/2023\/04\/03\/prefeitura-segue-com-intervencoes-nos-canteiros-da-avenida-brasil\/","name":"Prefeitura segue com interven\u00e7\u00f5es nos canteiros da Avenida Brasil - Secretaria de Obras","isPartOf":{"@id":"https:\/\/www.pmpf.rs.gov.br\/secretaria-de-obras\/#website"},"primaryImageOfPage":{"@id":"https:\/\/www.pmpf.rs.gov.br\/secretaria-de-obras\/2023\/04\/03\/prefeitura-segue-com-intervencoes-nos-canteiros-da-avenida-brasil\/#primaryimage"},"image":{"@id":"https:\/\/www.pmpf.rs.gov.br\/secretaria-de-obras\/2023\/04\/03\/prefeitura-segue-com-intervencoes-nos-canteiros-da-avenida-brasil\/#primaryimage"},"thumbnailUrl":"https:\/\/www.pmpf.rs.gov.br\/secretaria-de-obras\/wp-content\/uploads\/sites\/49\/2023\/04\/avenida-brasil.jpeg","datePublished":"2023-04-03T18:58:28+00:00","dateModified":"2023-04-03T19:26:03+00:00","author":{"@id":"https:\/\/www.pmpf.rs.gov.br\/secretaria-de-obras\/#\/schema\/person\/30ee1d1bd74da1469b01fcf086e43351"},"breadcrumb":{"@id":"https:\/\/www.pmpf.rs.gov.br\/secretaria-de-obras\/2023\/04\/03\/prefeitura-segue-com-intervencoes-nos-canteiros-da-avenida-brasil\/#breadcrumb"},"inLanguage":"pt-BR","potentialAction":[{"@type":"ReadAction","target":["https:\/\/www.pmpf.rs.gov.br\/secretaria-de-obras\/2023\/04\/03\/prefeitura-segue-com-intervencoes-nos-canteiros-da-avenida-brasil\/"]}]},{"@type":"ImageObject","inLanguage":"pt-BR","@id":"https:\/\/www.pmpf.rs.gov.br\/secretaria-de-obras\/2023\/04\/03\/prefeitura-segue-com-intervencoes-nos-canteiros-da-avenida-brasil\/#primaryimage","url":"https:\/\/www.pmpf.rs.gov.br\/secretaria-de-obras\/wp-content\/uploads\/sites\/49\/2023\/04\/avenida-brasil.jpeg","contentUrl":"https:\/\/www.pmpf.rs.gov.br\/secretaria-de-obras\/wp-content\/uploads\/sites\/49\/2023\/04\/avenida-brasil.jpeg","width":1600,"height":1066},{"@type":"BreadcrumbList","@id":"https:\/\/www.pmpf.rs.gov.br\/secretaria-de-obras\/2023\/04\/03\/prefeitura-segue-com-intervencoes-nos-canteiros-da-avenida-brasil\/#breadcrumb","itemListElement":[{"@type":"ListItem","position":1,"name":"In\u00edcio","item":"https:\/\/www.pmpf.rs.gov.br\/secretaria-de-obras\/"},{"@type":"ListItem","position":2,"name":"Prefeitura segue com interven\u00e7\u00f5es nos canteiros da Avenida Brasil"}]},{"@type":"WebSite","@id":"https:\/\/www.pmpf.rs.gov.br\/secretaria-de-obras\/#website","url":"https:\/\/www.pmpf.rs.gov.br\/secretaria-de-obras\/","name":"Secretaria de Obras","description":"S\u00f3 mais um site Prefeitura de Passo Fundo","potentialAction":[{"@type":"SearchAction","target":{"@type":"EntryPoint","urlTemplate":"https:\/\/www.pmpf.rs.gov.br\/secretaria-de-obras\/?s={search_term_string}"},"query-input":{"@type":"PropertyValueSpecification","valueRequired":true,"valueName":"search_term_string"}}],"inLanguage":"pt-BR"},{"@type":"Person","@id":"https:\/\/www.pmpf.rs.gov.br\/secretaria-de-obras\/#\/schema\/person\/30ee1d1bd74da1469b01fcf086e43351","name":"andressazorzetto07","image":{"@type":"ImageObject","inLanguage":"pt-BR","@id":"https:\/\/www.pmpf.rs.gov.br\/secretaria-de-obras\/#\/schema\/person\/image\/","url":"https:\/\/secure.gravatar.com\/avatar\/14c5458ed79dc81da99a13b9ff5f9f19?s=96&d=mm&r=g","contentUrl":"https:\/\/secure.gravatar.com\/avatar\/14c5458ed79dc81da99a13b9ff5f9f19?s=96&d=mm&r=g","caption":"andressazorzetto07"},"url":"https:\/\/www.pmpf.rs.gov.br\/secretaria-de-obras\/author\/andressazorzetto07\/"}]}},"_links":{"self":[{"href":"https:\/\/www.pmpf.rs.gov.br\/secretaria-de-obras\/wp-json\/wp\/v2\/posts\/1931"}],"collection":[{"href":"https:\/\/www.pmpf.rs.gov.br\/secretaria-de-obras\/wp-json\/wp\/v2\/posts"}],"about":[{"href":"https:\/\/www.pmpf.rs.gov.br\/secretaria-de-obras\/wp-json\/wp\/v2\/types\/post"}],"author":[{"embeddable":true,"href":"https:\/\/www.pmpf.rs.gov.br\/secretaria-de-obras\/wp-json\/wp\/v2\/users\/6"}],"replies":[{"embeddable":true,"href":"https:\/\/www.pmpf.rs.gov.br\/secretaria-de-obras\/wp-json\/wp\/v2\/comments?post=1931"}],"version-history":[{"count":1,"href":"https:\/\/www.pmpf.rs.gov.br\/secretaria-de-obras\/wp-json\/wp\/v2\/posts\/1931\/revisions"}],"predecessor-version":[{"id":1932,"href":"https:\/\/www.pmpf.rs.gov.br\/secretaria-de-obras\/wp-json\/wp\/v2\/posts\/1931\/revisions\/1932"}],"wp:featuredmedia":[{"embeddable":true,"href":"https:\/\/www.pmpf.rs.gov.br\/secretaria-de-obras\/wp-json\/wp\/v2\/media\/1933"}],"wp:attachment":[{"href":"https:\/\/www.pmpf.rs.gov.br\/secretaria-de-obras\/wp-json\/wp\/v2\/media?parent=1931"}],"wp:term":[{"taxonomy":"category","embeddable":true,"href":"https:\/\/www.pmpf.rs.gov.br\/secretaria-de-obras\/wp-json\/wp\/v2\/categories?post=1931"},{"taxonomy":"post_tag","embeddable":true,"href":"https:\/\/www.pmpf.rs.gov.br\/secretaria-de-obras\/wp-json\/wp\/v2\/tags?post=1931"}],"curies":[{"name":"wp","href":"https:\/\/api.w.org\/{rel}","templated":true}]}}