{"id":1917,"date":"2023-03-30T10:16:39","date_gmt":"2023-03-30T13:16:39","guid":{"rendered":"https:\/\/www.pmpf.rs.gov.br\/secretaria-de-obras\/?p=1917"},"modified":"2023-03-30T16:59:51","modified_gmt":"2023-03-30T19:59:51","slug":"prefeito-pedro-almeida-anuncia-obras-de-asfalto-em-ruas-estrategicas-para-o-transito-de-passo-fundo","status":"publish","type":"post","link":"https:\/\/www.pmpf.rs.gov.br\/secretaria-de-obras\/2023\/03\/30\/prefeito-pedro-almeida-anuncia-obras-de-asfalto-em-ruas-estrategicas-para-o-transito-de-passo-fundo\/","title":{"rendered":"<strong>Prefeito Pedro Almeida anuncia obras de asfalto em ruas estrat\u00e9gicas para o tr\u00e2nsito de Passo Fundo<\/strong>"},"content":{"rendered":"\n<p><br><\/p>\n\n\n\n<p>Nesta quinta-feira (30), o prefeito de Passo Fundo, Pedro Almeida, anunciou dois grandes pacotes de obras que v\u00e3o impactar na infraestrutura da cidade com o asfaltamento de ruas estrat\u00e9gicas para o tr\u00e2nsito. Ser\u00e3o 12 vias, totalizando 18 quil\u00f4metros e 178 quadras, com novo asfalto, sinaliza\u00e7\u00e3o e ilumina\u00e7\u00e3o em LED.<\/p>\n\n\n\n<p>\u201cS\u00e3o obras que qualificar\u00e3o vias muito importantes para a mobilidade urbana da cidade, que ligam os bairros ao Centro e precisam da revitaliza\u00e7\u00e3o para suportar o fluxo de ve\u00edculos e garantir uma maior seguran\u00e7a a todos os usu\u00e1rios. Este projeto vem sendo estudado h\u00e1 mais de seis meses pelas secretarias de Obras e Planejamento, junto com o setor de Mobilidade Urbana, e visa trazer melhorias para o tr\u00e2nsito\u201d, destacou.<\/p>\n\n\n\n<p>O primeiro pacote abranger\u00e1 as ruas Uruguai, Paissandu, Gelson Ribeiro e Teixeira Soares, al\u00e9m das avenidas Moacir da Motta Fortes e Rio Grande. O edital para a contrata\u00e7\u00e3o da empresa respons\u00e1vel pelas obras foi publicado pela Prefeitura nessa quarta-feira (29). <a href=\"https:\/\/www.pmpf.rs.gov.br\/secretaria-de-obras\/editaisobras\/\" target=\"_blank\" rel=\"noreferrer noopener\">Acesse o edital aqui<\/a>.<\/p>\n\n\n\n<p>No segundo pacote, foram inclu\u00eddas as ruas Bento Gon\u00e7alves, Fagundes dos Reis, Capit\u00e3o Eleut\u00e9rio, Lava P\u00e9s, Senador Pinheiro e Jo\u00e3o de C\u00e9saro. O edital para a contrata\u00e7\u00e3o da empresa respons\u00e1vel ser\u00e1 disponibilizado nos pr\u00f3ximos dias.<\/p>\n\n\n\n<p>De acordo com o secret\u00e1rio de Obras, Rubens Astolfi, a maioria das vias j\u00e1 contam com a canaliza\u00e7\u00e3o e passaram pelas obras de interliga\u00e7\u00e3o da rede de saneamento pela Corsan. A fim de assegurar a durabilidade do asfalto, todas elas passar\u00e3o por revis\u00e3o. \u201cA Prefeitura far\u00e1 a verifica\u00e7\u00e3o da drenagem pluvial e tamb\u00e9m solicitou \u00e0 Corsan que as interven\u00e7\u00f5es necess\u00e1rias sejam executadas nestas ruas antes das obras de asfalto\u201d, pontuou.<\/p>\n\n\n\n<p>As obras iniciar\u00e3o ainda neste primeiro semestre de 2023 e dever\u00e3o ser conclu\u00eddas em um prazo de um ano. O objetivo \u00e9 que, enquanto estiverem sendo realizados, os trabalhos provoquem a menor interfer\u00eancia poss\u00edvel no dia a dia da cidade. As altera\u00e7\u00f5es necess\u00e1rias para o andamento das ser\u00e3o informadas pela Prefeitura.<\/p>\n\n\n\n<p>Qualifica\u00e7\u00e3o da infraestrutura da cidade<\/p>\n\n\n\n<p>As obras que acontecer\u00e3o nestas 12 vias n\u00e3o alterar\u00e3o o processo de revitaliza\u00e7\u00e3o das avenidas Presidente Vargas e Scarpelini Ghezzi. Como s\u00e3o obras licitadas, elas ocorrer\u00e3o de maneira paralela. \u201cN\u00f3s j\u00e1 temos definidas as empresas que far\u00e3o as grandes obras na Presidente Vargas, que ser\u00e1 revitalizada em toda a sua extens\u00e3o, de 5,2 quil\u00f4metros, e na Scarpelini Ghezzi, da Avenida Presidente Vargas \u00e0 Rua Jo\u00e3o Biazus, somando 2 quil\u00f4metros\u201d, enfatizou o prefeito.<\/p>\n\n\n\n<p>Al\u00e9m disso, elas tamb\u00e9m n\u00e3o interferir\u00e3o nas interven\u00e7\u00f5es nos bairros com o programa Minha Rua com Asfalto, cujas obras de canaliza\u00e7\u00e3o e asfaltamento s\u00e3o feitas pelas equipes da Prefeitura. Ali\u00e1s, em breve, como indica o prefeito, ser\u00e1 anunciada a quarta edi\u00e7\u00e3o da iniciativa, com a inclus\u00e3o de mais 150 quadras. \u201cJ\u00e1 fizemos mais de 330 quadras, de 50 bairros, e lan\u00e7aremos mais uma etapa de obras dentro do programa, dando aten\u00e7\u00e3o para as comunidades e demandas dos moradores\u201d, completou.<\/p>\n\n\n\n<p><strong><br>Ruas inclu\u00eddas nos dois pacotes de obras anunciados<br>Pacote 1<\/strong><\/p>\n\n\n\n<p>1. Rua Uruguai<br>Bairro Annes ao Bairro Boqueir\u00e3o<br>Trecho entre a Rua Manoel Portela e a Rua Mascarenhas<br>Extens\u00e3o de 3,06 km, totalizando 30 quadras<\/p>\n\n\n\n<p>2. Rua Paissandu<br>Bairro Boqueir\u00e3o ao Bairro Annes<br>Trecho entre a Rua Diogo de Oliveira e a Rua Fid\u00eancio Fransiosi<br>Extens\u00e3o de 3,22 km, totalizando 33 quadras<\/p>\n\n\n\n<p>3. Avenida Moacir da Motta Fortes<br>Bairro Vera Cruz<br>Trecho entre a Rua Sananduva e a Rua Soledade (toda extens\u00e3o da via)<br>Extens\u00e3o de 0,54 km, totalizando 5 quadras<\/p>\n\n\n\n<p>4. Avenida Rio Grande<br>Bairro Vera Cruz<br>Trecho entre a Rua Soledade e a Rua Gelson Ribeiro (toda extens\u00e3o da via)<br>Extens\u00e3o de 0,87 km, totalizando 9 quadras<\/p>\n\n\n\n<p>5. Rua Gelson Ribeiro<br>Bairro 1\u00ba Centen\u00e1rio<br>Trecho entre a Avenida Rio Grande e o trevo da BR 285 (toda extens\u00e3o da via)<br>Extens\u00e3o de 0,78 km, totalizando 7 quadras<\/p>\n\n\n\n<p>6. Rua Teixeira Soares<br>Centro<br>Trecho entre a Avenida Brasil e a Rua Sananduva<br>Extens\u00e3o de 1,25 km, totalizando 12 quadras<\/p>\n\n\n\n<p>Total do Pacote 1: Extens\u00e3o de 9,72 km e 96 quadras<\/p>\n\n\n\n<p><strong>Pacote 2<br><\/strong>1. Rua Bento Gon\u00e7alves<br>Vila F\u00e1tima ao Centro<br>Trecho entre a Rua Dona Eliza e a Rua General Canabarro (toda extens\u00e3o da via)<br>Extens\u00e3o de 1,98 km, totalizando 19 quadras<\/p>\n\n\n\n<p>2. Rua Fagundes dos Reis<br>Bairro Victor Issler ao Centro<br>Trecho entre a Avenida Petrobr\u00e1s e a Rua Eduardo de Brito<br>Extens\u00e3o de 1,16 km, totalizando 11 quadras<\/p>\n\n\n\n<p>3. Rua Capit\u00e3o Eleut\u00e9rio<br>Centro ao Bairro Cidade Nova<br>Trecho entre a Rua General Canabarro e a Rua Dona Eliza (toda extens\u00e3o da via)<br>Extens\u00e3o de 1,94 km, totalizando 19 quadras<\/p>\n\n\n\n<p>4. Rua Lava P\u00e9s<br>Bairro Annes ao Centro<br>Trecho entre a Rua Jacinto Vila Nova e a Avenida Sete de Setembro<br>Extens\u00e3o de 1,35 km, totalizando 14 quadras<\/p>\n\n\n\n<p>5-) Rua Senador Pinheiro<br>Bairro Cruzeiro \u00e0 Vila Rodrigues<br>Trecho entre a Rua Parob\u00e9 e a Rua Dr. Vergueiro (toda extens\u00e3o da via)<br>Extens\u00e3o de 1,19 km, totalizando 12 quadras<\/p>\n\n\n\n<p>6-) Rua Jo\u00e3o de C\u00e9saro<br>Bairro Rodrigues<br>Trecho entre a Rua Independ\u00eancia e a Rua Senador Pinheiro (toda extens\u00e3o da via)<br>Extens\u00e3o de 0,65 km, totalizando 7 quadras.<\/p>\n\n\n\n<p>Total do Pacote 2: Extens\u00e3o de 8,27 km 82 quadras<\/p>\n\n\n\n<p><strong>Fotos: Michel Sanderi<\/strong><\/p>\n","protected":false},"excerpt":{"rendered":"<p>12 vias importantes para a mobilidade urbana, que ligam os bairros ao Centro, receber\u00e3o novo asfalto, sinaliza\u00e7\u00e3o e ilumina\u00e7\u00e3o em LED<\/p>\n","protected":false},"author":6,"featured_media":1918,"comment_status":"closed","ping_status":"closed","sticky":true,"template":"","format":"standard","meta":{"footnotes":""},"categories":[1],"tags":[],"class_list":["post-1917","post","type-post","status-publish","format-standard","has-post-thumbnail","hentry","category-sem-categoria"],"yoast_head":"<!-- This site is optimized with the Yoast SEO plugin v23.8 - https:\/\/yoast.com\/wordpress\/plugins\/seo\/ -->\n<title>Prefeito Pedro Almeida anuncia obras de asfalto em ruas estrat\u00e9gicas para o tr\u00e2nsito de Passo Fundo - Secretaria de Obras<\/title>\n<meta name=\"robots\" content=\"index, follow, max-snippet:-1, max-image-preview:large, max-video-preview:-1\" \/>\n<link rel=\"canonical\" href=\"https:\/\/www.pmpf.rs.gov.br\/secretaria-de-obras\/2023\/03\/30\/prefeito-pedro-almeida-anuncia-obras-de-asfalto-em-ruas-estrategicas-para-o-transito-de-passo-fundo\/\" \/>\n<meta property=\"og:locale\" content=\"pt_BR\" \/>\n<meta property=\"og:type\" content=\"article\" \/>\n<meta property=\"og:title\" content=\"Prefeito Pedro Almeida anuncia obras de asfalto em ruas estrat\u00e9gicas para o tr\u00e2nsito de Passo Fundo - Secretaria de Obras\" \/>\n<meta property=\"og:description\" content=\"12 vias importantes para a mobilidade urbana, que ligam os bairros ao Centro, receber\u00e3o novo asfalto, sinaliza\u00e7\u00e3o e ilumina\u00e7\u00e3o em LED\" \/>\n<meta property=\"og:url\" content=\"https:\/\/www.pmpf.rs.gov.br\/secretaria-de-obras\/2023\/03\/30\/prefeito-pedro-almeida-anuncia-obras-de-asfalto-em-ruas-estrategicas-para-o-transito-de-passo-fundo\/\" \/>\n<meta property=\"og:site_name\" content=\"Secretaria de Obras\" \/>\n<meta property=\"article:published_time\" content=\"2023-03-30T13:16:39+00:00\" \/>\n<meta property=\"article:modified_time\" content=\"2023-03-30T19:59:51+00:00\" \/>\n<meta property=\"og:image\" content=\"https:\/\/www.pmpf.rs.gov.br\/secretaria-de-obras\/wp-content\/uploads\/sites\/49\/2023\/03\/obras-1.jpeg\" \/>\n\t<meta property=\"og:image:width\" content=\"1024\" \/>\n\t<meta property=\"og:image:height\" content=\"682\" \/>\n\t<meta property=\"og:image:type\" content=\"image\/jpeg\" \/>\n<meta name=\"author\" content=\"andressazorzetto07\" \/>\n<meta name=\"twitter:card\" content=\"summary_large_image\" \/>\n<meta name=\"twitter:label1\" content=\"Escrito por\" \/>\n\t<meta name=\"twitter:data1\" content=\"andressazorzetto07\" \/>\n\t<meta name=\"twitter:label2\" content=\"Est. tempo de leitura\" \/>\n\t<meta name=\"twitter:data2\" content=\"4 minutos\" \/>\n<script type=\"application\/ld+json\" class=\"yoast-schema-graph\">{\"@context\":\"https:\/\/schema.org\",\"@graph\":[{\"@type\":\"WebPage\",\"@id\":\"https:\/\/www.pmpf.rs.gov.br\/secretaria-de-obras\/2023\/03\/30\/prefeito-pedro-almeida-anuncia-obras-de-asfalto-em-ruas-estrategicas-para-o-transito-de-passo-fundo\/\",\"url\":\"https:\/\/www.pmpf.rs.gov.br\/secretaria-de-obras\/2023\/03\/30\/prefeito-pedro-almeida-anuncia-obras-de-asfalto-em-ruas-estrategicas-para-o-transito-de-passo-fundo\/\",\"name\":\"Prefeito Pedro Almeida anuncia obras de asfalto em ruas estrat\u00e9gicas para o tr\u00e2nsito de Passo Fundo - Secretaria de Obras\",\"isPartOf\":{\"@id\":\"https:\/\/www.pmpf.rs.gov.br\/secretaria-de-obras\/#website\"},\"primaryImageOfPage\":{\"@id\":\"https:\/\/www.pmpf.rs.gov.br\/secretaria-de-obras\/2023\/03\/30\/prefeito-pedro-almeida-anuncia-obras-de-asfalto-em-ruas-estrategicas-para-o-transito-de-passo-fundo\/#primaryimage\"},\"image\":{\"@id\":\"https:\/\/www.pmpf.rs.gov.br\/secretaria-de-obras\/2023\/03\/30\/prefeito-pedro-almeida-anuncia-obras-de-asfalto-em-ruas-estrategicas-para-o-transito-de-passo-fundo\/#primaryimage\"},\"thumbnailUrl\":\"https:\/\/www.pmpf.rs.gov.br\/secretaria-de-obras\/wp-content\/uploads\/sites\/49\/2023\/03\/obras-1.jpeg\",\"datePublished\":\"2023-03-30T13:16:39+00:00\",\"dateModified\":\"2023-03-30T19:59:51+00:00\",\"author\":{\"@id\":\"https:\/\/www.pmpf.rs.gov.br\/secretaria-de-obras\/#\/schema\/person\/30ee1d1bd74da1469b01fcf086e43351\"},\"breadcrumb\":{\"@id\":\"https:\/\/www.pmpf.rs.gov.br\/secretaria-de-obras\/2023\/03\/30\/prefeito-pedro-almeida-anuncia-obras-de-asfalto-em-ruas-estrategicas-para-o-transito-de-passo-fundo\/#breadcrumb\"},\"inLanguage\":\"pt-BR\",\"potentialAction\":[{\"@type\":\"ReadAction\",\"target\":[\"https:\/\/www.pmpf.rs.gov.br\/secretaria-de-obras\/2023\/03\/30\/prefeito-pedro-almeida-anuncia-obras-de-asfalto-em-ruas-estrategicas-para-o-transito-de-passo-fundo\/\"]}]},{\"@type\":\"ImageObject\",\"inLanguage\":\"pt-BR\",\"@id\":\"https:\/\/www.pmpf.rs.gov.br\/secretaria-de-obras\/2023\/03\/30\/prefeito-pedro-almeida-anuncia-obras-de-asfalto-em-ruas-estrategicas-para-o-transito-de-passo-fundo\/#primaryimage\",\"url\":\"https:\/\/www.pmpf.rs.gov.br\/secretaria-de-obras\/wp-content\/uploads\/sites\/49\/2023\/03\/obras-1.jpeg\",\"contentUrl\":\"https:\/\/www.pmpf.rs.gov.br\/secretaria-de-obras\/wp-content\/uploads\/sites\/49\/2023\/03\/obras-1.jpeg\",\"width\":1024,\"height\":682},{\"@type\":\"BreadcrumbList\",\"@id\":\"https:\/\/www.pmpf.rs.gov.br\/secretaria-de-obras\/2023\/03\/30\/prefeito-pedro-almeida-anuncia-obras-de-asfalto-em-ruas-estrategicas-para-o-transito-de-passo-fundo\/#breadcrumb\",\"itemListElement\":[{\"@type\":\"ListItem\",\"position\":1,\"name\":\"In\u00edcio\",\"item\":\"https:\/\/www.pmpf.rs.gov.br\/secretaria-de-obras\/\"},{\"@type\":\"ListItem\",\"position\":2,\"name\":\"Prefeito Pedro Almeida anuncia obras de asfalto em ruas estrat\u00e9gicas para o tr\u00e2nsito de Passo Fundo\"}]},{\"@type\":\"WebSite\",\"@id\":\"https:\/\/www.pmpf.rs.gov.br\/secretaria-de-obras\/#website\",\"url\":\"https:\/\/www.pmpf.rs.gov.br\/secretaria-de-obras\/\",\"name\":\"Secretaria de Obras\",\"description\":\"S\u00f3 mais um site Prefeitura de Passo Fundo\",\"potentialAction\":[{\"@type\":\"SearchAction\",\"target\":{\"@type\":\"EntryPoint\",\"urlTemplate\":\"https:\/\/www.pmpf.rs.gov.br\/secretaria-de-obras\/?s={search_term_string}\"},\"query-input\":{\"@type\":\"PropertyValueSpecification\",\"valueRequired\":true,\"valueName\":\"search_term_string\"}}],\"inLanguage\":\"pt-BR\"},{\"@type\":\"Person\",\"@id\":\"https:\/\/www.pmpf.rs.gov.br\/secretaria-de-obras\/#\/schema\/person\/30ee1d1bd74da1469b01fcf086e43351\",\"name\":\"andressazorzetto07\",\"image\":{\"@type\":\"ImageObject\",\"inLanguage\":\"pt-BR\",\"@id\":\"https:\/\/www.pmpf.rs.gov.br\/secretaria-de-obras\/#\/schema\/person\/image\/\",\"url\":\"https:\/\/secure.gravatar.com\/avatar\/14c5458ed79dc81da99a13b9ff5f9f19?s=96&d=mm&r=g\",\"contentUrl\":\"https:\/\/secure.gravatar.com\/avatar\/14c5458ed79dc81da99a13b9ff5f9f19?s=96&d=mm&r=g\",\"caption\":\"andressazorzetto07\"},\"url\":\"https:\/\/www.pmpf.rs.gov.br\/secretaria-de-obras\/author\/andressazorzetto07\/\"}]}<\/script>\n<!-- \/ Yoast SEO plugin. -->","yoast_head_json":{"title":"Prefeito Pedro Almeida anuncia obras de asfalto em ruas estrat\u00e9gicas para o tr\u00e2nsito de Passo Fundo - Secretaria de Obras","robots":{"index":"index","follow":"follow","max-snippet":"max-snippet:-1","max-image-preview":"max-image-preview:large","max-video-preview":"max-video-preview:-1"},"canonical":"https:\/\/www.pmpf.rs.gov.br\/secretaria-de-obras\/2023\/03\/30\/prefeito-pedro-almeida-anuncia-obras-de-asfalto-em-ruas-estrategicas-para-o-transito-de-passo-fundo\/","og_locale":"pt_BR","og_type":"article","og_title":"Prefeito Pedro Almeida anuncia obras de asfalto em ruas estrat\u00e9gicas para o tr\u00e2nsito de Passo Fundo - Secretaria de Obras","og_description":"12 vias importantes para a mobilidade urbana, que ligam os bairros ao Centro, receber\u00e3o novo asfalto, sinaliza\u00e7\u00e3o e ilumina\u00e7\u00e3o em LED","og_url":"https:\/\/www.pmpf.rs.gov.br\/secretaria-de-obras\/2023\/03\/30\/prefeito-pedro-almeida-anuncia-obras-de-asfalto-em-ruas-estrategicas-para-o-transito-de-passo-fundo\/","og_site_name":"Secretaria de Obras","article_published_time":"2023-03-30T13:16:39+00:00","article_modified_time":"2023-03-30T19:59:51+00:00","og_image":[{"width":1024,"height":682,"url":"https:\/\/www.pmpf.rs.gov.br\/secretaria-de-obras\/wp-content\/uploads\/sites\/49\/2023\/03\/obras-1.jpeg","type":"image\/jpeg"}],"author":"andressazorzetto07","twitter_card":"summary_large_image","twitter_misc":{"Escrito por":"andressazorzetto07","Est. tempo de leitura":"4 minutos"},"schema":{"@context":"https:\/\/schema.org","@graph":[{"@type":"WebPage","@id":"https:\/\/www.pmpf.rs.gov.br\/secretaria-de-obras\/2023\/03\/30\/prefeito-pedro-almeida-anuncia-obras-de-asfalto-em-ruas-estrategicas-para-o-transito-de-passo-fundo\/","url":"https:\/\/www.pmpf.rs.gov.br\/secretaria-de-obras\/2023\/03\/30\/prefeito-pedro-almeida-anuncia-obras-de-asfalto-em-ruas-estrategicas-para-o-transito-de-passo-fundo\/","name":"Prefeito Pedro Almeida anuncia obras de asfalto em ruas estrat\u00e9gicas para o tr\u00e2nsito de Passo Fundo - Secretaria de Obras","isPartOf":{"@id":"https:\/\/www.pmpf.rs.gov.br\/secretaria-de-obras\/#website"},"primaryImageOfPage":{"@id":"https:\/\/www.pmpf.rs.gov.br\/secretaria-de-obras\/2023\/03\/30\/prefeito-pedro-almeida-anuncia-obras-de-asfalto-em-ruas-estrategicas-para-o-transito-de-passo-fundo\/#primaryimage"},"image":{"@id":"https:\/\/www.pmpf.rs.gov.br\/secretaria-de-obras\/2023\/03\/30\/prefeito-pedro-almeida-anuncia-obras-de-asfalto-em-ruas-estrategicas-para-o-transito-de-passo-fundo\/#primaryimage"},"thumbnailUrl":"https:\/\/www.pmpf.rs.gov.br\/secretaria-de-obras\/wp-content\/uploads\/sites\/49\/2023\/03\/obras-1.jpeg","datePublished":"2023-03-30T13:16:39+00:00","dateModified":"2023-03-30T19:59:51+00:00","author":{"@id":"https:\/\/www.pmpf.rs.gov.br\/secretaria-de-obras\/#\/schema\/person\/30ee1d1bd74da1469b01fcf086e43351"},"breadcrumb":{"@id":"https:\/\/www.pmpf.rs.gov.br\/secretaria-de-obras\/2023\/03\/30\/prefeito-pedro-almeida-anuncia-obras-de-asfalto-em-ruas-estrategicas-para-o-transito-de-passo-fundo\/#breadcrumb"},"inLanguage":"pt-BR","potentialAction":[{"@type":"ReadAction","target":["https:\/\/www.pmpf.rs.gov.br\/secretaria-de-obras\/2023\/03\/30\/prefeito-pedro-almeida-anuncia-obras-de-asfalto-em-ruas-estrategicas-para-o-transito-de-passo-fundo\/"]}]},{"@type":"ImageObject","inLanguage":"pt-BR","@id":"https:\/\/www.pmpf.rs.gov.br\/secretaria-de-obras\/2023\/03\/30\/prefeito-pedro-almeida-anuncia-obras-de-asfalto-em-ruas-estrategicas-para-o-transito-de-passo-fundo\/#primaryimage","url":"https:\/\/www.pmpf.rs.gov.br\/secretaria-de-obras\/wp-content\/uploads\/sites\/49\/2023\/03\/obras-1.jpeg","contentUrl":"https:\/\/www.pmpf.rs.gov.br\/secretaria-de-obras\/wp-content\/uploads\/sites\/49\/2023\/03\/obras-1.jpeg","width":1024,"height":682},{"@type":"BreadcrumbList","@id":"https:\/\/www.pmpf.rs.gov.br\/secretaria-de-obras\/2023\/03\/30\/prefeito-pedro-almeida-anuncia-obras-de-asfalto-em-ruas-estrategicas-para-o-transito-de-passo-fundo\/#breadcrumb","itemListElement":[{"@type":"ListItem","position":1,"name":"In\u00edcio","item":"https:\/\/www.pmpf.rs.gov.br\/secretaria-de-obras\/"},{"@type":"ListItem","position":2,"name":"Prefeito Pedro Almeida anuncia obras de asfalto em ruas estrat\u00e9gicas para o tr\u00e2nsito de Passo Fundo"}]},{"@type":"WebSite","@id":"https:\/\/www.pmpf.rs.gov.br\/secretaria-de-obras\/#website","url":"https:\/\/www.pmpf.rs.gov.br\/secretaria-de-obras\/","name":"Secretaria de Obras","description":"S\u00f3 mais um site Prefeitura de Passo Fundo","potentialAction":[{"@type":"SearchAction","target":{"@type":"EntryPoint","urlTemplate":"https:\/\/www.pmpf.rs.gov.br\/secretaria-de-obras\/?s={search_term_string}"},"query-input":{"@type":"PropertyValueSpecification","valueRequired":true,"valueName":"search_term_string"}}],"inLanguage":"pt-BR"},{"@type":"Person","@id":"https:\/\/www.pmpf.rs.gov.br\/secretaria-de-obras\/#\/schema\/person\/30ee1d1bd74da1469b01fcf086e43351","name":"andressazorzetto07","image":{"@type":"ImageObject","inLanguage":"pt-BR","@id":"https:\/\/www.pmpf.rs.gov.br\/secretaria-de-obras\/#\/schema\/person\/image\/","url":"https:\/\/secure.gravatar.com\/avatar\/14c5458ed79dc81da99a13b9ff5f9f19?s=96&d=mm&r=g","contentUrl":"https:\/\/secure.gravatar.com\/avatar\/14c5458ed79dc81da99a13b9ff5f9f19?s=96&d=mm&r=g","caption":"andressazorzetto07"},"url":"https:\/\/www.pmpf.rs.gov.br\/secretaria-de-obras\/author\/andressazorzetto07\/"}]}},"_links":{"self":[{"href":"https:\/\/www.pmpf.rs.gov.br\/secretaria-de-obras\/wp-json\/wp\/v2\/posts\/1917"}],"collection":[{"href":"https:\/\/www.pmpf.rs.gov.br\/secretaria-de-obras\/wp-json\/wp\/v2\/posts"}],"about":[{"href":"https:\/\/www.pmpf.rs.gov.br\/secretaria-de-obras\/wp-json\/wp\/v2\/types\/post"}],"author":[{"embeddable":true,"href":"https:\/\/www.pmpf.rs.gov.br\/secretaria-de-obras\/wp-json\/wp\/v2\/users\/6"}],"replies":[{"embeddable":true,"href":"https:\/\/www.pmpf.rs.gov.br\/secretaria-de-obras\/wp-json\/wp\/v2\/comments?post=1917"}],"version-history":[{"count":3,"href":"https:\/\/www.pmpf.rs.gov.br\/secretaria-de-obras\/wp-json\/wp\/v2\/posts\/1917\/revisions"}],"predecessor-version":[{"id":1924,"href":"https:\/\/www.pmpf.rs.gov.br\/secretaria-de-obras\/wp-json\/wp\/v2\/posts\/1917\/revisions\/1924"}],"wp:featuredmedia":[{"embeddable":true,"href":"https:\/\/www.pmpf.rs.gov.br\/secretaria-de-obras\/wp-json\/wp\/v2\/media\/1918"}],"wp:attachment":[{"href":"https:\/\/www.pmpf.rs.gov.br\/secretaria-de-obras\/wp-json\/wp\/v2\/media?parent=1917"}],"wp:term":[{"taxonomy":"category","embeddable":true,"href":"https:\/\/www.pmpf.rs.gov.br\/secretaria-de-obras\/wp-json\/wp\/v2\/categories?post=1917"},{"taxonomy":"post_tag","embeddable":true,"href":"https:\/\/www.pmpf.rs.gov.br\/secretaria-de-obras\/wp-json\/wp\/v2\/tags?post=1917"}],"curies":[{"name":"wp","href":"https:\/\/api.w.org\/{rel}","templated":true}]}}