{"id":1894,"date":"2023-03-20T16:00:38","date_gmt":"2023-03-20T19:00:38","guid":{"rendered":"https:\/\/www.pmpf.rs.gov.br\/secretaria-de-obras\/?p=1894"},"modified":"2023-03-20T16:00:39","modified_gmt":"2023-03-20T19:00:39","slug":"prefeitura-executa-grande-plano-de-obras-no-centro-bairros-e-interior","status":"publish","type":"post","link":"https:\/\/www.pmpf.rs.gov.br\/secretaria-de-obras\/2023\/03\/20\/prefeitura-executa-grande-plano-de-obras-no-centro-bairros-e-interior\/","title":{"rendered":"<strong>Prefeitura executa grande plano de obras, no Centro, bairros e interior<\/strong>"},"content":{"rendered":"\n<p><\/p>\n\n\n\n<p><\/p>\n\n\n\n<p>O primeiro semestre de 2023 \u00e9 marcado pelo andamento de importantes obras para Passo Fundo. Al\u00e9m da execu\u00e7\u00e3o de projetos de infraestrutura, o Munic\u00edpio trabalha na constru\u00e7\u00e3o de novas escolas e unidades de sa\u00fade.<\/p>\n\n\n\n<p>De acordo com o prefeito Pedro almeida, os investimentos s\u00e3o feitos nas \u00e1reas priorit\u00e1rias de atendimento \u00e0 popula\u00e7\u00e3o e tamb\u00e9m prop\u00f5em uma cidade melhor para viver. \u201cNa contram\u00e3o da grande parte dos munic\u00edpios ga\u00fachos, a popula\u00e7\u00e3o de Passo Fundo cresceu 6% conforme indicativos do IBGE. Hoje, somos mais de 217 mil passo-fundenses, o que nos alegra e nos traz um desafio de construir a cidade observando essa nova demanda. Pensando em qualificar a cidade e os servi\u00e7os p\u00fablicos, a Prefeitura est\u00e1 realizando obras em muitas \u00e1reas, na regi\u00e3o central, nos bairros e no interior\u201d, afirma.<\/p>\n\n\n\n<p><\/p>\n\n\n\n<p><strong>Obras em execu\u00e7\u00e3o ou com in\u00edcio previsto<\/strong><\/p>\n\n\n\n<p><strong>Centro de Esporte e Lazer Fredolino Chimango<\/strong><\/p>\n\n\n\n<p>Com previs\u00e3o de entrega para abril, 85% das obras j\u00e1 foram conclu\u00eddas. O projeto contempla campo de Futebol 7 com grama sint\u00e9tica, quadra para esporte de areia, quadra poliesportiva, espa\u00e7o funcional, espa\u00e7o para conviv\u00eancia, pista de corrida e caminhada, academia ao ar livre e espa\u00e7o pet.<\/p>\n\n\n\n<p><strong>Parque Linear da Avenida Brasil<\/strong><\/p>\n\n\n\n<p>A obra abranger\u00e1 10 canteiros, come\u00e7ando na Rua Capit\u00e3o Ara\u00fajo (Centro) e indo at\u00e9 a Rua Livramento (Bairro Boqueir\u00e3o). Com uma perspectiva tem\u00e1tica, os canteiros ter\u00e3o caracter\u00edsticas e funcionalidades espec\u00edficas, respeitando a maneira como j\u00e1 eram utilizados. Haver\u00e1 espa\u00e7o para feiras, atividades f\u00edsicas e para as crian\u00e7as, por exemplo.<\/p>\n\n\n\n<p>A Prefeitura deu in\u00edcio \u00e0s obras nos tr\u00eas primeiros canteiros em fevereiro. A conclus\u00e3o das interven\u00e7\u00f5es dever\u00e1 acontecer em um ano e meio. A execu\u00e7\u00e3o do projeto \u00e9 dividida em 3 etapas \u2013 cada uma com dura\u00e7\u00e3o de 5 meses \u2013, seguindo a sequ\u00eancia dos canteiros.<\/p>\n\n\n\n<p><br>Todos estes novos espa\u00e7os contar\u00e3o com mobili\u00e1rio de design contempor\u00e2neo em \u00e1reas de conviv\u00eancia modernas, piso repaginado, paisagismo, ciclovia e caminh\u00f3dromo independentes, ilumina\u00e7\u00e3o em LED, c\u00e2meras de videomonitoramento e acesso \u00e0 internet Wi-Fi gratuito.<\/p>\n\n\n\n<p><strong>Complexo Tur\u00edstico da Rosel\u00e2ndia<\/strong><\/p>\n\n\n\n<p>A Prefeitura est\u00e1 realizando uma s\u00e9rie de melhorias no Complexo Tur\u00edstico da Rosel\u00e2ndia. Ap\u00f3s concluir a revitaliza\u00e7\u00e3o do p\u00f3rtico do espa\u00e7o e a primeira fase de obras no Parque de Rodeios, d\u00e1 sequ\u00eancia \u00e0 recupera\u00e7\u00e3o<strong> <\/strong>da Avenida das Arauc\u00e1rias em seus 2,1 km, da entrada at\u00e9 a pista de motocross, com servi\u00e7os de drenagem, recapeamento da pista, ilumina\u00e7\u00e3o em LED, caminh\u00f3dromo, ciclorrota em sinaliza\u00e7\u00e3o e paisagismo.<br><\/p>\n\n\n\n<p>Na Avenida Arauc\u00e1ria, 25% das obras foram executadas. J\u00e1 foram finalizadas as etapas do sistema de drenagem e dos meios-fios. As equipes atuam, neste momento, na parte el\u00e9trica e, ao longo da semana, tamb\u00e9m iniciar\u00e3o as interven\u00e7\u00f5es no caminh\u00f3dromo.<\/p>\n\n\n\n<p><strong>6 novas escolas<\/strong><\/p>\n\n\n\n<p>Depois de uma longa tratativa com o Governo Federal, a Prefeitura conseguiu retomar a constru\u00e7\u00e3o da EMEI Parque o Sol. Ainda, j\u00e1 iniciou as obras EMEI Valinhos, que ser\u00e1 a primeira institui\u00e7\u00e3o de turno integral do Munic\u00edpio.<\/p>\n\n\n\n<p>Dentro da meta de entregar novas escolas e expandir o n\u00famero de vagas na rede municipal de Educa\u00e7\u00e3o, o Munic\u00edpio come\u00e7ar\u00e1, neste ano, a constru\u00e7\u00e3o das EMEIS Maggi de C\u00e9saro, Victor Issler e C\u00e9sar Santos e da EMEF Petr\u00f3polis. Ser\u00e3o mais 1.400 vagas, entre 700 na Educa\u00e7\u00e3o Infantil e 700 no Ensino Fundamental.<\/p>\n\n\n\n<p><strong>4 novas unidades de sa\u00fade<\/strong><\/p>\n\n\n\n<p>A Prefeitura construir\u00e1 quatro novas Unidades B\u00e1sicas de Sa\u00fade (UBS), nos seguintes locais: Loteamento C\u00e9sar Santos\/S\u00e3o Crist\u00f3v\u00e3o II, Annes, Petr\u00f3polis e Cohab Secchi. Al\u00e9m disso, far\u00e1 a reforma e amplia\u00e7\u00e3o do Cais Petr\u00f3polis.<\/p>\n\n\n\n<p><strong>Revitaliza\u00e7\u00e3o da Avenida Presidente Vargas<\/strong><\/p>\n\n\n\n<p>A Avenida Presidente Vargas ser\u00e1 revitalizada em uma extens\u00e3o de 5,2 quil\u00f4metros, entre a Rua General Canabarro e o Trevo do Ricci. Em fase de licita\u00e7\u00e3o, as obras abranger\u00e3o nova pavimenta\u00e7\u00e3o, refor\u00e7o na drenagem, ilumina\u00e7\u00e3o, paisagismo, sinaliza\u00e7\u00e3o vi\u00e1ria e pontos de \u00f4nibus em concreto. Tamb\u00e9m contemplar\u00e3o o alargamento do canteiro central com a transforma\u00e7\u00e3o da ciclofaixa em uma ciclovia de 4,8 km, entre a Avenida Sete de Setembro e o trevo do Ricci, e a inclus\u00e3o de um caminh\u00f3dromo entre as ruas Clementino Lu\u00eds Vieira e Claudino Toldo.<\/p>\n\n\n\n<p>O projeto foi desenvolvido pelas secretarias de Obras, Planejamento e Seguran\u00e7a, com a participa\u00e7\u00e3o do F\u00f3rum de Mobilidade Urbana.<\/p>\n\n\n\n<p><strong>Revitaliza\u00e7\u00e3o da Avenida Scarpelini Ghezzi<\/strong><\/p>\n\n\n\n<p>Em fase de licita\u00e7\u00e3o, a obra ir\u00e1 da Avenida Presidente Vargas \u00e0 Rua Jo\u00e3o Biazus e contemplar\u00e1 nova pavimenta\u00e7\u00e3o com blocos intertravados, refor\u00e7o na drenagem, ilumina\u00e7\u00e3o em led e ciclovia. A elabora\u00e7\u00e3o contou com o envolvimento das secretarias de Obras, Planejamento, Seguran\u00e7a e Meio Ambiente.<\/p>\n\n\n\n<p><strong>Revitaliza\u00e7\u00e3o da Pra\u00e7a da Cuia<\/strong><\/p>\n\n\n\n<p>Ap\u00f3s ter passado pela recupera\u00e7\u00e3o do piso hist\u00f3rico, o espa\u00e7o teve o chafariz, um de seus monumentos, revitalizado. Al\u00e9m disso, receber\u00e1 novo revestimento ao redor do monumento da cuia &#8211; que j\u00e1 conta com nova pintura -, a recupera\u00e7\u00e3o do meio-fio e das escadas, o plantio de grama, a reforma do banheiro e a troca dos bancos. Tudo feito a partir de medidas compensat\u00f3rias com empresas, sem gerar custos ao Munic\u00edpio.<\/p>\n\n\n\n<p><strong>Asfaltamento do acesso ao distrito de Bom Recreio<\/strong><\/p>\n\n\n\n<p>Um dos acessos ao distrito de Bom Recreio est\u00e1 sendo asfaltado. Com a execu\u00e7\u00e3o das etapas de drenagem, terraplanagem, regulariza\u00e7\u00f5es e base para a pavimenta\u00e7\u00e3o, 40% das obras j\u00e1 foram conclu\u00eddas. Neste momento, s\u00e3o feitos os cord\u00f5es, sarjetas e cal\u00e7adas.<br><br><\/p>\n\n\n\n<p>O asfaltamento ser\u00e1 iniciado em abril. Em seguida, ser\u00e1 realizada a sinaliza\u00e7\u00e3o de tr\u00e2nsito horizontal e vertical com pinturas e placas. Todas as interven\u00e7\u00f5es dever\u00e3o ser conclu\u00eddas at\u00e9 o m\u00eas de setembro.<\/p>\n\n\n\n<p><strong>Minha Rua com Asfalto<\/strong><\/p>\n\n\n\n<p>A Prefeitura j\u00e1 asfaltou 325 quadras de ruas, qualificando a infraestrutura de mais de 40 bairros. Est\u00e1 em andamento a terceira edi\u00e7\u00e3o do programa, que contempla mais de 150 quadras e chegou a 55% de execu\u00e7\u00e3o.<\/p>\n","protected":false},"excerpt":{"rendered":"<p>Al\u00e9m da execu\u00e7\u00e3o de projetos de infraestrutura, o Munic\u00edpio trabalha na constru\u00e7\u00e3o de novas escolas e unidades de sa\u00fade<\/p>\n","protected":false},"author":6,"featured_media":1895,"comment_status":"closed","ping_status":"closed","sticky":true,"template":"","format":"standard","meta":{"footnotes":""},"categories":[1],"tags":[],"class_list":["post-1894","post","type-post","status-publish","format-standard","has-post-thumbnail","hentry","category-sem-categoria"],"yoast_head":"<!-- This site is optimized with the Yoast SEO plugin v23.8 - https:\/\/yoast.com\/wordpress\/plugins\/seo\/ -->\n<title>Prefeitura executa grande plano de obras, no Centro, bairros e interior - Secretaria de Obras<\/title>\n<meta name=\"robots\" content=\"index, follow, max-snippet:-1, max-image-preview:large, max-video-preview:-1\" \/>\n<link rel=\"canonical\" href=\"https:\/\/www.pmpf.rs.gov.br\/secretaria-de-obras\/2023\/03\/20\/prefeitura-executa-grande-plano-de-obras-no-centro-bairros-e-interior\/\" \/>\n<meta property=\"og:locale\" content=\"pt_BR\" \/>\n<meta property=\"og:type\" content=\"article\" \/>\n<meta property=\"og:title\" content=\"Prefeitura executa grande plano de obras, no Centro, bairros e interior - Secretaria de Obras\" \/>\n<meta property=\"og:description\" content=\"Al\u00e9m da execu\u00e7\u00e3o de projetos de infraestrutura, o Munic\u00edpio trabalha na constru\u00e7\u00e3o de novas escolas e unidades de sa\u00fade\" \/>\n<meta property=\"og:url\" content=\"https:\/\/www.pmpf.rs.gov.br\/secretaria-de-obras\/2023\/03\/20\/prefeitura-executa-grande-plano-de-obras-no-centro-bairros-e-interior\/\" \/>\n<meta property=\"og:site_name\" content=\"Secretaria de Obras\" \/>\n<meta property=\"article:published_time\" content=\"2023-03-20T19:00:38+00:00\" \/>\n<meta property=\"article:modified_time\" content=\"2023-03-20T19:00:39+00:00\" \/>\n<meta name=\"author\" content=\"andressazorzetto07\" \/>\n<meta name=\"twitter:card\" content=\"summary_large_image\" \/>\n<meta name=\"twitter:label1\" content=\"Escrito por\" \/>\n\t<meta name=\"twitter:data1\" content=\"andressazorzetto07\" \/>\n\t<meta name=\"twitter:label2\" content=\"Est. tempo de leitura\" \/>\n\t<meta name=\"twitter:data2\" content=\"5 minutos\" \/>\n<script type=\"application\/ld+json\" class=\"yoast-schema-graph\">{\"@context\":\"https:\/\/schema.org\",\"@graph\":[{\"@type\":\"WebPage\",\"@id\":\"https:\/\/www.pmpf.rs.gov.br\/secretaria-de-obras\/2023\/03\/20\/prefeitura-executa-grande-plano-de-obras-no-centro-bairros-e-interior\/\",\"url\":\"https:\/\/www.pmpf.rs.gov.br\/secretaria-de-obras\/2023\/03\/20\/prefeitura-executa-grande-plano-de-obras-no-centro-bairros-e-interior\/\",\"name\":\"Prefeitura executa grande plano de obras, no Centro, bairros e interior - Secretaria de Obras\",\"isPartOf\":{\"@id\":\"https:\/\/www.pmpf.rs.gov.br\/secretaria-de-obras\/#website\"},\"primaryImageOfPage\":{\"@id\":\"https:\/\/www.pmpf.rs.gov.br\/secretaria-de-obras\/2023\/03\/20\/prefeitura-executa-grande-plano-de-obras-no-centro-bairros-e-interior\/#primaryimage\"},\"image\":{\"@id\":\"https:\/\/www.pmpf.rs.gov.br\/secretaria-de-obras\/2023\/03\/20\/prefeitura-executa-grande-plano-de-obras-no-centro-bairros-e-interior\/#primaryimage\"},\"thumbnailUrl\":\"https:\/\/www.pmpf.rs.gov.br\/secretaria-de-obras\/wp-content\/uploads\/sites\/49\/2023\/03\/obras.jpeg\",\"datePublished\":\"2023-03-20T19:00:38+00:00\",\"dateModified\":\"2023-03-20T19:00:39+00:00\",\"author\":{\"@id\":\"https:\/\/www.pmpf.rs.gov.br\/secretaria-de-obras\/#\/schema\/person\/30ee1d1bd74da1469b01fcf086e43351\"},\"breadcrumb\":{\"@id\":\"https:\/\/www.pmpf.rs.gov.br\/secretaria-de-obras\/2023\/03\/20\/prefeitura-executa-grande-plano-de-obras-no-centro-bairros-e-interior\/#breadcrumb\"},\"inLanguage\":\"pt-BR\",\"potentialAction\":[{\"@type\":\"ReadAction\",\"target\":[\"https:\/\/www.pmpf.rs.gov.br\/secretaria-de-obras\/2023\/03\/20\/prefeitura-executa-grande-plano-de-obras-no-centro-bairros-e-interior\/\"]}]},{\"@type\":\"ImageObject\",\"inLanguage\":\"pt-BR\",\"@id\":\"https:\/\/www.pmpf.rs.gov.br\/secretaria-de-obras\/2023\/03\/20\/prefeitura-executa-grande-plano-de-obras-no-centro-bairros-e-interior\/#primaryimage\",\"url\":\"https:\/\/www.pmpf.rs.gov.br\/secretaria-de-obras\/wp-content\/uploads\/sites\/49\/2023\/03\/obras.jpeg\",\"contentUrl\":\"https:\/\/www.pmpf.rs.gov.br\/secretaria-de-obras\/wp-content\/uploads\/sites\/49\/2023\/03\/obras.jpeg\",\"width\":1600,\"height\":1066},{\"@type\":\"BreadcrumbList\",\"@id\":\"https:\/\/www.pmpf.rs.gov.br\/secretaria-de-obras\/2023\/03\/20\/prefeitura-executa-grande-plano-de-obras-no-centro-bairros-e-interior\/#breadcrumb\",\"itemListElement\":[{\"@type\":\"ListItem\",\"position\":1,\"name\":\"In\u00edcio\",\"item\":\"https:\/\/www.pmpf.rs.gov.br\/secretaria-de-obras\/\"},{\"@type\":\"ListItem\",\"position\":2,\"name\":\"Prefeitura executa grande plano de obras, no Centro, bairros e interior\"}]},{\"@type\":\"WebSite\",\"@id\":\"https:\/\/www.pmpf.rs.gov.br\/secretaria-de-obras\/#website\",\"url\":\"https:\/\/www.pmpf.rs.gov.br\/secretaria-de-obras\/\",\"name\":\"Secretaria de Obras\",\"description\":\"S\u00f3 mais um site Prefeitura de Passo Fundo\",\"potentialAction\":[{\"@type\":\"SearchAction\",\"target\":{\"@type\":\"EntryPoint\",\"urlTemplate\":\"https:\/\/www.pmpf.rs.gov.br\/secretaria-de-obras\/?s={search_term_string}\"},\"query-input\":{\"@type\":\"PropertyValueSpecification\",\"valueRequired\":true,\"valueName\":\"search_term_string\"}}],\"inLanguage\":\"pt-BR\"},{\"@type\":\"Person\",\"@id\":\"https:\/\/www.pmpf.rs.gov.br\/secretaria-de-obras\/#\/schema\/person\/30ee1d1bd74da1469b01fcf086e43351\",\"name\":\"andressazorzetto07\",\"image\":{\"@type\":\"ImageObject\",\"inLanguage\":\"pt-BR\",\"@id\":\"https:\/\/www.pmpf.rs.gov.br\/secretaria-de-obras\/#\/schema\/person\/image\/\",\"url\":\"https:\/\/secure.gravatar.com\/avatar\/14c5458ed79dc81da99a13b9ff5f9f19?s=96&d=mm&r=g\",\"contentUrl\":\"https:\/\/secure.gravatar.com\/avatar\/14c5458ed79dc81da99a13b9ff5f9f19?s=96&d=mm&r=g\",\"caption\":\"andressazorzetto07\"},\"url\":\"https:\/\/www.pmpf.rs.gov.br\/secretaria-de-obras\/author\/andressazorzetto07\/\"}]}<\/script>\n<!-- \/ Yoast SEO plugin. -->","yoast_head_json":{"title":"Prefeitura executa grande plano de obras, no Centro, bairros e interior - Secretaria de Obras","robots":{"index":"index","follow":"follow","max-snippet":"max-snippet:-1","max-image-preview":"max-image-preview:large","max-video-preview":"max-video-preview:-1"},"canonical":"https:\/\/www.pmpf.rs.gov.br\/secretaria-de-obras\/2023\/03\/20\/prefeitura-executa-grande-plano-de-obras-no-centro-bairros-e-interior\/","og_locale":"pt_BR","og_type":"article","og_title":"Prefeitura executa grande plano de obras, no Centro, bairros e interior - Secretaria de Obras","og_description":"Al\u00e9m da execu\u00e7\u00e3o de projetos de infraestrutura, o Munic\u00edpio trabalha na constru\u00e7\u00e3o de novas escolas e unidades de sa\u00fade","og_url":"https:\/\/www.pmpf.rs.gov.br\/secretaria-de-obras\/2023\/03\/20\/prefeitura-executa-grande-plano-de-obras-no-centro-bairros-e-interior\/","og_site_name":"Secretaria de Obras","article_published_time":"2023-03-20T19:00:38+00:00","article_modified_time":"2023-03-20T19:00:39+00:00","author":"andressazorzetto07","twitter_card":"summary_large_image","twitter_misc":{"Escrito por":"andressazorzetto07","Est. tempo de leitura":"5 minutos"},"schema":{"@context":"https:\/\/schema.org","@graph":[{"@type":"WebPage","@id":"https:\/\/www.pmpf.rs.gov.br\/secretaria-de-obras\/2023\/03\/20\/prefeitura-executa-grande-plano-de-obras-no-centro-bairros-e-interior\/","url":"https:\/\/www.pmpf.rs.gov.br\/secretaria-de-obras\/2023\/03\/20\/prefeitura-executa-grande-plano-de-obras-no-centro-bairros-e-interior\/","name":"Prefeitura executa grande plano de obras, no Centro, bairros e interior - Secretaria de Obras","isPartOf":{"@id":"https:\/\/www.pmpf.rs.gov.br\/secretaria-de-obras\/#website"},"primaryImageOfPage":{"@id":"https:\/\/www.pmpf.rs.gov.br\/secretaria-de-obras\/2023\/03\/20\/prefeitura-executa-grande-plano-de-obras-no-centro-bairros-e-interior\/#primaryimage"},"image":{"@id":"https:\/\/www.pmpf.rs.gov.br\/secretaria-de-obras\/2023\/03\/20\/prefeitura-executa-grande-plano-de-obras-no-centro-bairros-e-interior\/#primaryimage"},"thumbnailUrl":"https:\/\/www.pmpf.rs.gov.br\/secretaria-de-obras\/wp-content\/uploads\/sites\/49\/2023\/03\/obras.jpeg","datePublished":"2023-03-20T19:00:38+00:00","dateModified":"2023-03-20T19:00:39+00:00","author":{"@id":"https:\/\/www.pmpf.rs.gov.br\/secretaria-de-obras\/#\/schema\/person\/30ee1d1bd74da1469b01fcf086e43351"},"breadcrumb":{"@id":"https:\/\/www.pmpf.rs.gov.br\/secretaria-de-obras\/2023\/03\/20\/prefeitura-executa-grande-plano-de-obras-no-centro-bairros-e-interior\/#breadcrumb"},"inLanguage":"pt-BR","potentialAction":[{"@type":"ReadAction","target":["https:\/\/www.pmpf.rs.gov.br\/secretaria-de-obras\/2023\/03\/20\/prefeitura-executa-grande-plano-de-obras-no-centro-bairros-e-interior\/"]}]},{"@type":"ImageObject","inLanguage":"pt-BR","@id":"https:\/\/www.pmpf.rs.gov.br\/secretaria-de-obras\/2023\/03\/20\/prefeitura-executa-grande-plano-de-obras-no-centro-bairros-e-interior\/#primaryimage","url":"https:\/\/www.pmpf.rs.gov.br\/secretaria-de-obras\/wp-content\/uploads\/sites\/49\/2023\/03\/obras.jpeg","contentUrl":"https:\/\/www.pmpf.rs.gov.br\/secretaria-de-obras\/wp-content\/uploads\/sites\/49\/2023\/03\/obras.jpeg","width":1600,"height":1066},{"@type":"BreadcrumbList","@id":"https:\/\/www.pmpf.rs.gov.br\/secretaria-de-obras\/2023\/03\/20\/prefeitura-executa-grande-plano-de-obras-no-centro-bairros-e-interior\/#breadcrumb","itemListElement":[{"@type":"ListItem","position":1,"name":"In\u00edcio","item":"https:\/\/www.pmpf.rs.gov.br\/secretaria-de-obras\/"},{"@type":"ListItem","position":2,"name":"Prefeitura executa grande plano de obras, no Centro, bairros e interior"}]},{"@type":"WebSite","@id":"https:\/\/www.pmpf.rs.gov.br\/secretaria-de-obras\/#website","url":"https:\/\/www.pmpf.rs.gov.br\/secretaria-de-obras\/","name":"Secretaria de Obras","description":"S\u00f3 mais um site Prefeitura de Passo Fundo","potentialAction":[{"@type":"SearchAction","target":{"@type":"EntryPoint","urlTemplate":"https:\/\/www.pmpf.rs.gov.br\/secretaria-de-obras\/?s={search_term_string}"},"query-input":{"@type":"PropertyValueSpecification","valueRequired":true,"valueName":"search_term_string"}}],"inLanguage":"pt-BR"},{"@type":"Person","@id":"https:\/\/www.pmpf.rs.gov.br\/secretaria-de-obras\/#\/schema\/person\/30ee1d1bd74da1469b01fcf086e43351","name":"andressazorzetto07","image":{"@type":"ImageObject","inLanguage":"pt-BR","@id":"https:\/\/www.pmpf.rs.gov.br\/secretaria-de-obras\/#\/schema\/person\/image\/","url":"https:\/\/secure.gravatar.com\/avatar\/14c5458ed79dc81da99a13b9ff5f9f19?s=96&d=mm&r=g","contentUrl":"https:\/\/secure.gravatar.com\/avatar\/14c5458ed79dc81da99a13b9ff5f9f19?s=96&d=mm&r=g","caption":"andressazorzetto07"},"url":"https:\/\/www.pmpf.rs.gov.br\/secretaria-de-obras\/author\/andressazorzetto07\/"}]}},"_links":{"self":[{"href":"https:\/\/www.pmpf.rs.gov.br\/secretaria-de-obras\/wp-json\/wp\/v2\/posts\/1894"}],"collection":[{"href":"https:\/\/www.pmpf.rs.gov.br\/secretaria-de-obras\/wp-json\/wp\/v2\/posts"}],"about":[{"href":"https:\/\/www.pmpf.rs.gov.br\/secretaria-de-obras\/wp-json\/wp\/v2\/types\/post"}],"author":[{"embeddable":true,"href":"https:\/\/www.pmpf.rs.gov.br\/secretaria-de-obras\/wp-json\/wp\/v2\/users\/6"}],"replies":[{"embeddable":true,"href":"https:\/\/www.pmpf.rs.gov.br\/secretaria-de-obras\/wp-json\/wp\/v2\/comments?post=1894"}],"version-history":[{"count":1,"href":"https:\/\/www.pmpf.rs.gov.br\/secretaria-de-obras\/wp-json\/wp\/v2\/posts\/1894\/revisions"}],"predecessor-version":[{"id":1896,"href":"https:\/\/www.pmpf.rs.gov.br\/secretaria-de-obras\/wp-json\/wp\/v2\/posts\/1894\/revisions\/1896"}],"wp:featuredmedia":[{"embeddable":true,"href":"https:\/\/www.pmpf.rs.gov.br\/secretaria-de-obras\/wp-json\/wp\/v2\/media\/1895"}],"wp:attachment":[{"href":"https:\/\/www.pmpf.rs.gov.br\/secretaria-de-obras\/wp-json\/wp\/v2\/media?parent=1894"}],"wp:term":[{"taxonomy":"category","embeddable":true,"href":"https:\/\/www.pmpf.rs.gov.br\/secretaria-de-obras\/wp-json\/wp\/v2\/categories?post=1894"},{"taxonomy":"post_tag","embeddable":true,"href":"https:\/\/www.pmpf.rs.gov.br\/secretaria-de-obras\/wp-json\/wp\/v2\/tags?post=1894"}],"curies":[{"name":"wp","href":"https:\/\/api.w.org\/{rel}","templated":true}]}}