{"id":1872,"date":"2023-01-13T09:04:42","date_gmt":"2023-01-13T12:04:42","guid":{"rendered":"https:\/\/www.pmpf.rs.gov.br\/secretaria-de-obras\/?p=1872"},"modified":"2023-01-13T09:04:42","modified_gmt":"2023-01-13T12:04:42","slug":"prefeitura-conclui-canalizacao-da-avenida-araucaria-na-roselandia","status":"publish","type":"post","link":"https:\/\/www.pmpf.rs.gov.br\/secretaria-de-obras\/2023\/01\/13\/prefeitura-conclui-canalizacao-da-avenida-araucaria-na-roselandia\/","title":{"rendered":"<strong>Prefeitura conclui canaliza\u00e7\u00e3o da Avenida Arauc\u00e1ria, na Rosel\u00e2ndia<\/strong>"},"content":{"rendered":"\n<p><\/p>\n\n\n\n<p>A Prefeitura de Passo Fundo est\u00e1 realizando importantes obras no Complexo Tur\u00edstico da Rosel\u00e2ndia. Uma delas \u00e9 a revitaliza\u00e7\u00e3o da Avenida Arauc\u00e1ria, em uma extens\u00e3o de dois quil\u00f4metros e meio, que vai levar melhores condi\u00e7\u00f5es de tr\u00e1fego e seguran\u00e7a. Por interm\u00e9dio da empresa contratada, a fase de canaliza\u00e7\u00e3o da via foi conclu\u00edda.<\/p>\n\n\n\n<p>O prefeito Pedro Almeida destaca a obra como fator importante para a expans\u00e3o e investimento naquela parte da cidade. \u201cS\u00e3o melhorias que potencializar\u00e3o novos investimentos e valoriza\u00e7\u00e3o dos existentes, transformando definitivamente o local como p\u00f3lo de turismo da cidade e regi\u00e3o\u201d, disse Pedro.<\/p>\n\n\n\n<p>Nesta semana, a empresa respons\u00e1vel iniciou as melhorias e constru\u00e7\u00e3o do espa\u00e7o reservado ao caminh\u00f3dromo com o alargamento da pista da Avenida Arauc\u00e1ria que d\u00e1 acesso ao complexo. Ap\u00f3s essa interven\u00e7\u00e3o, ser\u00e1 feita a instala\u00e7\u00e3o da nova ilumina\u00e7\u00e3o p\u00fablica em Led. A pista do caminh\u00f3dromo ter\u00e1 a medida de 2 metros de largura, com 2,4 metros de canteiro e as vias de tr\u00e1fego em ambos os lados com cerca de 5,5 metros de largura com menos metragem em alguns pontos.<\/p>\n\n\n\n<p>A revitaliza\u00e7\u00e3o do Complexo Tur\u00edstico da Rosel\u00e2ndia foi contemplada pelo Governo do Estado dentro programa Avan\u00e7ar no Turismo, ap\u00f3s a apresenta\u00e7\u00e3o de projeto da Prefeitura para expans\u00e3o e amplia\u00e7\u00e3o do turismo na regi\u00e3o. O investimento conta com R$ 3 milh\u00f5es de recursos estaduais e R$ 2,4 milh\u00f5es de contrapartida do Munic\u00edpio.<\/p>\n\n\n\n<p>As obras contemplar\u00e3o, al\u00e9m da drenagem que foi finalizada, a pavimenta\u00e7\u00e3o asf\u00e1ltica, paisagismo, implanta\u00e7\u00e3o de ciclofaixa sinalizada e de uma \u00e1rea para caminhadas no canteiro central (caminh\u00f3dromo). Na fase da nova ilumina\u00e7\u00e3o, que ser\u00e1 em LED, no trecho entre o p\u00f3rtico e a pista de veloterra e kart\u00f3dromo, ser\u00e3o instaladas lumin\u00e1rias de dois n\u00edveis, para a ilumina\u00e7\u00e3o da via e do caminh\u00f3dromo. O prazo previsto para conclus\u00e3o da obra \u00e9 de cinco meses.<\/p>\n\n\n\n<p><\/p>\n\n\n\n<p><strong>Obras entregues no Parque de Rodeios<br><\/strong>Foram entregues, no in\u00edcio da semana, as melhorias internas do Parque de Rodeios. A estrutura conta agora com cercamento total da \u00e1rea do parque, novos bretes e acesso \u00e0 arena de tiro e la\u00e7o, estrutura de concreto para impedir a fuga de animais, rampa e plataforma para descarregar os animais, cont\u00eainer para inspe\u00e7\u00e3o veterin\u00e1ria dos animais com todos os recursos necess\u00e1rios e instala\u00e7\u00f5es hidr\u00e1ulica e el\u00e9trica na \u00e1rea de acampamento.<\/p>\n\n\n\n<p><strong>Foto: Michel Sanderi<\/strong><\/p>\n","protected":false},"excerpt":{"rendered":"<p>Obra faz parte do pacote de revitaliza\u00e7\u00e3o do Complexo Tur\u00edstico<\/p>\n","protected":false},"author":6,"featured_media":1873,"comment_status":"closed","ping_status":"closed","sticky":true,"template":"","format":"standard","meta":{"footnotes":""},"categories":[1],"tags":[],"class_list":["post-1872","post","type-post","status-publish","format-standard","has-post-thumbnail","hentry","category-sem-categoria"],"yoast_head":"<!-- This site is optimized with the Yoast SEO plugin v23.8 - https:\/\/yoast.com\/wordpress\/plugins\/seo\/ -->\n<title>Prefeitura conclui canaliza\u00e7\u00e3o da Avenida Arauc\u00e1ria, na Rosel\u00e2ndia - Secretaria de Obras<\/title>\n<meta name=\"robots\" content=\"index, follow, max-snippet:-1, max-image-preview:large, max-video-preview:-1\" \/>\n<link rel=\"canonical\" href=\"https:\/\/www.pmpf.rs.gov.br\/secretaria-de-obras\/2023\/01\/13\/prefeitura-conclui-canalizacao-da-avenida-araucaria-na-roselandia\/\" \/>\n<meta property=\"og:locale\" content=\"pt_BR\" \/>\n<meta property=\"og:type\" content=\"article\" \/>\n<meta property=\"og:title\" content=\"Prefeitura conclui canaliza\u00e7\u00e3o da Avenida Arauc\u00e1ria, na Rosel\u00e2ndia - Secretaria de Obras\" \/>\n<meta property=\"og:description\" content=\"Obra faz parte do pacote de revitaliza\u00e7\u00e3o do Complexo Tur\u00edstico\" \/>\n<meta property=\"og:url\" content=\"https:\/\/www.pmpf.rs.gov.br\/secretaria-de-obras\/2023\/01\/13\/prefeitura-conclui-canalizacao-da-avenida-araucaria-na-roselandia\/\" \/>\n<meta property=\"og:site_name\" content=\"Secretaria de Obras\" \/>\n<meta property=\"article:published_time\" content=\"2023-01-13T12:04:42+00:00\" \/>\n<meta name=\"author\" content=\"andressazorzetto07\" \/>\n<meta name=\"twitter:card\" content=\"summary_large_image\" \/>\n<meta name=\"twitter:label1\" content=\"Escrito por\" \/>\n\t<meta name=\"twitter:data1\" content=\"andressazorzetto07\" \/>\n\t<meta name=\"twitter:label2\" content=\"Est. tempo de leitura\" \/>\n\t<meta name=\"twitter:data2\" content=\"2 minutos\" \/>\n<script type=\"application\/ld+json\" class=\"yoast-schema-graph\">{\"@context\":\"https:\/\/schema.org\",\"@graph\":[{\"@type\":\"WebPage\",\"@id\":\"https:\/\/www.pmpf.rs.gov.br\/secretaria-de-obras\/2023\/01\/13\/prefeitura-conclui-canalizacao-da-avenida-araucaria-na-roselandia\/\",\"url\":\"https:\/\/www.pmpf.rs.gov.br\/secretaria-de-obras\/2023\/01\/13\/prefeitura-conclui-canalizacao-da-avenida-araucaria-na-roselandia\/\",\"name\":\"Prefeitura conclui canaliza\u00e7\u00e3o da Avenida Arauc\u00e1ria, na Rosel\u00e2ndia - Secretaria de Obras\",\"isPartOf\":{\"@id\":\"https:\/\/www.pmpf.rs.gov.br\/secretaria-de-obras\/#website\"},\"primaryImageOfPage\":{\"@id\":\"https:\/\/www.pmpf.rs.gov.br\/secretaria-de-obras\/2023\/01\/13\/prefeitura-conclui-canalizacao-da-avenida-araucaria-na-roselandia\/#primaryimage\"},\"image\":{\"@id\":\"https:\/\/www.pmpf.rs.gov.br\/secretaria-de-obras\/2023\/01\/13\/prefeitura-conclui-canalizacao-da-avenida-araucaria-na-roselandia\/#primaryimage\"},\"thumbnailUrl\":\"https:\/\/www.pmpf.rs.gov.br\/secretaria-de-obras\/wp-content\/uploads\/sites\/49\/2023\/01\/ROSELANDIA.jpg\",\"datePublished\":\"2023-01-13T12:04:42+00:00\",\"dateModified\":\"2023-01-13T12:04:42+00:00\",\"author\":{\"@id\":\"https:\/\/www.pmpf.rs.gov.br\/secretaria-de-obras\/#\/schema\/person\/30ee1d1bd74da1469b01fcf086e43351\"},\"breadcrumb\":{\"@id\":\"https:\/\/www.pmpf.rs.gov.br\/secretaria-de-obras\/2023\/01\/13\/prefeitura-conclui-canalizacao-da-avenida-araucaria-na-roselandia\/#breadcrumb\"},\"inLanguage\":\"pt-BR\",\"potentialAction\":[{\"@type\":\"ReadAction\",\"target\":[\"https:\/\/www.pmpf.rs.gov.br\/secretaria-de-obras\/2023\/01\/13\/prefeitura-conclui-canalizacao-da-avenida-araucaria-na-roselandia\/\"]}]},{\"@type\":\"ImageObject\",\"inLanguage\":\"pt-BR\",\"@id\":\"https:\/\/www.pmpf.rs.gov.br\/secretaria-de-obras\/2023\/01\/13\/prefeitura-conclui-canalizacao-da-avenida-araucaria-na-roselandia\/#primaryimage\",\"url\":\"https:\/\/www.pmpf.rs.gov.br\/secretaria-de-obras\/wp-content\/uploads\/sites\/49\/2023\/01\/ROSELANDIA.jpg\",\"contentUrl\":\"https:\/\/www.pmpf.rs.gov.br\/secretaria-de-obras\/wp-content\/uploads\/sites\/49\/2023\/01\/ROSELANDIA.jpg\",\"width\":1280,\"height\":853},{\"@type\":\"BreadcrumbList\",\"@id\":\"https:\/\/www.pmpf.rs.gov.br\/secretaria-de-obras\/2023\/01\/13\/prefeitura-conclui-canalizacao-da-avenida-araucaria-na-roselandia\/#breadcrumb\",\"itemListElement\":[{\"@type\":\"ListItem\",\"position\":1,\"name\":\"In\u00edcio\",\"item\":\"https:\/\/www.pmpf.rs.gov.br\/secretaria-de-obras\/\"},{\"@type\":\"ListItem\",\"position\":2,\"name\":\"Prefeitura conclui canaliza\u00e7\u00e3o da Avenida Arauc\u00e1ria, na Rosel\u00e2ndia\"}]},{\"@type\":\"WebSite\",\"@id\":\"https:\/\/www.pmpf.rs.gov.br\/secretaria-de-obras\/#website\",\"url\":\"https:\/\/www.pmpf.rs.gov.br\/secretaria-de-obras\/\",\"name\":\"Secretaria de Obras\",\"description\":\"S\u00f3 mais um site Prefeitura de Passo Fundo\",\"potentialAction\":[{\"@type\":\"SearchAction\",\"target\":{\"@type\":\"EntryPoint\",\"urlTemplate\":\"https:\/\/www.pmpf.rs.gov.br\/secretaria-de-obras\/?s={search_term_string}\"},\"query-input\":{\"@type\":\"PropertyValueSpecification\",\"valueRequired\":true,\"valueName\":\"search_term_string\"}}],\"inLanguage\":\"pt-BR\"},{\"@type\":\"Person\",\"@id\":\"https:\/\/www.pmpf.rs.gov.br\/secretaria-de-obras\/#\/schema\/person\/30ee1d1bd74da1469b01fcf086e43351\",\"name\":\"andressazorzetto07\",\"image\":{\"@type\":\"ImageObject\",\"inLanguage\":\"pt-BR\",\"@id\":\"https:\/\/www.pmpf.rs.gov.br\/secretaria-de-obras\/#\/schema\/person\/image\/\",\"url\":\"https:\/\/secure.gravatar.com\/avatar\/14c5458ed79dc81da99a13b9ff5f9f19?s=96&d=mm&r=g\",\"contentUrl\":\"https:\/\/secure.gravatar.com\/avatar\/14c5458ed79dc81da99a13b9ff5f9f19?s=96&d=mm&r=g\",\"caption\":\"andressazorzetto07\"},\"url\":\"https:\/\/www.pmpf.rs.gov.br\/secretaria-de-obras\/author\/andressazorzetto07\/\"}]}<\/script>\n<!-- \/ Yoast SEO plugin. -->","yoast_head_json":{"title":"Prefeitura conclui canaliza\u00e7\u00e3o da Avenida Arauc\u00e1ria, na Rosel\u00e2ndia - Secretaria de Obras","robots":{"index":"index","follow":"follow","max-snippet":"max-snippet:-1","max-image-preview":"max-image-preview:large","max-video-preview":"max-video-preview:-1"},"canonical":"https:\/\/www.pmpf.rs.gov.br\/secretaria-de-obras\/2023\/01\/13\/prefeitura-conclui-canalizacao-da-avenida-araucaria-na-roselandia\/","og_locale":"pt_BR","og_type":"article","og_title":"Prefeitura conclui canaliza\u00e7\u00e3o da Avenida Arauc\u00e1ria, na Rosel\u00e2ndia - Secretaria de Obras","og_description":"Obra faz parte do pacote de revitaliza\u00e7\u00e3o do Complexo Tur\u00edstico","og_url":"https:\/\/www.pmpf.rs.gov.br\/secretaria-de-obras\/2023\/01\/13\/prefeitura-conclui-canalizacao-da-avenida-araucaria-na-roselandia\/","og_site_name":"Secretaria de Obras","article_published_time":"2023-01-13T12:04:42+00:00","author":"andressazorzetto07","twitter_card":"summary_large_image","twitter_misc":{"Escrito por":"andressazorzetto07","Est. tempo de leitura":"2 minutos"},"schema":{"@context":"https:\/\/schema.org","@graph":[{"@type":"WebPage","@id":"https:\/\/www.pmpf.rs.gov.br\/secretaria-de-obras\/2023\/01\/13\/prefeitura-conclui-canalizacao-da-avenida-araucaria-na-roselandia\/","url":"https:\/\/www.pmpf.rs.gov.br\/secretaria-de-obras\/2023\/01\/13\/prefeitura-conclui-canalizacao-da-avenida-araucaria-na-roselandia\/","name":"Prefeitura conclui canaliza\u00e7\u00e3o da Avenida Arauc\u00e1ria, na Rosel\u00e2ndia - Secretaria de Obras","isPartOf":{"@id":"https:\/\/www.pmpf.rs.gov.br\/secretaria-de-obras\/#website"},"primaryImageOfPage":{"@id":"https:\/\/www.pmpf.rs.gov.br\/secretaria-de-obras\/2023\/01\/13\/prefeitura-conclui-canalizacao-da-avenida-araucaria-na-roselandia\/#primaryimage"},"image":{"@id":"https:\/\/www.pmpf.rs.gov.br\/secretaria-de-obras\/2023\/01\/13\/prefeitura-conclui-canalizacao-da-avenida-araucaria-na-roselandia\/#primaryimage"},"thumbnailUrl":"https:\/\/www.pmpf.rs.gov.br\/secretaria-de-obras\/wp-content\/uploads\/sites\/49\/2023\/01\/ROSELANDIA.jpg","datePublished":"2023-01-13T12:04:42+00:00","dateModified":"2023-01-13T12:04:42+00:00","author":{"@id":"https:\/\/www.pmpf.rs.gov.br\/secretaria-de-obras\/#\/schema\/person\/30ee1d1bd74da1469b01fcf086e43351"},"breadcrumb":{"@id":"https:\/\/www.pmpf.rs.gov.br\/secretaria-de-obras\/2023\/01\/13\/prefeitura-conclui-canalizacao-da-avenida-araucaria-na-roselandia\/#breadcrumb"},"inLanguage":"pt-BR","potentialAction":[{"@type":"ReadAction","target":["https:\/\/www.pmpf.rs.gov.br\/secretaria-de-obras\/2023\/01\/13\/prefeitura-conclui-canalizacao-da-avenida-araucaria-na-roselandia\/"]}]},{"@type":"ImageObject","inLanguage":"pt-BR","@id":"https:\/\/www.pmpf.rs.gov.br\/secretaria-de-obras\/2023\/01\/13\/prefeitura-conclui-canalizacao-da-avenida-araucaria-na-roselandia\/#primaryimage","url":"https:\/\/www.pmpf.rs.gov.br\/secretaria-de-obras\/wp-content\/uploads\/sites\/49\/2023\/01\/ROSELANDIA.jpg","contentUrl":"https:\/\/www.pmpf.rs.gov.br\/secretaria-de-obras\/wp-content\/uploads\/sites\/49\/2023\/01\/ROSELANDIA.jpg","width":1280,"height":853},{"@type":"BreadcrumbList","@id":"https:\/\/www.pmpf.rs.gov.br\/secretaria-de-obras\/2023\/01\/13\/prefeitura-conclui-canalizacao-da-avenida-araucaria-na-roselandia\/#breadcrumb","itemListElement":[{"@type":"ListItem","position":1,"name":"In\u00edcio","item":"https:\/\/www.pmpf.rs.gov.br\/secretaria-de-obras\/"},{"@type":"ListItem","position":2,"name":"Prefeitura conclui canaliza\u00e7\u00e3o da Avenida Arauc\u00e1ria, na Rosel\u00e2ndia"}]},{"@type":"WebSite","@id":"https:\/\/www.pmpf.rs.gov.br\/secretaria-de-obras\/#website","url":"https:\/\/www.pmpf.rs.gov.br\/secretaria-de-obras\/","name":"Secretaria de Obras","description":"S\u00f3 mais um site Prefeitura de Passo Fundo","potentialAction":[{"@type":"SearchAction","target":{"@type":"EntryPoint","urlTemplate":"https:\/\/www.pmpf.rs.gov.br\/secretaria-de-obras\/?s={search_term_string}"},"query-input":{"@type":"PropertyValueSpecification","valueRequired":true,"valueName":"search_term_string"}}],"inLanguage":"pt-BR"},{"@type":"Person","@id":"https:\/\/www.pmpf.rs.gov.br\/secretaria-de-obras\/#\/schema\/person\/30ee1d1bd74da1469b01fcf086e43351","name":"andressazorzetto07","image":{"@type":"ImageObject","inLanguage":"pt-BR","@id":"https:\/\/www.pmpf.rs.gov.br\/secretaria-de-obras\/#\/schema\/person\/image\/","url":"https:\/\/secure.gravatar.com\/avatar\/14c5458ed79dc81da99a13b9ff5f9f19?s=96&d=mm&r=g","contentUrl":"https:\/\/secure.gravatar.com\/avatar\/14c5458ed79dc81da99a13b9ff5f9f19?s=96&d=mm&r=g","caption":"andressazorzetto07"},"url":"https:\/\/www.pmpf.rs.gov.br\/secretaria-de-obras\/author\/andressazorzetto07\/"}]}},"_links":{"self":[{"href":"https:\/\/www.pmpf.rs.gov.br\/secretaria-de-obras\/wp-json\/wp\/v2\/posts\/1872"}],"collection":[{"href":"https:\/\/www.pmpf.rs.gov.br\/secretaria-de-obras\/wp-json\/wp\/v2\/posts"}],"about":[{"href":"https:\/\/www.pmpf.rs.gov.br\/secretaria-de-obras\/wp-json\/wp\/v2\/types\/post"}],"author":[{"embeddable":true,"href":"https:\/\/www.pmpf.rs.gov.br\/secretaria-de-obras\/wp-json\/wp\/v2\/users\/6"}],"replies":[{"embeddable":true,"href":"https:\/\/www.pmpf.rs.gov.br\/secretaria-de-obras\/wp-json\/wp\/v2\/comments?post=1872"}],"version-history":[{"count":1,"href":"https:\/\/www.pmpf.rs.gov.br\/secretaria-de-obras\/wp-json\/wp\/v2\/posts\/1872\/revisions"}],"predecessor-version":[{"id":1874,"href":"https:\/\/www.pmpf.rs.gov.br\/secretaria-de-obras\/wp-json\/wp\/v2\/posts\/1872\/revisions\/1874"}],"wp:featuredmedia":[{"embeddable":true,"href":"https:\/\/www.pmpf.rs.gov.br\/secretaria-de-obras\/wp-json\/wp\/v2\/media\/1873"}],"wp:attachment":[{"href":"https:\/\/www.pmpf.rs.gov.br\/secretaria-de-obras\/wp-json\/wp\/v2\/media?parent=1872"}],"wp:term":[{"taxonomy":"category","embeddable":true,"href":"https:\/\/www.pmpf.rs.gov.br\/secretaria-de-obras\/wp-json\/wp\/v2\/categories?post=1872"},{"taxonomy":"post_tag","embeddable":true,"href":"https:\/\/www.pmpf.rs.gov.br\/secretaria-de-obras\/wp-json\/wp\/v2\/tags?post=1872"}],"curies":[{"name":"wp","href":"https:\/\/api.w.org\/{rel}","templated":true}]}}